{"id":1010,"date":"2025-06-07T12:42:43","date_gmt":"2025-06-07T12:42:43","guid":{"rendered":"https:\/\/noticiasdeescobar.online\/?p=1010"},"modified":"2025-06-07T12:42:44","modified_gmt":"2025-06-07T12:42:44","slug":"dia-del-periodista-recordamos-a-el-imparcial","status":"publish","type":"post","link":"https:\/\/noticiasdeescobar.online\/?p=1010","title":{"rendered":"D\u00eda del Periodista: recordamos a El Imparcial"},"content":{"rendered":"\n<p>Creemos que nada plasma con m\u00e1s autenticidad la evoluci\u00f3n o el retroceso de una poblaci\u00f3n, que las publicaciones period\u00edsticas que en ella existieron. En las mismas se va reflejando la historia del lugar. <strong>Por Alfredo Melidore (*).<\/strong><\/p>\n\n\n\n<!--more-->\n\n\n\n<p><a><\/a>Donde se ejerce esa vocaci\u00f3n tan importante para un pueblo como es el periodismo, no puede haber inercia y apat\u00eda, sino progreso y desarrollo constante.<\/p>\n\n\n\n<p>Tal es el caso de un n\u00facleo poblacional como el nuestro, donde sabemos que desde 1897 han existido inquietudes period\u00edsticas, en todas sus variantes, a saber: peri\u00f3dicos independientes &#8211; semanarios, quincenarios, mensuarios &#8211; , peri\u00f3dicos pol\u00edticos &#8211; partidarios, revistas ilustradas de inter\u00e9s general, diarios, etc.<\/p>\n\n\n\n<p>Por lo cual nuestra evocaci\u00f3n de hoy, estar\u00e1 centrada en la vida y obra de un aut\u00e9ntico periodista independiente de anta\u00f1o, en nuestro pueblo\u2026<\/p>\n\n\n\n<p>Recordamos al emblem\u00e1tico director del peri\u00f3dico \u201cEl Imparcial\u201d, don Francisco Laur\u00eda\u2026<\/p>\n\n\n\n<p>\u201c \u2026 El periodismo es libre o es una farsa \u2026 \u00a1<\/p>\n\n\n\n<p>Rodolfo Walsh &#8211; 1927 &#8211; 1977 &#8211;<\/p>\n\n\n\n<p>Nos hallamos ante una nueva fecha en la cual, en nuestro pa\u00eds, se conmemora el \u201cD\u00eda del Periodista\u201d, por lo tanto hoy recordaremos, en forma sucinta, la trayectoria de Francisco Laur\u00eda (foto), uno de los primeros periodistas que ejerci\u00f3 en Escobar, en las primeras d\u00e9cadas del pasado siglo.<\/p>\n\n\n\n<p>Francisco Cipriano Laur\u00eda, hab\u00eda nacido en Italia en marzo de 1874. Cuando contaba 9 a\u00f1os lleg\u00f3 (con sus padres inmigrantes) a estas tierras.<\/p>\n\n\n\n<p>Muy joven se inici\u00f3 en el periodismo, como corresponsal viajero del diario \u201cBuenos Aires\u201d de La Plata, colaborando posteriormente en el afamado diario de los Mitre; \u201cLa Naci\u00f3n\u201d, como as\u00ed en otros medios del interior del pa\u00eds.<\/p>\n\n\n\n<p>All\u00e1 por 1916, abandon\u00f3 temporariamente su labor, y se estableci\u00f3, con un almac\u00e9n de ramos generales, en la localidad de Manzanares, en el partido de Pilar, donde al poco tiempo fund\u00f3 una excelente y vistosa revista quincenal ilustrada, a la que denomin\u00f3 \u201cLa Patria\u201d, siendo \u00e9ste uno de los primeros medios de esa \u00edndole que se conoci\u00f3 en la zona.-<\/p>\n\n\n\n<p>Si bien la vida de \u201cLa Patria\u201d no fue muy extensa, tuvo el m\u00e9rito de ser de gran motivaci\u00f3n en el esp\u00edritu emprendedor de Laur\u00eda, quien en 1918 se traslad\u00f3 con su comercio al pueblo de Escobar.-<\/p>\n\n\n<div class=\"wp-block-image\">\n<figure class=\"aligncenter size-full\"><img loading=\"lazy\" decoding=\"async\" width=\"339\" height=\"461\" src=\"https:\/\/noticiasdeescobar.online\/wp-content\/uploads\/2025\/06\/484511192_3840382162881240_8505954136301557347_n.jpg\" alt=\"\" class=\"wp-image-1013\" srcset=\"https:\/\/noticiasdeescobar.online\/wp-content\/uploads\/2025\/06\/484511192_3840382162881240_8505954136301557347_n.jpg 339w, https:\/\/noticiasdeescobar.online\/wp-content\/uploads\/2025\/06\/484511192_3840382162881240_8505954136301557347_n-221x300.jpg 221w\" sizes=\"auto, (max-width: 339px) 100vw, 339px\" \/><\/figure><\/div>\n\n\n<p>Al a\u00f1o siguiente, el 15 de mayo de 1919, se hizo cargo de la direcci\u00f3n de \u201cEl Imparcial\u201d, un peri\u00f3dico nacido en Zelaya en 1917 ( 1 ) , iniciando all\u00ed una encomiable labor con su pr\u00e9dica rectora, en aras del progreso de la poblaci\u00f3n, con ideas y proyectos propios, que se conoc\u00edan a trav\u00e9s de ese medio, muchas de las cuales luego se convertir\u00edan en realidad. Por ejemplo; la creaci\u00f3n de la Sociedad Cosmopolita de Socorros Mutuos de Escobar y de la Sala Popular de Primeros Auxilios de Escobar, la instalaci\u00f3n de los primeros tel\u00e9fonos y de la usina el\u00e9ctrica, la construcci\u00f3n del mausoleo de los Guerreros del Paraguay y de los ba\u00f1os en el cementerio local, como as\u00ed, del m\u00e1stil en la plaza de esta localidad, entre muchas otras obras, nacidas de su fruct\u00edfera tarea period\u00edstica, que llev\u00f3 a cabo durante casi treinta a\u00f1os, hasta que se acogi\u00f3 a los beneficios de su jubilaci\u00f3n.-<\/p>\n\n\n\n<p>Ese hombre de bien, que fue Francisco Cipriano Laur\u00eda &#8211; a quien una calle en Escobar y otra en Pilar lo recuerdan, en homenaje a su l\u00edmpida trayectoria period\u00edstica &#8211; , falleci\u00f3 en Escobar el 19 de diciembre de 1957.-<\/p>\n\n\n\n<p>( 1 ) \u2013 \u201cEl Imparcial\u201d gan\u00f3 la calle el 3 de noviembre de 1917 en el peque\u00f1o pueblo de Zelaya, siendo integrantes de su primer cuerpo de redacci\u00f3n los siguientes vecinos del paraje: Director; Bernardino Bernal, Redactor Interino; Juan Amor, Administrador Interino; Vicente Cotal y Corresponsal General: Am\u00e9rico Ferrari.<\/p>\n\n\n<div class=\"wp-block-image\">\n<figure class=\"aligncenter size-full\"><img loading=\"lazy\" decoding=\"async\" width=\"447\" height=\"600\" src=\"https:\/\/noticiasdeescobar.online\/wp-content\/uploads\/2025\/06\/484112670_3840382086214581_538100985012334117_n.jpg\" alt=\"\" class=\"wp-image-1012\" srcset=\"https:\/\/noticiasdeescobar.online\/wp-content\/uploads\/2025\/06\/484112670_3840382086214581_538100985012334117_n.jpg 447w, https:\/\/noticiasdeescobar.online\/wp-content\/uploads\/2025\/06\/484112670_3840382086214581_538100985012334117_n-224x300.jpg 224w\" sizes=\"auto, (max-width: 447px) 100vw, 447px\" \/><\/figure><\/div>\n\n\n<p>Por ser un peri\u00f3dico con cobertura de noticias de pueblos vecinos, ten\u00eda las siguientes corresponsal\u00edas zonales: en Escobar; Luis Cravea, en Pilar; J. Ra\u00edces, en Matheu; Mar\u00eda Elena Casale y en Capilla del Se\u00f1or; Dora Barrios.-<\/p>\n\n\n\n<p>A partir de 1919, ya establecido en Escobar, Francisco Laur\u00eda ejerci\u00f3 la Direcci\u00f3n (tambi\u00e9n la Administraci\u00f3n y la Impresi\u00f3n en imprenta propia) de \u201cEl Imparcial\u201d, cuyo nombre qued\u00f3 para siempre asociado al suyo propio, en el hablar popular del vecindario.<\/p>\n\n\n\n<p>Durante much\u00edsimos a\u00f1os y a\u00fan en nuestros d\u00edas, nombrar a Francisco Laur\u00eda entre la gente mayor de Escobar, significa recordar a su legendario peri\u00f3dico \u201cEl Imparcial\u201d, por el cual tanto breg\u00f3 a lo largo de sus muchos a\u00f1os de criteriosa actividad period\u00edstica.<\/p>\n\n\n\n<p>* historiandoescobar@hotmail.com<\/p>\n","protected":false},"excerpt":{"rendered":"<p>Creemos que nada plasma con m\u00e1s autenticidad la evoluci\u00f3n o el retroceso de una poblaci\u00f3n, que las publicaciones period\u00edsticas que&hellip;<\/p>\n","protected":false},"author":1,"featured_media":1011,"comment_status":"open","ping_status":"open","sticky":false,"template":"","format":"standard","meta":{"_monsterinsights_skip_tracking":false,"_monsterinsights_sitenote_active":false,"_monsterinsights_sitenote_note":"","_monsterinsights_sitenote_category":0,"footnotes":""},"categories":[8],"tags":[9,177,178],"class_list":["post-1010","post","type-post","status-publish","format-standard","has-post-thumbnail","hentry","category-historia","tag-alfredo-melidore","tag-el-imparcial","tag-francisco-lauria"],"yoast_head":"<!-- This site is optimized with the Yoast SEO plugin v25.3.1 - https:\/\/yoast.com\/wordpress\/plugins\/seo\/ -->\n<title>D\u00eda del Periodista: recordamos a El Imparcial - Noticias de Escobar<\/title>\n<meta name=\"robots\" content=\"index, follow, max-snippet:-1, max-image-preview:large, max-video-preview:-1\" \/>\n<link rel=\"canonical\" href=\"https:\/\/noticiasdeescobar.online\/?p=1010\" \/>\n<meta property=\"og:locale\" content=\"es_ES\" \/>\n<meta property=\"og:type\" content=\"article\" \/>\n<meta property=\"og:title\" content=\"D\u00eda del Periodista: recordamos a El Imparcial - Noticias de Escobar\" \/>\n<meta property=\"og:description\" content=\"Creemos que nada plasma con m\u00e1s autenticidad la evoluci\u00f3n o el retroceso de una poblaci\u00f3n, que las publicaciones period\u00edsticas que&hellip;\" \/>\n<meta property=\"og:url\" content=\"https:\/\/noticiasdeescobar.online\/?p=1010\" \/>\n<meta property=\"og:site_name\" content=\"Noticias de Escobar\" \/>\n<meta property=\"article:published_time\" content=\"2025-06-07T12:42:43+00:00\" \/>\n<meta property=\"article:modified_time\" content=\"2025-06-07T12:42:44+00:00\" \/>\n<meta property=\"og:image\" content=\"https:\/\/noticiasdeescobar.online\/wp-content\/uploads\/2025\/06\/484108474_3840382089547914_6953416933940146125_n-e1749300094128.jpg\" \/>\n\t<meta property=\"og:image:width\" content=\"1697\" \/>\n\t<meta property=\"og:image:height\" content=\"1553\" \/>\n\t<meta property=\"og:image:type\" content=\"image\/jpeg\" \/>\n<meta name=\"author\" content=\"Redacci\u00f3n\" \/>\n<meta name=\"twitter:card\" content=\"summary_large_image\" \/>\n<meta name=\"twitter:label1\" content=\"Escrito por\" \/>\n\t<meta name=\"twitter:data1\" content=\"Redacci\u00f3n\" \/>\n\t<meta name=\"twitter:label2\" content=\"Tiempo de lectura\" \/>\n\t<meta name=\"twitter:data2\" content=\"4 minutos\" \/>\n<script type=\"application\/ld+json\" class=\"yoast-schema-graph\">{\"@context\":\"https:\/\/schema.org\",\"@graph\":[{\"@type\":\"WebPage\",\"@id\":\"https:\/\/noticiasdeescobar.online\/?p=1010\",\"url\":\"https:\/\/noticiasdeescobar.online\/?p=1010\",\"name\":\"D\u00eda del Periodista: recordamos a El Imparcial - Noticias de Escobar\",\"isPartOf\":{\"@id\":\"https:\/\/noticiasdeescobar.online\/#website\"},\"primaryImageOfPage\":{\"@id\":\"https:\/\/noticiasdeescobar.online\/?p=1010#primaryimage\"},\"image\":{\"@id\":\"https:\/\/noticiasdeescobar.online\/?p=1010#primaryimage\"},\"thumbnailUrl\":\"https:\/\/noticiasdeescobar.online\/wp-content\/uploads\/2025\/06\/484108474_3840382089547914_6953416933940146125_n-e1749300094128.jpg\",\"datePublished\":\"2025-06-07T12:42:43+00:00\",\"dateModified\":\"2025-06-07T12:42:44+00:00\",\"author\":{\"@id\":\"https:\/\/noticiasdeescobar.online\/#\/schema\/person\/c80a19151f9337b50a779fe1f512ca6a\"},\"breadcrumb\":{\"@id\":\"https:\/\/noticiasdeescobar.online\/?p=1010#breadcrumb\"},\"inLanguage\":\"es-AR\",\"potentialAction\":[{\"@type\":\"ReadAction\",\"target\":[\"https:\/\/noticiasdeescobar.online\/?p=1010\"]}]},{\"@type\":\"ImageObject\",\"inLanguage\":\"es-AR\",\"@id\":\"https:\/\/noticiasdeescobar.online\/?p=1010#primaryimage\",\"url\":\"https:\/\/noticiasdeescobar.online\/wp-content\/uploads\/2025\/06\/484108474_3840382089547914_6953416933940146125_n-e1749300094128.jpg\",\"contentUrl\":\"https:\/\/noticiasdeescobar.online\/wp-content\/uploads\/2025\/06\/484108474_3840382089547914_6953416933940146125_n-e1749300094128.jpg\",\"width\":1697,\"height\":1553},{\"@type\":\"BreadcrumbList\",\"@id\":\"https:\/\/noticiasdeescobar.online\/?p=1010#breadcrumb\",\"itemListElement\":[{\"@type\":\"ListItem\",\"position\":1,\"name\":\"Inicio\",\"item\":\"https:\/\/noticiasdeescobar.online\/\"},{\"@type\":\"ListItem\",\"position\":2,\"name\":\"D\u00eda del Periodista: recordamos a El Imparcial\"}]},{\"@type\":\"WebSite\",\"@id\":\"https:\/\/noticiasdeescobar.online\/#website\",\"url\":\"https:\/\/noticiasdeescobar.online\/\",\"name\":\"Noticias de Escobar\",\"description\":\"Noticias 24\/7\",\"potentialAction\":[{\"@type\":\"SearchAction\",\"target\":{\"@type\":\"EntryPoint\",\"urlTemplate\":\"https:\/\/noticiasdeescobar.online\/?s={search_term_string}\"},\"query-input\":{\"@type\":\"PropertyValueSpecification\",\"valueRequired\":true,\"valueName\":\"search_term_string\"}}],\"inLanguage\":\"es-AR\"},{\"@type\":\"Person\",\"@id\":\"https:\/\/noticiasdeescobar.online\/#\/schema\/person\/c80a19151f9337b50a779fe1f512ca6a\",\"name\":\"Redacci\u00f3n\",\"image\":{\"@type\":\"ImageObject\",\"inLanguage\":\"es-AR\",\"@id\":\"https:\/\/noticiasdeescobar.online\/#\/schema\/person\/image\/\",\"url\":\"https:\/\/secure.gravatar.com\/avatar\/1db77a0acc41b20b8cbce542c0459eb4?s=96&d=mm&r=g\",\"contentUrl\":\"https:\/\/secure.gravatar.com\/avatar\/1db77a0acc41b20b8cbce542c0459eb4?s=96&d=mm&r=g\",\"caption\":\"Redacci\u00f3n\"},\"sameAs\":[\"http:\/\/noticiasdeescobar.online\"],\"url\":\"https:\/\/noticiasdeescobar.online\/?author=1\"}]}<\/script>\n<!-- \/ Yoast SEO plugin. -->","yoast_head_json":{"title":"D\u00eda del Periodista: recordamos a El Imparcial - Noticias de Escobar","robots":{"index":"index","follow":"follow","max-snippet":"max-snippet:-1","max-image-preview":"max-image-preview:large","max-video-preview":"max-video-preview:-1"},"canonical":"https:\/\/noticiasdeescobar.online\/?p=1010","og_locale":"es_ES","og_type":"article","og_title":"D\u00eda del Periodista: recordamos a El Imparcial - Noticias de Escobar","og_description":"Creemos que nada plasma con m\u00e1s autenticidad la evoluci\u00f3n o el retroceso de una poblaci\u00f3n, que las publicaciones period\u00edsticas que&hellip;","og_url":"https:\/\/noticiasdeescobar.online\/?p=1010","og_site_name":"Noticias de Escobar","article_published_time":"2025-06-07T12:42:43+00:00","article_modified_time":"2025-06-07T12:42:44+00:00","og_image":[{"width":1697,"height":1553,"url":"https:\/\/noticiasdeescobar.online\/wp-content\/uploads\/2025\/06\/484108474_3840382089547914_6953416933940146125_n-e1749300094128.jpg","type":"image\/jpeg"}],"author":"Redacci\u00f3n","twitter_card":"summary_large_image","twitter_misc":{"Escrito por":"Redacci\u00f3n","Tiempo de lectura":"4 minutos"},"schema":{"@context":"https:\/\/schema.org","@graph":[{"@type":"WebPage","@id":"https:\/\/noticiasdeescobar.online\/?p=1010","url":"https:\/\/noticiasdeescobar.online\/?p=1010","name":"D\u00eda del Periodista: recordamos a El Imparcial - Noticias de Escobar","isPartOf":{"@id":"https:\/\/noticiasdeescobar.online\/#website"},"primaryImageOfPage":{"@id":"https:\/\/noticiasdeescobar.online\/?p=1010#primaryimage"},"image":{"@id":"https:\/\/noticiasdeescobar.online\/?p=1010#primaryimage"},"thumbnailUrl":"https:\/\/noticiasdeescobar.online\/wp-content\/uploads\/2025\/06\/484108474_3840382089547914_6953416933940146125_n-e1749300094128.jpg","datePublished":"2025-06-07T12:42:43+00:00","dateModified":"2025-06-07T12:42:44+00:00","author":{"@id":"https:\/\/noticiasdeescobar.online\/#\/schema\/person\/c80a19151f9337b50a779fe1f512ca6a"},"breadcrumb":{"@id":"https:\/\/noticiasdeescobar.online\/?p=1010#breadcrumb"},"inLanguage":"es-AR","potentialAction":[{"@type":"ReadAction","target":["https:\/\/noticiasdeescobar.online\/?p=1010"]}]},{"@type":"ImageObject","inLanguage":"es-AR","@id":"https:\/\/noticiasdeescobar.online\/?p=1010#primaryimage","url":"https:\/\/noticiasdeescobar.online\/wp-content\/uploads\/2025\/06\/484108474_3840382089547914_6953416933940146125_n-e1749300094128.jpg","contentUrl":"https:\/\/noticiasdeescobar.online\/wp-content\/uploads\/2025\/06\/484108474_3840382089547914_6953416933940146125_n-e1749300094128.jpg","width":1697,"height":1553},{"@type":"BreadcrumbList","@id":"https:\/\/noticiasdeescobar.online\/?p=1010#breadcrumb","itemListElement":[{"@type":"ListItem","position":1,"name":"Inicio","item":"https:\/\/noticiasdeescobar.online\/"},{"@type":"ListItem","position":2,"name":"D\u00eda del Periodista: recordamos a El Imparcial"}]},{"@type":"WebSite","@id":"https:\/\/noticiasdeescobar.online\/#website","url":"https:\/\/noticiasdeescobar.online\/","name":"Noticias de Escobar","description":"Noticias 24\/7","potentialAction":[{"@type":"SearchAction","target":{"@type":"EntryPoint","urlTemplate":"https:\/\/noticiasdeescobar.online\/?s={search_term_string}"},"query-input":{"@type":"PropertyValueSpecification","valueRequired":true,"valueName":"search_term_string"}}],"inLanguage":"es-AR"},{"@type":"Person","@id":"https:\/\/noticiasdeescobar.online\/#\/schema\/person\/c80a19151f9337b50a779fe1f512ca6a","name":"Redacci\u00f3n","image":{"@type":"ImageObject","inLanguage":"es-AR","@id":"https:\/\/noticiasdeescobar.online\/#\/schema\/person\/image\/","url":"https:\/\/secure.gravatar.com\/avatar\/1db77a0acc41b20b8cbce542c0459eb4?s=96&d=mm&r=g","contentUrl":"https:\/\/secure.gravatar.com\/avatar\/1db77a0acc41b20b8cbce542c0459eb4?s=96&d=mm&r=g","caption":"Redacci\u00f3n"},"sameAs":["http:\/\/noticiasdeescobar.online"],"url":"https:\/\/noticiasdeescobar.online\/?author=1"}]}},"_links":{"self":[{"href":"https:\/\/noticiasdeescobar.online\/index.php?rest_route=\/wp\/v2\/posts\/1010","targetHints":{"allow":["GET"]}}],"collection":[{"href":"https:\/\/noticiasdeescobar.online\/index.php?rest_route=\/wp\/v2\/posts"}],"about":[{"href":"https:\/\/noticiasdeescobar.online\/index.php?rest_route=\/wp\/v2\/types\/post"}],"author":[{"embeddable":true,"href":"https:\/\/noticiasdeescobar.online\/index.php?rest_route=\/wp\/v2\/users\/1"}],"replies":[{"embeddable":true,"href":"https:\/\/noticiasdeescobar.online\/index.php?rest_route=%2Fwp%2Fv2%2Fcomments&post=1010"}],"version-history":[{"count":1,"href":"https:\/\/noticiasdeescobar.online\/index.php?rest_route=\/wp\/v2\/posts\/1010\/revisions"}],"predecessor-version":[{"id":1014,"href":"https:\/\/noticiasdeescobar.online\/index.php?rest_route=\/wp\/v2\/posts\/1010\/revisions\/1014"}],"wp:featuredmedia":[{"embeddable":true,"href":"https:\/\/noticiasdeescobar.online\/index.php?rest_route=\/wp\/v2\/media\/1011"}],"wp:attachment":[{"href":"https:\/\/noticiasdeescobar.online\/index.php?rest_route=%2Fwp%2Fv2%2Fmedia&parent=1010"}],"wp:term":[{"taxonomy":"category","embeddable":true,"href":"https:\/\/noticiasdeescobar.online\/index.php?rest_route=%2Fwp%2Fv2%2Fcategories&post=1010"},{"taxonomy":"post_tag","embeddable":true,"href":"https:\/\/noticiasdeescobar.online\/index.php?rest_route=%2Fwp%2Fv2%2Ftags&post=1010"}],"curies":[{"name":"wp","href":"https:\/\/api.w.org\/{rel}","templated":true}]}}