{"id":1066,"date":"2025-06-23T19:28:33","date_gmt":"2025-06-23T19:28:33","guid":{"rendered":"https:\/\/noticiasdeescobar.online\/?p=1066"},"modified":"2025-06-23T19:30:18","modified_gmt":"2025-06-23T19:30:18","slug":"moto-y-auto-clasico-accidente-en-matheu","status":"publish","type":"post","link":"https:\/\/noticiasdeescobar.online\/?p=1066","title":{"rendered":"Moto y auto, cl\u00e1sico accidente en Matheu"},"content":{"rendered":"\n<p class=\"has-vivid-cyan-blue-color has-text-color has-link-color wp-elements-ed5c2315154176d9d519b137a956af47\"><strong><em>Ocurri\u00f3 en el l\u00edmite con Bel\u00e9n de Escobar. El motociclista result\u00f3 herido. El impacto se dio en la puerta trasera derecha del coche.<\/em><\/strong><\/p>\n\n\n\n<!--more-->\n\n\n\n<p><\/p>\n\n\n\n<p>Dos veh\u00edculos chocaron en una esquina de Matheu, sobre la ruta provincial, siendo los veh\u00edculos protagonistas un coche y una moto, un cl\u00e1sico en la zona.<\/p>\n\n\n\n<p>El accidente ocurri\u00f3 ayer por la tarde en Ruta 25 y calle Yapey\u00fa, en cercan\u00edas al l\u00edmite con Bel\u00e9n de Escobar.<\/p>\n\n\n<div class=\"wp-block-image\">\n<figure class=\"aligncenter size-large\"><img loading=\"lazy\" decoding=\"async\" width=\"665\" height=\"1024\" src=\"https:\/\/noticiasdeescobar.online\/wp-content\/uploads\/2025\/06\/511011028_1040399534890457_7682383802711801271_n-665x1024.jpg\" alt=\"\" class=\"wp-image-1068\" srcset=\"https:\/\/noticiasdeescobar.online\/wp-content\/uploads\/2025\/06\/511011028_1040399534890457_7682383802711801271_n-665x1024.jpg 665w, https:\/\/noticiasdeescobar.online\/wp-content\/uploads\/2025\/06\/511011028_1040399534890457_7682383802711801271_n-195x300.jpg 195w, https:\/\/noticiasdeescobar.online\/wp-content\/uploads\/2025\/06\/511011028_1040399534890457_7682383802711801271_n.jpg 720w\" sizes=\"auto, (max-width: 665px) 100vw, 665px\" \/><\/figure><\/div>\n\n\n<p>El motociclista result\u00f3 herido levemente, pese al fuerte impacto. El choque se dio en la puerta trasera derecha, rompiendo el vidrio. Trabaj\u00f3 una dotaci\u00f3n de bomberos al mando del encargado, el comandante Horacio Romero.<\/p>\n","protected":false},"excerpt":{"rendered":"<p>Ocurri\u00f3 en el l\u00edmite con Bel\u00e9n de Escobar. El motociclista result\u00f3 herido. El impacto se dio en la puerta trasera&hellip;<\/p>\n","protected":false},"author":1,"featured_media":1067,"comment_status":"open","ping_status":"open","sticky":false,"template":"","format":"standard","meta":{"_monsterinsights_skip_tracking":false,"_monsterinsights_sitenote_active":false,"_monsterinsights_sitenote_note":"","_monsterinsights_sitenote_category":0,"footnotes":""},"categories":[2],"tags":[26,30],"class_list":["post-1066","post","type-post","status-publish","format-standard","has-post-thumbnail","hentry","category-policiales","tag-accidente","tag-matheu"],"yoast_head":"<!-- This site is optimized with the Yoast SEO plugin v25.3.1 - https:\/\/yoast.com\/wordpress\/plugins\/seo\/ -->\n<title>Moto y auto, cl\u00e1sico accidente en Matheu - Noticias de Escobar<\/title>\n<meta name=\"description\" content=\"Ocurri\u00f3 en el l\u00edmite con Bel\u00e9n de Escobar. El motociclista result\u00f3 herido. El impacto se dio en la puerta trasera derecha del coche.\" \/>\n<meta name=\"robots\" content=\"index, follow, max-snippet:-1, max-image-preview:large, max-video-preview:-1\" \/>\n<link rel=\"canonical\" href=\"https:\/\/noticiasdeescobar.online\/?p=1066\" \/>\n<meta property=\"og:locale\" content=\"es_ES\" \/>\n<meta property=\"og:type\" content=\"article\" \/>\n<meta property=\"og:title\" content=\"Moto y auto, cl\u00e1sico accidente en Matheu\" \/>\n<meta property=\"og:description\" content=\"Ocurri\u00f3 en el l\u00edmite con Bel\u00e9n de Escobar. El motociclista result\u00f3 herido. El impacto se dio en la puerta trasera derecha del coche.\" \/>\n<meta property=\"og:url\" content=\"https:\/\/noticiasdeescobar.online\/?p=1066\" \/>\n<meta property=\"og:site_name\" content=\"Noticias de Escobar\" \/>\n<meta property=\"article:published_time\" content=\"2025-06-23T19:28:33+00:00\" \/>\n<meta property=\"article:modified_time\" content=\"2025-06-23T19:30:18+00:00\" \/>\n<meta property=\"og:image\" content=\"https:\/\/noticiasdeescobar.online\/wp-content\/uploads\/2025\/06\/510969816_1040399501557127_4207613409660427925_n-e1750706470222.jpg\" \/>\n\t<meta property=\"og:image:width\" content=\"720\" \/>\n\t<meta property=\"og:image:height\" content=\"675\" \/>\n\t<meta property=\"og:image:type\" content=\"image\/jpeg\" \/>\n<meta name=\"author\" content=\"Redacci\u00f3n\" \/>\n<meta name=\"twitter:card\" content=\"summary_large_image\" \/>\n<meta name=\"twitter:image\" content=\"https:\/\/noticiasdeescobar.online\/wp-content\/uploads\/2025\/06\/510969816_1040399501557127_4207613409660427925_n-e1750706470222.jpg\" \/>\n<meta name=\"twitter:label1\" content=\"Escrito por\" \/>\n\t<meta name=\"twitter:data1\" content=\"Redacci\u00f3n\" \/>\n\t<meta name=\"twitter:label2\" content=\"Tiempo de lectura\" \/>\n\t<meta name=\"twitter:data2\" content=\"1 minuto\" \/>\n<script type=\"application\/ld+json\" class=\"yoast-schema-graph\">{\"@context\":\"https:\/\/schema.org\",\"@graph\":[{\"@type\":\"WebPage\",\"@id\":\"https:\/\/noticiasdeescobar.online\/?p=1066\",\"url\":\"https:\/\/noticiasdeescobar.online\/?p=1066\",\"name\":\"Moto y auto, cl\u00e1sico accidente en Matheu - Noticias de Escobar\",\"isPartOf\":{\"@id\":\"https:\/\/noticiasdeescobar.online\/#website\"},\"primaryImageOfPage\":{\"@id\":\"https:\/\/noticiasdeescobar.online\/?p=1066#primaryimage\"},\"image\":{\"@id\":\"https:\/\/noticiasdeescobar.online\/?p=1066#primaryimage\"},\"thumbnailUrl\":\"https:\/\/noticiasdeescobar.online\/wp-content\/uploads\/2025\/06\/510969816_1040399501557127_4207613409660427925_n-e1750706470222.jpg\",\"datePublished\":\"2025-06-23T19:28:33+00:00\",\"dateModified\":\"2025-06-23T19:30:18+00:00\",\"author\":{\"@id\":\"https:\/\/noticiasdeescobar.online\/#\/schema\/person\/c80a19151f9337b50a779fe1f512ca6a\"},\"description\":\"Ocurri\u00f3 en el l\u00edmite con Bel\u00e9n de Escobar. El motociclista result\u00f3 herido. El impacto se dio en la puerta trasera derecha del coche.\",\"breadcrumb\":{\"@id\":\"https:\/\/noticiasdeescobar.online\/?p=1066#breadcrumb\"},\"inLanguage\":\"es-AR\",\"potentialAction\":[{\"@type\":\"ReadAction\",\"target\":[\"https:\/\/noticiasdeescobar.online\/?p=1066\"]}]},{\"@type\":\"ImageObject\",\"inLanguage\":\"es-AR\",\"@id\":\"https:\/\/noticiasdeescobar.online\/?p=1066#primaryimage\",\"url\":\"https:\/\/noticiasdeescobar.online\/wp-content\/uploads\/2025\/06\/510969816_1040399501557127_4207613409660427925_n-e1750706470222.jpg\",\"contentUrl\":\"https:\/\/noticiasdeescobar.online\/wp-content\/uploads\/2025\/06\/510969816_1040399501557127_4207613409660427925_n-e1750706470222.jpg\",\"width\":720,\"height\":675},{\"@type\":\"BreadcrumbList\",\"@id\":\"https:\/\/noticiasdeescobar.online\/?p=1066#breadcrumb\",\"itemListElement\":[{\"@type\":\"ListItem\",\"position\":1,\"name\":\"Inicio\",\"item\":\"https:\/\/noticiasdeescobar.online\/\"},{\"@type\":\"ListItem\",\"position\":2,\"name\":\"Moto y auto, cl\u00e1sico accidente en Matheu\"}]},{\"@type\":\"WebSite\",\"@id\":\"https:\/\/noticiasdeescobar.online\/#website\",\"url\":\"https:\/\/noticiasdeescobar.online\/\",\"name\":\"Noticias de Escobar\",\"description\":\"Noticias 24\/7\",\"potentialAction\":[{\"@type\":\"SearchAction\",\"target\":{\"@type\":\"EntryPoint\",\"urlTemplate\":\"https:\/\/noticiasdeescobar.online\/?s={search_term_string}\"},\"query-input\":{\"@type\":\"PropertyValueSpecification\",\"valueRequired\":true,\"valueName\":\"search_term_string\"}}],\"inLanguage\":\"es-AR\"},{\"@type\":\"Person\",\"@id\":\"https:\/\/noticiasdeescobar.online\/#\/schema\/person\/c80a19151f9337b50a779fe1f512ca6a\",\"name\":\"Redacci\u00f3n\",\"image\":{\"@type\":\"ImageObject\",\"inLanguage\":\"es-AR\",\"@id\":\"https:\/\/noticiasdeescobar.online\/#\/schema\/person\/image\/\",\"url\":\"https:\/\/secure.gravatar.com\/avatar\/1db77a0acc41b20b8cbce542c0459eb4?s=96&d=mm&r=g\",\"contentUrl\":\"https:\/\/secure.gravatar.com\/avatar\/1db77a0acc41b20b8cbce542c0459eb4?s=96&d=mm&r=g\",\"caption\":\"Redacci\u00f3n\"},\"sameAs\":[\"http:\/\/noticiasdeescobar.online\"],\"url\":\"https:\/\/noticiasdeescobar.online\/?author=1\"}]}<\/script>\n<!-- \/ Yoast SEO plugin. -->","yoast_head_json":{"title":"Moto y auto, cl\u00e1sico accidente en Matheu - Noticias de Escobar","description":"Ocurri\u00f3 en el l\u00edmite con Bel\u00e9n de Escobar. El motociclista result\u00f3 herido. El impacto se dio en la puerta trasera derecha del coche.","robots":{"index":"index","follow":"follow","max-snippet":"max-snippet:-1","max-image-preview":"max-image-preview:large","max-video-preview":"max-video-preview:-1"},"canonical":"https:\/\/noticiasdeescobar.online\/?p=1066","og_locale":"es_ES","og_type":"article","og_title":"Moto y auto, cl\u00e1sico accidente en Matheu","og_description":"Ocurri\u00f3 en el l\u00edmite con Bel\u00e9n de Escobar. El motociclista result\u00f3 herido. El impacto se dio en la puerta trasera derecha del coche.","og_url":"https:\/\/noticiasdeescobar.online\/?p=1066","og_site_name":"Noticias de Escobar","article_published_time":"2025-06-23T19:28:33+00:00","article_modified_time":"2025-06-23T19:30:18+00:00","og_image":[{"width":720,"height":675,"url":"https:\/\/noticiasdeescobar.online\/wp-content\/uploads\/2025\/06\/510969816_1040399501557127_4207613409660427925_n-e1750706470222.jpg","type":"image\/jpeg"}],"author":"Redacci\u00f3n","twitter_card":"summary_large_image","twitter_image":"https:\/\/noticiasdeescobar.online\/wp-content\/uploads\/2025\/06\/510969816_1040399501557127_4207613409660427925_n-e1750706470222.jpg","twitter_misc":{"Escrito por":"Redacci\u00f3n","Tiempo de lectura":"1 minuto"},"schema":{"@context":"https:\/\/schema.org","@graph":[{"@type":"WebPage","@id":"https:\/\/noticiasdeescobar.online\/?p=1066","url":"https:\/\/noticiasdeescobar.online\/?p=1066","name":"Moto y auto, cl\u00e1sico accidente en Matheu - Noticias de Escobar","isPartOf":{"@id":"https:\/\/noticiasdeescobar.online\/#website"},"primaryImageOfPage":{"@id":"https:\/\/noticiasdeescobar.online\/?p=1066#primaryimage"},"image":{"@id":"https:\/\/noticiasdeescobar.online\/?p=1066#primaryimage"},"thumbnailUrl":"https:\/\/noticiasdeescobar.online\/wp-content\/uploads\/2025\/06\/510969816_1040399501557127_4207613409660427925_n-e1750706470222.jpg","datePublished":"2025-06-23T19:28:33+00:00","dateModified":"2025-06-23T19:30:18+00:00","author":{"@id":"https:\/\/noticiasdeescobar.online\/#\/schema\/person\/c80a19151f9337b50a779fe1f512ca6a"},"description":"Ocurri\u00f3 en el l\u00edmite con Bel\u00e9n de Escobar. El motociclista result\u00f3 herido. El impacto se dio en la puerta trasera derecha del coche.","breadcrumb":{"@id":"https:\/\/noticiasdeescobar.online\/?p=1066#breadcrumb"},"inLanguage":"es-AR","potentialAction":[{"@type":"ReadAction","target":["https:\/\/noticiasdeescobar.online\/?p=1066"]}]},{"@type":"ImageObject","inLanguage":"es-AR","@id":"https:\/\/noticiasdeescobar.online\/?p=1066#primaryimage","url":"https:\/\/noticiasdeescobar.online\/wp-content\/uploads\/2025\/06\/510969816_1040399501557127_4207613409660427925_n-e1750706470222.jpg","contentUrl":"https:\/\/noticiasdeescobar.online\/wp-content\/uploads\/2025\/06\/510969816_1040399501557127_4207613409660427925_n-e1750706470222.jpg","width":720,"height":675},{"@type":"BreadcrumbList","@id":"https:\/\/noticiasdeescobar.online\/?p=1066#breadcrumb","itemListElement":[{"@type":"ListItem","position":1,"name":"Inicio","item":"https:\/\/noticiasdeescobar.online\/"},{"@type":"ListItem","position":2,"name":"Moto y auto, cl\u00e1sico accidente en Matheu"}]},{"@type":"WebSite","@id":"https:\/\/noticiasdeescobar.online\/#website","url":"https:\/\/noticiasdeescobar.online\/","name":"Noticias de Escobar","description":"Noticias 24\/7","potentialAction":[{"@type":"SearchAction","target":{"@type":"EntryPoint","urlTemplate":"https:\/\/noticiasdeescobar.online\/?s={search_term_string}"},"query-input":{"@type":"PropertyValueSpecification","valueRequired":true,"valueName":"search_term_string"}}],"inLanguage":"es-AR"},{"@type":"Person","@id":"https:\/\/noticiasdeescobar.online\/#\/schema\/person\/c80a19151f9337b50a779fe1f512ca6a","name":"Redacci\u00f3n","image":{"@type":"ImageObject","inLanguage":"es-AR","@id":"https:\/\/noticiasdeescobar.online\/#\/schema\/person\/image\/","url":"https:\/\/secure.gravatar.com\/avatar\/1db77a0acc41b20b8cbce542c0459eb4?s=96&d=mm&r=g","contentUrl":"https:\/\/secure.gravatar.com\/avatar\/1db77a0acc41b20b8cbce542c0459eb4?s=96&d=mm&r=g","caption":"Redacci\u00f3n"},"sameAs":["http:\/\/noticiasdeescobar.online"],"url":"https:\/\/noticiasdeescobar.online\/?author=1"}]}},"_links":{"self":[{"href":"https:\/\/noticiasdeescobar.online\/index.php?rest_route=\/wp\/v2\/posts\/1066","targetHints":{"allow":["GET"]}}],"collection":[{"href":"https:\/\/noticiasdeescobar.online\/index.php?rest_route=\/wp\/v2\/posts"}],"about":[{"href":"https:\/\/noticiasdeescobar.online\/index.php?rest_route=\/wp\/v2\/types\/post"}],"author":[{"embeddable":true,"href":"https:\/\/noticiasdeescobar.online\/index.php?rest_route=\/wp\/v2\/users\/1"}],"replies":[{"embeddable":true,"href":"https:\/\/noticiasdeescobar.online\/index.php?rest_route=%2Fwp%2Fv2%2Fcomments&post=1066"}],"version-history":[{"count":1,"href":"https:\/\/noticiasdeescobar.online\/index.php?rest_route=\/wp\/v2\/posts\/1066\/revisions"}],"predecessor-version":[{"id":1069,"href":"https:\/\/noticiasdeescobar.online\/index.php?rest_route=\/wp\/v2\/posts\/1066\/revisions\/1069"}],"wp:featuredmedia":[{"embeddable":true,"href":"https:\/\/noticiasdeescobar.online\/index.php?rest_route=\/wp\/v2\/media\/1067"}],"wp:attachment":[{"href":"https:\/\/noticiasdeescobar.online\/index.php?rest_route=%2Fwp%2Fv2%2Fmedia&parent=1066"}],"wp:term":[{"taxonomy":"category","embeddable":true,"href":"https:\/\/noticiasdeescobar.online\/index.php?rest_route=%2Fwp%2Fv2%2Fcategories&post=1066"},{"taxonomy":"post_tag","embeddable":true,"href":"https:\/\/noticiasdeescobar.online\/index.php?rest_route=%2Fwp%2Fv2%2Ftags&post=1066"}],"curies":[{"name":"wp","href":"https:\/\/api.w.org\/{rel}","templated":true}]}}