{"id":1137,"date":"2025-07-15T16:25:53","date_gmt":"2025-07-15T16:25:53","guid":{"rendered":"https:\/\/noticiasdeescobar.online\/?p=1137"},"modified":"2025-07-15T16:25:54","modified_gmt":"2025-07-15T16:25:54","slug":"el-jardin-n-927-de-ingeniero-maschwitz-ya-lleva-el-nombre-heroes-de-malvinas","status":"publish","type":"post","link":"https:\/\/noticiasdeescobar.online\/?p=1137","title":{"rendered":"El Jard\u00edn N\u00b0 927 de Ingeniero Maschwitz ya lleva el nombre \u201cH\u00e9roes de Malvinas\u201d"},"content":{"rendered":"\n<p><strong><em>La comunidad educativa del barrio Do\u00f1a Justa celebr\u00f3 la imposici\u00f3n del nuevo nombre con un emotivo acto que cont\u00f3 con la presencia del Centro de Veteranos de Guerra del partido de Escobar.<\/em><\/strong><\/p>\n\n\n\n<!--more-->\n\n\n\n<p><\/p>\n\n\n\n<p>En una jornada cargada de emoci\u00f3n y simbolismo, el Jard\u00edn de Infantes N\u00b0 927 de Ingeniero Maschwitz recibi\u00f3 oficialmente el nombre \u201cH\u00e9roes de Malvinas\u201d, en homenaje a los soldados que combatieron en el conflicto b\u00e9lico de 1982.<\/p>\n\n\n\n<p>La ceremonia se llev\u00f3 a cabo en las instalaciones del establecimiento, ubicado en el barrio Do\u00f1a Justa, con la participaci\u00f3n de autoridades escolares, municipales, familias, docentes y alumnos. Tambi\u00e9n dijeron presente representantes del Centro de Veteranos de Guerra del partido de Escobar, quienes fueron especialmente homenajeados por su compromiso y servicio a la Patria.<\/p>\n\n\n\n<p>Durante el acto, se descubri\u00f3 la placa institucional con el nuevo nombre y se entonaron las estrofas del Himno Nacional Argentino. En un clima de respeto y reconocimiento, se pronunciaron palabras alusivas a la importancia de mantener viva la memoria hist\u00f3rica y de transmitir a las nuevas generaciones los valores de entrega y valent\u00eda.<\/p>\n\n\n<div class=\"wp-block-image\">\n<figure class=\"aligncenter size-full\"><img loading=\"lazy\" decoding=\"async\" width=\"1000\" height=\"750\" src=\"https:\/\/noticiasdeescobar.online\/wp-content\/uploads\/2025\/07\/518280163_1155075773322316_1184234072662745079_n.jpg\" alt=\"\" class=\"wp-image-1139\" srcset=\"https:\/\/noticiasdeescobar.online\/wp-content\/uploads\/2025\/07\/518280163_1155075773322316_1184234072662745079_n.jpg 1000w, https:\/\/noticiasdeescobar.online\/wp-content\/uploads\/2025\/07\/518280163_1155075773322316_1184234072662745079_n-300x225.jpg 300w, https:\/\/noticiasdeescobar.online\/wp-content\/uploads\/2025\/07\/518280163_1155075773322316_1184234072662745079_n-768x576.jpg 768w\" sizes=\"auto, (max-width: 1000px) 100vw, 1000px\" \/><\/figure><\/div>\n\n\n<p>\u201cLlevar este nombre es una enorme responsabilidad. Significa ense\u00f1ar con el ejemplo de quienes dieron todo por el pa\u00eds\u201d, expres\u00f3 una docente del jard\u00edn, emocionada por el reconocimiento.<\/p>\n\n\n\n<p>Los m\u00e1s peque\u00f1os tambi\u00e9n fueron protagonistas de la jornada, con intervenciones art\u00edsticas preparadas especialmente para la ocasi\u00f3n, que cerraron un evento tan sentido como significativo para toda la comunidad educativa.<\/p>\n\n\n<div class=\"wp-block-image\">\n<figure class=\"aligncenter size-large\"><img loading=\"lazy\" decoding=\"async\" width=\"1024\" height=\"768\" src=\"https:\/\/noticiasdeescobar.online\/wp-content\/uploads\/2025\/07\/518309328_1155077646655462_7712372888121773582_n-1024x768.jpg\" alt=\"\" class=\"wp-image-1140\" srcset=\"https:\/\/noticiasdeescobar.online\/wp-content\/uploads\/2025\/07\/518309328_1155077646655462_7712372888121773582_n-1024x768.jpg 1024w, https:\/\/noticiasdeescobar.online\/wp-content\/uploads\/2025\/07\/518309328_1155077646655462_7712372888121773582_n-300x225.jpg 300w, https:\/\/noticiasdeescobar.online\/wp-content\/uploads\/2025\/07\/518309328_1155077646655462_7712372888121773582_n-768x576.jpg 768w, https:\/\/noticiasdeescobar.online\/wp-content\/uploads\/2025\/07\/518309328_1155077646655462_7712372888121773582_n-1536x1152.jpg 1536w, https:\/\/noticiasdeescobar.online\/wp-content\/uploads\/2025\/07\/518309328_1155077646655462_7712372888121773582_n.jpg 2048w\" sizes=\"auto, (max-width: 1024px) 100vw, 1024px\" \/><\/figure><\/div>\n\n\n<p>Con este nuevo nombre, el Jard\u00edn 927 suma identidad y sentido de pertenencia, rindiendo tributo permanente a los h\u00e9roes argentinos.<\/p>\n","protected":false},"excerpt":{"rendered":"<p>La comunidad educativa del barrio Do\u00f1a Justa celebr\u00f3 la imposici\u00f3n del nuevo nombre con un emotivo acto que cont\u00f3 con&hellip;<\/p>\n","protected":false},"author":1,"featured_media":1138,"comment_status":"open","ping_status":"open","sticky":false,"template":"","format":"standard","meta":{"_monsterinsights_skip_tracking":false,"_monsterinsights_sitenote_active":false,"_monsterinsights_sitenote_note":"","_monsterinsights_sitenote_category":0,"footnotes":""},"categories":[6],"tags":[188,189,190,191],"class_list":["post-1137","post","type-post","status-publish","format-standard","has-post-thumbnail","hentry","category-interes-general","tag-heroes-de-malvinas","tag-jardin-927","tag-malvinas","tag-veteranos-de-guerra"],"yoast_head":"<!-- This site is optimized with the Yoast SEO plugin v25.3.1 - https:\/\/yoast.com\/wordpress\/plugins\/seo\/ -->\n<title>El Jard\u00edn N\u00b0 927 de Ingeniero Maschwitz ya lleva el nombre \u201cH\u00e9roes de Malvinas\u201d - Noticias de Escobar<\/title>\n<meta name=\"description\" content=\"La comunidad educativa del barrio Do\u00f1a Justa celebr\u00f3 la imposici\u00f3n del nuevo nombre con un emotivo acto que cont\u00f3 con la presencia del Centro de Veteranos de Guerra del partido de Escobar.\" \/>\n<meta name=\"robots\" content=\"index, follow, max-snippet:-1, max-image-preview:large, max-video-preview:-1\" \/>\n<link rel=\"canonical\" href=\"https:\/\/noticiasdeescobar.online\/?p=1137\" \/>\n<meta property=\"og:locale\" content=\"es_ES\" \/>\n<meta property=\"og:type\" content=\"article\" \/>\n<meta property=\"og:title\" content=\"El Jard\u00edn N\u00b0 927 de Ingeniero Maschwitz ya lleva el nombre \u201cH\u00e9roes de Malvinas\u201d\" \/>\n<meta property=\"og:description\" content=\"La comunidad educativa del barrio Do\u00f1a Justa celebr\u00f3 la imposici\u00f3n del nuevo nombre con un emotivo acto que cont\u00f3 con la presencia del Centro de Veteranos de Guerra del partido de Escobar.\" \/>\n<meta property=\"og:url\" content=\"https:\/\/noticiasdeescobar.online\/?p=1137\" \/>\n<meta property=\"og:site_name\" content=\"Noticias de Escobar\" \/>\n<meta property=\"article:published_time\" content=\"2025-07-15T16:25:53+00:00\" \/>\n<meta property=\"article:modified_time\" content=\"2025-07-15T16:25:54+00:00\" \/>\n<meta property=\"og:image\" content=\"https:\/\/noticiasdeescobar.online\/wp-content\/uploads\/2025\/07\/518277040_1155077886655438_2847962491630156557_n.jpg\" \/>\n\t<meta property=\"og:image:width\" content=\"2048\" \/>\n\t<meta property=\"og:image:height\" content=\"1536\" \/>\n\t<meta property=\"og:image:type\" content=\"image\/jpeg\" \/>\n<meta name=\"author\" content=\"Redacci\u00f3n\" \/>\n<meta name=\"twitter:card\" content=\"summary_large_image\" \/>\n<meta name=\"twitter:title\" content=\"El Jard\u00edn N\u00b0 927 de Ingeniero Maschwitz ya lleva el nombre \u201cH\u00e9roes de Malvinas\u201d\" \/>\n<meta name=\"twitter:label1\" content=\"Escrito por\" \/>\n\t<meta name=\"twitter:data1\" content=\"Redacci\u00f3n\" \/>\n\t<meta name=\"twitter:label2\" content=\"Tiempo de lectura\" \/>\n\t<meta name=\"twitter:data2\" content=\"2 minutos\" \/>\n<script type=\"application\/ld+json\" class=\"yoast-schema-graph\">{\"@context\":\"https:\/\/schema.org\",\"@graph\":[{\"@type\":\"WebPage\",\"@id\":\"https:\/\/noticiasdeescobar.online\/?p=1137\",\"url\":\"https:\/\/noticiasdeescobar.online\/?p=1137\",\"name\":\"El Jard\u00edn N\u00b0 927 de Ingeniero Maschwitz ya lleva el nombre \u201cH\u00e9roes de Malvinas\u201d - Noticias de Escobar\",\"isPartOf\":{\"@id\":\"https:\/\/noticiasdeescobar.online\/#website\"},\"primaryImageOfPage\":{\"@id\":\"https:\/\/noticiasdeescobar.online\/?p=1137#primaryimage\"},\"image\":{\"@id\":\"https:\/\/noticiasdeescobar.online\/?p=1137#primaryimage\"},\"thumbnailUrl\":\"https:\/\/noticiasdeescobar.online\/wp-content\/uploads\/2025\/07\/518277040_1155077886655438_2847962491630156557_n.jpg\",\"datePublished\":\"2025-07-15T16:25:53+00:00\",\"dateModified\":\"2025-07-15T16:25:54+00:00\",\"author\":{\"@id\":\"https:\/\/noticiasdeescobar.online\/#\/schema\/person\/c80a19151f9337b50a779fe1f512ca6a\"},\"description\":\"La comunidad educativa del barrio Do\u00f1a Justa celebr\u00f3 la imposici\u00f3n del nuevo nombre con un emotivo acto que cont\u00f3 con la presencia del Centro de Veteranos de Guerra del partido de Escobar.\",\"breadcrumb\":{\"@id\":\"https:\/\/noticiasdeescobar.online\/?p=1137#breadcrumb\"},\"inLanguage\":\"es-AR\",\"potentialAction\":[{\"@type\":\"ReadAction\",\"target\":[\"https:\/\/noticiasdeescobar.online\/?p=1137\"]}]},{\"@type\":\"ImageObject\",\"inLanguage\":\"es-AR\",\"@id\":\"https:\/\/noticiasdeescobar.online\/?p=1137#primaryimage\",\"url\":\"https:\/\/noticiasdeescobar.online\/wp-content\/uploads\/2025\/07\/518277040_1155077886655438_2847962491630156557_n.jpg\",\"contentUrl\":\"https:\/\/noticiasdeescobar.online\/wp-content\/uploads\/2025\/07\/518277040_1155077886655438_2847962491630156557_n.jpg\",\"width\":2048,\"height\":1536},{\"@type\":\"BreadcrumbList\",\"@id\":\"https:\/\/noticiasdeescobar.online\/?p=1137#breadcrumb\",\"itemListElement\":[{\"@type\":\"ListItem\",\"position\":1,\"name\":\"Inicio\",\"item\":\"https:\/\/noticiasdeescobar.online\/\"},{\"@type\":\"ListItem\",\"position\":2,\"name\":\"El Jard\u00edn N\u00b0 927 de Ingeniero Maschwitz ya lleva el nombre \u201cH\u00e9roes de Malvinas\u201d\"}]},{\"@type\":\"WebSite\",\"@id\":\"https:\/\/noticiasdeescobar.online\/#website\",\"url\":\"https:\/\/noticiasdeescobar.online\/\",\"name\":\"Noticias de Escobar\",\"description\":\"Noticias 24\/7\",\"potentialAction\":[{\"@type\":\"SearchAction\",\"target\":{\"@type\":\"EntryPoint\",\"urlTemplate\":\"https:\/\/noticiasdeescobar.online\/?s={search_term_string}\"},\"query-input\":{\"@type\":\"PropertyValueSpecification\",\"valueRequired\":true,\"valueName\":\"search_term_string\"}}],\"inLanguage\":\"es-AR\"},{\"@type\":\"Person\",\"@id\":\"https:\/\/noticiasdeescobar.online\/#\/schema\/person\/c80a19151f9337b50a779fe1f512ca6a\",\"name\":\"Redacci\u00f3n\",\"image\":{\"@type\":\"ImageObject\",\"inLanguage\":\"es-AR\",\"@id\":\"https:\/\/noticiasdeescobar.online\/#\/schema\/person\/image\/\",\"url\":\"https:\/\/secure.gravatar.com\/avatar\/1db77a0acc41b20b8cbce542c0459eb4?s=96&d=mm&r=g\",\"contentUrl\":\"https:\/\/secure.gravatar.com\/avatar\/1db77a0acc41b20b8cbce542c0459eb4?s=96&d=mm&r=g\",\"caption\":\"Redacci\u00f3n\"},\"sameAs\":[\"http:\/\/noticiasdeescobar.online\"],\"url\":\"https:\/\/noticiasdeescobar.online\/?author=1\"}]}<\/script>\n<!-- \/ Yoast SEO plugin. -->","yoast_head_json":{"title":"El Jard\u00edn N\u00b0 927 de Ingeniero Maschwitz ya lleva el nombre \u201cH\u00e9roes de Malvinas\u201d - Noticias de Escobar","description":"La comunidad educativa del barrio Do\u00f1a Justa celebr\u00f3 la imposici\u00f3n del nuevo nombre con un emotivo acto que cont\u00f3 con la presencia del Centro de Veteranos de Guerra del partido de Escobar.","robots":{"index":"index","follow":"follow","max-snippet":"max-snippet:-1","max-image-preview":"max-image-preview:large","max-video-preview":"max-video-preview:-1"},"canonical":"https:\/\/noticiasdeescobar.online\/?p=1137","og_locale":"es_ES","og_type":"article","og_title":"El Jard\u00edn N\u00b0 927 de Ingeniero Maschwitz ya lleva el nombre \u201cH\u00e9roes de Malvinas\u201d","og_description":"La comunidad educativa del barrio Do\u00f1a Justa celebr\u00f3 la imposici\u00f3n del nuevo nombre con un emotivo acto que cont\u00f3 con la presencia del Centro de Veteranos de Guerra del partido de Escobar.","og_url":"https:\/\/noticiasdeescobar.online\/?p=1137","og_site_name":"Noticias de Escobar","article_published_time":"2025-07-15T16:25:53+00:00","article_modified_time":"2025-07-15T16:25:54+00:00","og_image":[{"width":2048,"height":1536,"url":"https:\/\/noticiasdeescobar.online\/wp-content\/uploads\/2025\/07\/518277040_1155077886655438_2847962491630156557_n.jpg","type":"image\/jpeg"}],"author":"Redacci\u00f3n","twitter_card":"summary_large_image","twitter_title":"El Jard\u00edn N\u00b0 927 de Ingeniero Maschwitz ya lleva el nombre \u201cH\u00e9roes de Malvinas\u201d","twitter_misc":{"Escrito por":"Redacci\u00f3n","Tiempo de lectura":"2 minutos"},"schema":{"@context":"https:\/\/schema.org","@graph":[{"@type":"WebPage","@id":"https:\/\/noticiasdeescobar.online\/?p=1137","url":"https:\/\/noticiasdeescobar.online\/?p=1137","name":"El Jard\u00edn N\u00b0 927 de Ingeniero Maschwitz ya lleva el nombre \u201cH\u00e9roes de Malvinas\u201d - Noticias de Escobar","isPartOf":{"@id":"https:\/\/noticiasdeescobar.online\/#website"},"primaryImageOfPage":{"@id":"https:\/\/noticiasdeescobar.online\/?p=1137#primaryimage"},"image":{"@id":"https:\/\/noticiasdeescobar.online\/?p=1137#primaryimage"},"thumbnailUrl":"https:\/\/noticiasdeescobar.online\/wp-content\/uploads\/2025\/07\/518277040_1155077886655438_2847962491630156557_n.jpg","datePublished":"2025-07-15T16:25:53+00:00","dateModified":"2025-07-15T16:25:54+00:00","author":{"@id":"https:\/\/noticiasdeescobar.online\/#\/schema\/person\/c80a19151f9337b50a779fe1f512ca6a"},"description":"La comunidad educativa del barrio Do\u00f1a Justa celebr\u00f3 la imposici\u00f3n del nuevo nombre con un emotivo acto que cont\u00f3 con la presencia del Centro de Veteranos de Guerra del partido de Escobar.","breadcrumb":{"@id":"https:\/\/noticiasdeescobar.online\/?p=1137#breadcrumb"},"inLanguage":"es-AR","potentialAction":[{"@type":"ReadAction","target":["https:\/\/noticiasdeescobar.online\/?p=1137"]}]},{"@type":"ImageObject","inLanguage":"es-AR","@id":"https:\/\/noticiasdeescobar.online\/?p=1137#primaryimage","url":"https:\/\/noticiasdeescobar.online\/wp-content\/uploads\/2025\/07\/518277040_1155077886655438_2847962491630156557_n.jpg","contentUrl":"https:\/\/noticiasdeescobar.online\/wp-content\/uploads\/2025\/07\/518277040_1155077886655438_2847962491630156557_n.jpg","width":2048,"height":1536},{"@type":"BreadcrumbList","@id":"https:\/\/noticiasdeescobar.online\/?p=1137#breadcrumb","itemListElement":[{"@type":"ListItem","position":1,"name":"Inicio","item":"https:\/\/noticiasdeescobar.online\/"},{"@type":"ListItem","position":2,"name":"El Jard\u00edn N\u00b0 927 de Ingeniero Maschwitz ya lleva el nombre \u201cH\u00e9roes de Malvinas\u201d"}]},{"@type":"WebSite","@id":"https:\/\/noticiasdeescobar.online\/#website","url":"https:\/\/noticiasdeescobar.online\/","name":"Noticias de Escobar","description":"Noticias 24\/7","potentialAction":[{"@type":"SearchAction","target":{"@type":"EntryPoint","urlTemplate":"https:\/\/noticiasdeescobar.online\/?s={search_term_string}"},"query-input":{"@type":"PropertyValueSpecification","valueRequired":true,"valueName":"search_term_string"}}],"inLanguage":"es-AR"},{"@type":"Person","@id":"https:\/\/noticiasdeescobar.online\/#\/schema\/person\/c80a19151f9337b50a779fe1f512ca6a","name":"Redacci\u00f3n","image":{"@type":"ImageObject","inLanguage":"es-AR","@id":"https:\/\/noticiasdeescobar.online\/#\/schema\/person\/image\/","url":"https:\/\/secure.gravatar.com\/avatar\/1db77a0acc41b20b8cbce542c0459eb4?s=96&d=mm&r=g","contentUrl":"https:\/\/secure.gravatar.com\/avatar\/1db77a0acc41b20b8cbce542c0459eb4?s=96&d=mm&r=g","caption":"Redacci\u00f3n"},"sameAs":["http:\/\/noticiasdeescobar.online"],"url":"https:\/\/noticiasdeescobar.online\/?author=1"}]}},"_links":{"self":[{"href":"https:\/\/noticiasdeescobar.online\/index.php?rest_route=\/wp\/v2\/posts\/1137","targetHints":{"allow":["GET"]}}],"collection":[{"href":"https:\/\/noticiasdeescobar.online\/index.php?rest_route=\/wp\/v2\/posts"}],"about":[{"href":"https:\/\/noticiasdeescobar.online\/index.php?rest_route=\/wp\/v2\/types\/post"}],"author":[{"embeddable":true,"href":"https:\/\/noticiasdeescobar.online\/index.php?rest_route=\/wp\/v2\/users\/1"}],"replies":[{"embeddable":true,"href":"https:\/\/noticiasdeescobar.online\/index.php?rest_route=%2Fwp%2Fv2%2Fcomments&post=1137"}],"version-history":[{"count":1,"href":"https:\/\/noticiasdeescobar.online\/index.php?rest_route=\/wp\/v2\/posts\/1137\/revisions"}],"predecessor-version":[{"id":1141,"href":"https:\/\/noticiasdeescobar.online\/index.php?rest_route=\/wp\/v2\/posts\/1137\/revisions\/1141"}],"wp:featuredmedia":[{"embeddable":true,"href":"https:\/\/noticiasdeescobar.online\/index.php?rest_route=\/wp\/v2\/media\/1138"}],"wp:attachment":[{"href":"https:\/\/noticiasdeescobar.online\/index.php?rest_route=%2Fwp%2Fv2%2Fmedia&parent=1137"}],"wp:term":[{"taxonomy":"category","embeddable":true,"href":"https:\/\/noticiasdeescobar.online\/index.php?rest_route=%2Fwp%2Fv2%2Fcategories&post=1137"},{"taxonomy":"post_tag","embeddable":true,"href":"https:\/\/noticiasdeescobar.online\/index.php?rest_route=%2Fwp%2Fv2%2Ftags&post=1137"}],"curies":[{"name":"wp","href":"https:\/\/api.w.org\/{rel}","templated":true}]}}