{"id":1142,"date":"2025-07-15T23:01:24","date_gmt":"2025-07-15T23:01:24","guid":{"rendered":"https:\/\/noticiasdeescobar.online\/?p=1142"},"modified":"2025-07-15T23:01:25","modified_gmt":"2025-07-15T23:01:25","slug":"robo-a-puertos-detuvieron-e-imputaron-a-uno-de-los-autores-y-el-hecho-quedo-a-punto-de-esclarecerse","status":"publish","type":"post","link":"https:\/\/noticiasdeescobar.online\/?p=1142","title":{"rendered":"Robo a Puertos: detuvieron e imputaron a uno de los autores y el hecho qued\u00f3 a punto de esclarecerse"},"content":{"rendered":"\n<p>Luego de una intensa b\u00fasqueda e investigaci\u00f3n, la Justicia detuvo e imput\u00f3 como autor material a un hombre de 45 a\u00f1os por el robo ocurrido el 5 de diciembre pasado en el barrio Puertos del Lago. La resoluci\u00f3n se tom\u00f3 luego de que el fiscal de la UFI N\u00b0 5 de Escobar, Claudio Andr\u00e9s Aundjian, indagara al acusado por el delito de \u201crobo agravado por ser cometido por efracci\u00f3n, por el uso de arma de fuego cuya aptitud no pudo ser acreditada, por ser utilizada de manera impropia, y por haberse cometido en poblado y en banda\u201d. <\/p>\n\n\n\n<!--more-->\n\n\n\n<p>A ra\u00edz de las numerosas pruebas recolectadas, el juez de Garant\u00edas N\u00b0 3, Dr. Luciano Marino resolvi\u00f3 que el imputado quede detenido con esta calificaci\u00f3n, con la que el delincuente deber\u00e1 posteriormente enfrentarse a juicio.<\/p>\n\n\n\n<p>El imputado fue detenido el 29 de mayo en el marco de una investigaci\u00f3n relacionada a otra causa, en un operativo realizado por personal de la Comisar\u00eda Escobar 3\u00aa de Gar\u00edn. En aquel allanamiento se recuperaron veh\u00edculos robados y varias joyas que luego fueron reconocidas por una de las v\u00edctimas del robo al barrio Puertos. En esa oportunidad tambi\u00e9n se secuestraron armas y droga. Ahora, el hombre enfrenta dos imputaciones por las que seguir\u00e1 detenido. &nbsp;<\/p>\n\n\n<div class=\"wp-block-image\">\n<figure class=\"aligncenter size-large\"><img loading=\"lazy\" decoding=\"async\" width=\"743\" height=\"1024\" src=\"https:\/\/noticiasdeescobar.online\/wp-content\/uploads\/2025\/07\/whatsapp_image_2025_07_15_at_14_43_46-743x1024.jpeg\" alt=\"\" class=\"wp-image-1143\" srcset=\"https:\/\/noticiasdeescobar.online\/wp-content\/uploads\/2025\/07\/whatsapp_image_2025_07_15_at_14_43_46-743x1024.jpeg 743w, https:\/\/noticiasdeescobar.online\/wp-content\/uploads\/2025\/07\/whatsapp_image_2025_07_15_at_14_43_46-218x300.jpeg 218w, https:\/\/noticiasdeescobar.online\/wp-content\/uploads\/2025\/07\/whatsapp_image_2025_07_15_at_14_43_46-768x1058.jpeg 768w, https:\/\/noticiasdeescobar.online\/wp-content\/uploads\/2025\/07\/whatsapp_image_2025_07_15_at_14_43_46.jpeg 1089w\" sizes=\"auto, (max-width: 743px) 100vw, 743px\" \/><\/figure><\/div>\n\n\n<p>Fuentes cercanas a la investigaci\u00f3n aseguraron que a\u00fan quedan dos pr\u00f3fugos que estar\u00edan muy cerca de ser aprehendidos. Desde la secretar\u00eda de Seguridad del Municipio sostuvieron que \u201caunque pase el tiempo, las investigaciones contin\u00faan siempre: Escobar tiene r\u00e9cord de capturas y esclarecimiento de hechos delictivos\u201d.<\/p>\n","protected":false},"excerpt":{"rendered":"<p>Luego de una intensa b\u00fasqueda e investigaci\u00f3n, la Justicia detuvo e imput\u00f3 como autor material a un hombre de 45&hellip;<\/p>\n","protected":false},"author":1,"featured_media":1144,"comment_status":"open","ping_status":"open","sticky":false,"template":"","format":"standard","meta":{"_monsterinsights_skip_tracking":false,"_monsterinsights_sitenote_active":false,"_monsterinsights_sitenote_note":"","_monsterinsights_sitenote_category":0,"footnotes":""},"categories":[2],"tags":[192],"class_list":["post-1142","post","type-post","status-publish","format-standard","has-post-thumbnail","hentry","category-policiales","tag-puertos"],"yoast_head":"<!-- This site is optimized with the Yoast SEO plugin v25.3.1 - https:\/\/yoast.com\/wordpress\/plugins\/seo\/ -->\n<title>Robo a Puertos: detuvieron e imputaron a uno de los autores y el hecho qued\u00f3 a punto de esclarecerse - Noticias de Escobar<\/title>\n<meta name=\"description\" content=\"El imputado fue detenido el 29 de mayo en el marco de una investigaci\u00f3n relacionada a otra causa, en un operativo realizado por personal de la Comisar\u00eda Escobar 3\u00aa de Gar\u00edn.\" \/>\n<meta name=\"robots\" content=\"index, follow, max-snippet:-1, max-image-preview:large, max-video-preview:-1\" \/>\n<link rel=\"canonical\" href=\"https:\/\/noticiasdeescobar.online\/?p=1142\" \/>\n<meta property=\"og:locale\" content=\"es_ES\" \/>\n<meta property=\"og:type\" content=\"article\" \/>\n<meta property=\"og:title\" content=\"Robo a Puertos: detuvieron e imputaron a uno de los autores y el hecho qued\u00f3 a punto de esclarecerse\" \/>\n<meta property=\"og:description\" content=\"El imputado fue detenido el 29 de mayo en el marco de una investigaci\u00f3n relacionada a otra causa, en un operativo realizado por personal de la Comisar\u00eda Escobar 3\u00aa de Gar\u00edn.\" \/>\n<meta property=\"og:url\" content=\"https:\/\/noticiasdeescobar.online\/?p=1142\" \/>\n<meta property=\"og:site_name\" content=\"Noticias de Escobar\" \/>\n<meta property=\"article:published_time\" content=\"2025-07-15T23:01:24+00:00\" \/>\n<meta property=\"article:modified_time\" content=\"2025-07-15T23:01:25+00:00\" \/>\n<meta property=\"og:image\" content=\"https:\/\/noticiasdeescobar.online\/wp-content\/uploads\/2025\/07\/whatsapp_image_2025_07_15_at_14_43_52-e1752620453851.jpeg\" \/>\n\t<meta property=\"og:image:width\" content=\"1200\" \/>\n\t<meta property=\"og:image:height\" content=\"1048\" \/>\n\t<meta property=\"og:image:type\" content=\"image\/jpeg\" \/>\n<meta name=\"author\" content=\"Redacci\u00f3n\" \/>\n<meta name=\"twitter:card\" content=\"summary_large_image\" \/>\n<meta name=\"twitter:label1\" content=\"Escrito por\" \/>\n\t<meta name=\"twitter:data1\" content=\"Redacci\u00f3n\" \/>\n\t<meta name=\"twitter:label2\" content=\"Tiempo de lectura\" \/>\n\t<meta name=\"twitter:data2\" content=\"2 minutos\" \/>\n<script type=\"application\/ld+json\" class=\"yoast-schema-graph\">{\"@context\":\"https:\/\/schema.org\",\"@graph\":[{\"@type\":\"WebPage\",\"@id\":\"https:\/\/noticiasdeescobar.online\/?p=1142\",\"url\":\"https:\/\/noticiasdeescobar.online\/?p=1142\",\"name\":\"Robo a Puertos: detuvieron e imputaron a uno de los autores y el hecho qued\u00f3 a punto de esclarecerse - Noticias de Escobar\",\"isPartOf\":{\"@id\":\"https:\/\/noticiasdeescobar.online\/#website\"},\"primaryImageOfPage\":{\"@id\":\"https:\/\/noticiasdeescobar.online\/?p=1142#primaryimage\"},\"image\":{\"@id\":\"https:\/\/noticiasdeescobar.online\/?p=1142#primaryimage\"},\"thumbnailUrl\":\"https:\/\/noticiasdeescobar.online\/wp-content\/uploads\/2025\/07\/whatsapp_image_2025_07_15_at_14_43_52-e1752620453851.jpeg\",\"datePublished\":\"2025-07-15T23:01:24+00:00\",\"dateModified\":\"2025-07-15T23:01:25+00:00\",\"author\":{\"@id\":\"https:\/\/noticiasdeescobar.online\/#\/schema\/person\/c80a19151f9337b50a779fe1f512ca6a\"},\"description\":\"El imputado fue detenido el 29 de mayo en el marco de una investigaci\u00f3n relacionada a otra causa, en un operativo realizado por personal de la Comisar\u00eda Escobar 3\u00aa de Gar\u00edn.\",\"breadcrumb\":{\"@id\":\"https:\/\/noticiasdeescobar.online\/?p=1142#breadcrumb\"},\"inLanguage\":\"es-AR\",\"potentialAction\":[{\"@type\":\"ReadAction\",\"target\":[\"https:\/\/noticiasdeescobar.online\/?p=1142\"]}]},{\"@type\":\"ImageObject\",\"inLanguage\":\"es-AR\",\"@id\":\"https:\/\/noticiasdeescobar.online\/?p=1142#primaryimage\",\"url\":\"https:\/\/noticiasdeescobar.online\/wp-content\/uploads\/2025\/07\/whatsapp_image_2025_07_15_at_14_43_52-e1752620453851.jpeg\",\"contentUrl\":\"https:\/\/noticiasdeescobar.online\/wp-content\/uploads\/2025\/07\/whatsapp_image_2025_07_15_at_14_43_52-e1752620453851.jpeg\",\"width\":1200,\"height\":1048},{\"@type\":\"BreadcrumbList\",\"@id\":\"https:\/\/noticiasdeescobar.online\/?p=1142#breadcrumb\",\"itemListElement\":[{\"@type\":\"ListItem\",\"position\":1,\"name\":\"Inicio\",\"item\":\"https:\/\/noticiasdeescobar.online\/\"},{\"@type\":\"ListItem\",\"position\":2,\"name\":\"Robo a Puertos: detuvieron e imputaron a uno de los autores y el hecho qued\u00f3 a punto de esclarecerse\"}]},{\"@type\":\"WebSite\",\"@id\":\"https:\/\/noticiasdeescobar.online\/#website\",\"url\":\"https:\/\/noticiasdeescobar.online\/\",\"name\":\"Noticias de Escobar\",\"description\":\"Noticias 24\/7\",\"potentialAction\":[{\"@type\":\"SearchAction\",\"target\":{\"@type\":\"EntryPoint\",\"urlTemplate\":\"https:\/\/noticiasdeescobar.online\/?s={search_term_string}\"},\"query-input\":{\"@type\":\"PropertyValueSpecification\",\"valueRequired\":true,\"valueName\":\"search_term_string\"}}],\"inLanguage\":\"es-AR\"},{\"@type\":\"Person\",\"@id\":\"https:\/\/noticiasdeescobar.online\/#\/schema\/person\/c80a19151f9337b50a779fe1f512ca6a\",\"name\":\"Redacci\u00f3n\",\"image\":{\"@type\":\"ImageObject\",\"inLanguage\":\"es-AR\",\"@id\":\"https:\/\/noticiasdeescobar.online\/#\/schema\/person\/image\/\",\"url\":\"https:\/\/secure.gravatar.com\/avatar\/1db77a0acc41b20b8cbce542c0459eb4?s=96&d=mm&r=g\",\"contentUrl\":\"https:\/\/secure.gravatar.com\/avatar\/1db77a0acc41b20b8cbce542c0459eb4?s=96&d=mm&r=g\",\"caption\":\"Redacci\u00f3n\"},\"sameAs\":[\"http:\/\/noticiasdeescobar.online\"],\"url\":\"https:\/\/noticiasdeescobar.online\/?author=1\"}]}<\/script>\n<!-- \/ Yoast SEO plugin. -->","yoast_head_json":{"title":"Robo a Puertos: detuvieron e imputaron a uno de los autores y el hecho qued\u00f3 a punto de esclarecerse - Noticias de Escobar","description":"El imputado fue detenido el 29 de mayo en el marco de una investigaci\u00f3n relacionada a otra causa, en un operativo realizado por personal de la Comisar\u00eda Escobar 3\u00aa de Gar\u00edn.","robots":{"index":"index","follow":"follow","max-snippet":"max-snippet:-1","max-image-preview":"max-image-preview:large","max-video-preview":"max-video-preview:-1"},"canonical":"https:\/\/noticiasdeescobar.online\/?p=1142","og_locale":"es_ES","og_type":"article","og_title":"Robo a Puertos: detuvieron e imputaron a uno de los autores y el hecho qued\u00f3 a punto de esclarecerse","og_description":"El imputado fue detenido el 29 de mayo en el marco de una investigaci\u00f3n relacionada a otra causa, en un operativo realizado por personal de la Comisar\u00eda Escobar 3\u00aa de Gar\u00edn.","og_url":"https:\/\/noticiasdeescobar.online\/?p=1142","og_site_name":"Noticias de Escobar","article_published_time":"2025-07-15T23:01:24+00:00","article_modified_time":"2025-07-15T23:01:25+00:00","og_image":[{"width":1200,"height":1048,"url":"https:\/\/noticiasdeescobar.online\/wp-content\/uploads\/2025\/07\/whatsapp_image_2025_07_15_at_14_43_52-e1752620453851.jpeg","type":"image\/jpeg"}],"author":"Redacci\u00f3n","twitter_card":"summary_large_image","twitter_misc":{"Escrito por":"Redacci\u00f3n","Tiempo de lectura":"2 minutos"},"schema":{"@context":"https:\/\/schema.org","@graph":[{"@type":"WebPage","@id":"https:\/\/noticiasdeescobar.online\/?p=1142","url":"https:\/\/noticiasdeescobar.online\/?p=1142","name":"Robo a Puertos: detuvieron e imputaron a uno de los autores y el hecho qued\u00f3 a punto de esclarecerse - Noticias de Escobar","isPartOf":{"@id":"https:\/\/noticiasdeescobar.online\/#website"},"primaryImageOfPage":{"@id":"https:\/\/noticiasdeescobar.online\/?p=1142#primaryimage"},"image":{"@id":"https:\/\/noticiasdeescobar.online\/?p=1142#primaryimage"},"thumbnailUrl":"https:\/\/noticiasdeescobar.online\/wp-content\/uploads\/2025\/07\/whatsapp_image_2025_07_15_at_14_43_52-e1752620453851.jpeg","datePublished":"2025-07-15T23:01:24+00:00","dateModified":"2025-07-15T23:01:25+00:00","author":{"@id":"https:\/\/noticiasdeescobar.online\/#\/schema\/person\/c80a19151f9337b50a779fe1f512ca6a"},"description":"El imputado fue detenido el 29 de mayo en el marco de una investigaci\u00f3n relacionada a otra causa, en un operativo realizado por personal de la Comisar\u00eda Escobar 3\u00aa de Gar\u00edn.","breadcrumb":{"@id":"https:\/\/noticiasdeescobar.online\/?p=1142#breadcrumb"},"inLanguage":"es-AR","potentialAction":[{"@type":"ReadAction","target":["https:\/\/noticiasdeescobar.online\/?p=1142"]}]},{"@type":"ImageObject","inLanguage":"es-AR","@id":"https:\/\/noticiasdeescobar.online\/?p=1142#primaryimage","url":"https:\/\/noticiasdeescobar.online\/wp-content\/uploads\/2025\/07\/whatsapp_image_2025_07_15_at_14_43_52-e1752620453851.jpeg","contentUrl":"https:\/\/noticiasdeescobar.online\/wp-content\/uploads\/2025\/07\/whatsapp_image_2025_07_15_at_14_43_52-e1752620453851.jpeg","width":1200,"height":1048},{"@type":"BreadcrumbList","@id":"https:\/\/noticiasdeescobar.online\/?p=1142#breadcrumb","itemListElement":[{"@type":"ListItem","position":1,"name":"Inicio","item":"https:\/\/noticiasdeescobar.online\/"},{"@type":"ListItem","position":2,"name":"Robo a Puertos: detuvieron e imputaron a uno de los autores y el hecho qued\u00f3 a punto de esclarecerse"}]},{"@type":"WebSite","@id":"https:\/\/noticiasdeescobar.online\/#website","url":"https:\/\/noticiasdeescobar.online\/","name":"Noticias de Escobar","description":"Noticias 24\/7","potentialAction":[{"@type":"SearchAction","target":{"@type":"EntryPoint","urlTemplate":"https:\/\/noticiasdeescobar.online\/?s={search_term_string}"},"query-input":{"@type":"PropertyValueSpecification","valueRequired":true,"valueName":"search_term_string"}}],"inLanguage":"es-AR"},{"@type":"Person","@id":"https:\/\/noticiasdeescobar.online\/#\/schema\/person\/c80a19151f9337b50a779fe1f512ca6a","name":"Redacci\u00f3n","image":{"@type":"ImageObject","inLanguage":"es-AR","@id":"https:\/\/noticiasdeescobar.online\/#\/schema\/person\/image\/","url":"https:\/\/secure.gravatar.com\/avatar\/1db77a0acc41b20b8cbce542c0459eb4?s=96&d=mm&r=g","contentUrl":"https:\/\/secure.gravatar.com\/avatar\/1db77a0acc41b20b8cbce542c0459eb4?s=96&d=mm&r=g","caption":"Redacci\u00f3n"},"sameAs":["http:\/\/noticiasdeescobar.online"],"url":"https:\/\/noticiasdeescobar.online\/?author=1"}]}},"_links":{"self":[{"href":"https:\/\/noticiasdeescobar.online\/index.php?rest_route=\/wp\/v2\/posts\/1142","targetHints":{"allow":["GET"]}}],"collection":[{"href":"https:\/\/noticiasdeescobar.online\/index.php?rest_route=\/wp\/v2\/posts"}],"about":[{"href":"https:\/\/noticiasdeescobar.online\/index.php?rest_route=\/wp\/v2\/types\/post"}],"author":[{"embeddable":true,"href":"https:\/\/noticiasdeescobar.online\/index.php?rest_route=\/wp\/v2\/users\/1"}],"replies":[{"embeddable":true,"href":"https:\/\/noticiasdeescobar.online\/index.php?rest_route=%2Fwp%2Fv2%2Fcomments&post=1142"}],"version-history":[{"count":1,"href":"https:\/\/noticiasdeescobar.online\/index.php?rest_route=\/wp\/v2\/posts\/1142\/revisions"}],"predecessor-version":[{"id":1145,"href":"https:\/\/noticiasdeescobar.online\/index.php?rest_route=\/wp\/v2\/posts\/1142\/revisions\/1145"}],"wp:featuredmedia":[{"embeddable":true,"href":"https:\/\/noticiasdeescobar.online\/index.php?rest_route=\/wp\/v2\/media\/1144"}],"wp:attachment":[{"href":"https:\/\/noticiasdeescobar.online\/index.php?rest_route=%2Fwp%2Fv2%2Fmedia&parent=1142"}],"wp:term":[{"taxonomy":"category","embeddable":true,"href":"https:\/\/noticiasdeescobar.online\/index.php?rest_route=%2Fwp%2Fv2%2Fcategories&post=1142"},{"taxonomy":"post_tag","embeddable":true,"href":"https:\/\/noticiasdeescobar.online\/index.php?rest_route=%2Fwp%2Fv2%2Ftags&post=1142"}],"curies":[{"name":"wp","href":"https:\/\/api.w.org\/{rel}","templated":true}]}}