{"id":1147,"date":"2025-07-17T21:27:31","date_gmt":"2025-07-17T21:27:31","guid":{"rendered":"https:\/\/noticiasdeescobar.online\/?p=1147"},"modified":"2025-07-17T21:29:02","modified_gmt":"2025-07-17T21:29:02","slug":"colision-nocturna-en-ruta-25-una-persona-resulto-herida","status":"publish","type":"post","link":"https:\/\/noticiasdeescobar.online\/?p=1147","title":{"rendered":"Colisi\u00f3n nocturna en Ruta 25: una persona result\u00f3 herida"},"content":{"rendered":"\n<p>En la noche del mi\u00e9rcoles, alrededor de las 23:30 horas, se registr\u00f3 un accidente vehicular en la intersecci\u00f3n de Ruta 25 y la calle Humberto Primero, en la localidad de Matheu.<\/p>\n\n\n\n<!--more-->\n\n\n<div class=\"wp-block-image\">\n<figure class=\"aligncenter size-large\"><img loading=\"lazy\" decoding=\"async\" width=\"895\" height=\"1024\" src=\"https:\/\/noticiasdeescobar.online\/wp-content\/uploads\/2025\/07\/517747053_1058398573090553_5521808473124074208_n-895x1024.jpg\" alt=\"\" class=\"wp-image-1148\" srcset=\"https:\/\/noticiasdeescobar.online\/wp-content\/uploads\/2025\/07\/517747053_1058398573090553_5521808473124074208_n-895x1024.jpg 895w, https:\/\/noticiasdeescobar.online\/wp-content\/uploads\/2025\/07\/517747053_1058398573090553_5521808473124074208_n-262x300.jpg 262w, https:\/\/noticiasdeescobar.online\/wp-content\/uploads\/2025\/07\/517747053_1058398573090553_5521808473124074208_n-768x878.jpg 768w, https:\/\/noticiasdeescobar.online\/wp-content\/uploads\/2025\/07\/517747053_1058398573090553_5521808473124074208_n-1343x1536.jpg 1343w, https:\/\/noticiasdeescobar.online\/wp-content\/uploads\/2025\/07\/517747053_1058398573090553_5521808473124074208_n.jpg 1643w\" sizes=\"auto, (max-width: 895px) 100vw, 895px\" \/><\/figure><\/div>\n\n\n<p>Una dotaci\u00f3n de Bomberos Voluntarios del destacamento de Matheu, a cargo del Comandante Mart\u00edn Maldonado, se hizo presente en el lugar para asistir en las tareas de emergencia tras la colisi\u00f3n entre dos veh\u00edculos.<\/p>\n\n\n<div class=\"wp-block-image\">\n<figure class=\"aligncenter size-large\"><img loading=\"lazy\" decoding=\"async\" width=\"1024\" height=\"917\" src=\"https:\/\/noticiasdeescobar.online\/wp-content\/uploads\/2025\/07\/518321270_1058398753090535_803752590030162404_n-1024x917.jpg\" alt=\"\" class=\"wp-image-1150\" srcset=\"https:\/\/noticiasdeescobar.online\/wp-content\/uploads\/2025\/07\/518321270_1058398753090535_803752590030162404_n-1024x917.jpg 1024w, https:\/\/noticiasdeescobar.online\/wp-content\/uploads\/2025\/07\/518321270_1058398753090535_803752590030162404_n-300x269.jpg 300w, https:\/\/noticiasdeescobar.online\/wp-content\/uploads\/2025\/07\/518321270_1058398753090535_803752590030162404_n-768x687.jpg 768w, https:\/\/noticiasdeescobar.online\/wp-content\/uploads\/2025\/07\/518321270_1058398753090535_803752590030162404_n-1536x1375.jpg 1536w, https:\/\/noticiasdeescobar.online\/wp-content\/uploads\/2025\/07\/518321270_1058398753090535_803752590030162404_n.jpg 2048w\" sizes=\"auto, (max-width: 1024px) 100vw, 1024px\" \/><\/figure><\/div>\n\n\n<p>Como resultado del impacto, una persona result\u00f3 herida y fue atendida en el lugar. No se brindaron detalles sobre la gravedad de las lesiones ni sobre el traslado a un centro asistencial, aunque se supo que la situaci\u00f3n fue r\u00e1pidamente contenida gracias al accionar de los bomberos y los servicios de emergencia.<\/p>\n\n\n\n<p>Las causas del siniestro est\u00e1n siendo investigadas. Se recomienda a los conductores circular con precauci\u00f3n, especialmente en horarios nocturnos y en zonas de alta circulaci\u00f3n vehicular como la Ruta 25.<\/p>\n","protected":false},"excerpt":{"rendered":"<p>En la noche del mi\u00e9rcoles, alrededor de las 23:30 horas, se registr\u00f3 un accidente vehicular en la intersecci\u00f3n de Ruta&hellip;<\/p>\n","protected":false},"author":1,"featured_media":1149,"comment_status":"open","ping_status":"open","sticky":false,"template":"","format":"standard","meta":{"_monsterinsights_skip_tracking":false,"_monsterinsights_sitenote_active":false,"_monsterinsights_sitenote_note":"","_monsterinsights_sitenote_category":0,"footnotes":""},"categories":[2],"tags":[26,30],"class_list":["post-1147","post","type-post","status-publish","format-standard","has-post-thumbnail","hentry","category-policiales","tag-accidente","tag-matheu"],"yoast_head":"<!-- This site is optimized with the Yoast SEO plugin v25.3.1 - https:\/\/yoast.com\/wordpress\/plugins\/seo\/ -->\n<title>Colisi\u00f3n nocturna en Ruta 25: una persona result\u00f3 herida - Noticias de Escobar<\/title>\n<meta name=\"description\" content=\"En la noche del mi\u00e9rcoles, alrededor de las 23:30 horas, se registr\u00f3 un accidente vehicular en la intersecci\u00f3n de Ruta 25 y la calle Humberto Primero, en la localidad de Matheu.\" \/>\n<meta name=\"robots\" content=\"index, follow, max-snippet:-1, max-image-preview:large, max-video-preview:-1\" \/>\n<link rel=\"canonical\" href=\"https:\/\/noticiasdeescobar.online\/?p=1147\" \/>\n<meta property=\"og:locale\" content=\"es_ES\" \/>\n<meta property=\"og:type\" content=\"article\" \/>\n<meta property=\"og:title\" content=\"Colisi\u00f3n nocturna en Ruta 25: una persona result\u00f3 herida\" \/>\n<meta property=\"og:description\" content=\"En la noche del mi\u00e9rcoles, alrededor de las 23:30 horas, se registr\u00f3 un accidente vehicular en la intersecci\u00f3n de Ruta 25 y la calle Humberto Primero, en la localidad de Matheu.\" \/>\n<meta property=\"og:url\" content=\"https:\/\/noticiasdeescobar.online\/?p=1147\" \/>\n<meta property=\"og:site_name\" content=\"Noticias de Escobar\" \/>\n<meta property=\"article:published_time\" content=\"2025-07-17T21:27:31+00:00\" \/>\n<meta property=\"article:modified_time\" content=\"2025-07-17T21:29:02+00:00\" \/>\n<meta property=\"og:image\" content=\"https:\/\/noticiasdeescobar.online\/wp-content\/uploads\/2025\/07\/518321270_1058398753090535_803752590030162404_n.jpg\" \/>\n\t<meta property=\"og:image:width\" content=\"2048\" \/>\n\t<meta property=\"og:image:height\" content=\"1833\" \/>\n\t<meta property=\"og:image:type\" content=\"image\/jpeg\" \/>\n<meta name=\"author\" content=\"Redacci\u00f3n\" \/>\n<meta name=\"twitter:card\" content=\"summary_large_image\" \/>\n<meta name=\"twitter:title\" content=\"Colisi\u00f3n nocturna en Ruta 25: una persona result\u00f3 herida\" \/>\n<meta name=\"twitter:description\" content=\"En la noche del mi\u00e9rcoles, alrededor de las 23:30 horas, se registr\u00f3 un accidente vehicular en la intersecci\u00f3n de Ruta 25 y la calle Humberto Primero, en la localidad de Matheu.\" \/>\n<meta name=\"twitter:image\" content=\"https:\/\/noticiasdeescobar.online\/wp-content\/uploads\/2025\/07\/518321270_1058398753090535_803752590030162404_n.jpg\" \/>\n<meta name=\"twitter:label1\" content=\"Escrito por\" \/>\n\t<meta name=\"twitter:data1\" content=\"Redacci\u00f3n\" \/>\n\t<meta name=\"twitter:label2\" content=\"Tiempo de lectura\" \/>\n\t<meta name=\"twitter:data2\" content=\"2 minutos\" \/>\n<script type=\"application\/ld+json\" class=\"yoast-schema-graph\">{\"@context\":\"https:\/\/schema.org\",\"@graph\":[{\"@type\":\"WebPage\",\"@id\":\"https:\/\/noticiasdeescobar.online\/?p=1147\",\"url\":\"https:\/\/noticiasdeescobar.online\/?p=1147\",\"name\":\"Colisi\u00f3n nocturna en Ruta 25: una persona result\u00f3 herida - Noticias de Escobar\",\"isPartOf\":{\"@id\":\"https:\/\/noticiasdeescobar.online\/#website\"},\"primaryImageOfPage\":{\"@id\":\"https:\/\/noticiasdeescobar.online\/?p=1147#primaryimage\"},\"image\":{\"@id\":\"https:\/\/noticiasdeescobar.online\/?p=1147#primaryimage\"},\"thumbnailUrl\":\"https:\/\/noticiasdeescobar.online\/wp-content\/uploads\/2025\/07\/518204068_1058398653090545_686063188068205914_n.jpg\",\"datePublished\":\"2025-07-17T21:27:31+00:00\",\"dateModified\":\"2025-07-17T21:29:02+00:00\",\"author\":{\"@id\":\"https:\/\/noticiasdeescobar.online\/#\/schema\/person\/c80a19151f9337b50a779fe1f512ca6a\"},\"description\":\"En la noche del mi\u00e9rcoles, alrededor de las 23:30 horas, se registr\u00f3 un accidente vehicular en la intersecci\u00f3n de Ruta 25 y la calle Humberto Primero, en la localidad de Matheu.\",\"breadcrumb\":{\"@id\":\"https:\/\/noticiasdeescobar.online\/?p=1147#breadcrumb\"},\"inLanguage\":\"es-AR\",\"potentialAction\":[{\"@type\":\"ReadAction\",\"target\":[\"https:\/\/noticiasdeescobar.online\/?p=1147\"]}]},{\"@type\":\"ImageObject\",\"inLanguage\":\"es-AR\",\"@id\":\"https:\/\/noticiasdeescobar.online\/?p=1147#primaryimage\",\"url\":\"https:\/\/noticiasdeescobar.online\/wp-content\/uploads\/2025\/07\/518204068_1058398653090545_686063188068205914_n.jpg\",\"contentUrl\":\"https:\/\/noticiasdeescobar.online\/wp-content\/uploads\/2025\/07\/518204068_1058398653090545_686063188068205914_n.jpg\",\"width\":2048,\"height\":1910},{\"@type\":\"BreadcrumbList\",\"@id\":\"https:\/\/noticiasdeescobar.online\/?p=1147#breadcrumb\",\"itemListElement\":[{\"@type\":\"ListItem\",\"position\":1,\"name\":\"Inicio\",\"item\":\"https:\/\/noticiasdeescobar.online\/\"},{\"@type\":\"ListItem\",\"position\":2,\"name\":\"Colisi\u00f3n nocturna en Ruta 25: una persona result\u00f3 herida\"}]},{\"@type\":\"WebSite\",\"@id\":\"https:\/\/noticiasdeescobar.online\/#website\",\"url\":\"https:\/\/noticiasdeescobar.online\/\",\"name\":\"Noticias de Escobar\",\"description\":\"Noticias 24\/7\",\"potentialAction\":[{\"@type\":\"SearchAction\",\"target\":{\"@type\":\"EntryPoint\",\"urlTemplate\":\"https:\/\/noticiasdeescobar.online\/?s={search_term_string}\"},\"query-input\":{\"@type\":\"PropertyValueSpecification\",\"valueRequired\":true,\"valueName\":\"search_term_string\"}}],\"inLanguage\":\"es-AR\"},{\"@type\":\"Person\",\"@id\":\"https:\/\/noticiasdeescobar.online\/#\/schema\/person\/c80a19151f9337b50a779fe1f512ca6a\",\"name\":\"Redacci\u00f3n\",\"image\":{\"@type\":\"ImageObject\",\"inLanguage\":\"es-AR\",\"@id\":\"https:\/\/noticiasdeescobar.online\/#\/schema\/person\/image\/\",\"url\":\"https:\/\/secure.gravatar.com\/avatar\/1db77a0acc41b20b8cbce542c0459eb4?s=96&d=mm&r=g\",\"contentUrl\":\"https:\/\/secure.gravatar.com\/avatar\/1db77a0acc41b20b8cbce542c0459eb4?s=96&d=mm&r=g\",\"caption\":\"Redacci\u00f3n\"},\"sameAs\":[\"http:\/\/noticiasdeescobar.online\"],\"url\":\"https:\/\/noticiasdeescobar.online\/?author=1\"}]}<\/script>\n<!-- \/ Yoast SEO plugin. -->","yoast_head_json":{"title":"Colisi\u00f3n nocturna en Ruta 25: una persona result\u00f3 herida - Noticias de Escobar","description":"En la noche del mi\u00e9rcoles, alrededor de las 23:30 horas, se registr\u00f3 un accidente vehicular en la intersecci\u00f3n de Ruta 25 y la calle Humberto Primero, en la localidad de Matheu.","robots":{"index":"index","follow":"follow","max-snippet":"max-snippet:-1","max-image-preview":"max-image-preview:large","max-video-preview":"max-video-preview:-1"},"canonical":"https:\/\/noticiasdeescobar.online\/?p=1147","og_locale":"es_ES","og_type":"article","og_title":"Colisi\u00f3n nocturna en Ruta 25: una persona result\u00f3 herida","og_description":"En la noche del mi\u00e9rcoles, alrededor de las 23:30 horas, se registr\u00f3 un accidente vehicular en la intersecci\u00f3n de Ruta 25 y la calle Humberto Primero, en la localidad de Matheu.","og_url":"https:\/\/noticiasdeescobar.online\/?p=1147","og_site_name":"Noticias de Escobar","article_published_time":"2025-07-17T21:27:31+00:00","article_modified_time":"2025-07-17T21:29:02+00:00","og_image":[{"width":2048,"height":1833,"url":"https:\/\/noticiasdeescobar.online\/wp-content\/uploads\/2025\/07\/518321270_1058398753090535_803752590030162404_n.jpg","type":"image\/jpeg"}],"author":"Redacci\u00f3n","twitter_card":"summary_large_image","twitter_title":"Colisi\u00f3n nocturna en Ruta 25: una persona result\u00f3 herida","twitter_description":"En la noche del mi\u00e9rcoles, alrededor de las 23:30 horas, se registr\u00f3 un accidente vehicular en la intersecci\u00f3n de Ruta 25 y la calle Humberto Primero, en la localidad de Matheu.","twitter_image":"https:\/\/noticiasdeescobar.online\/wp-content\/uploads\/2025\/07\/518321270_1058398753090535_803752590030162404_n.jpg","twitter_misc":{"Escrito por":"Redacci\u00f3n","Tiempo de lectura":"2 minutos"},"schema":{"@context":"https:\/\/schema.org","@graph":[{"@type":"WebPage","@id":"https:\/\/noticiasdeescobar.online\/?p=1147","url":"https:\/\/noticiasdeescobar.online\/?p=1147","name":"Colisi\u00f3n nocturna en Ruta 25: una persona result\u00f3 herida - Noticias de Escobar","isPartOf":{"@id":"https:\/\/noticiasdeescobar.online\/#website"},"primaryImageOfPage":{"@id":"https:\/\/noticiasdeescobar.online\/?p=1147#primaryimage"},"image":{"@id":"https:\/\/noticiasdeescobar.online\/?p=1147#primaryimage"},"thumbnailUrl":"https:\/\/noticiasdeescobar.online\/wp-content\/uploads\/2025\/07\/518204068_1058398653090545_686063188068205914_n.jpg","datePublished":"2025-07-17T21:27:31+00:00","dateModified":"2025-07-17T21:29:02+00:00","author":{"@id":"https:\/\/noticiasdeescobar.online\/#\/schema\/person\/c80a19151f9337b50a779fe1f512ca6a"},"description":"En la noche del mi\u00e9rcoles, alrededor de las 23:30 horas, se registr\u00f3 un accidente vehicular en la intersecci\u00f3n de Ruta 25 y la calle Humberto Primero, en la localidad de Matheu.","breadcrumb":{"@id":"https:\/\/noticiasdeescobar.online\/?p=1147#breadcrumb"},"inLanguage":"es-AR","potentialAction":[{"@type":"ReadAction","target":["https:\/\/noticiasdeescobar.online\/?p=1147"]}]},{"@type":"ImageObject","inLanguage":"es-AR","@id":"https:\/\/noticiasdeescobar.online\/?p=1147#primaryimage","url":"https:\/\/noticiasdeescobar.online\/wp-content\/uploads\/2025\/07\/518204068_1058398653090545_686063188068205914_n.jpg","contentUrl":"https:\/\/noticiasdeescobar.online\/wp-content\/uploads\/2025\/07\/518204068_1058398653090545_686063188068205914_n.jpg","width":2048,"height":1910},{"@type":"BreadcrumbList","@id":"https:\/\/noticiasdeescobar.online\/?p=1147#breadcrumb","itemListElement":[{"@type":"ListItem","position":1,"name":"Inicio","item":"https:\/\/noticiasdeescobar.online\/"},{"@type":"ListItem","position":2,"name":"Colisi\u00f3n nocturna en Ruta 25: una persona result\u00f3 herida"}]},{"@type":"WebSite","@id":"https:\/\/noticiasdeescobar.online\/#website","url":"https:\/\/noticiasdeescobar.online\/","name":"Noticias de Escobar","description":"Noticias 24\/7","potentialAction":[{"@type":"SearchAction","target":{"@type":"EntryPoint","urlTemplate":"https:\/\/noticiasdeescobar.online\/?s={search_term_string}"},"query-input":{"@type":"PropertyValueSpecification","valueRequired":true,"valueName":"search_term_string"}}],"inLanguage":"es-AR"},{"@type":"Person","@id":"https:\/\/noticiasdeescobar.online\/#\/schema\/person\/c80a19151f9337b50a779fe1f512ca6a","name":"Redacci\u00f3n","image":{"@type":"ImageObject","inLanguage":"es-AR","@id":"https:\/\/noticiasdeescobar.online\/#\/schema\/person\/image\/","url":"https:\/\/secure.gravatar.com\/avatar\/1db77a0acc41b20b8cbce542c0459eb4?s=96&d=mm&r=g","contentUrl":"https:\/\/secure.gravatar.com\/avatar\/1db77a0acc41b20b8cbce542c0459eb4?s=96&d=mm&r=g","caption":"Redacci\u00f3n"},"sameAs":["http:\/\/noticiasdeescobar.online"],"url":"https:\/\/noticiasdeescobar.online\/?author=1"}]}},"_links":{"self":[{"href":"https:\/\/noticiasdeescobar.online\/index.php?rest_route=\/wp\/v2\/posts\/1147","targetHints":{"allow":["GET"]}}],"collection":[{"href":"https:\/\/noticiasdeescobar.online\/index.php?rest_route=\/wp\/v2\/posts"}],"about":[{"href":"https:\/\/noticiasdeescobar.online\/index.php?rest_route=\/wp\/v2\/types\/post"}],"author":[{"embeddable":true,"href":"https:\/\/noticiasdeescobar.online\/index.php?rest_route=\/wp\/v2\/users\/1"}],"replies":[{"embeddable":true,"href":"https:\/\/noticiasdeescobar.online\/index.php?rest_route=%2Fwp%2Fv2%2Fcomments&post=1147"}],"version-history":[{"count":2,"href":"https:\/\/noticiasdeescobar.online\/index.php?rest_route=\/wp\/v2\/posts\/1147\/revisions"}],"predecessor-version":[{"id":1152,"href":"https:\/\/noticiasdeescobar.online\/index.php?rest_route=\/wp\/v2\/posts\/1147\/revisions\/1152"}],"wp:featuredmedia":[{"embeddable":true,"href":"https:\/\/noticiasdeescobar.online\/index.php?rest_route=\/wp\/v2\/media\/1149"}],"wp:attachment":[{"href":"https:\/\/noticiasdeescobar.online\/index.php?rest_route=%2Fwp%2Fv2%2Fmedia&parent=1147"}],"wp:term":[{"taxonomy":"category","embeddable":true,"href":"https:\/\/noticiasdeescobar.online\/index.php?rest_route=%2Fwp%2Fv2%2Fcategories&post=1147"},{"taxonomy":"post_tag","embeddable":true,"href":"https:\/\/noticiasdeescobar.online\/index.php?rest_route=%2Fwp%2Fv2%2Ftags&post=1147"}],"curies":[{"name":"wp","href":"https:\/\/api.w.org\/{rel}","templated":true}]}}