{"id":1251,"date":"2025-08-22T12:44:32","date_gmt":"2025-08-22T12:44:32","guid":{"rendered":"https:\/\/noticiasdeescobar.online\/?p=1251"},"modified":"2025-08-22T12:44:33","modified_gmt":"2025-08-22T12:44:33","slug":"la-moderna-la-historica-carniceria-de-maschwitz-fue-declarada-de-interes-legislativo","status":"publish","type":"post","link":"https:\/\/noticiasdeescobar.online\/?p=1251","title":{"rendered":"La Moderna, la hist\u00f3rica carnicer\u00eda de Maschwitz, fue declarada de Inter\u00e9s Legislativo"},"content":{"rendered":"\n<p>La carnicer\u00eda La Moderna, un hist\u00f3rico comercio de Ingeniero Maschwitz ubicado sobre la avenida Villanueva, fue distinguida como de Inter\u00e9s Legislativo por su aporte al trabajo y a la identidad de la localidad, en el marco de su 80\u00b0 aniversario.<\/p>\n\n\n\n<!--more-->\n\n\n\n<p>La iniciativa parti\u00f3 de la concejal Carina Chmit, quien present\u00f3 el proyecto en el Concejo Deliberante para destacar la trayectoria del comercio, que a lo largo de ocho d\u00e9cadas se convirti\u00f3 en un s\u00edmbolo del barrio y en punto de encuentro para generaciones de vecinos.<\/p>\n\n\n\n<p>La distinci\u00f3n fue entregada por el diputado provincial Leo Moreno, junto a Chmit y la concejal Laura Cejas, al actual propietario de la carnicer\u00eda. <\/p>\n\n\n\n<p>Durante el acto, Moreno resalt\u00f3 el valor de los comercios tradicionales como parte de la identidad escobarense: \u201cReconocer a La Moderna es tambi\u00e9n reconocer el esfuerzo de tantas familias que sostienen con trabajo y compromiso a los peque\u00f1os y medianos emprendimientos, que son el motor de nuestra comunidad\u201d.<\/p>\n\n\n<div class=\"wp-block-image\">\n<figure class=\"aligncenter size-large\"><img loading=\"lazy\" decoding=\"async\" width=\"1024\" height=\"682\" src=\"https:\/\/noticiasdeescobar.online\/wp-content\/uploads\/2025\/08\/FB_IMG_1755866580547-1024x682.jpg\" alt=\"\" class=\"wp-image-1253\" srcset=\"https:\/\/noticiasdeescobar.online\/wp-content\/uploads\/2025\/08\/FB_IMG_1755866580547-1024x682.jpg 1024w, https:\/\/noticiasdeescobar.online\/wp-content\/uploads\/2025\/08\/FB_IMG_1755866580547-300x200.jpg 300w, https:\/\/noticiasdeescobar.online\/wp-content\/uploads\/2025\/08\/FB_IMG_1755866580547-768x512.jpg 768w, https:\/\/noticiasdeescobar.online\/wp-content\/uploads\/2025\/08\/FB_IMG_1755866580547.jpg 1439w\" sizes=\"auto, (max-width: 1024px) 100vw, 1024px\" \/><\/figure><\/div>\n\n\n<p>Con casi 80 a\u00f1os de historia, La Moderna no solo ha sido un espacio de abastecimiento cotidiano, sino tambi\u00e9n un emblema de permanencia en Maschwitz, acompa\u00f1ando el crecimiento de la avenida Villanueva y de toda la localidad.<\/p>\n\n\n\n<p>Este homenaje se enmarca en una serie de reconocimientos promovidos desde el Concejo Deliberante y la Legislatura bonaerense a instituciones, comercios y referentes que mantienen viva la memoria y la identidad del distrito de Escobar.<\/p>\n","protected":false},"excerpt":{"rendered":"<p>La carnicer\u00eda La Moderna, un hist\u00f3rico comercio de Ingeniero Maschwitz ubicado sobre la avenida Villanueva, fue distinguida como de Inter\u00e9s&hellip;<\/p>\n","protected":false},"author":1,"featured_media":1252,"comment_status":"open","ping_status":"open","sticky":false,"template":"","format":"standard","meta":{"_monsterinsights_skip_tracking":false,"_monsterinsights_sitenote_active":false,"_monsterinsights_sitenote_note":"","_monsterinsights_sitenote_category":0,"footnotes":""},"categories":[27],"tags":[],"class_list":["post-1251","post","type-post","status-publish","format-standard","has-post-thumbnail","hentry","category-comercios"],"yoast_head":"<!-- This site is optimized with the Yoast SEO plugin v25.3.1 - https:\/\/yoast.com\/wordpress\/plugins\/seo\/ -->\n<title>La Moderna, la hist\u00f3rica carnicer\u00eda de Maschwitz, fue declarada de Inter\u00e9s Legislativo - Noticias de Escobar<\/title>\n<meta name=\"description\" content=\"La distinci\u00f3n fue entregada por el diputado provincial Leo Moreno, junto a Chmit y la concejal Laura Cejas, al actual propietario de la carnicer\u00eda.\" \/>\n<meta name=\"robots\" content=\"index, follow, max-snippet:-1, max-image-preview:large, max-video-preview:-1\" \/>\n<link rel=\"canonical\" href=\"https:\/\/noticiasdeescobar.online\/?p=1251\" \/>\n<meta property=\"og:locale\" content=\"es_ES\" \/>\n<meta property=\"og:type\" content=\"article\" \/>\n<meta property=\"og:title\" content=\"La Moderna, la hist\u00f3rica carnicer\u00eda de Maschwitz, fue declarada de Inter\u00e9s Legislativo\" \/>\n<meta property=\"og:description\" content=\"La distinci\u00f3n fue entregada por el diputado provincial Leo Moreno, junto a Chmit y la concejal Laura Cejas, al actual propietario de la carnicer\u00eda.\" \/>\n<meta property=\"og:url\" content=\"https:\/\/noticiasdeescobar.online\/?p=1251\" \/>\n<meta property=\"og:site_name\" content=\"Noticias de Escobar\" \/>\n<meta property=\"article:published_time\" content=\"2025-08-22T12:44:32+00:00\" \/>\n<meta property=\"article:modified_time\" content=\"2025-08-22T12:44:33+00:00\" \/>\n<meta property=\"og:image\" content=\"https:\/\/noticiasdeescobar.online\/wp-content\/uploads\/2025\/08\/FB_IMG_1755866580547.jpg\" \/>\n\t<meta property=\"og:image:width\" content=\"1439\" \/>\n\t<meta property=\"og:image:height\" content=\"959\" \/>\n\t<meta property=\"og:image:type\" content=\"image\/jpeg\" \/>\n<meta name=\"author\" content=\"Redacci\u00f3n\" \/>\n<meta name=\"twitter:card\" content=\"summary_large_image\" \/>\n<meta name=\"twitter:label1\" content=\"Escrito por\" \/>\n\t<meta name=\"twitter:data1\" content=\"Redacci\u00f3n\" \/>\n\t<meta name=\"twitter:label2\" content=\"Tiempo de lectura\" \/>\n\t<meta name=\"twitter:data2\" content=\"2 minutos\" \/>\n<script type=\"application\/ld+json\" class=\"yoast-schema-graph\">{\"@context\":\"https:\/\/schema.org\",\"@graph\":[{\"@type\":\"WebPage\",\"@id\":\"https:\/\/noticiasdeescobar.online\/?p=1251\",\"url\":\"https:\/\/noticiasdeescobar.online\/?p=1251\",\"name\":\"La Moderna, la hist\u00f3rica carnicer\u00eda de Maschwitz, fue declarada de Inter\u00e9s Legislativo - Noticias de Escobar\",\"isPartOf\":{\"@id\":\"https:\/\/noticiasdeescobar.online\/#website\"},\"primaryImageOfPage\":{\"@id\":\"https:\/\/noticiasdeescobar.online\/?p=1251#primaryimage\"},\"image\":{\"@id\":\"https:\/\/noticiasdeescobar.online\/?p=1251#primaryimage\"},\"thumbnailUrl\":\"https:\/\/noticiasdeescobar.online\/wp-content\/uploads\/2025\/08\/FB_IMG_1755866583088.jpg\",\"datePublished\":\"2025-08-22T12:44:32+00:00\",\"dateModified\":\"2025-08-22T12:44:33+00:00\",\"author\":{\"@id\":\"https:\/\/noticiasdeescobar.online\/#\/schema\/person\/c80a19151f9337b50a779fe1f512ca6a\"},\"description\":\"La distinci\u00f3n fue entregada por el diputado provincial Leo Moreno, junto a Chmit y la concejal Laura Cejas, al actual propietario de la carnicer\u00eda.\",\"breadcrumb\":{\"@id\":\"https:\/\/noticiasdeescobar.online\/?p=1251#breadcrumb\"},\"inLanguage\":\"es-AR\",\"potentialAction\":[{\"@type\":\"ReadAction\",\"target\":[\"https:\/\/noticiasdeescobar.online\/?p=1251\"]}]},{\"@type\":\"ImageObject\",\"inLanguage\":\"es-AR\",\"@id\":\"https:\/\/noticiasdeescobar.online\/?p=1251#primaryimage\",\"url\":\"https:\/\/noticiasdeescobar.online\/wp-content\/uploads\/2025\/08\/FB_IMG_1755866583088.jpg\",\"contentUrl\":\"https:\/\/noticiasdeescobar.online\/wp-content\/uploads\/2025\/08\/FB_IMG_1755866583088.jpg\",\"width\":1439,\"height\":959},{\"@type\":\"BreadcrumbList\",\"@id\":\"https:\/\/noticiasdeescobar.online\/?p=1251#breadcrumb\",\"itemListElement\":[{\"@type\":\"ListItem\",\"position\":1,\"name\":\"Inicio\",\"item\":\"https:\/\/noticiasdeescobar.online\/\"},{\"@type\":\"ListItem\",\"position\":2,\"name\":\"La Moderna, la hist\u00f3rica carnicer\u00eda de Maschwitz, fue declarada de Inter\u00e9s Legislativo\"}]},{\"@type\":\"WebSite\",\"@id\":\"https:\/\/noticiasdeescobar.online\/#website\",\"url\":\"https:\/\/noticiasdeescobar.online\/\",\"name\":\"Noticias de Escobar\",\"description\":\"Noticias 24\/7\",\"potentialAction\":[{\"@type\":\"SearchAction\",\"target\":{\"@type\":\"EntryPoint\",\"urlTemplate\":\"https:\/\/noticiasdeescobar.online\/?s={search_term_string}\"},\"query-input\":{\"@type\":\"PropertyValueSpecification\",\"valueRequired\":true,\"valueName\":\"search_term_string\"}}],\"inLanguage\":\"es-AR\"},{\"@type\":\"Person\",\"@id\":\"https:\/\/noticiasdeescobar.online\/#\/schema\/person\/c80a19151f9337b50a779fe1f512ca6a\",\"name\":\"Redacci\u00f3n\",\"image\":{\"@type\":\"ImageObject\",\"inLanguage\":\"es-AR\",\"@id\":\"https:\/\/noticiasdeescobar.online\/#\/schema\/person\/image\/\",\"url\":\"https:\/\/secure.gravatar.com\/avatar\/1db77a0acc41b20b8cbce542c0459eb4?s=96&d=mm&r=g\",\"contentUrl\":\"https:\/\/secure.gravatar.com\/avatar\/1db77a0acc41b20b8cbce542c0459eb4?s=96&d=mm&r=g\",\"caption\":\"Redacci\u00f3n\"},\"sameAs\":[\"http:\/\/noticiasdeescobar.online\"],\"url\":\"https:\/\/noticiasdeescobar.online\/?author=1\"}]}<\/script>\n<!-- \/ Yoast SEO plugin. -->","yoast_head_json":{"title":"La Moderna, la hist\u00f3rica carnicer\u00eda de Maschwitz, fue declarada de Inter\u00e9s Legislativo - Noticias de Escobar","description":"La distinci\u00f3n fue entregada por el diputado provincial Leo Moreno, junto a Chmit y la concejal Laura Cejas, al actual propietario de la carnicer\u00eda.","robots":{"index":"index","follow":"follow","max-snippet":"max-snippet:-1","max-image-preview":"max-image-preview:large","max-video-preview":"max-video-preview:-1"},"canonical":"https:\/\/noticiasdeescobar.online\/?p=1251","og_locale":"es_ES","og_type":"article","og_title":"La Moderna, la hist\u00f3rica carnicer\u00eda de Maschwitz, fue declarada de Inter\u00e9s Legislativo","og_description":"La distinci\u00f3n fue entregada por el diputado provincial Leo Moreno, junto a Chmit y la concejal Laura Cejas, al actual propietario de la carnicer\u00eda.","og_url":"https:\/\/noticiasdeescobar.online\/?p=1251","og_site_name":"Noticias de Escobar","article_published_time":"2025-08-22T12:44:32+00:00","article_modified_time":"2025-08-22T12:44:33+00:00","og_image":[{"width":1439,"height":959,"url":"https:\/\/noticiasdeescobar.online\/wp-content\/uploads\/2025\/08\/FB_IMG_1755866580547.jpg","type":"image\/jpeg"}],"author":"Redacci\u00f3n","twitter_card":"summary_large_image","twitter_misc":{"Escrito por":"Redacci\u00f3n","Tiempo de lectura":"2 minutos"},"schema":{"@context":"https:\/\/schema.org","@graph":[{"@type":"WebPage","@id":"https:\/\/noticiasdeescobar.online\/?p=1251","url":"https:\/\/noticiasdeescobar.online\/?p=1251","name":"La Moderna, la hist\u00f3rica carnicer\u00eda de Maschwitz, fue declarada de Inter\u00e9s Legislativo - Noticias de Escobar","isPartOf":{"@id":"https:\/\/noticiasdeescobar.online\/#website"},"primaryImageOfPage":{"@id":"https:\/\/noticiasdeescobar.online\/?p=1251#primaryimage"},"image":{"@id":"https:\/\/noticiasdeescobar.online\/?p=1251#primaryimage"},"thumbnailUrl":"https:\/\/noticiasdeescobar.online\/wp-content\/uploads\/2025\/08\/FB_IMG_1755866583088.jpg","datePublished":"2025-08-22T12:44:32+00:00","dateModified":"2025-08-22T12:44:33+00:00","author":{"@id":"https:\/\/noticiasdeescobar.online\/#\/schema\/person\/c80a19151f9337b50a779fe1f512ca6a"},"description":"La distinci\u00f3n fue entregada por el diputado provincial Leo Moreno, junto a Chmit y la concejal Laura Cejas, al actual propietario de la carnicer\u00eda.","breadcrumb":{"@id":"https:\/\/noticiasdeescobar.online\/?p=1251#breadcrumb"},"inLanguage":"es-AR","potentialAction":[{"@type":"ReadAction","target":["https:\/\/noticiasdeescobar.online\/?p=1251"]}]},{"@type":"ImageObject","inLanguage":"es-AR","@id":"https:\/\/noticiasdeescobar.online\/?p=1251#primaryimage","url":"https:\/\/noticiasdeescobar.online\/wp-content\/uploads\/2025\/08\/FB_IMG_1755866583088.jpg","contentUrl":"https:\/\/noticiasdeescobar.online\/wp-content\/uploads\/2025\/08\/FB_IMG_1755866583088.jpg","width":1439,"height":959},{"@type":"BreadcrumbList","@id":"https:\/\/noticiasdeescobar.online\/?p=1251#breadcrumb","itemListElement":[{"@type":"ListItem","position":1,"name":"Inicio","item":"https:\/\/noticiasdeescobar.online\/"},{"@type":"ListItem","position":2,"name":"La Moderna, la hist\u00f3rica carnicer\u00eda de Maschwitz, fue declarada de Inter\u00e9s Legislativo"}]},{"@type":"WebSite","@id":"https:\/\/noticiasdeescobar.online\/#website","url":"https:\/\/noticiasdeescobar.online\/","name":"Noticias de Escobar","description":"Noticias 24\/7","potentialAction":[{"@type":"SearchAction","target":{"@type":"EntryPoint","urlTemplate":"https:\/\/noticiasdeescobar.online\/?s={search_term_string}"},"query-input":{"@type":"PropertyValueSpecification","valueRequired":true,"valueName":"search_term_string"}}],"inLanguage":"es-AR"},{"@type":"Person","@id":"https:\/\/noticiasdeescobar.online\/#\/schema\/person\/c80a19151f9337b50a779fe1f512ca6a","name":"Redacci\u00f3n","image":{"@type":"ImageObject","inLanguage":"es-AR","@id":"https:\/\/noticiasdeescobar.online\/#\/schema\/person\/image\/","url":"https:\/\/secure.gravatar.com\/avatar\/1db77a0acc41b20b8cbce542c0459eb4?s=96&d=mm&r=g","contentUrl":"https:\/\/secure.gravatar.com\/avatar\/1db77a0acc41b20b8cbce542c0459eb4?s=96&d=mm&r=g","caption":"Redacci\u00f3n"},"sameAs":["http:\/\/noticiasdeescobar.online"],"url":"https:\/\/noticiasdeescobar.online\/?author=1"}]}},"_links":{"self":[{"href":"https:\/\/noticiasdeescobar.online\/index.php?rest_route=\/wp\/v2\/posts\/1251","targetHints":{"allow":["GET"]}}],"collection":[{"href":"https:\/\/noticiasdeescobar.online\/index.php?rest_route=\/wp\/v2\/posts"}],"about":[{"href":"https:\/\/noticiasdeescobar.online\/index.php?rest_route=\/wp\/v2\/types\/post"}],"author":[{"embeddable":true,"href":"https:\/\/noticiasdeescobar.online\/index.php?rest_route=\/wp\/v2\/users\/1"}],"replies":[{"embeddable":true,"href":"https:\/\/noticiasdeescobar.online\/index.php?rest_route=%2Fwp%2Fv2%2Fcomments&post=1251"}],"version-history":[{"count":1,"href":"https:\/\/noticiasdeescobar.online\/index.php?rest_route=\/wp\/v2\/posts\/1251\/revisions"}],"predecessor-version":[{"id":1254,"href":"https:\/\/noticiasdeescobar.online\/index.php?rest_route=\/wp\/v2\/posts\/1251\/revisions\/1254"}],"wp:featuredmedia":[{"embeddable":true,"href":"https:\/\/noticiasdeescobar.online\/index.php?rest_route=\/wp\/v2\/media\/1252"}],"wp:attachment":[{"href":"https:\/\/noticiasdeescobar.online\/index.php?rest_route=%2Fwp%2Fv2%2Fmedia&parent=1251"}],"wp:term":[{"taxonomy":"category","embeddable":true,"href":"https:\/\/noticiasdeescobar.online\/index.php?rest_route=%2Fwp%2Fv2%2Fcategories&post=1251"},{"taxonomy":"post_tag","embeddable":true,"href":"https:\/\/noticiasdeescobar.online\/index.php?rest_route=%2Fwp%2Fv2%2Ftags&post=1251"}],"curies":[{"name":"wp","href":"https:\/\/api.w.org\/{rel}","templated":true}]}}