{"id":1273,"date":"2025-08-28T11:26:31","date_gmt":"2025-08-28T11:26:31","guid":{"rendered":"https:\/\/noticiasdeescobar.online\/?p=1273"},"modified":"2025-08-28T11:28:20","modified_gmt":"2025-08-28T11:28:20","slug":"escobar-se-prepara-para-vivir-la-62-fiesta-nacional-de-la-flor","status":"publish","type":"post","link":"https:\/\/noticiasdeescobar.online\/?p=1273","title":{"rendered":"Escobar se prepara para vivir la 62\u00b0 Fiesta Nacional de la Flor"},"content":{"rendered":"\n<p>Del 4 al 12 de octubre, Bel\u00e9n de Escobar volver\u00e1 a convertirse en la Capital Nacional de la Flor con la realizaci\u00f3n de la 62\u00b0 edici\u00f3n de la Fiesta Nacional de la Flor, el evento de floricultura m\u00e1s grande de Latinoam\u00e9rica que cada a\u00f1o atrae a miles de visitantes.<\/p>\n\n\n\n<!--more-->\n\n\n\n<p>La muestra se desarrollar\u00e1 en el Predio Ciudad Floral (Mateo Gelves 1051), con una amplia propuesta que incluir\u00e1 el esplendor de los dos Pabellones Florales, el atractivo T\u00fanel Inmersivo, una variada oferta gastron\u00f3mica, espect\u00e1culos en vivo y m\u00faltiples actividades para toda la familia.<\/p>\n\n\n\n<p>Entre las jornadas m\u00e1s destacadas se encuentra el tradicional Desfile de Carrozas, que se realizar\u00e1 el s\u00e1bado 11 a las 19 horas, y la Elecci\u00f3n de los 62\u00b0 Embajadores Nacionales de la Flor, programada para el domingo 12 a las 16 horas.<\/p>\n\n\n\n<p>Los horarios de apertura ser\u00e1n de 9 a 19 horas de domingos a jueves, mientras que los viernes y s\u00e1bados el predio permanecer\u00e1 abierto hasta las 20 horas.<\/p>\n\n\n\n<p>En cuanto a las entradas, el valor general ser\u00e1 de $10.000 para mayores de 10 a\u00f1os, con un precio especial de $8.000 para jubilados, pensionados y vecinos de Escobar. En tanto, las personas con discapacidad y los menores de 10 a\u00f1os podr\u00e1n ingresar de manera gratuita.<\/p>\n\n\n\n<p>Organizada por la Sociedad Fiesta de la Flor, con el acompa\u00f1amiento del Municipio de Escobar, esta nueva edici\u00f3n se celebrar\u00e1 en el marco del A\u00f1o del Girasol 2025, con la expectativa de superar el \u00e9xito de a\u00f1os anteriores y reafirmar la identidad de Escobar como sede de uno de los encuentros m\u00e1s tradicionales y coloridos del pa\u00eds.<\/p>\n","protected":false},"excerpt":{"rendered":"<p>Del 4 al 12 de octubre, Bel\u00e9n de Escobar volver\u00e1 a convertirse en la Capital Nacional de la Flor con&hellip;<\/p>\n","protected":false},"author":1,"featured_media":1275,"comment_status":"open","ping_status":"open","sticky":false,"template":"","format":"standard","meta":{"_monsterinsights_skip_tracking":false,"_monsterinsights_sitenote_active":false,"_monsterinsights_sitenote_note":"","_monsterinsights_sitenote_category":0,"footnotes":""},"categories":[6],"tags":[206],"class_list":["post-1273","post","type-post","status-publish","format-standard","has-post-thumbnail","hentry","category-interes-general","tag-fiesta-nacional-de-la-flor"],"yoast_head":"<!-- This site is optimized with the Yoast SEO plugin v25.3.1 - https:\/\/yoast.com\/wordpress\/plugins\/seo\/ -->\n<title>Escobar se prepara para vivir la 62\u00b0 Fiesta Nacional de la Flor - Noticias de Escobar<\/title>\n<meta name=\"description\" content=\"Esta nueva edici\u00f3n se celebrar\u00e1 en el marco del A\u00f1o del Girasol 2025, con la expectativa de superar el \u00e9xito de a\u00f1os anteriores .\" \/>\n<meta name=\"robots\" content=\"index, follow, max-snippet:-1, max-image-preview:large, max-video-preview:-1\" \/>\n<link rel=\"canonical\" href=\"https:\/\/noticiasdeescobar.online\/?p=1273\" \/>\n<meta property=\"og:locale\" content=\"es_ES\" \/>\n<meta property=\"og:type\" content=\"article\" \/>\n<meta property=\"og:title\" content=\"Escobar se prepara para vivir la 62\u00b0 Fiesta Nacional de la Flor\" \/>\n<meta property=\"og:description\" content=\"Esta nueva edici\u00f3n se celebrar\u00e1 en el marco del A\u00f1o del Girasol 2025, con la expectativa de superar el \u00e9xito de a\u00f1os anteriores .\" \/>\n<meta property=\"og:url\" content=\"https:\/\/noticiasdeescobar.online\/?p=1273\" \/>\n<meta property=\"og:site_name\" content=\"Noticias de Escobar\" \/>\n<meta property=\"article:published_time\" content=\"2025-08-28T11:26:31+00:00\" \/>\n<meta property=\"article:modified_time\" content=\"2025-08-28T11:28:20+00:00\" \/>\n<meta property=\"og:image\" content=\"https:\/\/noticiasdeescobar.online\/wp-content\/uploads\/2025\/08\/FB_IMG_1756380448388.jpg\" \/>\n\t<meta property=\"og:image:width\" content=\"1600\" \/>\n\t<meta property=\"og:image:height\" content=\"1200\" \/>\n\t<meta property=\"og:image:type\" content=\"image\/jpeg\" \/>\n<meta name=\"author\" content=\"Redacci\u00f3n\" \/>\n<meta name=\"twitter:card\" content=\"summary_large_image\" \/>\n<meta name=\"twitter:label1\" content=\"Escrito por\" \/>\n\t<meta name=\"twitter:data1\" content=\"Redacci\u00f3n\" \/>\n\t<meta name=\"twitter:label2\" content=\"Tiempo de lectura\" \/>\n\t<meta name=\"twitter:data2\" content=\"2 minutos\" \/>\n<script type=\"application\/ld+json\" class=\"yoast-schema-graph\">{\"@context\":\"https:\/\/schema.org\",\"@graph\":[{\"@type\":\"WebPage\",\"@id\":\"https:\/\/noticiasdeescobar.online\/?p=1273\",\"url\":\"https:\/\/noticiasdeescobar.online\/?p=1273\",\"name\":\"Escobar se prepara para vivir la 62\u00b0 Fiesta Nacional de la Flor - Noticias de Escobar\",\"isPartOf\":{\"@id\":\"https:\/\/noticiasdeescobar.online\/#website\"},\"primaryImageOfPage\":{\"@id\":\"https:\/\/noticiasdeescobar.online\/?p=1273#primaryimage\"},\"image\":{\"@id\":\"https:\/\/noticiasdeescobar.online\/?p=1273#primaryimage\"},\"thumbnailUrl\":\"https:\/\/noticiasdeescobar.online\/wp-content\/uploads\/2025\/08\/FB_IMG_1756380448388.jpg\",\"datePublished\":\"2025-08-28T11:26:31+00:00\",\"dateModified\":\"2025-08-28T11:28:20+00:00\",\"author\":{\"@id\":\"https:\/\/noticiasdeescobar.online\/#\/schema\/person\/c80a19151f9337b50a779fe1f512ca6a\"},\"description\":\"Esta nueva edici\u00f3n se celebrar\u00e1 en el marco del A\u00f1o del Girasol 2025, con la expectativa de superar el \u00e9xito de a\u00f1os anteriores .\",\"breadcrumb\":{\"@id\":\"https:\/\/noticiasdeescobar.online\/?p=1273#breadcrumb\"},\"inLanguage\":\"es-AR\",\"potentialAction\":[{\"@type\":\"ReadAction\",\"target\":[\"https:\/\/noticiasdeescobar.online\/?p=1273\"]}]},{\"@type\":\"ImageObject\",\"inLanguage\":\"es-AR\",\"@id\":\"https:\/\/noticiasdeescobar.online\/?p=1273#primaryimage\",\"url\":\"https:\/\/noticiasdeescobar.online\/wp-content\/uploads\/2025\/08\/FB_IMG_1756380448388.jpg\",\"contentUrl\":\"https:\/\/noticiasdeescobar.online\/wp-content\/uploads\/2025\/08\/FB_IMG_1756380448388.jpg\",\"width\":1600,\"height\":1200},{\"@type\":\"BreadcrumbList\",\"@id\":\"https:\/\/noticiasdeescobar.online\/?p=1273#breadcrumb\",\"itemListElement\":[{\"@type\":\"ListItem\",\"position\":1,\"name\":\"Inicio\",\"item\":\"https:\/\/noticiasdeescobar.online\/\"},{\"@type\":\"ListItem\",\"position\":2,\"name\":\"Escobar se prepara para vivir la 62\u00b0 Fiesta Nacional de la Flor\"}]},{\"@type\":\"WebSite\",\"@id\":\"https:\/\/noticiasdeescobar.online\/#website\",\"url\":\"https:\/\/noticiasdeescobar.online\/\",\"name\":\"Noticias de Escobar\",\"description\":\"Noticias 24\/7\",\"potentialAction\":[{\"@type\":\"SearchAction\",\"target\":{\"@type\":\"EntryPoint\",\"urlTemplate\":\"https:\/\/noticiasdeescobar.online\/?s={search_term_string}\"},\"query-input\":{\"@type\":\"PropertyValueSpecification\",\"valueRequired\":true,\"valueName\":\"search_term_string\"}}],\"inLanguage\":\"es-AR\"},{\"@type\":\"Person\",\"@id\":\"https:\/\/noticiasdeescobar.online\/#\/schema\/person\/c80a19151f9337b50a779fe1f512ca6a\",\"name\":\"Redacci\u00f3n\",\"image\":{\"@type\":\"ImageObject\",\"inLanguage\":\"es-AR\",\"@id\":\"https:\/\/noticiasdeescobar.online\/#\/schema\/person\/image\/\",\"url\":\"https:\/\/secure.gravatar.com\/avatar\/1db77a0acc41b20b8cbce542c0459eb4?s=96&d=mm&r=g\",\"contentUrl\":\"https:\/\/secure.gravatar.com\/avatar\/1db77a0acc41b20b8cbce542c0459eb4?s=96&d=mm&r=g\",\"caption\":\"Redacci\u00f3n\"},\"sameAs\":[\"http:\/\/noticiasdeescobar.online\"],\"url\":\"https:\/\/noticiasdeescobar.online\/?author=1\"}]}<\/script>\n<!-- \/ Yoast SEO plugin. -->","yoast_head_json":{"title":"Escobar se prepara para vivir la 62\u00b0 Fiesta Nacional de la Flor - Noticias de Escobar","description":"Esta nueva edici\u00f3n se celebrar\u00e1 en el marco del A\u00f1o del Girasol 2025, con la expectativa de superar el \u00e9xito de a\u00f1os anteriores .","robots":{"index":"index","follow":"follow","max-snippet":"max-snippet:-1","max-image-preview":"max-image-preview:large","max-video-preview":"max-video-preview:-1"},"canonical":"https:\/\/noticiasdeescobar.online\/?p=1273","og_locale":"es_ES","og_type":"article","og_title":"Escobar se prepara para vivir la 62\u00b0 Fiesta Nacional de la Flor","og_description":"Esta nueva edici\u00f3n se celebrar\u00e1 en el marco del A\u00f1o del Girasol 2025, con la expectativa de superar el \u00e9xito de a\u00f1os anteriores .","og_url":"https:\/\/noticiasdeescobar.online\/?p=1273","og_site_name":"Noticias de Escobar","article_published_time":"2025-08-28T11:26:31+00:00","article_modified_time":"2025-08-28T11:28:20+00:00","og_image":[{"width":1600,"height":1200,"url":"https:\/\/noticiasdeescobar.online\/wp-content\/uploads\/2025\/08\/FB_IMG_1756380448388.jpg","type":"image\/jpeg"}],"author":"Redacci\u00f3n","twitter_card":"summary_large_image","twitter_misc":{"Escrito por":"Redacci\u00f3n","Tiempo de lectura":"2 minutos"},"schema":{"@context":"https:\/\/schema.org","@graph":[{"@type":"WebPage","@id":"https:\/\/noticiasdeescobar.online\/?p=1273","url":"https:\/\/noticiasdeescobar.online\/?p=1273","name":"Escobar se prepara para vivir la 62\u00b0 Fiesta Nacional de la Flor - Noticias de Escobar","isPartOf":{"@id":"https:\/\/noticiasdeescobar.online\/#website"},"primaryImageOfPage":{"@id":"https:\/\/noticiasdeescobar.online\/?p=1273#primaryimage"},"image":{"@id":"https:\/\/noticiasdeescobar.online\/?p=1273#primaryimage"},"thumbnailUrl":"https:\/\/noticiasdeescobar.online\/wp-content\/uploads\/2025\/08\/FB_IMG_1756380448388.jpg","datePublished":"2025-08-28T11:26:31+00:00","dateModified":"2025-08-28T11:28:20+00:00","author":{"@id":"https:\/\/noticiasdeescobar.online\/#\/schema\/person\/c80a19151f9337b50a779fe1f512ca6a"},"description":"Esta nueva edici\u00f3n se celebrar\u00e1 en el marco del A\u00f1o del Girasol 2025, con la expectativa de superar el \u00e9xito de a\u00f1os anteriores .","breadcrumb":{"@id":"https:\/\/noticiasdeescobar.online\/?p=1273#breadcrumb"},"inLanguage":"es-AR","potentialAction":[{"@type":"ReadAction","target":["https:\/\/noticiasdeescobar.online\/?p=1273"]}]},{"@type":"ImageObject","inLanguage":"es-AR","@id":"https:\/\/noticiasdeescobar.online\/?p=1273#primaryimage","url":"https:\/\/noticiasdeescobar.online\/wp-content\/uploads\/2025\/08\/FB_IMG_1756380448388.jpg","contentUrl":"https:\/\/noticiasdeescobar.online\/wp-content\/uploads\/2025\/08\/FB_IMG_1756380448388.jpg","width":1600,"height":1200},{"@type":"BreadcrumbList","@id":"https:\/\/noticiasdeescobar.online\/?p=1273#breadcrumb","itemListElement":[{"@type":"ListItem","position":1,"name":"Inicio","item":"https:\/\/noticiasdeescobar.online\/"},{"@type":"ListItem","position":2,"name":"Escobar se prepara para vivir la 62\u00b0 Fiesta Nacional de la Flor"}]},{"@type":"WebSite","@id":"https:\/\/noticiasdeescobar.online\/#website","url":"https:\/\/noticiasdeescobar.online\/","name":"Noticias de Escobar","description":"Noticias 24\/7","potentialAction":[{"@type":"SearchAction","target":{"@type":"EntryPoint","urlTemplate":"https:\/\/noticiasdeescobar.online\/?s={search_term_string}"},"query-input":{"@type":"PropertyValueSpecification","valueRequired":true,"valueName":"search_term_string"}}],"inLanguage":"es-AR"},{"@type":"Person","@id":"https:\/\/noticiasdeescobar.online\/#\/schema\/person\/c80a19151f9337b50a779fe1f512ca6a","name":"Redacci\u00f3n","image":{"@type":"ImageObject","inLanguage":"es-AR","@id":"https:\/\/noticiasdeescobar.online\/#\/schema\/person\/image\/","url":"https:\/\/secure.gravatar.com\/avatar\/1db77a0acc41b20b8cbce542c0459eb4?s=96&d=mm&r=g","contentUrl":"https:\/\/secure.gravatar.com\/avatar\/1db77a0acc41b20b8cbce542c0459eb4?s=96&d=mm&r=g","caption":"Redacci\u00f3n"},"sameAs":["http:\/\/noticiasdeescobar.online"],"url":"https:\/\/noticiasdeescobar.online\/?author=1"}]}},"_links":{"self":[{"href":"https:\/\/noticiasdeescobar.online\/index.php?rest_route=\/wp\/v2\/posts\/1273","targetHints":{"allow":["GET"]}}],"collection":[{"href":"https:\/\/noticiasdeescobar.online\/index.php?rest_route=\/wp\/v2\/posts"}],"about":[{"href":"https:\/\/noticiasdeescobar.online\/index.php?rest_route=\/wp\/v2\/types\/post"}],"author":[{"embeddable":true,"href":"https:\/\/noticiasdeescobar.online\/index.php?rest_route=\/wp\/v2\/users\/1"}],"replies":[{"embeddable":true,"href":"https:\/\/noticiasdeescobar.online\/index.php?rest_route=%2Fwp%2Fv2%2Fcomments&post=1273"}],"version-history":[{"count":1,"href":"https:\/\/noticiasdeescobar.online\/index.php?rest_route=\/wp\/v2\/posts\/1273\/revisions"}],"predecessor-version":[{"id":1274,"href":"https:\/\/noticiasdeescobar.online\/index.php?rest_route=\/wp\/v2\/posts\/1273\/revisions\/1274"}],"wp:featuredmedia":[{"embeddable":true,"href":"https:\/\/noticiasdeescobar.online\/index.php?rest_route=\/wp\/v2\/media\/1275"}],"wp:attachment":[{"href":"https:\/\/noticiasdeescobar.online\/index.php?rest_route=%2Fwp%2Fv2%2Fmedia&parent=1273"}],"wp:term":[{"taxonomy":"category","embeddable":true,"href":"https:\/\/noticiasdeescobar.online\/index.php?rest_route=%2Fwp%2Fv2%2Fcategories&post=1273"},{"taxonomy":"post_tag","embeddable":true,"href":"https:\/\/noticiasdeescobar.online\/index.php?rest_route=%2Fwp%2Fv2%2Ftags&post=1273"}],"curies":[{"name":"wp","href":"https:\/\/api.w.org\/{rel}","templated":true}]}}