{"id":1311,"date":"2025-09-06T17:37:45","date_gmt":"2025-09-06T17:37:45","guid":{"rendered":"https:\/\/noticiasdeescobar.online\/?p=1311"},"modified":"2025-09-06T17:39:11","modified_gmt":"2025-09-06T17:39:11","slug":"choque-y-vuelco-en-ruta-25-durante-la-madrugada-en-matheu","status":"publish","type":"post","link":"https:\/\/noticiasdeescobar.online\/?p=1311","title":{"rendered":"Choque y vuelco en Ruta 25 durante la madrugada en Matheu"},"content":{"rendered":"\n<p>En la madrugada de este s\u00e1bado, una dotaci\u00f3n del Destacamento de Bomberos Voluntarios de Matheu, al mando del Comandante Mart\u00edn Maldonado, debi\u00f3 intervenir en un accidente vehicular ocurrido sobre la Ruta 25, a la altura de la intersecci\u00f3n con V\u00edctor Manuel II.<\/p>\n\n\n\n<!--more-->\n\n\n\n<p>Seg\u00fan se inform\u00f3 oficialmente, en el siniestro estuvieron involucrados dos autom\u00f3viles de la marca Renault. Uno de ellos sufri\u00f3 da\u00f1os en la parte frontal, mientras que el otro termin\u00f3 volcado como consecuencia del impacto.<\/p>\n\n\n<div class=\"wp-block-image\">\n<figure class=\"aligncenter size-large\"><img loading=\"lazy\" decoding=\"async\" width=\"1024\" height=\"576\" src=\"https:\/\/noticiasdeescobar.online\/wp-content\/uploads\/2025\/09\/FB_IMG_1757179769577-1024x576.jpg\" alt=\"\" class=\"wp-image-1312\" srcset=\"https:\/\/noticiasdeescobar.online\/wp-content\/uploads\/2025\/09\/FB_IMG_1757179769577-1024x576.jpg 1024w, https:\/\/noticiasdeescobar.online\/wp-content\/uploads\/2025\/09\/FB_IMG_1757179769577-300x169.jpg 300w, https:\/\/noticiasdeescobar.online\/wp-content\/uploads\/2025\/09\/FB_IMG_1757179769577-768x432.jpg 768w, https:\/\/noticiasdeescobar.online\/wp-content\/uploads\/2025\/09\/FB_IMG_1757179769577.jpg 1280w\" sizes=\"auto, (max-width: 1024px) 100vw, 1024px\" \/><\/figure><\/div>\n\n\n<p>Los bomberos trabajaron en el lugar para asistir la situaci\u00f3n y asegurar la zona. No se difundieron detalles sobre heridos ni sobre el estado de los conductores.<\/p>\n\n\n\n<p>El hecho ocurri\u00f3 en un punto de tr\u00e1nsito habitual de Matheu, lo que gener\u00f3 demoras moment\u00e1neas durante el operativo.<\/p>\n","protected":false},"excerpt":{"rendered":"<p>En la madrugada de este s\u00e1bado, una dotaci\u00f3n del Destacamento de Bomberos Voluntarios de Matheu, al mando del Comandante Mart\u00edn&hellip;<\/p>\n","protected":false},"author":1,"featured_media":1313,"comment_status":"open","ping_status":"open","sticky":false,"template":"","format":"standard","meta":{"_monsterinsights_skip_tracking":false,"_monsterinsights_sitenote_active":false,"_monsterinsights_sitenote_note":"","_monsterinsights_sitenote_category":0,"footnotes":""},"categories":[2],"tags":[],"class_list":["post-1311","post","type-post","status-publish","format-standard","has-post-thumbnail","hentry","category-policiales"],"yoast_head":"<!-- This site is optimized with the Yoast SEO plugin v25.3.1 - https:\/\/yoast.com\/wordpress\/plugins\/seo\/ -->\n<title>Choque y vuelco en Ruta 25 durante la madrugada en Matheu - Noticias de Escobar<\/title>\n<meta name=\"description\" content=\"Uno de ellos sufri\u00f3 da\u00f1os en la parte frontal, mientras que el otro termin\u00f3 volcado como consecuencia del impacto.\" \/>\n<meta name=\"robots\" content=\"index, follow, max-snippet:-1, max-image-preview:large, max-video-preview:-1\" \/>\n<link rel=\"canonical\" href=\"https:\/\/noticiasdeescobar.online\/?p=1311\" \/>\n<meta property=\"og:locale\" content=\"es_ES\" \/>\n<meta property=\"og:type\" content=\"article\" \/>\n<meta property=\"og:title\" content=\"Choque y vuelco en Ruta 25 durante la madrugada en Matheu\" \/>\n<meta property=\"og:description\" content=\"Uno de ellos sufri\u00f3 da\u00f1os en la parte frontal, mientras que el otro termin\u00f3 volcado como consecuencia del impacto.\" \/>\n<meta property=\"og:url\" content=\"https:\/\/noticiasdeescobar.online\/?p=1311\" \/>\n<meta property=\"og:site_name\" content=\"Noticias de Escobar\" \/>\n<meta property=\"article:published_time\" content=\"2025-09-06T17:37:45+00:00\" \/>\n<meta property=\"article:modified_time\" content=\"2025-09-06T17:39:11+00:00\" \/>\n<meta property=\"og:image\" content=\"https:\/\/noticiasdeescobar.online\/wp-content\/uploads\/2025\/09\/FB_IMG_1757179762394.jpg\" \/>\n\t<meta property=\"og:image:width\" content=\"2048\" \/>\n\t<meta property=\"og:image:height\" content=\"1611\" \/>\n\t<meta property=\"og:image:type\" content=\"image\/jpeg\" \/>\n<meta name=\"author\" content=\"Redacci\u00f3n\" \/>\n<meta name=\"twitter:card\" content=\"summary_large_image\" \/>\n<meta name=\"twitter:label1\" content=\"Escrito por\" \/>\n\t<meta name=\"twitter:data1\" content=\"Redacci\u00f3n\" \/>\n\t<meta name=\"twitter:label2\" content=\"Tiempo de lectura\" \/>\n\t<meta name=\"twitter:data2\" content=\"1 minuto\" \/>\n<script type=\"application\/ld+json\" class=\"yoast-schema-graph\">{\"@context\":\"https:\/\/schema.org\",\"@graph\":[{\"@type\":\"WebPage\",\"@id\":\"https:\/\/noticiasdeescobar.online\/?p=1311\",\"url\":\"https:\/\/noticiasdeescobar.online\/?p=1311\",\"name\":\"Choque y vuelco en Ruta 25 durante la madrugada en Matheu - Noticias de Escobar\",\"isPartOf\":{\"@id\":\"https:\/\/noticiasdeescobar.online\/#website\"},\"primaryImageOfPage\":{\"@id\":\"https:\/\/noticiasdeescobar.online\/?p=1311#primaryimage\"},\"image\":{\"@id\":\"https:\/\/noticiasdeescobar.online\/?p=1311#primaryimage\"},\"thumbnailUrl\":\"https:\/\/noticiasdeescobar.online\/wp-content\/uploads\/2025\/09\/FB_IMG_1757179762394.jpg\",\"datePublished\":\"2025-09-06T17:37:45+00:00\",\"dateModified\":\"2025-09-06T17:39:11+00:00\",\"author\":{\"@id\":\"https:\/\/noticiasdeescobar.online\/#\/schema\/person\/c80a19151f9337b50a779fe1f512ca6a\"},\"description\":\"Uno de ellos sufri\u00f3 da\u00f1os en la parte frontal, mientras que el otro termin\u00f3 volcado como consecuencia del impacto.\",\"breadcrumb\":{\"@id\":\"https:\/\/noticiasdeescobar.online\/?p=1311#breadcrumb\"},\"inLanguage\":\"es-AR\",\"potentialAction\":[{\"@type\":\"ReadAction\",\"target\":[\"https:\/\/noticiasdeescobar.online\/?p=1311\"]}]},{\"@type\":\"ImageObject\",\"inLanguage\":\"es-AR\",\"@id\":\"https:\/\/noticiasdeescobar.online\/?p=1311#primaryimage\",\"url\":\"https:\/\/noticiasdeescobar.online\/wp-content\/uploads\/2025\/09\/FB_IMG_1757179762394.jpg\",\"contentUrl\":\"https:\/\/noticiasdeescobar.online\/wp-content\/uploads\/2025\/09\/FB_IMG_1757179762394.jpg\",\"width\":2048,\"height\":1611},{\"@type\":\"BreadcrumbList\",\"@id\":\"https:\/\/noticiasdeescobar.online\/?p=1311#breadcrumb\",\"itemListElement\":[{\"@type\":\"ListItem\",\"position\":1,\"name\":\"Inicio\",\"item\":\"https:\/\/noticiasdeescobar.online\/\"},{\"@type\":\"ListItem\",\"position\":2,\"name\":\"Choque y vuelco en Ruta 25 durante la madrugada en Matheu\"}]},{\"@type\":\"WebSite\",\"@id\":\"https:\/\/noticiasdeescobar.online\/#website\",\"url\":\"https:\/\/noticiasdeescobar.online\/\",\"name\":\"Noticias de Escobar\",\"description\":\"Noticias 24\/7\",\"potentialAction\":[{\"@type\":\"SearchAction\",\"target\":{\"@type\":\"EntryPoint\",\"urlTemplate\":\"https:\/\/noticiasdeescobar.online\/?s={search_term_string}\"},\"query-input\":{\"@type\":\"PropertyValueSpecification\",\"valueRequired\":true,\"valueName\":\"search_term_string\"}}],\"inLanguage\":\"es-AR\"},{\"@type\":\"Person\",\"@id\":\"https:\/\/noticiasdeescobar.online\/#\/schema\/person\/c80a19151f9337b50a779fe1f512ca6a\",\"name\":\"Redacci\u00f3n\",\"image\":{\"@type\":\"ImageObject\",\"inLanguage\":\"es-AR\",\"@id\":\"https:\/\/noticiasdeescobar.online\/#\/schema\/person\/image\/\",\"url\":\"https:\/\/secure.gravatar.com\/avatar\/1db77a0acc41b20b8cbce542c0459eb4?s=96&d=mm&r=g\",\"contentUrl\":\"https:\/\/secure.gravatar.com\/avatar\/1db77a0acc41b20b8cbce542c0459eb4?s=96&d=mm&r=g\",\"caption\":\"Redacci\u00f3n\"},\"sameAs\":[\"http:\/\/noticiasdeescobar.online\"],\"url\":\"https:\/\/noticiasdeescobar.online\/?author=1\"}]}<\/script>\n<!-- \/ Yoast SEO plugin. -->","yoast_head_json":{"title":"Choque y vuelco en Ruta 25 durante la madrugada en Matheu - Noticias de Escobar","description":"Uno de ellos sufri\u00f3 da\u00f1os en la parte frontal, mientras que el otro termin\u00f3 volcado como consecuencia del impacto.","robots":{"index":"index","follow":"follow","max-snippet":"max-snippet:-1","max-image-preview":"max-image-preview:large","max-video-preview":"max-video-preview:-1"},"canonical":"https:\/\/noticiasdeescobar.online\/?p=1311","og_locale":"es_ES","og_type":"article","og_title":"Choque y vuelco en Ruta 25 durante la madrugada en Matheu","og_description":"Uno de ellos sufri\u00f3 da\u00f1os en la parte frontal, mientras que el otro termin\u00f3 volcado como consecuencia del impacto.","og_url":"https:\/\/noticiasdeescobar.online\/?p=1311","og_site_name":"Noticias de Escobar","article_published_time":"2025-09-06T17:37:45+00:00","article_modified_time":"2025-09-06T17:39:11+00:00","og_image":[{"width":2048,"height":1611,"url":"https:\/\/noticiasdeescobar.online\/wp-content\/uploads\/2025\/09\/FB_IMG_1757179762394.jpg","type":"image\/jpeg"}],"author":"Redacci\u00f3n","twitter_card":"summary_large_image","twitter_misc":{"Escrito por":"Redacci\u00f3n","Tiempo de lectura":"1 minuto"},"schema":{"@context":"https:\/\/schema.org","@graph":[{"@type":"WebPage","@id":"https:\/\/noticiasdeescobar.online\/?p=1311","url":"https:\/\/noticiasdeescobar.online\/?p=1311","name":"Choque y vuelco en Ruta 25 durante la madrugada en Matheu - Noticias de Escobar","isPartOf":{"@id":"https:\/\/noticiasdeescobar.online\/#website"},"primaryImageOfPage":{"@id":"https:\/\/noticiasdeescobar.online\/?p=1311#primaryimage"},"image":{"@id":"https:\/\/noticiasdeescobar.online\/?p=1311#primaryimage"},"thumbnailUrl":"https:\/\/noticiasdeescobar.online\/wp-content\/uploads\/2025\/09\/FB_IMG_1757179762394.jpg","datePublished":"2025-09-06T17:37:45+00:00","dateModified":"2025-09-06T17:39:11+00:00","author":{"@id":"https:\/\/noticiasdeescobar.online\/#\/schema\/person\/c80a19151f9337b50a779fe1f512ca6a"},"description":"Uno de ellos sufri\u00f3 da\u00f1os en la parte frontal, mientras que el otro termin\u00f3 volcado como consecuencia del impacto.","breadcrumb":{"@id":"https:\/\/noticiasdeescobar.online\/?p=1311#breadcrumb"},"inLanguage":"es-AR","potentialAction":[{"@type":"ReadAction","target":["https:\/\/noticiasdeescobar.online\/?p=1311"]}]},{"@type":"ImageObject","inLanguage":"es-AR","@id":"https:\/\/noticiasdeescobar.online\/?p=1311#primaryimage","url":"https:\/\/noticiasdeescobar.online\/wp-content\/uploads\/2025\/09\/FB_IMG_1757179762394.jpg","contentUrl":"https:\/\/noticiasdeescobar.online\/wp-content\/uploads\/2025\/09\/FB_IMG_1757179762394.jpg","width":2048,"height":1611},{"@type":"BreadcrumbList","@id":"https:\/\/noticiasdeescobar.online\/?p=1311#breadcrumb","itemListElement":[{"@type":"ListItem","position":1,"name":"Inicio","item":"https:\/\/noticiasdeescobar.online\/"},{"@type":"ListItem","position":2,"name":"Choque y vuelco en Ruta 25 durante la madrugada en Matheu"}]},{"@type":"WebSite","@id":"https:\/\/noticiasdeescobar.online\/#website","url":"https:\/\/noticiasdeescobar.online\/","name":"Noticias de Escobar","description":"Noticias 24\/7","potentialAction":[{"@type":"SearchAction","target":{"@type":"EntryPoint","urlTemplate":"https:\/\/noticiasdeescobar.online\/?s={search_term_string}"},"query-input":{"@type":"PropertyValueSpecification","valueRequired":true,"valueName":"search_term_string"}}],"inLanguage":"es-AR"},{"@type":"Person","@id":"https:\/\/noticiasdeescobar.online\/#\/schema\/person\/c80a19151f9337b50a779fe1f512ca6a","name":"Redacci\u00f3n","image":{"@type":"ImageObject","inLanguage":"es-AR","@id":"https:\/\/noticiasdeescobar.online\/#\/schema\/person\/image\/","url":"https:\/\/secure.gravatar.com\/avatar\/1db77a0acc41b20b8cbce542c0459eb4?s=96&d=mm&r=g","contentUrl":"https:\/\/secure.gravatar.com\/avatar\/1db77a0acc41b20b8cbce542c0459eb4?s=96&d=mm&r=g","caption":"Redacci\u00f3n"},"sameAs":["http:\/\/noticiasdeescobar.online"],"url":"https:\/\/noticiasdeescobar.online\/?author=1"}]}},"_links":{"self":[{"href":"https:\/\/noticiasdeescobar.online\/index.php?rest_route=\/wp\/v2\/posts\/1311","targetHints":{"allow":["GET"]}}],"collection":[{"href":"https:\/\/noticiasdeescobar.online\/index.php?rest_route=\/wp\/v2\/posts"}],"about":[{"href":"https:\/\/noticiasdeescobar.online\/index.php?rest_route=\/wp\/v2\/types\/post"}],"author":[{"embeddable":true,"href":"https:\/\/noticiasdeescobar.online\/index.php?rest_route=\/wp\/v2\/users\/1"}],"replies":[{"embeddable":true,"href":"https:\/\/noticiasdeescobar.online\/index.php?rest_route=%2Fwp%2Fv2%2Fcomments&post=1311"}],"version-history":[{"count":2,"href":"https:\/\/noticiasdeescobar.online\/index.php?rest_route=\/wp\/v2\/posts\/1311\/revisions"}],"predecessor-version":[{"id":1315,"href":"https:\/\/noticiasdeescobar.online\/index.php?rest_route=\/wp\/v2\/posts\/1311\/revisions\/1315"}],"wp:featuredmedia":[{"embeddable":true,"href":"https:\/\/noticiasdeescobar.online\/index.php?rest_route=\/wp\/v2\/media\/1313"}],"wp:attachment":[{"href":"https:\/\/noticiasdeescobar.online\/index.php?rest_route=%2Fwp%2Fv2%2Fmedia&parent=1311"}],"wp:term":[{"taxonomy":"category","embeddable":true,"href":"https:\/\/noticiasdeescobar.online\/index.php?rest_route=%2Fwp%2Fv2%2Fcategories&post=1311"},{"taxonomy":"post_tag","embeddable":true,"href":"https:\/\/noticiasdeescobar.online\/index.php?rest_route=%2Fwp%2Fv2%2Ftags&post=1311"}],"curies":[{"name":"wp","href":"https:\/\/api.w.org\/{rel}","templated":true}]}}