{"id":1359,"date":"2025-09-18T19:50:20","date_gmt":"2025-09-18T19:50:20","guid":{"rendered":"https:\/\/noticiasdeescobar.online\/?p=1359"},"modified":"2025-09-18T19:50:21","modified_gmt":"2025-09-18T19:50:21","slug":"leo-moreno-destaco-avances-legislativos-mas-derechos-mas-memoria-y-mas-escobar","status":"publish","type":"post","link":"https:\/\/noticiasdeescobar.online\/?p=1359","title":{"rendered":"Leo Moreno destac\u00f3 avances legislativos: \u201cM\u00e1s derechos, m\u00e1s memoria y m\u00e1s Escobar\u201d"},"content":{"rendered":"\n<p>El diputado provincial <strong>Leo Moreno<\/strong> comparti\u00f3 en sus redes sociales un balance de las \u00faltimas iniciativas impulsadas desde la C\u00e1mara de Diputados bonaerense, donde ocupa la vicepresidencia de la Comisi\u00f3n de Defensa del Consumidor. Bajo el t\u00edtulo <em>\u201cM\u00e1s derechos, m\u00e1s memoria y m\u00e1s Escobar\u201d<\/em>, Moreno enumer\u00f3 proyectos, reconocimientos y acciones que \u2014seg\u00fan destac\u00f3\u2014 buscan \u201cmejorar la vida de cada escobarense\u201d.<\/p>\n\n\n\n<!--more-->\n\n\n\n<p>En relaci\u00f3n al <strong>C\u00f3digo Provincial de Defensa del Consumidor<\/strong>, explic\u00f3: <em>\u201cPromov\u00ed la modificaci\u00f3n del C\u00f3digo para que los juicios por abusos de empresas sean mucho m\u00e1s \u00e1giles. Si el proyecto se aprueba tambi\u00e9n en el Senado, los procesos que demoraban hasta 5 a\u00f1os podr\u00e1n pasar directo a la C\u00e1mara de Apelaciones. M\u00e1s protecci\u00f3n, menos burocracia\u201d<\/em>.<\/p>\n\n\n\n<p>El legislador tambi\u00e9n celebr\u00f3 la <strong>declaraci\u00f3n de Inter\u00e9s Legislativo del 40\u00b0 aniversario de Ingeniero Maschwitz<\/strong>, localidad a la que defini\u00f3 como \u201corgullo de nuestra comunidad por su historia, identidad y crecimiento\u201d.<\/p>\n\n\n\n<p>En materia de memoria y derechos humanos, Moreno resalt\u00f3 el reconocimiento al libro <strong>\u201cEl Fruto de la Memoria\u201d<\/strong>, de Diego Aguilar, que reconstruye la historia de los detenidos-desaparecidos de Escobar durante la \u00faltima dictadura. Adem\u00e1s, record\u00f3 a los militantes <strong>Carlos Tuda, Luis Bocco, Carlos Lagrutta, Carlos Molinas y Guillermo Rodr\u00edguez<\/strong>, al cumplirse 50 a\u00f1os de la <strong>Masacre del R\u00edo Luj\u00e1n<\/strong>: <em>\u201cRendimos homenaje a quienes fueron asesinados por el terrorismo de Estado\u201d<\/em>.<\/p>\n\n\n\n<p>Entre otros puntos, mencion\u00f3 la puesta en valor del restaurante <strong>La Cocina de Nucha<\/strong>, \u201c\u00edcono de la gastronom\u00eda escobarense con m\u00e1s de 30 a\u00f1os de historia\u201d, y la aprobaci\u00f3n de la ley que regula el trabajo de los <strong>acompa\u00f1antes terap\u00e9uticos<\/strong>, reconoci\u00e9ndolos como parte del sistema de salud y de los derechos humanos.<\/p>\n\n\n\n<p>El diputado adem\u00e1s inform\u00f3 sobre la <strong>condonaci\u00f3n de las deudas municipales originadas en la pandemia<\/strong> y las <strong>acciones de salud mental en clubes y entidades deportivas<\/strong>.<\/p>\n\n\n\n<p>Finalmente, Moreno remarc\u00f3 el esp\u00edritu de cercan\u00eda con los vecinos: <em>\u201cEn el territorio, con las organizaciones y desde el lugar institucional que nos toca, seguimos trabajando para mejorar la vida de cada escobarense\u201d<\/em>.<\/p>\n","protected":false},"excerpt":{"rendered":"<p>El diputado provincial Leo Moreno comparti\u00f3 en sus redes sociales un balance de las \u00faltimas iniciativas impulsadas desde la C\u00e1mara&hellip;<\/p>\n","protected":false},"author":1,"featured_media":1360,"comment_status":"open","ping_status":"open","sticky":false,"template":"","format":"standard","meta":{"_monsterinsights_skip_tracking":false,"_monsterinsights_sitenote_active":false,"_monsterinsights_sitenote_note":"","_monsterinsights_sitenote_category":0,"footnotes":""},"categories":[22],"tags":[19],"class_list":["post-1359","post","type-post","status-publish","format-standard","has-post-thumbnail","hentry","category-politica","tag-leo-moreno"],"yoast_head":"<!-- This site is optimized with the Yoast SEO plugin v25.3.1 - https:\/\/yoast.com\/wordpress\/plugins\/seo\/ -->\n<title>Leo Moreno destac\u00f3 avances legislativos: \u201cM\u00e1s derechos, m\u00e1s memoria y m\u00e1s Escobar\u201d - Noticias de Escobar<\/title>\n<meta name=\"description\" content=\"Bajo el t\u00edtulo \u201cM\u00e1s derechos, m\u00e1s memoria y m\u00e1s Escobar\u201d, Moreno enumer\u00f3 proyectos, reconocimientos y acciones que \u2014seg\u00fan destac\u00f3\u2014 buscan \u201cmejorar la vida de cada escobarense\u201d.\" \/>\n<meta name=\"robots\" content=\"index, follow, max-snippet:-1, max-image-preview:large, max-video-preview:-1\" \/>\n<link rel=\"canonical\" href=\"https:\/\/noticiasdeescobar.online\/?p=1359\" \/>\n<meta property=\"og:locale\" content=\"es_ES\" \/>\n<meta property=\"og:type\" content=\"article\" \/>\n<meta property=\"og:title\" content=\"Leo Moreno destac\u00f3 avances legislativos: \u201cM\u00e1s derechos, m\u00e1s memoria y m\u00e1s Escobar\u201d\" \/>\n<meta property=\"og:description\" content=\"Bajo el t\u00edtulo \u201cM\u00e1s derechos, m\u00e1s memoria y m\u00e1s Escobar\u201d, Moreno enumer\u00f3 proyectos, reconocimientos y acciones que \u2014seg\u00fan destac\u00f3\u2014 buscan \u201cmejorar la vida de cada escobarense\u201d.\" \/>\n<meta property=\"og:url\" content=\"https:\/\/noticiasdeescobar.online\/?p=1359\" \/>\n<meta property=\"og:site_name\" content=\"Noticias de Escobar\" \/>\n<meta property=\"article:published_time\" content=\"2025-09-18T19:50:20+00:00\" \/>\n<meta property=\"article:modified_time\" content=\"2025-09-18T19:50:21+00:00\" \/>\n<meta property=\"og:image\" content=\"https:\/\/noticiasdeescobar.online\/wp-content\/uploads\/2025\/09\/548678900_668272066310946_6921162717490264703_n.jpg\" \/>\n\t<meta property=\"og:image:width\" content=\"1439\" \/>\n\t<meta property=\"og:image:height\" content=\"959\" \/>\n\t<meta property=\"og:image:type\" content=\"image\/jpeg\" \/>\n<meta name=\"author\" content=\"Redacci\u00f3n\" \/>\n<meta name=\"twitter:card\" content=\"summary_large_image\" \/>\n<meta name=\"twitter:label1\" content=\"Escrito por\" \/>\n\t<meta name=\"twitter:data1\" content=\"Redacci\u00f3n\" \/>\n\t<meta name=\"twitter:label2\" content=\"Tiempo de lectura\" \/>\n\t<meta name=\"twitter:data2\" content=\"2 minutos\" \/>\n<script type=\"application\/ld+json\" class=\"yoast-schema-graph\">{\"@context\":\"https:\/\/schema.org\",\"@graph\":[{\"@type\":\"WebPage\",\"@id\":\"https:\/\/noticiasdeescobar.online\/?p=1359\",\"url\":\"https:\/\/noticiasdeescobar.online\/?p=1359\",\"name\":\"Leo Moreno destac\u00f3 avances legislativos: \u201cM\u00e1s derechos, m\u00e1s memoria y m\u00e1s Escobar\u201d - Noticias de Escobar\",\"isPartOf\":{\"@id\":\"https:\/\/noticiasdeescobar.online\/#website\"},\"primaryImageOfPage\":{\"@id\":\"https:\/\/noticiasdeescobar.online\/?p=1359#primaryimage\"},\"image\":{\"@id\":\"https:\/\/noticiasdeescobar.online\/?p=1359#primaryimage\"},\"thumbnailUrl\":\"https:\/\/noticiasdeescobar.online\/wp-content\/uploads\/2025\/09\/548678900_668272066310946_6921162717490264703_n.jpg\",\"datePublished\":\"2025-09-18T19:50:20+00:00\",\"dateModified\":\"2025-09-18T19:50:21+00:00\",\"author\":{\"@id\":\"https:\/\/noticiasdeescobar.online\/#\/schema\/person\/c80a19151f9337b50a779fe1f512ca6a\"},\"description\":\"Bajo el t\u00edtulo \u201cM\u00e1s derechos, m\u00e1s memoria y m\u00e1s Escobar\u201d, Moreno enumer\u00f3 proyectos, reconocimientos y acciones que \u2014seg\u00fan destac\u00f3\u2014 buscan \u201cmejorar la vida de cada escobarense\u201d.\",\"breadcrumb\":{\"@id\":\"https:\/\/noticiasdeescobar.online\/?p=1359#breadcrumb\"},\"inLanguage\":\"es-AR\",\"potentialAction\":[{\"@type\":\"ReadAction\",\"target\":[\"https:\/\/noticiasdeescobar.online\/?p=1359\"]}]},{\"@type\":\"ImageObject\",\"inLanguage\":\"es-AR\",\"@id\":\"https:\/\/noticiasdeescobar.online\/?p=1359#primaryimage\",\"url\":\"https:\/\/noticiasdeescobar.online\/wp-content\/uploads\/2025\/09\/548678900_668272066310946_6921162717490264703_n.jpg\",\"contentUrl\":\"https:\/\/noticiasdeescobar.online\/wp-content\/uploads\/2025\/09\/548678900_668272066310946_6921162717490264703_n.jpg\",\"width\":1439,\"height\":959},{\"@type\":\"BreadcrumbList\",\"@id\":\"https:\/\/noticiasdeescobar.online\/?p=1359#breadcrumb\",\"itemListElement\":[{\"@type\":\"ListItem\",\"position\":1,\"name\":\"Inicio\",\"item\":\"https:\/\/noticiasdeescobar.online\/\"},{\"@type\":\"ListItem\",\"position\":2,\"name\":\"Leo Moreno destac\u00f3 avances legislativos: \u201cM\u00e1s derechos, m\u00e1s memoria y m\u00e1s Escobar\u201d\"}]},{\"@type\":\"WebSite\",\"@id\":\"https:\/\/noticiasdeescobar.online\/#website\",\"url\":\"https:\/\/noticiasdeescobar.online\/\",\"name\":\"Noticias de Escobar\",\"description\":\"Noticias 24\/7\",\"potentialAction\":[{\"@type\":\"SearchAction\",\"target\":{\"@type\":\"EntryPoint\",\"urlTemplate\":\"https:\/\/noticiasdeescobar.online\/?s={search_term_string}\"},\"query-input\":{\"@type\":\"PropertyValueSpecification\",\"valueRequired\":true,\"valueName\":\"search_term_string\"}}],\"inLanguage\":\"es-AR\"},{\"@type\":\"Person\",\"@id\":\"https:\/\/noticiasdeescobar.online\/#\/schema\/person\/c80a19151f9337b50a779fe1f512ca6a\",\"name\":\"Redacci\u00f3n\",\"image\":{\"@type\":\"ImageObject\",\"inLanguage\":\"es-AR\",\"@id\":\"https:\/\/noticiasdeescobar.online\/#\/schema\/person\/image\/\",\"url\":\"https:\/\/secure.gravatar.com\/avatar\/1db77a0acc41b20b8cbce542c0459eb4?s=96&d=mm&r=g\",\"contentUrl\":\"https:\/\/secure.gravatar.com\/avatar\/1db77a0acc41b20b8cbce542c0459eb4?s=96&d=mm&r=g\",\"caption\":\"Redacci\u00f3n\"},\"sameAs\":[\"http:\/\/noticiasdeescobar.online\"],\"url\":\"https:\/\/noticiasdeescobar.online\/?author=1\"}]}<\/script>\n<!-- \/ Yoast SEO plugin. -->","yoast_head_json":{"title":"Leo Moreno destac\u00f3 avances legislativos: \u201cM\u00e1s derechos, m\u00e1s memoria y m\u00e1s Escobar\u201d - Noticias de Escobar","description":"Bajo el t\u00edtulo \u201cM\u00e1s derechos, m\u00e1s memoria y m\u00e1s Escobar\u201d, Moreno enumer\u00f3 proyectos, reconocimientos y acciones que \u2014seg\u00fan destac\u00f3\u2014 buscan \u201cmejorar la vida de cada escobarense\u201d.","robots":{"index":"index","follow":"follow","max-snippet":"max-snippet:-1","max-image-preview":"max-image-preview:large","max-video-preview":"max-video-preview:-1"},"canonical":"https:\/\/noticiasdeescobar.online\/?p=1359","og_locale":"es_ES","og_type":"article","og_title":"Leo Moreno destac\u00f3 avances legislativos: \u201cM\u00e1s derechos, m\u00e1s memoria y m\u00e1s Escobar\u201d","og_description":"Bajo el t\u00edtulo \u201cM\u00e1s derechos, m\u00e1s memoria y m\u00e1s Escobar\u201d, Moreno enumer\u00f3 proyectos, reconocimientos y acciones que \u2014seg\u00fan destac\u00f3\u2014 buscan \u201cmejorar la vida de cada escobarense\u201d.","og_url":"https:\/\/noticiasdeescobar.online\/?p=1359","og_site_name":"Noticias de Escobar","article_published_time":"2025-09-18T19:50:20+00:00","article_modified_time":"2025-09-18T19:50:21+00:00","og_image":[{"width":1439,"height":959,"url":"https:\/\/noticiasdeescobar.online\/wp-content\/uploads\/2025\/09\/548678900_668272066310946_6921162717490264703_n.jpg","type":"image\/jpeg"}],"author":"Redacci\u00f3n","twitter_card":"summary_large_image","twitter_misc":{"Escrito por":"Redacci\u00f3n","Tiempo de lectura":"2 minutos"},"schema":{"@context":"https:\/\/schema.org","@graph":[{"@type":"WebPage","@id":"https:\/\/noticiasdeescobar.online\/?p=1359","url":"https:\/\/noticiasdeescobar.online\/?p=1359","name":"Leo Moreno destac\u00f3 avances legislativos: \u201cM\u00e1s derechos, m\u00e1s memoria y m\u00e1s Escobar\u201d - Noticias de Escobar","isPartOf":{"@id":"https:\/\/noticiasdeescobar.online\/#website"},"primaryImageOfPage":{"@id":"https:\/\/noticiasdeescobar.online\/?p=1359#primaryimage"},"image":{"@id":"https:\/\/noticiasdeescobar.online\/?p=1359#primaryimage"},"thumbnailUrl":"https:\/\/noticiasdeescobar.online\/wp-content\/uploads\/2025\/09\/548678900_668272066310946_6921162717490264703_n.jpg","datePublished":"2025-09-18T19:50:20+00:00","dateModified":"2025-09-18T19:50:21+00:00","author":{"@id":"https:\/\/noticiasdeescobar.online\/#\/schema\/person\/c80a19151f9337b50a779fe1f512ca6a"},"description":"Bajo el t\u00edtulo \u201cM\u00e1s derechos, m\u00e1s memoria y m\u00e1s Escobar\u201d, Moreno enumer\u00f3 proyectos, reconocimientos y acciones que \u2014seg\u00fan destac\u00f3\u2014 buscan \u201cmejorar la vida de cada escobarense\u201d.","breadcrumb":{"@id":"https:\/\/noticiasdeescobar.online\/?p=1359#breadcrumb"},"inLanguage":"es-AR","potentialAction":[{"@type":"ReadAction","target":["https:\/\/noticiasdeescobar.online\/?p=1359"]}]},{"@type":"ImageObject","inLanguage":"es-AR","@id":"https:\/\/noticiasdeescobar.online\/?p=1359#primaryimage","url":"https:\/\/noticiasdeescobar.online\/wp-content\/uploads\/2025\/09\/548678900_668272066310946_6921162717490264703_n.jpg","contentUrl":"https:\/\/noticiasdeescobar.online\/wp-content\/uploads\/2025\/09\/548678900_668272066310946_6921162717490264703_n.jpg","width":1439,"height":959},{"@type":"BreadcrumbList","@id":"https:\/\/noticiasdeescobar.online\/?p=1359#breadcrumb","itemListElement":[{"@type":"ListItem","position":1,"name":"Inicio","item":"https:\/\/noticiasdeescobar.online\/"},{"@type":"ListItem","position":2,"name":"Leo Moreno destac\u00f3 avances legislativos: \u201cM\u00e1s derechos, m\u00e1s memoria y m\u00e1s Escobar\u201d"}]},{"@type":"WebSite","@id":"https:\/\/noticiasdeescobar.online\/#website","url":"https:\/\/noticiasdeescobar.online\/","name":"Noticias de Escobar","description":"Noticias 24\/7","potentialAction":[{"@type":"SearchAction","target":{"@type":"EntryPoint","urlTemplate":"https:\/\/noticiasdeescobar.online\/?s={search_term_string}"},"query-input":{"@type":"PropertyValueSpecification","valueRequired":true,"valueName":"search_term_string"}}],"inLanguage":"es-AR"},{"@type":"Person","@id":"https:\/\/noticiasdeescobar.online\/#\/schema\/person\/c80a19151f9337b50a779fe1f512ca6a","name":"Redacci\u00f3n","image":{"@type":"ImageObject","inLanguage":"es-AR","@id":"https:\/\/noticiasdeescobar.online\/#\/schema\/person\/image\/","url":"https:\/\/secure.gravatar.com\/avatar\/1db77a0acc41b20b8cbce542c0459eb4?s=96&d=mm&r=g","contentUrl":"https:\/\/secure.gravatar.com\/avatar\/1db77a0acc41b20b8cbce542c0459eb4?s=96&d=mm&r=g","caption":"Redacci\u00f3n"},"sameAs":["http:\/\/noticiasdeescobar.online"],"url":"https:\/\/noticiasdeescobar.online\/?author=1"}]}},"_links":{"self":[{"href":"https:\/\/noticiasdeescobar.online\/index.php?rest_route=\/wp\/v2\/posts\/1359","targetHints":{"allow":["GET"]}}],"collection":[{"href":"https:\/\/noticiasdeescobar.online\/index.php?rest_route=\/wp\/v2\/posts"}],"about":[{"href":"https:\/\/noticiasdeescobar.online\/index.php?rest_route=\/wp\/v2\/types\/post"}],"author":[{"embeddable":true,"href":"https:\/\/noticiasdeescobar.online\/index.php?rest_route=\/wp\/v2\/users\/1"}],"replies":[{"embeddable":true,"href":"https:\/\/noticiasdeescobar.online\/index.php?rest_route=%2Fwp%2Fv2%2Fcomments&post=1359"}],"version-history":[{"count":1,"href":"https:\/\/noticiasdeescobar.online\/index.php?rest_route=\/wp\/v2\/posts\/1359\/revisions"}],"predecessor-version":[{"id":1361,"href":"https:\/\/noticiasdeescobar.online\/index.php?rest_route=\/wp\/v2\/posts\/1359\/revisions\/1361"}],"wp:featuredmedia":[{"embeddable":true,"href":"https:\/\/noticiasdeescobar.online\/index.php?rest_route=\/wp\/v2\/media\/1360"}],"wp:attachment":[{"href":"https:\/\/noticiasdeescobar.online\/index.php?rest_route=%2Fwp%2Fv2%2Fmedia&parent=1359"}],"wp:term":[{"taxonomy":"category","embeddable":true,"href":"https:\/\/noticiasdeescobar.online\/index.php?rest_route=%2Fwp%2Fv2%2Fcategories&post=1359"},{"taxonomy":"post_tag","embeddable":true,"href":"https:\/\/noticiasdeescobar.online\/index.php?rest_route=%2Fwp%2Fv2%2Ftags&post=1359"}],"curies":[{"name":"wp","href":"https:\/\/api.w.org\/{rel}","templated":true}]}}