{"id":1362,"date":"2025-09-20T20:47:37","date_gmt":"2025-09-20T20:47:37","guid":{"rendered":"https:\/\/noticiasdeescobar.online\/?p=1362"},"modified":"2025-09-20T20:47:38","modified_gmt":"2025-09-20T20:47:38","slug":"se-va-la-segunda-flor-de-pena-en-el-bondi","status":"publish","type":"post","link":"https:\/\/noticiasdeescobar.online\/?p=1362","title":{"rendered":"Se va la segunda: Flor de Pe\u00f1a en El Bondi"},"content":{"rendered":"\n<p>El pr\u00f3ximo domingo 28 de septiembre desde el mediod\u00eda, el Centro Cultural y Comunitario El Bondi abre sus puertas para la segunda edici\u00f3n de la pe\u00f1a folcl\u00f3rica que tuvo su primera edici\u00f3n el pasado 25 de mayo, rompiendo r\u00e9cords de espectadores. <\/p>\n\n\n\n<!--more-->\n\n\n\n<p>&#8220;Se espera una gran jornada de encuentro entre vecinxs, con m\u00fasica, danza, parrilla, buffet y la magia de lo colectivo&#8221;, auguraron los organizadores.<\/p>\n\n\n\n<p>La propuesta invita a compartir en ronda, ya sea con amigos, en familia o aunque vengas solo\/a, y disfrutar de una experiencia que combina lo art\u00edstico con el esp\u00edritu solidario y autogestivo. Todo lo recaudado se destinar\u00e1 a sostener este espacio comunitario, construido y cuidado colectivamente.<\/p>\n\n\n\n<p>La grilla de artistas invitados incluye a Camilo Carabajal, Fer Lojo, Leo Llans\u00f3 y Juan Moreno, Tr\u00edo Artesanal, Buenas y Santas (ensamble de m\u00fasica folcl\u00f3rica), Maquinista Savio Malambo, Ariel \u201cJilguero\u201d Guzm\u00e1n, Santiago D\u00fao, Agos Elzegbe y la Orquesta Escuela de Ingeniero Maschwitz.<\/p>\n\n\n\n<p>La entrada es una contribuci\u00f3n solidaria y a conciencia. Desde las 12 del mediod\u00eda en El Dorado y Villanueva, Ingeniero Maschwitz. \u00a0<\/p>\n\n\n\n<p>\u201cLa Flor de Pe\u00f1a es mucho m\u00e1s que un festival: es un espacio de encuentro y construcci\u00f3n colectiva, donde la m\u00fasica popular, el baile y la cultura comunitaria se entrelazan para fortalecer la vida cultural del barrio y sostener un proyecto autogestivo que sigue floreciendo gracias a la participaci\u00f3n de todxs\u201d, subrayaron desde El Bondi.<br><br><\/p>\n\n\n\n<p><br><br><\/p>\n","protected":false},"excerpt":{"rendered":"<p>El pr\u00f3ximo domingo 28 de septiembre desde el mediod\u00eda, el Centro Cultural y Comunitario El Bondi abre sus puertas para&hellip;<\/p>\n","protected":false},"author":1,"featured_media":1363,"comment_status":"open","ping_status":"open","sticky":false,"template":"","format":"standard","meta":{"_monsterinsights_skip_tracking":false,"_monsterinsights_sitenote_active":false,"_monsterinsights_sitenote_note":"","_monsterinsights_sitenote_category":0,"footnotes":""},"categories":[75],"tags":[214,213],"class_list":["post-1362","post","type-post","status-publish","format-standard","has-post-thumbnail","hentry","category-cultura","tag-el-bondi","tag-flor-de-pena"],"yoast_head":"<!-- This site is optimized with the Yoast SEO plugin v25.3.1 - https:\/\/yoast.com\/wordpress\/plugins\/seo\/ -->\n<title>Se va la segunda: Flor de Pe\u00f1a en El Bondi - Noticias de Escobar<\/title>\n<meta name=\"description\" content=\"El pr\u00f3ximo domingo 28 de septiembre desde el mediod\u00eda, el Centro Cultural y Comunitario El Bondi abre sus puertas para la segunda edici\u00f3n de la pe\u00f1a folcl\u00f3rica que tuvo su primera edici\u00f3n el pasado 25 de mayo, rompiendo r\u00e9cords de espectadores.\" \/>\n<meta name=\"robots\" content=\"index, follow, max-snippet:-1, max-image-preview:large, max-video-preview:-1\" \/>\n<link rel=\"canonical\" href=\"https:\/\/noticiasdeescobar.online\/?p=1362\" \/>\n<meta property=\"og:locale\" content=\"es_ES\" \/>\n<meta property=\"og:type\" content=\"article\" \/>\n<meta property=\"og:title\" content=\"Se va la segunda: Flor de Pe\u00f1a en El Bondi\" \/>\n<meta property=\"og:description\" content=\"El pr\u00f3ximo domingo 28 de septiembre desde el mediod\u00eda, el Centro Cultural y Comunitario El Bondi abre sus puertas para la segunda edici\u00f3n de la pe\u00f1a folcl\u00f3rica que tuvo su primera edici\u00f3n el pasado 25 de mayo, rompiendo r\u00e9cords de espectadores.\" \/>\n<meta property=\"og:url\" content=\"https:\/\/noticiasdeescobar.online\/?p=1362\" \/>\n<meta property=\"og:site_name\" content=\"Noticias de Escobar\" \/>\n<meta property=\"article:published_time\" content=\"2025-09-20T20:47:37+00:00\" \/>\n<meta property=\"article:modified_time\" content=\"2025-09-20T20:47:38+00:00\" \/>\n<meta property=\"og:image\" content=\"https:\/\/noticiasdeescobar.online\/wp-content\/uploads\/2025\/09\/ccbondi.jpg\" \/>\n\t<meta property=\"og:image:width\" content=\"2048\" \/>\n\t<meta property=\"og:image:height\" content=\"1000\" \/>\n\t<meta property=\"og:image:type\" content=\"image\/jpeg\" \/>\n<meta name=\"author\" content=\"Redacci\u00f3n\" \/>\n<meta name=\"twitter:card\" content=\"summary_large_image\" \/>\n<meta name=\"twitter:label1\" content=\"Escrito por\" \/>\n\t<meta name=\"twitter:data1\" content=\"Redacci\u00f3n\" \/>\n\t<meta name=\"twitter:label2\" content=\"Tiempo de lectura\" \/>\n\t<meta name=\"twitter:data2\" content=\"2 minutos\" \/>\n<script type=\"application\/ld+json\" class=\"yoast-schema-graph\">{\"@context\":\"https:\/\/schema.org\",\"@graph\":[{\"@type\":\"WebPage\",\"@id\":\"https:\/\/noticiasdeescobar.online\/?p=1362\",\"url\":\"https:\/\/noticiasdeescobar.online\/?p=1362\",\"name\":\"Se va la segunda: Flor de Pe\u00f1a en El Bondi - Noticias de Escobar\",\"isPartOf\":{\"@id\":\"https:\/\/noticiasdeescobar.online\/#website\"},\"primaryImageOfPage\":{\"@id\":\"https:\/\/noticiasdeescobar.online\/?p=1362#primaryimage\"},\"image\":{\"@id\":\"https:\/\/noticiasdeescobar.online\/?p=1362#primaryimage\"},\"thumbnailUrl\":\"https:\/\/noticiasdeescobar.online\/wp-content\/uploads\/2025\/09\/ccbondi.jpg\",\"datePublished\":\"2025-09-20T20:47:37+00:00\",\"dateModified\":\"2025-09-20T20:47:38+00:00\",\"author\":{\"@id\":\"https:\/\/noticiasdeescobar.online\/#\/schema\/person\/c80a19151f9337b50a779fe1f512ca6a\"},\"description\":\"El pr\u00f3ximo domingo 28 de septiembre desde el mediod\u00eda, el Centro Cultural y Comunitario El Bondi abre sus puertas para la segunda edici\u00f3n de la pe\u00f1a folcl\u00f3rica que tuvo su primera edici\u00f3n el pasado 25 de mayo, rompiendo r\u00e9cords de espectadores.\",\"breadcrumb\":{\"@id\":\"https:\/\/noticiasdeescobar.online\/?p=1362#breadcrumb\"},\"inLanguage\":\"es-AR\",\"potentialAction\":[{\"@type\":\"ReadAction\",\"target\":[\"https:\/\/noticiasdeescobar.online\/?p=1362\"]}]},{\"@type\":\"ImageObject\",\"inLanguage\":\"es-AR\",\"@id\":\"https:\/\/noticiasdeescobar.online\/?p=1362#primaryimage\",\"url\":\"https:\/\/noticiasdeescobar.online\/wp-content\/uploads\/2025\/09\/ccbondi.jpg\",\"contentUrl\":\"https:\/\/noticiasdeescobar.online\/wp-content\/uploads\/2025\/09\/ccbondi.jpg\",\"width\":2048,\"height\":1000},{\"@type\":\"BreadcrumbList\",\"@id\":\"https:\/\/noticiasdeescobar.online\/?p=1362#breadcrumb\",\"itemListElement\":[{\"@type\":\"ListItem\",\"position\":1,\"name\":\"Inicio\",\"item\":\"https:\/\/noticiasdeescobar.online\/\"},{\"@type\":\"ListItem\",\"position\":2,\"name\":\"Se va la segunda: Flor de Pe\u00f1a en El Bondi\"}]},{\"@type\":\"WebSite\",\"@id\":\"https:\/\/noticiasdeescobar.online\/#website\",\"url\":\"https:\/\/noticiasdeescobar.online\/\",\"name\":\"Noticias de Escobar\",\"description\":\"Noticias 24\/7\",\"potentialAction\":[{\"@type\":\"SearchAction\",\"target\":{\"@type\":\"EntryPoint\",\"urlTemplate\":\"https:\/\/noticiasdeescobar.online\/?s={search_term_string}\"},\"query-input\":{\"@type\":\"PropertyValueSpecification\",\"valueRequired\":true,\"valueName\":\"search_term_string\"}}],\"inLanguage\":\"es-AR\"},{\"@type\":\"Person\",\"@id\":\"https:\/\/noticiasdeescobar.online\/#\/schema\/person\/c80a19151f9337b50a779fe1f512ca6a\",\"name\":\"Redacci\u00f3n\",\"image\":{\"@type\":\"ImageObject\",\"inLanguage\":\"es-AR\",\"@id\":\"https:\/\/noticiasdeescobar.online\/#\/schema\/person\/image\/\",\"url\":\"https:\/\/secure.gravatar.com\/avatar\/1db77a0acc41b20b8cbce542c0459eb4?s=96&d=mm&r=g\",\"contentUrl\":\"https:\/\/secure.gravatar.com\/avatar\/1db77a0acc41b20b8cbce542c0459eb4?s=96&d=mm&r=g\",\"caption\":\"Redacci\u00f3n\"},\"sameAs\":[\"http:\/\/noticiasdeescobar.online\"],\"url\":\"https:\/\/noticiasdeescobar.online\/?author=1\"}]}<\/script>\n<!-- \/ Yoast SEO plugin. -->","yoast_head_json":{"title":"Se va la segunda: Flor de Pe\u00f1a en El Bondi - Noticias de Escobar","description":"El pr\u00f3ximo domingo 28 de septiembre desde el mediod\u00eda, el Centro Cultural y Comunitario El Bondi abre sus puertas para la segunda edici\u00f3n de la pe\u00f1a folcl\u00f3rica que tuvo su primera edici\u00f3n el pasado 25 de mayo, rompiendo r\u00e9cords de espectadores.","robots":{"index":"index","follow":"follow","max-snippet":"max-snippet:-1","max-image-preview":"max-image-preview:large","max-video-preview":"max-video-preview:-1"},"canonical":"https:\/\/noticiasdeescobar.online\/?p=1362","og_locale":"es_ES","og_type":"article","og_title":"Se va la segunda: Flor de Pe\u00f1a en El Bondi","og_description":"El pr\u00f3ximo domingo 28 de septiembre desde el mediod\u00eda, el Centro Cultural y Comunitario El Bondi abre sus puertas para la segunda edici\u00f3n de la pe\u00f1a folcl\u00f3rica que tuvo su primera edici\u00f3n el pasado 25 de mayo, rompiendo r\u00e9cords de espectadores.","og_url":"https:\/\/noticiasdeescobar.online\/?p=1362","og_site_name":"Noticias de Escobar","article_published_time":"2025-09-20T20:47:37+00:00","article_modified_time":"2025-09-20T20:47:38+00:00","og_image":[{"width":2048,"height":1000,"url":"https:\/\/noticiasdeescobar.online\/wp-content\/uploads\/2025\/09\/ccbondi.jpg","type":"image\/jpeg"}],"author":"Redacci\u00f3n","twitter_card":"summary_large_image","twitter_misc":{"Escrito por":"Redacci\u00f3n","Tiempo de lectura":"2 minutos"},"schema":{"@context":"https:\/\/schema.org","@graph":[{"@type":"WebPage","@id":"https:\/\/noticiasdeescobar.online\/?p=1362","url":"https:\/\/noticiasdeescobar.online\/?p=1362","name":"Se va la segunda: Flor de Pe\u00f1a en El Bondi - Noticias de Escobar","isPartOf":{"@id":"https:\/\/noticiasdeescobar.online\/#website"},"primaryImageOfPage":{"@id":"https:\/\/noticiasdeescobar.online\/?p=1362#primaryimage"},"image":{"@id":"https:\/\/noticiasdeescobar.online\/?p=1362#primaryimage"},"thumbnailUrl":"https:\/\/noticiasdeescobar.online\/wp-content\/uploads\/2025\/09\/ccbondi.jpg","datePublished":"2025-09-20T20:47:37+00:00","dateModified":"2025-09-20T20:47:38+00:00","author":{"@id":"https:\/\/noticiasdeescobar.online\/#\/schema\/person\/c80a19151f9337b50a779fe1f512ca6a"},"description":"El pr\u00f3ximo domingo 28 de septiembre desde el mediod\u00eda, el Centro Cultural y Comunitario El Bondi abre sus puertas para la segunda edici\u00f3n de la pe\u00f1a folcl\u00f3rica que tuvo su primera edici\u00f3n el pasado 25 de mayo, rompiendo r\u00e9cords de espectadores.","breadcrumb":{"@id":"https:\/\/noticiasdeescobar.online\/?p=1362#breadcrumb"},"inLanguage":"es-AR","potentialAction":[{"@type":"ReadAction","target":["https:\/\/noticiasdeescobar.online\/?p=1362"]}]},{"@type":"ImageObject","inLanguage":"es-AR","@id":"https:\/\/noticiasdeescobar.online\/?p=1362#primaryimage","url":"https:\/\/noticiasdeescobar.online\/wp-content\/uploads\/2025\/09\/ccbondi.jpg","contentUrl":"https:\/\/noticiasdeescobar.online\/wp-content\/uploads\/2025\/09\/ccbondi.jpg","width":2048,"height":1000},{"@type":"BreadcrumbList","@id":"https:\/\/noticiasdeescobar.online\/?p=1362#breadcrumb","itemListElement":[{"@type":"ListItem","position":1,"name":"Inicio","item":"https:\/\/noticiasdeescobar.online\/"},{"@type":"ListItem","position":2,"name":"Se va la segunda: Flor de Pe\u00f1a en El Bondi"}]},{"@type":"WebSite","@id":"https:\/\/noticiasdeescobar.online\/#website","url":"https:\/\/noticiasdeescobar.online\/","name":"Noticias de Escobar","description":"Noticias 24\/7","potentialAction":[{"@type":"SearchAction","target":{"@type":"EntryPoint","urlTemplate":"https:\/\/noticiasdeescobar.online\/?s={search_term_string}"},"query-input":{"@type":"PropertyValueSpecification","valueRequired":true,"valueName":"search_term_string"}}],"inLanguage":"es-AR"},{"@type":"Person","@id":"https:\/\/noticiasdeescobar.online\/#\/schema\/person\/c80a19151f9337b50a779fe1f512ca6a","name":"Redacci\u00f3n","image":{"@type":"ImageObject","inLanguage":"es-AR","@id":"https:\/\/noticiasdeescobar.online\/#\/schema\/person\/image\/","url":"https:\/\/secure.gravatar.com\/avatar\/1db77a0acc41b20b8cbce542c0459eb4?s=96&d=mm&r=g","contentUrl":"https:\/\/secure.gravatar.com\/avatar\/1db77a0acc41b20b8cbce542c0459eb4?s=96&d=mm&r=g","caption":"Redacci\u00f3n"},"sameAs":["http:\/\/noticiasdeescobar.online"],"url":"https:\/\/noticiasdeescobar.online\/?author=1"}]}},"_links":{"self":[{"href":"https:\/\/noticiasdeescobar.online\/index.php?rest_route=\/wp\/v2\/posts\/1362","targetHints":{"allow":["GET"]}}],"collection":[{"href":"https:\/\/noticiasdeescobar.online\/index.php?rest_route=\/wp\/v2\/posts"}],"about":[{"href":"https:\/\/noticiasdeescobar.online\/index.php?rest_route=\/wp\/v2\/types\/post"}],"author":[{"embeddable":true,"href":"https:\/\/noticiasdeescobar.online\/index.php?rest_route=\/wp\/v2\/users\/1"}],"replies":[{"embeddable":true,"href":"https:\/\/noticiasdeescobar.online\/index.php?rest_route=%2Fwp%2Fv2%2Fcomments&post=1362"}],"version-history":[{"count":1,"href":"https:\/\/noticiasdeescobar.online\/index.php?rest_route=\/wp\/v2\/posts\/1362\/revisions"}],"predecessor-version":[{"id":1364,"href":"https:\/\/noticiasdeescobar.online\/index.php?rest_route=\/wp\/v2\/posts\/1362\/revisions\/1364"}],"wp:featuredmedia":[{"embeddable":true,"href":"https:\/\/noticiasdeescobar.online\/index.php?rest_route=\/wp\/v2\/media\/1363"}],"wp:attachment":[{"href":"https:\/\/noticiasdeescobar.online\/index.php?rest_route=%2Fwp%2Fv2%2Fmedia&parent=1362"}],"wp:term":[{"taxonomy":"category","embeddable":true,"href":"https:\/\/noticiasdeescobar.online\/index.php?rest_route=%2Fwp%2Fv2%2Fcategories&post=1362"},{"taxonomy":"post_tag","embeddable":true,"href":"https:\/\/noticiasdeescobar.online\/index.php?rest_route=%2Fwp%2Fv2%2Ftags&post=1362"}],"curies":[{"name":"wp","href":"https:\/\/api.w.org\/{rel}","templated":true}]}}