{"id":1377,"date":"2025-09-27T23:36:00","date_gmt":"2025-09-27T23:36:00","guid":{"rendered":"https:\/\/noticiasdeescobar.online\/?p=1377"},"modified":"2025-09-28T00:44:17","modified_gmt":"2025-09-28T00:44:17","slug":"primeros-shows-confirmados-para-la-fiesta-de-la-flor","status":"publish","type":"post","link":"https:\/\/noticiasdeescobar.online\/?p=1377","title":{"rendered":"Primeros shows confirmados para la Fiesta de la Flor"},"content":{"rendered":"\n<p><strong><em>Rock y cumbia, algunas de las opciones elegidas para la 62\u00b0 edici\u00f3n de la Fiesta Nacional de la Flor. Enterate qui\u00e9nes son los primeros artistas de la grilla.<\/em><\/strong><\/p>\n\n\n\n<!--more-->\n\n\n\n<p>A d\u00edas de comenzar una nueva edici\u00f3n de la Fiesta Nacional de la Flor, surgieron algunos nombres de los artistas que pasar\u00e1n por el escenario principal.<\/p>\n\n\n\n<p>En esta&nbsp;<strong>62a edici\u00f3n de la Fiesta Nacional de la Flor<\/strong>, la elegida es el&nbsp;<strong>girasol<\/strong>, una planta herb\u00e1cea originaria de Centroam\u00e9rica y Norteam\u00e9rica.<\/p>\n\n\n\n<p>S\u00edmbolo del Sol, el girasol representa en la cultura occidental la felicidad, la vitalidad, el positivismo y la energ\u00eda, adem\u00e1s del amor y la admiraci\u00f3n.<\/p>\n\n\n\n<p>Las boleter\u00edas cierran&nbsp;<strong>una hora antes<\/strong>&nbsp;de los horarios establecidos<\/p>\n\n<iframe loading=\"lazy\" width=\"560\" height=\"315\" src=\"https:\/\/www.youtube.com\/embed\/TJkmo1PzfJg?si=OgeiYapHqh_-fuxB\" title=\"YouTube video player\" frameborder=\"0\" allow=\"accelerometer; autoplay; clipboard-write; encrypted-media; gyroscope; picture-in-picture; web-share\" referrerpolicy=\"strict-origin-when-cross-origin\" allowfullscreen><\/iframe>\n\n<ul class=\"wp-block-list\">\n<li><strong>GENERAL A PARTIR DE LOS 10 A\u00d1OS<\/strong>: $10.000<\/li>\n\n\n\n<li><strong>JUBILADOS<\/strong>: $8.000<\/li>\n\n\n\n<li><strong>GENERAL ESCOBAR<\/strong>: $8.000<\/li>\n\n\n\n<li><strong>JUBILADOS ESCOBAR<\/strong>: gratis<\/li>\n\n\n\n<li><strong>MENORES DE 10 A\u00d1OS<\/strong>: gratis<\/li>\n\n\n\n<li><strong>DISCAPACITADOS CON UN ACOMPA\u00d1ANTE<\/strong>: gratis<\/li>\n<\/ul>\n\n\n\n<p>El mi\u00e9rcoles 8, aniversario del Partido de Escobar, la entrada ser\u00e1 <strong>libre y gratuita<\/strong>&nbsp;para los escobarenses presentado DNI.<\/p>\n\n<iframe loading=\"lazy\" width=\"560\" height=\"315\" src=\"https:\/\/www.youtube.com\/embed\/cUMQkH6sqAA?si=gT1Sxnjt9x8j6eby\" title=\"YouTube video player\" frameborder=\"0\" allow=\"accelerometer; autoplay; clipboard-write; encrypted-media; gyroscope; picture-in-picture; web-share\" referrerpolicy=\"strict-origin-when-cross-origin\" allowfullscreen><\/iframe>\n\n<p><strong>La entrada a los shows sin cargo en puerta, solo viernes y s\u00e1bados, ser\u00e1 de<\/strong> 4 alimentos no perecederos.<\/p>\n\n\n\n<p>Los primeros shows confirmados ser\u00e1n Turf (viernes 10) y al d\u00eda siguiente cuatro grupos de cumbia: Jambao y Nico Mattioli, entre otros.<\/p>\n","protected":false},"excerpt":{"rendered":"<p>Rock y cumbia, algunas de las opciones elegidas para la 62\u00b0 edici\u00f3n de la Fiesta Nacional de la Flor. Enterate&hellip;<\/p>\n","protected":false},"author":1,"featured_media":1378,"comment_status":"open","ping_status":"open","sticky":false,"template":"","format":"standard","meta":{"_monsterinsights_skip_tracking":false,"_monsterinsights_sitenote_active":false,"_monsterinsights_sitenote_note":"","_monsterinsights_sitenote_category":0,"footnotes":""},"categories":[75],"tags":[218],"class_list":["post-1377","post","type-post","status-publish","format-standard","has-post-thumbnail","hentry","category-cultura","tag-fiesta-de-la-flor"],"yoast_head":"<!-- This site is optimized with the Yoast SEO plugin v25.3.1 - https:\/\/yoast.com\/wordpress\/plugins\/seo\/ -->\n<title>Primeros shows confirmados para la Fiesta de la Flor - Noticias de Escobar<\/title>\n<meta name=\"description\" content=\"Rock y cumbia, algunas de las opciones elegidas para la 62\u00b0 edici\u00f3n de la Fiesta Nacional de la Flor. Enterate qui\u00e9nes son los primeros artistas de la grilla.\" \/>\n<meta name=\"robots\" content=\"index, follow, max-snippet:-1, max-image-preview:large, max-video-preview:-1\" \/>\n<link rel=\"canonical\" href=\"https:\/\/noticiasdeescobar.online\/?p=1377\" \/>\n<meta property=\"og:locale\" content=\"es_ES\" \/>\n<meta property=\"og:type\" content=\"article\" \/>\n<meta property=\"og:title\" content=\"Primeros shows confirmados para la Fiesta de la Flor\" \/>\n<meta property=\"og:description\" content=\"Rock y cumbia, algunas de las opciones elegidas para la 62\u00b0 edici\u00f3n de la Fiesta Nacional de la Flor. Enterate qui\u00e9nes son los primeros artistas de la grilla.\" \/>\n<meta property=\"og:url\" content=\"https:\/\/noticiasdeescobar.online\/?p=1377\" \/>\n<meta property=\"og:site_name\" content=\"Noticias de Escobar\" \/>\n<meta property=\"article:published_time\" content=\"2025-09-27T23:36:00+00:00\" \/>\n<meta property=\"article:modified_time\" content=\"2025-09-28T00:44:17+00:00\" \/>\n<meta property=\"og:image\" content=\"https:\/\/noticiasdeescobar.online\/wp-content\/uploads\/2025\/09\/ChatGPT-Image-27-sept-2025-21_41_20.png\" \/>\n\t<meta property=\"og:image:width\" content=\"1536\" \/>\n\t<meta property=\"og:image:height\" content=\"1024\" \/>\n\t<meta property=\"og:image:type\" content=\"image\/png\" \/>\n<meta name=\"author\" content=\"Redacci\u00f3n\" \/>\n<meta name=\"twitter:card\" content=\"summary_large_image\" \/>\n<meta name=\"twitter:label1\" content=\"Escrito por\" \/>\n\t<meta name=\"twitter:data1\" content=\"Redacci\u00f3n\" \/>\n\t<meta name=\"twitter:label2\" content=\"Tiempo de lectura\" \/>\n\t<meta name=\"twitter:data2\" content=\"2 minutos\" \/>\n<script type=\"application\/ld+json\" class=\"yoast-schema-graph\">{\"@context\":\"https:\/\/schema.org\",\"@graph\":[{\"@type\":\"WebPage\",\"@id\":\"https:\/\/noticiasdeescobar.online\/?p=1377\",\"url\":\"https:\/\/noticiasdeescobar.online\/?p=1377\",\"name\":\"Primeros shows confirmados para la Fiesta de la Flor - Noticias de Escobar\",\"isPartOf\":{\"@id\":\"https:\/\/noticiasdeescobar.online\/#website\"},\"primaryImageOfPage\":{\"@id\":\"https:\/\/noticiasdeescobar.online\/?p=1377#primaryimage\"},\"image\":{\"@id\":\"https:\/\/noticiasdeescobar.online\/?p=1377#primaryimage\"},\"thumbnailUrl\":\"https:\/\/noticiasdeescobar.online\/wp-content\/uploads\/2025\/09\/ChatGPT-Image-27-sept-2025-21_41_20.png\",\"datePublished\":\"2025-09-27T23:36:00+00:00\",\"dateModified\":\"2025-09-28T00:44:17+00:00\",\"author\":{\"@id\":\"https:\/\/noticiasdeescobar.online\/#\/schema\/person\/c80a19151f9337b50a779fe1f512ca6a\"},\"description\":\"Rock y cumbia, algunas de las opciones elegidas para la 62\u00b0 edici\u00f3n de la Fiesta Nacional de la Flor. Enterate qui\u00e9nes son los primeros artistas de la grilla.\",\"breadcrumb\":{\"@id\":\"https:\/\/noticiasdeescobar.online\/?p=1377#breadcrumb\"},\"inLanguage\":\"es-AR\",\"potentialAction\":[{\"@type\":\"ReadAction\",\"target\":[\"https:\/\/noticiasdeescobar.online\/?p=1377\"]}]},{\"@type\":\"ImageObject\",\"inLanguage\":\"es-AR\",\"@id\":\"https:\/\/noticiasdeescobar.online\/?p=1377#primaryimage\",\"url\":\"https:\/\/noticiasdeescobar.online\/wp-content\/uploads\/2025\/09\/ChatGPT-Image-27-sept-2025-21_41_20.png\",\"contentUrl\":\"https:\/\/noticiasdeescobar.online\/wp-content\/uploads\/2025\/09\/ChatGPT-Image-27-sept-2025-21_41_20.png\",\"width\":1536,\"height\":1024},{\"@type\":\"BreadcrumbList\",\"@id\":\"https:\/\/noticiasdeescobar.online\/?p=1377#breadcrumb\",\"itemListElement\":[{\"@type\":\"ListItem\",\"position\":1,\"name\":\"Inicio\",\"item\":\"https:\/\/noticiasdeescobar.online\/\"},{\"@type\":\"ListItem\",\"position\":2,\"name\":\"Primeros shows confirmados para la Fiesta de la Flor\"}]},{\"@type\":\"WebSite\",\"@id\":\"https:\/\/noticiasdeescobar.online\/#website\",\"url\":\"https:\/\/noticiasdeescobar.online\/\",\"name\":\"Noticias de Escobar\",\"description\":\"Noticias 24\/7\",\"potentialAction\":[{\"@type\":\"SearchAction\",\"target\":{\"@type\":\"EntryPoint\",\"urlTemplate\":\"https:\/\/noticiasdeescobar.online\/?s={search_term_string}\"},\"query-input\":{\"@type\":\"PropertyValueSpecification\",\"valueRequired\":true,\"valueName\":\"search_term_string\"}}],\"inLanguage\":\"es-AR\"},{\"@type\":\"Person\",\"@id\":\"https:\/\/noticiasdeescobar.online\/#\/schema\/person\/c80a19151f9337b50a779fe1f512ca6a\",\"name\":\"Redacci\u00f3n\",\"image\":{\"@type\":\"ImageObject\",\"inLanguage\":\"es-AR\",\"@id\":\"https:\/\/noticiasdeescobar.online\/#\/schema\/person\/image\/\",\"url\":\"https:\/\/secure.gravatar.com\/avatar\/1db77a0acc41b20b8cbce542c0459eb4?s=96&d=mm&r=g\",\"contentUrl\":\"https:\/\/secure.gravatar.com\/avatar\/1db77a0acc41b20b8cbce542c0459eb4?s=96&d=mm&r=g\",\"caption\":\"Redacci\u00f3n\"},\"sameAs\":[\"http:\/\/noticiasdeescobar.online\"],\"url\":\"https:\/\/noticiasdeescobar.online\/?author=1\"}]}<\/script>\n<!-- \/ Yoast SEO plugin. -->","yoast_head_json":{"title":"Primeros shows confirmados para la Fiesta de la Flor - Noticias de Escobar","description":"Rock y cumbia, algunas de las opciones elegidas para la 62\u00b0 edici\u00f3n de la Fiesta Nacional de la Flor. Enterate qui\u00e9nes son los primeros artistas de la grilla.","robots":{"index":"index","follow":"follow","max-snippet":"max-snippet:-1","max-image-preview":"max-image-preview:large","max-video-preview":"max-video-preview:-1"},"canonical":"https:\/\/noticiasdeescobar.online\/?p=1377","og_locale":"es_ES","og_type":"article","og_title":"Primeros shows confirmados para la Fiesta de la Flor","og_description":"Rock y cumbia, algunas de las opciones elegidas para la 62\u00b0 edici\u00f3n de la Fiesta Nacional de la Flor. Enterate qui\u00e9nes son los primeros artistas de la grilla.","og_url":"https:\/\/noticiasdeescobar.online\/?p=1377","og_site_name":"Noticias de Escobar","article_published_time":"2025-09-27T23:36:00+00:00","article_modified_time":"2025-09-28T00:44:17+00:00","og_image":[{"width":1536,"height":1024,"url":"https:\/\/noticiasdeescobar.online\/wp-content\/uploads\/2025\/09\/ChatGPT-Image-27-sept-2025-21_41_20.png","type":"image\/png"}],"author":"Redacci\u00f3n","twitter_card":"summary_large_image","twitter_misc":{"Escrito por":"Redacci\u00f3n","Tiempo de lectura":"2 minutos"},"schema":{"@context":"https:\/\/schema.org","@graph":[{"@type":"WebPage","@id":"https:\/\/noticiasdeescobar.online\/?p=1377","url":"https:\/\/noticiasdeescobar.online\/?p=1377","name":"Primeros shows confirmados para la Fiesta de la Flor - Noticias de Escobar","isPartOf":{"@id":"https:\/\/noticiasdeescobar.online\/#website"},"primaryImageOfPage":{"@id":"https:\/\/noticiasdeescobar.online\/?p=1377#primaryimage"},"image":{"@id":"https:\/\/noticiasdeescobar.online\/?p=1377#primaryimage"},"thumbnailUrl":"https:\/\/noticiasdeescobar.online\/wp-content\/uploads\/2025\/09\/ChatGPT-Image-27-sept-2025-21_41_20.png","datePublished":"2025-09-27T23:36:00+00:00","dateModified":"2025-09-28T00:44:17+00:00","author":{"@id":"https:\/\/noticiasdeescobar.online\/#\/schema\/person\/c80a19151f9337b50a779fe1f512ca6a"},"description":"Rock y cumbia, algunas de las opciones elegidas para la 62\u00b0 edici\u00f3n de la Fiesta Nacional de la Flor. Enterate qui\u00e9nes son los primeros artistas de la grilla.","breadcrumb":{"@id":"https:\/\/noticiasdeescobar.online\/?p=1377#breadcrumb"},"inLanguage":"es-AR","potentialAction":[{"@type":"ReadAction","target":["https:\/\/noticiasdeescobar.online\/?p=1377"]}]},{"@type":"ImageObject","inLanguage":"es-AR","@id":"https:\/\/noticiasdeescobar.online\/?p=1377#primaryimage","url":"https:\/\/noticiasdeescobar.online\/wp-content\/uploads\/2025\/09\/ChatGPT-Image-27-sept-2025-21_41_20.png","contentUrl":"https:\/\/noticiasdeescobar.online\/wp-content\/uploads\/2025\/09\/ChatGPT-Image-27-sept-2025-21_41_20.png","width":1536,"height":1024},{"@type":"BreadcrumbList","@id":"https:\/\/noticiasdeescobar.online\/?p=1377#breadcrumb","itemListElement":[{"@type":"ListItem","position":1,"name":"Inicio","item":"https:\/\/noticiasdeescobar.online\/"},{"@type":"ListItem","position":2,"name":"Primeros shows confirmados para la Fiesta de la Flor"}]},{"@type":"WebSite","@id":"https:\/\/noticiasdeescobar.online\/#website","url":"https:\/\/noticiasdeescobar.online\/","name":"Noticias de Escobar","description":"Noticias 24\/7","potentialAction":[{"@type":"SearchAction","target":{"@type":"EntryPoint","urlTemplate":"https:\/\/noticiasdeescobar.online\/?s={search_term_string}"},"query-input":{"@type":"PropertyValueSpecification","valueRequired":true,"valueName":"search_term_string"}}],"inLanguage":"es-AR"},{"@type":"Person","@id":"https:\/\/noticiasdeescobar.online\/#\/schema\/person\/c80a19151f9337b50a779fe1f512ca6a","name":"Redacci\u00f3n","image":{"@type":"ImageObject","inLanguage":"es-AR","@id":"https:\/\/noticiasdeescobar.online\/#\/schema\/person\/image\/","url":"https:\/\/secure.gravatar.com\/avatar\/1db77a0acc41b20b8cbce542c0459eb4?s=96&d=mm&r=g","contentUrl":"https:\/\/secure.gravatar.com\/avatar\/1db77a0acc41b20b8cbce542c0459eb4?s=96&d=mm&r=g","caption":"Redacci\u00f3n"},"sameAs":["http:\/\/noticiasdeescobar.online"],"url":"https:\/\/noticiasdeescobar.online\/?author=1"}]}},"_links":{"self":[{"href":"https:\/\/noticiasdeescobar.online\/index.php?rest_route=\/wp\/v2\/posts\/1377","targetHints":{"allow":["GET"]}}],"collection":[{"href":"https:\/\/noticiasdeescobar.online\/index.php?rest_route=\/wp\/v2\/posts"}],"about":[{"href":"https:\/\/noticiasdeescobar.online\/index.php?rest_route=\/wp\/v2\/types\/post"}],"author":[{"embeddable":true,"href":"https:\/\/noticiasdeescobar.online\/index.php?rest_route=\/wp\/v2\/users\/1"}],"replies":[{"embeddable":true,"href":"https:\/\/noticiasdeescobar.online\/index.php?rest_route=%2Fwp%2Fv2%2Fcomments&post=1377"}],"version-history":[{"count":1,"href":"https:\/\/noticiasdeescobar.online\/index.php?rest_route=\/wp\/v2\/posts\/1377\/revisions"}],"predecessor-version":[{"id":1379,"href":"https:\/\/noticiasdeescobar.online\/index.php?rest_route=\/wp\/v2\/posts\/1377\/revisions\/1379"}],"wp:featuredmedia":[{"embeddable":true,"href":"https:\/\/noticiasdeescobar.online\/index.php?rest_route=\/wp\/v2\/media\/1378"}],"wp:attachment":[{"href":"https:\/\/noticiasdeescobar.online\/index.php?rest_route=%2Fwp%2Fv2%2Fmedia&parent=1377"}],"wp:term":[{"taxonomy":"category","embeddable":true,"href":"https:\/\/noticiasdeescobar.online\/index.php?rest_route=%2Fwp%2Fv2%2Fcategories&post=1377"},{"taxonomy":"post_tag","embeddable":true,"href":"https:\/\/noticiasdeescobar.online\/index.php?rest_route=%2Fwp%2Fv2%2Ftags&post=1377"}],"curies":[{"name":"wp","href":"https:\/\/api.w.org\/{rel}","templated":true}]}}