{"id":1387,"date":"2025-09-30T14:12:55","date_gmt":"2025-09-30T14:12:55","guid":{"rendered":"https:\/\/noticiasdeescobar.online\/?p=1387"},"modified":"2025-09-30T14:13:36","modified_gmt":"2025-09-30T14:13:36","slug":"la-fiesta-de-la-flor-y-sin-miedo-se-unen-para-cuatro-recitales-a-beneficio","status":"publish","type":"post","link":"https:\/\/noticiasdeescobar.online\/?p=1387","title":{"rendered":"La Fiesta de la Flor y Sin Miedo se unen para cuatro recitales a beneficio"},"content":{"rendered":"\n<p><strong><em>Tal como adelant\u00f3 Noticias de Escobar, habr\u00e1 recitales de cumbia el d\u00eda s\u00e1bado. La entrada al show consistir\u00e1 en 4 alimentos no perecederos que ser\u00e1n destinados a comedores del distrito, centros de jubilados y al programa Escobar Hambre Cero.<\/em><\/strong><\/p>\n\n\n\n<!--more-->\n\n\n\n<p><\/p>\n\n\n\n<p>La 62\u00b0 edici\u00f3n de la Fiesta Nacional de la Flor tendr\u00e1 un inicio a pura m\u00fasica y con un fuerte compromiso solidario. El s\u00e1bado 11, desde las 20.30, el escenario del Predio Floral recibir\u00e1 a Nicol\u00e1s Mattioli, Jambao, Dani Lescano, Supermerca2 y, en coordinaci\u00f3n con el canal de Youtube Sin Miedo, tal como <a href=\"https:\/\/noticiasdeescobar.online\/?p=1377\" target=\"_blank\" rel=\"noreferrer noopener\">adelant\u00f3 este portal <\/a>el s\u00e1bado 27.<\/p>\n\n\n\n<p>La entrada ser\u00e1 un aporte solidario: se pedir\u00e1 a cada asistente entregar cuatro alimentos no perecederos que ser\u00e1n destinados a comedores comunitarios, centros de jubilados y al programa municipal Escobar Hambre Cero.<\/p>\n\n\n\n<p>El recital se realizar\u00e1 en Mateo Gelves 1050, Bel\u00e9n de Escobar, y contar\u00e1 con cupo limitado, por lo que el acceso ser\u00e1 por orden de llegada. Para quienes lleguen temprano, desde las 18 habr\u00e1 DJs animando la espera y acompa\u00f1ando el atardecer.<\/p>\n\n\n\n<p>Toda la informaci\u00f3n sobre la Fiesta Nacional de la Flor \u2014atracciones, grilla art\u00edstica, transporte y servicios\u2014 se encuentra disponible en el sitio oficial <a href=\"http:\/\/escobar.gob.ar\/fnf\">escobar.gob.ar\/fnf<\/a>.<\/p>\n","protected":false},"excerpt":{"rendered":"<p>Tal como adelant\u00f3 Noticias de Escobar, habr\u00e1 recitales de cumbia el d\u00eda s\u00e1bado. La entrada al show consistir\u00e1 en 4&hellip;<\/p>\n","protected":false},"author":1,"featured_media":1388,"comment_status":"open","ping_status":"open","sticky":false,"template":"","format":"standard","meta":{"_monsterinsights_skip_tracking":false,"_monsterinsights_sitenote_active":false,"_monsterinsights_sitenote_note":"","_monsterinsights_sitenote_category":0,"footnotes":""},"categories":[75],"tags":[206,219],"class_list":["post-1387","post","type-post","status-publish","format-standard","has-post-thumbnail","hentry","category-cultura","tag-fiesta-nacional-de-la-flor","tag-sin-miedo"],"yoast_head":"<!-- This site is optimized with the Yoast SEO plugin v25.3.1 - https:\/\/yoast.com\/wordpress\/plugins\/seo\/ -->\n<title>La Fiesta de la Flor y Sin Miedo se unen para cuatro recitales a beneficio - Noticias de Escobar<\/title>\n<meta name=\"description\" content=\"Tal como adelant\u00f3 Noticias de Escobar, habr\u00e1 recitales de cumbia el d\u00eda s\u00e1bado. La entrada al show consistir\u00e1 en 4 alimentos no perecederos que ser\u00e1n destinados a comedores del distrito, centros de jubilados y al programa Escobar Hambre Cero.\" \/>\n<meta name=\"robots\" content=\"index, follow, max-snippet:-1, max-image-preview:large, max-video-preview:-1\" \/>\n<link rel=\"canonical\" href=\"https:\/\/noticiasdeescobar.online\/?p=1387\" \/>\n<meta property=\"og:locale\" content=\"es_ES\" \/>\n<meta property=\"og:type\" content=\"article\" \/>\n<meta property=\"og:title\" content=\"La Fiesta de la Flor y Sin Miedo se unen para cuatro recitales a beneficio\" \/>\n<meta property=\"og:description\" content=\"Tal como adelant\u00f3 Noticias de Escobar, habr\u00e1 recitales de cumbia el d\u00eda s\u00e1bado. La entrada al show consistir\u00e1 en 4 alimentos no perecederos que ser\u00e1n destinados a comedores del distrito, centros de jubilados y al programa Escobar Hambre Cero.\" \/>\n<meta property=\"og:url\" content=\"https:\/\/noticiasdeescobar.online\/?p=1387\" \/>\n<meta property=\"og:site_name\" content=\"Noticias de Escobar\" \/>\n<meta property=\"article:published_time\" content=\"2025-09-30T14:12:55+00:00\" \/>\n<meta property=\"article:modified_time\" content=\"2025-09-30T14:13:36+00:00\" \/>\n<meta property=\"og:image\" content=\"https:\/\/noticiasdeescobar.online\/wp-content\/uploads\/2025\/09\/490809590_18298396090246847_7823637852305146283_n-1-e1759241439319.jpg\" \/>\n\t<meta property=\"og:image:width\" content=\"1080\" \/>\n\t<meta property=\"og:image:height\" content=\"910\" \/>\n\t<meta property=\"og:image:type\" content=\"image\/jpeg\" \/>\n<meta name=\"author\" content=\"Redacci\u00f3n\" \/>\n<meta name=\"twitter:card\" content=\"summary_large_image\" \/>\n<meta name=\"twitter:label1\" content=\"Escrito por\" \/>\n\t<meta name=\"twitter:data1\" content=\"Redacci\u00f3n\" \/>\n\t<meta name=\"twitter:label2\" content=\"Tiempo de lectura\" \/>\n\t<meta name=\"twitter:data2\" content=\"2 minutos\" \/>\n<script type=\"application\/ld+json\" class=\"yoast-schema-graph\">{\"@context\":\"https:\/\/schema.org\",\"@graph\":[{\"@type\":\"WebPage\",\"@id\":\"https:\/\/noticiasdeescobar.online\/?p=1387\",\"url\":\"https:\/\/noticiasdeescobar.online\/?p=1387\",\"name\":\"La Fiesta de la Flor y Sin Miedo se unen para cuatro recitales a beneficio - Noticias de Escobar\",\"isPartOf\":{\"@id\":\"https:\/\/noticiasdeescobar.online\/#website\"},\"primaryImageOfPage\":{\"@id\":\"https:\/\/noticiasdeescobar.online\/?p=1387#primaryimage\"},\"image\":{\"@id\":\"https:\/\/noticiasdeescobar.online\/?p=1387#primaryimage\"},\"thumbnailUrl\":\"https:\/\/noticiasdeescobar.online\/wp-content\/uploads\/2025\/09\/490809590_18298396090246847_7823637852305146283_n-1-e1759241439319.jpg\",\"datePublished\":\"2025-09-30T14:12:55+00:00\",\"dateModified\":\"2025-09-30T14:13:36+00:00\",\"author\":{\"@id\":\"https:\/\/noticiasdeescobar.online\/#\/schema\/person\/c80a19151f9337b50a779fe1f512ca6a\"},\"description\":\"Tal como adelant\u00f3 Noticias de Escobar, habr\u00e1 recitales de cumbia el d\u00eda s\u00e1bado. La entrada al show consistir\u00e1 en 4 alimentos no perecederos que ser\u00e1n destinados a comedores del distrito, centros de jubilados y al programa Escobar Hambre Cero.\",\"breadcrumb\":{\"@id\":\"https:\/\/noticiasdeescobar.online\/?p=1387#breadcrumb\"},\"inLanguage\":\"es-AR\",\"potentialAction\":[{\"@type\":\"ReadAction\",\"target\":[\"https:\/\/noticiasdeescobar.online\/?p=1387\"]}]},{\"@type\":\"ImageObject\",\"inLanguage\":\"es-AR\",\"@id\":\"https:\/\/noticiasdeescobar.online\/?p=1387#primaryimage\",\"url\":\"https:\/\/noticiasdeescobar.online\/wp-content\/uploads\/2025\/09\/490809590_18298396090246847_7823637852305146283_n-1-e1759241439319.jpg\",\"contentUrl\":\"https:\/\/noticiasdeescobar.online\/wp-content\/uploads\/2025\/09\/490809590_18298396090246847_7823637852305146283_n-1-e1759241439319.jpg\",\"width\":1080,\"height\":910},{\"@type\":\"BreadcrumbList\",\"@id\":\"https:\/\/noticiasdeescobar.online\/?p=1387#breadcrumb\",\"itemListElement\":[{\"@type\":\"ListItem\",\"position\":1,\"name\":\"Inicio\",\"item\":\"https:\/\/noticiasdeescobar.online\/\"},{\"@type\":\"ListItem\",\"position\":2,\"name\":\"La Fiesta de la Flor y Sin Miedo se unen para cuatro recitales a beneficio\"}]},{\"@type\":\"WebSite\",\"@id\":\"https:\/\/noticiasdeescobar.online\/#website\",\"url\":\"https:\/\/noticiasdeescobar.online\/\",\"name\":\"Noticias de Escobar\",\"description\":\"Noticias 24\/7\",\"potentialAction\":[{\"@type\":\"SearchAction\",\"target\":{\"@type\":\"EntryPoint\",\"urlTemplate\":\"https:\/\/noticiasdeescobar.online\/?s={search_term_string}\"},\"query-input\":{\"@type\":\"PropertyValueSpecification\",\"valueRequired\":true,\"valueName\":\"search_term_string\"}}],\"inLanguage\":\"es-AR\"},{\"@type\":\"Person\",\"@id\":\"https:\/\/noticiasdeescobar.online\/#\/schema\/person\/c80a19151f9337b50a779fe1f512ca6a\",\"name\":\"Redacci\u00f3n\",\"image\":{\"@type\":\"ImageObject\",\"inLanguage\":\"es-AR\",\"@id\":\"https:\/\/noticiasdeescobar.online\/#\/schema\/person\/image\/\",\"url\":\"https:\/\/secure.gravatar.com\/avatar\/1db77a0acc41b20b8cbce542c0459eb4?s=96&d=mm&r=g\",\"contentUrl\":\"https:\/\/secure.gravatar.com\/avatar\/1db77a0acc41b20b8cbce542c0459eb4?s=96&d=mm&r=g\",\"caption\":\"Redacci\u00f3n\"},\"sameAs\":[\"http:\/\/noticiasdeescobar.online\"],\"url\":\"https:\/\/noticiasdeescobar.online\/?author=1\"}]}<\/script>\n<!-- \/ Yoast SEO plugin. -->","yoast_head_json":{"title":"La Fiesta de la Flor y Sin Miedo se unen para cuatro recitales a beneficio - Noticias de Escobar","description":"Tal como adelant\u00f3 Noticias de Escobar, habr\u00e1 recitales de cumbia el d\u00eda s\u00e1bado. La entrada al show consistir\u00e1 en 4 alimentos no perecederos que ser\u00e1n destinados a comedores del distrito, centros de jubilados y al programa Escobar Hambre Cero.","robots":{"index":"index","follow":"follow","max-snippet":"max-snippet:-1","max-image-preview":"max-image-preview:large","max-video-preview":"max-video-preview:-1"},"canonical":"https:\/\/noticiasdeescobar.online\/?p=1387","og_locale":"es_ES","og_type":"article","og_title":"La Fiesta de la Flor y Sin Miedo se unen para cuatro recitales a beneficio","og_description":"Tal como adelant\u00f3 Noticias de Escobar, habr\u00e1 recitales de cumbia el d\u00eda s\u00e1bado. La entrada al show consistir\u00e1 en 4 alimentos no perecederos que ser\u00e1n destinados a comedores del distrito, centros de jubilados y al programa Escobar Hambre Cero.","og_url":"https:\/\/noticiasdeescobar.online\/?p=1387","og_site_name":"Noticias de Escobar","article_published_time":"2025-09-30T14:12:55+00:00","article_modified_time":"2025-09-30T14:13:36+00:00","og_image":[{"width":1080,"height":910,"url":"https:\/\/noticiasdeescobar.online\/wp-content\/uploads\/2025\/09\/490809590_18298396090246847_7823637852305146283_n-1-e1759241439319.jpg","type":"image\/jpeg"}],"author":"Redacci\u00f3n","twitter_card":"summary_large_image","twitter_misc":{"Escrito por":"Redacci\u00f3n","Tiempo de lectura":"2 minutos"},"schema":{"@context":"https:\/\/schema.org","@graph":[{"@type":"WebPage","@id":"https:\/\/noticiasdeescobar.online\/?p=1387","url":"https:\/\/noticiasdeescobar.online\/?p=1387","name":"La Fiesta de la Flor y Sin Miedo se unen para cuatro recitales a beneficio - Noticias de Escobar","isPartOf":{"@id":"https:\/\/noticiasdeescobar.online\/#website"},"primaryImageOfPage":{"@id":"https:\/\/noticiasdeescobar.online\/?p=1387#primaryimage"},"image":{"@id":"https:\/\/noticiasdeescobar.online\/?p=1387#primaryimage"},"thumbnailUrl":"https:\/\/noticiasdeescobar.online\/wp-content\/uploads\/2025\/09\/490809590_18298396090246847_7823637852305146283_n-1-e1759241439319.jpg","datePublished":"2025-09-30T14:12:55+00:00","dateModified":"2025-09-30T14:13:36+00:00","author":{"@id":"https:\/\/noticiasdeescobar.online\/#\/schema\/person\/c80a19151f9337b50a779fe1f512ca6a"},"description":"Tal como adelant\u00f3 Noticias de Escobar, habr\u00e1 recitales de cumbia el d\u00eda s\u00e1bado. La entrada al show consistir\u00e1 en 4 alimentos no perecederos que ser\u00e1n destinados a comedores del distrito, centros de jubilados y al programa Escobar Hambre Cero.","breadcrumb":{"@id":"https:\/\/noticiasdeescobar.online\/?p=1387#breadcrumb"},"inLanguage":"es-AR","potentialAction":[{"@type":"ReadAction","target":["https:\/\/noticiasdeescobar.online\/?p=1387"]}]},{"@type":"ImageObject","inLanguage":"es-AR","@id":"https:\/\/noticiasdeescobar.online\/?p=1387#primaryimage","url":"https:\/\/noticiasdeescobar.online\/wp-content\/uploads\/2025\/09\/490809590_18298396090246847_7823637852305146283_n-1-e1759241439319.jpg","contentUrl":"https:\/\/noticiasdeescobar.online\/wp-content\/uploads\/2025\/09\/490809590_18298396090246847_7823637852305146283_n-1-e1759241439319.jpg","width":1080,"height":910},{"@type":"BreadcrumbList","@id":"https:\/\/noticiasdeescobar.online\/?p=1387#breadcrumb","itemListElement":[{"@type":"ListItem","position":1,"name":"Inicio","item":"https:\/\/noticiasdeescobar.online\/"},{"@type":"ListItem","position":2,"name":"La Fiesta de la Flor y Sin Miedo se unen para cuatro recitales a beneficio"}]},{"@type":"WebSite","@id":"https:\/\/noticiasdeescobar.online\/#website","url":"https:\/\/noticiasdeescobar.online\/","name":"Noticias de Escobar","description":"Noticias 24\/7","potentialAction":[{"@type":"SearchAction","target":{"@type":"EntryPoint","urlTemplate":"https:\/\/noticiasdeescobar.online\/?s={search_term_string}"},"query-input":{"@type":"PropertyValueSpecification","valueRequired":true,"valueName":"search_term_string"}}],"inLanguage":"es-AR"},{"@type":"Person","@id":"https:\/\/noticiasdeescobar.online\/#\/schema\/person\/c80a19151f9337b50a779fe1f512ca6a","name":"Redacci\u00f3n","image":{"@type":"ImageObject","inLanguage":"es-AR","@id":"https:\/\/noticiasdeescobar.online\/#\/schema\/person\/image\/","url":"https:\/\/secure.gravatar.com\/avatar\/1db77a0acc41b20b8cbce542c0459eb4?s=96&d=mm&r=g","contentUrl":"https:\/\/secure.gravatar.com\/avatar\/1db77a0acc41b20b8cbce542c0459eb4?s=96&d=mm&r=g","caption":"Redacci\u00f3n"},"sameAs":["http:\/\/noticiasdeescobar.online"],"url":"https:\/\/noticiasdeescobar.online\/?author=1"}]}},"_links":{"self":[{"href":"https:\/\/noticiasdeescobar.online\/index.php?rest_route=\/wp\/v2\/posts\/1387","targetHints":{"allow":["GET"]}}],"collection":[{"href":"https:\/\/noticiasdeescobar.online\/index.php?rest_route=\/wp\/v2\/posts"}],"about":[{"href":"https:\/\/noticiasdeescobar.online\/index.php?rest_route=\/wp\/v2\/types\/post"}],"author":[{"embeddable":true,"href":"https:\/\/noticiasdeescobar.online\/index.php?rest_route=\/wp\/v2\/users\/1"}],"replies":[{"embeddable":true,"href":"https:\/\/noticiasdeescobar.online\/index.php?rest_route=%2Fwp%2Fv2%2Fcomments&post=1387"}],"version-history":[{"count":1,"href":"https:\/\/noticiasdeescobar.online\/index.php?rest_route=\/wp\/v2\/posts\/1387\/revisions"}],"predecessor-version":[{"id":1389,"href":"https:\/\/noticiasdeescobar.online\/index.php?rest_route=\/wp\/v2\/posts\/1387\/revisions\/1389"}],"wp:featuredmedia":[{"embeddable":true,"href":"https:\/\/noticiasdeescobar.online\/index.php?rest_route=\/wp\/v2\/media\/1388"}],"wp:attachment":[{"href":"https:\/\/noticiasdeescobar.online\/index.php?rest_route=%2Fwp%2Fv2%2Fmedia&parent=1387"}],"wp:term":[{"taxonomy":"category","embeddable":true,"href":"https:\/\/noticiasdeescobar.online\/index.php?rest_route=%2Fwp%2Fv2%2Fcategories&post=1387"},{"taxonomy":"post_tag","embeddable":true,"href":"https:\/\/noticiasdeescobar.online\/index.php?rest_route=%2Fwp%2Fv2%2Ftags&post=1387"}],"curies":[{"name":"wp","href":"https:\/\/api.w.org\/{rel}","templated":true}]}}