{"id":1391,"date":"2025-10-09T03:28:31","date_gmt":"2025-10-09T03:28:31","guid":{"rendered":"https:\/\/noticiasdeescobar.online\/?p=1391"},"modified":"2025-10-09T03:30:40","modified_gmt":"2025-10-09T03:30:40","slug":"docentes-de-la-agrupacion-almafuerte-se-movilizaron-por-el-centro-de-escobar-en-defensa-de-la-educacion-publica","status":"publish","type":"post","link":"https:\/\/noticiasdeescobar.online\/?p=1391","title":{"rendered":"Docentes de la Agrupaci\u00f3n Almafuerte se movilizaron por el centro de Escobar en defensa de la educaci\u00f3n p\u00fablica"},"content":{"rendered":"\n<p>La Agrupaci\u00f3n Almafuerte llev\u00f3 adelante este mi\u00e9rcoles una jornada de lucha y visibilizaci\u00f3n en el centro de Escobar, con el objetivo de difundir la situaci\u00f3n cr\u00edtica que atraviesan las universidades y las escuelas p\u00fablicas, adem\u00e1s de reclamar por el ajuste salarial y la falta de pago del Incentivo Docente.<\/p>\n\n\n\n<!--more-->\n\n\n\n<figure class=\"wp-block-video aligncenter\"><video controls src=\"https:\/\/noticiasdeescobar.online\/wp-content\/uploads\/2025\/10\/WhatsApp-Video-2025-10-08-at-13.12.09.mp4\"><\/video><\/figure>\n\n\n\n<p>Durante la actividad, los docentes realizaron una radio abierta en la plaza Am\u00e9rica Latina, donde compartieron con vecinos y vecinas sus reclamos y reflexiones sobre la realidad educativa. Con carteles, volantes y mensajes a trav\u00e9s de parlantes, la agrupaci\u00f3n busc\u00f3 generar conciencia sobre la importancia de defender la educaci\u00f3n p\u00fablica y de garantizar condiciones dignas para quienes ense\u00f1an y estudian.<\/p>\n\n\n<div class=\"wp-block-image\">\n<figure class=\"aligncenter size-large\"><img loading=\"lazy\" decoding=\"async\" width=\"1024\" height=\"768\" src=\"https:\/\/noticiasdeescobar.online\/wp-content\/uploads\/2025\/10\/80b61d53-b9fd-40e6-9c17-afa64f3c1325-1024x768.jpg\" alt=\"\" class=\"wp-image-1392\" srcset=\"https:\/\/noticiasdeescobar.online\/wp-content\/uploads\/2025\/10\/80b61d53-b9fd-40e6-9c17-afa64f3c1325-1024x768.jpg 1024w, https:\/\/noticiasdeescobar.online\/wp-content\/uploads\/2025\/10\/80b61d53-b9fd-40e6-9c17-afa64f3c1325-300x225.jpg 300w, https:\/\/noticiasdeescobar.online\/wp-content\/uploads\/2025\/10\/80b61d53-b9fd-40e6-9c17-afa64f3c1325-768x576.jpg 768w, https:\/\/noticiasdeescobar.online\/wp-content\/uploads\/2025\/10\/80b61d53-b9fd-40e6-9c17-afa64f3c1325-1536x1152.jpg 1536w, https:\/\/noticiasdeescobar.online\/wp-content\/uploads\/2025\/10\/80b61d53-b9fd-40e6-9c17-afa64f3c1325.jpg 1600w\" sizes=\"auto, (max-width: 1024px) 100vw, 1024px\" \/><\/figure><\/div>\n\n\n<p>\u201cLa comunidad recibi\u00f3 muy bien lo que dec\u00edamos por los parlantes y en los carteles\u201d, destacaron desde la agrupaci\u00f3n, que tras la radio abierta se moviliz\u00f3 hasta la plaza San Mart\u00edn, en el coraz\u00f3n de la ciudad.<\/p>\n\n\n\n<p>La jornada se enmarc\u00f3 en una serie de acciones que distintos sectores docentes vienen impulsando en toda la provincia, en reclamo de mejoras salariales, financiamiento educativo y pol\u00edticas que fortalezcan el sistema p\u00fablico de ense\u00f1anza.<\/p>\n","protected":false},"excerpt":{"rendered":"<p>La Agrupaci\u00f3n Almafuerte llev\u00f3 adelante este mi\u00e9rcoles una jornada de lucha y visibilizaci\u00f3n en el centro de Escobar, con el&hellip;<\/p>\n","protected":false},"author":1,"featured_media":1395,"comment_status":"open","ping_status":"open","sticky":false,"template":"","format":"standard","meta":{"_monsterinsights_skip_tracking":false,"_monsterinsights_sitenote_active":false,"_monsterinsights_sitenote_note":"","_monsterinsights_sitenote_category":0,"footnotes":""},"categories":[22],"tags":[],"class_list":["post-1391","post","type-post","status-publish","format-standard","has-post-thumbnail","hentry","category-politica"],"yoast_head":"<!-- This site is optimized with the Yoast SEO plugin v25.3.1 - https:\/\/yoast.com\/wordpress\/plugins\/seo\/ -->\n<title>Docentes de la Agrupaci\u00f3n Almafuerte se movilizaron por el centro de Escobar en defensa de la educaci\u00f3n p\u00fablica - Noticias de Escobar<\/title>\n<meta name=\"description\" content=\"Marcharon con el objetivo de difundir la situaci\u00f3n cr\u00edtica que atraviesan las universidades y las escuelas p\u00fablicas, adem\u00e1s de reclamar por el ajuste salarial y la falta de pago del Incentivo Docente.\" \/>\n<meta name=\"robots\" content=\"index, follow, max-snippet:-1, max-image-preview:large, max-video-preview:-1\" \/>\n<link rel=\"canonical\" href=\"https:\/\/noticiasdeescobar.online\/?p=1391\" \/>\n<meta property=\"og:locale\" content=\"es_ES\" \/>\n<meta property=\"og:type\" content=\"article\" \/>\n<meta property=\"og:title\" content=\"Docentes de la Almafuerte se movilizaron por el centro de Escobar en defensa de la educaci\u00f3n p\u00fablica\" \/>\n<meta property=\"og:description\" content=\"Marcharon con el objetivo de difundir la situaci\u00f3n cr\u00edtica que atraviesan las universidades y las escuelas p\u00fablicas, adem\u00e1s de reclamar por el ajuste salarial y la falta de pago del Incentivo Docente.\" \/>\n<meta property=\"og:url\" content=\"https:\/\/noticiasdeescobar.online\/?p=1391\" \/>\n<meta property=\"og:site_name\" content=\"Noticias de Escobar\" \/>\n<meta property=\"article:published_time\" content=\"2025-10-09T03:28:31+00:00\" \/>\n<meta property=\"article:modified_time\" content=\"2025-10-09T03:30:40+00:00\" \/>\n<meta property=\"og:image\" content=\"https:\/\/noticiasdeescobar.online\/wp-content\/uploads\/2025\/10\/8e7e7fcc-00ab-4b01-85ff-776addfa984d.jpg\" \/>\n\t<meta property=\"og:image:width\" content=\"1600\" \/>\n\t<meta property=\"og:image:height\" content=\"1200\" \/>\n\t<meta property=\"og:image:type\" content=\"image\/jpeg\" \/>\n<meta name=\"author\" content=\"Redacci\u00f3n\" \/>\n<meta name=\"twitter:card\" content=\"summary_large_image\" \/>\n<meta name=\"twitter:label1\" content=\"Escrito por\" \/>\n\t<meta name=\"twitter:data1\" content=\"Redacci\u00f3n\" \/>\n\t<meta name=\"twitter:label2\" content=\"Tiempo de lectura\" \/>\n\t<meta name=\"twitter:data2\" content=\"2 minutos\" \/>\n<script type=\"application\/ld+json\" class=\"yoast-schema-graph\">{\"@context\":\"https:\/\/schema.org\",\"@graph\":[{\"@type\":\"WebPage\",\"@id\":\"https:\/\/noticiasdeescobar.online\/?p=1391\",\"url\":\"https:\/\/noticiasdeescobar.online\/?p=1391\",\"name\":\"Docentes de la Agrupaci\u00f3n Almafuerte se movilizaron por el centro de Escobar en defensa de la educaci\u00f3n p\u00fablica - Noticias de Escobar\",\"isPartOf\":{\"@id\":\"https:\/\/noticiasdeescobar.online\/#website\"},\"primaryImageOfPage\":{\"@id\":\"https:\/\/noticiasdeescobar.online\/?p=1391#primaryimage\"},\"image\":{\"@id\":\"https:\/\/noticiasdeescobar.online\/?p=1391#primaryimage\"},\"thumbnailUrl\":\"https:\/\/noticiasdeescobar.online\/wp-content\/uploads\/2025\/10\/8e7e7fcc-00ab-4b01-85ff-776addfa984d.jpg\",\"datePublished\":\"2025-10-09T03:28:31+00:00\",\"dateModified\":\"2025-10-09T03:30:40+00:00\",\"author\":{\"@id\":\"https:\/\/noticiasdeescobar.online\/#\/schema\/person\/c80a19151f9337b50a779fe1f512ca6a\"},\"description\":\"Marcharon con el objetivo de difundir la situaci\u00f3n cr\u00edtica que atraviesan las universidades y las escuelas p\u00fablicas, adem\u00e1s de reclamar por el ajuste salarial y la falta de pago del Incentivo Docente.\",\"breadcrumb\":{\"@id\":\"https:\/\/noticiasdeescobar.online\/?p=1391#breadcrumb\"},\"inLanguage\":\"es-AR\",\"potentialAction\":[{\"@type\":\"ReadAction\",\"target\":[\"https:\/\/noticiasdeescobar.online\/?p=1391\"]}]},{\"@type\":\"ImageObject\",\"inLanguage\":\"es-AR\",\"@id\":\"https:\/\/noticiasdeescobar.online\/?p=1391#primaryimage\",\"url\":\"https:\/\/noticiasdeescobar.online\/wp-content\/uploads\/2025\/10\/8e7e7fcc-00ab-4b01-85ff-776addfa984d.jpg\",\"contentUrl\":\"https:\/\/noticiasdeescobar.online\/wp-content\/uploads\/2025\/10\/8e7e7fcc-00ab-4b01-85ff-776addfa984d.jpg\",\"width\":1600,\"height\":1200},{\"@type\":\"BreadcrumbList\",\"@id\":\"https:\/\/noticiasdeescobar.online\/?p=1391#breadcrumb\",\"itemListElement\":[{\"@type\":\"ListItem\",\"position\":1,\"name\":\"Inicio\",\"item\":\"https:\/\/noticiasdeescobar.online\/\"},{\"@type\":\"ListItem\",\"position\":2,\"name\":\"Docentes de la Agrupaci\u00f3n Almafuerte se movilizaron por el centro de Escobar en defensa de la educaci\u00f3n p\u00fablica\"}]},{\"@type\":\"WebSite\",\"@id\":\"https:\/\/noticiasdeescobar.online\/#website\",\"url\":\"https:\/\/noticiasdeescobar.online\/\",\"name\":\"Noticias de Escobar\",\"description\":\"Noticias 24\/7\",\"potentialAction\":[{\"@type\":\"SearchAction\",\"target\":{\"@type\":\"EntryPoint\",\"urlTemplate\":\"https:\/\/noticiasdeescobar.online\/?s={search_term_string}\"},\"query-input\":{\"@type\":\"PropertyValueSpecification\",\"valueRequired\":true,\"valueName\":\"search_term_string\"}}],\"inLanguage\":\"es-AR\"},{\"@type\":\"Person\",\"@id\":\"https:\/\/noticiasdeescobar.online\/#\/schema\/person\/c80a19151f9337b50a779fe1f512ca6a\",\"name\":\"Redacci\u00f3n\",\"image\":{\"@type\":\"ImageObject\",\"inLanguage\":\"es-AR\",\"@id\":\"https:\/\/noticiasdeescobar.online\/#\/schema\/person\/image\/\",\"url\":\"https:\/\/secure.gravatar.com\/avatar\/1db77a0acc41b20b8cbce542c0459eb4?s=96&d=mm&r=g\",\"contentUrl\":\"https:\/\/secure.gravatar.com\/avatar\/1db77a0acc41b20b8cbce542c0459eb4?s=96&d=mm&r=g\",\"caption\":\"Redacci\u00f3n\"},\"sameAs\":[\"http:\/\/noticiasdeescobar.online\"],\"url\":\"https:\/\/noticiasdeescobar.online\/?author=1\"}]}<\/script>\n<!-- \/ Yoast SEO plugin. -->","yoast_head_json":{"title":"Docentes de la Agrupaci\u00f3n Almafuerte se movilizaron por el centro de Escobar en defensa de la educaci\u00f3n p\u00fablica - Noticias de Escobar","description":"Marcharon con el objetivo de difundir la situaci\u00f3n cr\u00edtica que atraviesan las universidades y las escuelas p\u00fablicas, adem\u00e1s de reclamar por el ajuste salarial y la falta de pago del Incentivo Docente.","robots":{"index":"index","follow":"follow","max-snippet":"max-snippet:-1","max-image-preview":"max-image-preview:large","max-video-preview":"max-video-preview:-1"},"canonical":"https:\/\/noticiasdeescobar.online\/?p=1391","og_locale":"es_ES","og_type":"article","og_title":"Docentes de la Almafuerte se movilizaron por el centro de Escobar en defensa de la educaci\u00f3n p\u00fablica","og_description":"Marcharon con el objetivo de difundir la situaci\u00f3n cr\u00edtica que atraviesan las universidades y las escuelas p\u00fablicas, adem\u00e1s de reclamar por el ajuste salarial y la falta de pago del Incentivo Docente.","og_url":"https:\/\/noticiasdeescobar.online\/?p=1391","og_site_name":"Noticias de Escobar","article_published_time":"2025-10-09T03:28:31+00:00","article_modified_time":"2025-10-09T03:30:40+00:00","og_image":[{"width":1600,"height":1200,"url":"https:\/\/noticiasdeescobar.online\/wp-content\/uploads\/2025\/10\/8e7e7fcc-00ab-4b01-85ff-776addfa984d.jpg","type":"image\/jpeg"}],"author":"Redacci\u00f3n","twitter_card":"summary_large_image","twitter_misc":{"Escrito por":"Redacci\u00f3n","Tiempo de lectura":"2 minutos"},"schema":{"@context":"https:\/\/schema.org","@graph":[{"@type":"WebPage","@id":"https:\/\/noticiasdeescobar.online\/?p=1391","url":"https:\/\/noticiasdeescobar.online\/?p=1391","name":"Docentes de la Agrupaci\u00f3n Almafuerte se movilizaron por el centro de Escobar en defensa de la educaci\u00f3n p\u00fablica - Noticias de Escobar","isPartOf":{"@id":"https:\/\/noticiasdeescobar.online\/#website"},"primaryImageOfPage":{"@id":"https:\/\/noticiasdeescobar.online\/?p=1391#primaryimage"},"image":{"@id":"https:\/\/noticiasdeescobar.online\/?p=1391#primaryimage"},"thumbnailUrl":"https:\/\/noticiasdeescobar.online\/wp-content\/uploads\/2025\/10\/8e7e7fcc-00ab-4b01-85ff-776addfa984d.jpg","datePublished":"2025-10-09T03:28:31+00:00","dateModified":"2025-10-09T03:30:40+00:00","author":{"@id":"https:\/\/noticiasdeescobar.online\/#\/schema\/person\/c80a19151f9337b50a779fe1f512ca6a"},"description":"Marcharon con el objetivo de difundir la situaci\u00f3n cr\u00edtica que atraviesan las universidades y las escuelas p\u00fablicas, adem\u00e1s de reclamar por el ajuste salarial y la falta de pago del Incentivo Docente.","breadcrumb":{"@id":"https:\/\/noticiasdeescobar.online\/?p=1391#breadcrumb"},"inLanguage":"es-AR","potentialAction":[{"@type":"ReadAction","target":["https:\/\/noticiasdeescobar.online\/?p=1391"]}]},{"@type":"ImageObject","inLanguage":"es-AR","@id":"https:\/\/noticiasdeescobar.online\/?p=1391#primaryimage","url":"https:\/\/noticiasdeescobar.online\/wp-content\/uploads\/2025\/10\/8e7e7fcc-00ab-4b01-85ff-776addfa984d.jpg","contentUrl":"https:\/\/noticiasdeescobar.online\/wp-content\/uploads\/2025\/10\/8e7e7fcc-00ab-4b01-85ff-776addfa984d.jpg","width":1600,"height":1200},{"@type":"BreadcrumbList","@id":"https:\/\/noticiasdeescobar.online\/?p=1391#breadcrumb","itemListElement":[{"@type":"ListItem","position":1,"name":"Inicio","item":"https:\/\/noticiasdeescobar.online\/"},{"@type":"ListItem","position":2,"name":"Docentes de la Agrupaci\u00f3n Almafuerte se movilizaron por el centro de Escobar en defensa de la educaci\u00f3n p\u00fablica"}]},{"@type":"WebSite","@id":"https:\/\/noticiasdeescobar.online\/#website","url":"https:\/\/noticiasdeescobar.online\/","name":"Noticias de Escobar","description":"Noticias 24\/7","potentialAction":[{"@type":"SearchAction","target":{"@type":"EntryPoint","urlTemplate":"https:\/\/noticiasdeescobar.online\/?s={search_term_string}"},"query-input":{"@type":"PropertyValueSpecification","valueRequired":true,"valueName":"search_term_string"}}],"inLanguage":"es-AR"},{"@type":"Person","@id":"https:\/\/noticiasdeescobar.online\/#\/schema\/person\/c80a19151f9337b50a779fe1f512ca6a","name":"Redacci\u00f3n","image":{"@type":"ImageObject","inLanguage":"es-AR","@id":"https:\/\/noticiasdeescobar.online\/#\/schema\/person\/image\/","url":"https:\/\/secure.gravatar.com\/avatar\/1db77a0acc41b20b8cbce542c0459eb4?s=96&d=mm&r=g","contentUrl":"https:\/\/secure.gravatar.com\/avatar\/1db77a0acc41b20b8cbce542c0459eb4?s=96&d=mm&r=g","caption":"Redacci\u00f3n"},"sameAs":["http:\/\/noticiasdeescobar.online"],"url":"https:\/\/noticiasdeescobar.online\/?author=1"}]}},"_links":{"self":[{"href":"https:\/\/noticiasdeescobar.online\/index.php?rest_route=\/wp\/v2\/posts\/1391","targetHints":{"allow":["GET"]}}],"collection":[{"href":"https:\/\/noticiasdeescobar.online\/index.php?rest_route=\/wp\/v2\/posts"}],"about":[{"href":"https:\/\/noticiasdeescobar.online\/index.php?rest_route=\/wp\/v2\/types\/post"}],"author":[{"embeddable":true,"href":"https:\/\/noticiasdeescobar.online\/index.php?rest_route=\/wp\/v2\/users\/1"}],"replies":[{"embeddable":true,"href":"https:\/\/noticiasdeescobar.online\/index.php?rest_route=%2Fwp%2Fv2%2Fcomments&post=1391"}],"version-history":[{"count":2,"href":"https:\/\/noticiasdeescobar.online\/index.php?rest_route=\/wp\/v2\/posts\/1391\/revisions"}],"predecessor-version":[{"id":1397,"href":"https:\/\/noticiasdeescobar.online\/index.php?rest_route=\/wp\/v2\/posts\/1391\/revisions\/1397"}],"wp:featuredmedia":[{"embeddable":true,"href":"https:\/\/noticiasdeescobar.online\/index.php?rest_route=\/wp\/v2\/media\/1395"}],"wp:attachment":[{"href":"https:\/\/noticiasdeescobar.online\/index.php?rest_route=%2Fwp%2Fv2%2Fmedia&parent=1391"}],"wp:term":[{"taxonomy":"category","embeddable":true,"href":"https:\/\/noticiasdeescobar.online\/index.php?rest_route=%2Fwp%2Fv2%2Fcategories&post=1391"},{"taxonomy":"post_tag","embeddable":true,"href":"https:\/\/noticiasdeescobar.online\/index.php?rest_route=%2Fwp%2Fv2%2Ftags&post=1391"}],"curies":[{"name":"wp","href":"https:\/\/api.w.org\/{rel}","templated":true}]}}