{"id":1398,"date":"2025-10-10T12:02:00","date_gmt":"2025-10-10T12:02:00","guid":{"rendered":"https:\/\/noticiasdeescobar.online\/?p=1398"},"modified":"2025-10-11T01:07:27","modified_gmt":"2025-10-11T01:07:27","slug":"dos-heridos-en-un-choque-en-ruta-25","status":"publish","type":"post","link":"https:\/\/noticiasdeescobar.online\/?p=1398","title":{"rendered":"Dos heridos en un choque en Ruta 25"},"content":{"rendered":"\n<p>En el mediod\u00eda de este viernes, se registr\u00f3 una colisi\u00f3n entre dos veh\u00edculos en la intersecci\u00f3n de Ruta 25 y calle 25 de Mayo, en la localidad de Matheu.<\/p>\n\n\n\n<!--more-->\n\n\n\n<p>Al lugar acudi\u00f3 una dotaci\u00f3n de Bomberos Voluntarios de Matheu, al mando del Comandante Horacio Romero, encargado del servicio. Como consecuencia del impacto, dos personas resultaron heridas y recibieron asistencia m\u00e9dica en el lugar.<\/p>\n\n\n<div class=\"wp-block-image\">\n<figure class=\"aligncenter size-large\"><img loading=\"lazy\" decoding=\"async\" width=\"768\" height=\"1024\" src=\"https:\/\/noticiasdeescobar.online\/wp-content\/uploads\/2025\/10\/1000184085-768x1024.jpg\" alt=\"\" class=\"wp-image-1399\" srcset=\"https:\/\/noticiasdeescobar.online\/wp-content\/uploads\/2025\/10\/1000184085-768x1024.jpg 768w, https:\/\/noticiasdeescobar.online\/wp-content\/uploads\/2025\/10\/1000184085-225x300.jpg 225w, https:\/\/noticiasdeescobar.online\/wp-content\/uploads\/2025\/10\/1000184085.jpg 960w\" sizes=\"auto, (max-width: 768px) 100vw, 768px\" \/><\/figure><\/div>\n\n\n<p>Las causas del accidente son materia de investigaci\u00f3n. En el operativo tambi\u00e9n trabajaron personal policial y servicios de emergencia.<\/p>\n\n\n\n<p><\/p>\n","protected":false},"excerpt":{"rendered":"<p>En el mediod\u00eda de este viernes, se registr\u00f3 una colisi\u00f3n entre dos veh\u00edculos en la intersecci\u00f3n de Ruta 25 y&hellip;<\/p>\n","protected":false},"author":1,"featured_media":1400,"comment_status":"open","ping_status":"open","sticky":false,"template":"","format":"standard","meta":{"_monsterinsights_skip_tracking":false,"_monsterinsights_sitenote_active":false,"_monsterinsights_sitenote_note":"","_monsterinsights_sitenote_category":0,"footnotes":""},"categories":[2],"tags":[26,30],"class_list":["post-1398","post","type-post","status-publish","format-standard","has-post-thumbnail","hentry","category-policiales","tag-accidente","tag-matheu"],"yoast_head":"<!-- This site is optimized with the Yoast SEO plugin v25.3.1 - https:\/\/yoast.com\/wordpress\/plugins\/seo\/ -->\n<title>Dos heridos en un choque en Ruta 25 - Noticias de Escobar<\/title>\n<meta name=\"description\" content=\"En el mediod\u00eda de este viernes, se registr\u00f3 una colisi\u00f3n entre dos veh\u00edculos en la intersecci\u00f3n de Ruta 25 y calle 25 de Mayo, en la localidad de Matheu.\" \/>\n<meta name=\"robots\" content=\"index, follow, max-snippet:-1, max-image-preview:large, max-video-preview:-1\" \/>\n<link rel=\"canonical\" href=\"https:\/\/noticiasdeescobar.online\/?p=1398\" \/>\n<meta property=\"og:locale\" content=\"es_ES\" \/>\n<meta property=\"og:type\" content=\"article\" \/>\n<meta property=\"og:title\" content=\"Dos heridos en un choque en Ruta 25\" \/>\n<meta property=\"og:description\" content=\"En el mediod\u00eda de este viernes, se registr\u00f3 una colisi\u00f3n entre dos veh\u00edculos en la intersecci\u00f3n de Ruta 25 y calle 25 de Mayo, en la localidad de Matheu.\" \/>\n<meta property=\"og:url\" content=\"https:\/\/noticiasdeescobar.online\/?p=1398\" \/>\n<meta property=\"og:site_name\" content=\"Noticias de Escobar\" \/>\n<meta property=\"article:published_time\" content=\"2025-10-10T12:02:00+00:00\" \/>\n<meta property=\"article:modified_time\" content=\"2025-10-11T01:07:27+00:00\" \/>\n<meta property=\"og:image\" content=\"https:\/\/noticiasdeescobar.online\/wp-content\/uploads\/2025\/10\/FB_IMG_1760142930429.jpg\" \/>\n\t<meta property=\"og:image:width\" content=\"1280\" \/>\n\t<meta property=\"og:image:height\" content=\"960\" \/>\n\t<meta property=\"og:image:type\" content=\"image\/jpeg\" \/>\n<meta name=\"author\" content=\"Redacci\u00f3n\" \/>\n<meta name=\"twitter:card\" content=\"summary_large_image\" \/>\n<meta name=\"twitter:label1\" content=\"Escrito por\" \/>\n\t<meta name=\"twitter:data1\" content=\"Redacci\u00f3n\" \/>\n\t<meta name=\"twitter:label2\" content=\"Tiempo de lectura\" \/>\n\t<meta name=\"twitter:data2\" content=\"1 minuto\" \/>\n<script type=\"application\/ld+json\" class=\"yoast-schema-graph\">{\"@context\":\"https:\/\/schema.org\",\"@graph\":[{\"@type\":\"WebPage\",\"@id\":\"https:\/\/noticiasdeescobar.online\/?p=1398\",\"url\":\"https:\/\/noticiasdeescobar.online\/?p=1398\",\"name\":\"Dos heridos en un choque en Ruta 25 - Noticias de Escobar\",\"isPartOf\":{\"@id\":\"https:\/\/noticiasdeescobar.online\/#website\"},\"primaryImageOfPage\":{\"@id\":\"https:\/\/noticiasdeescobar.online\/?p=1398#primaryimage\"},\"image\":{\"@id\":\"https:\/\/noticiasdeescobar.online\/?p=1398#primaryimage\"},\"thumbnailUrl\":\"https:\/\/noticiasdeescobar.online\/wp-content\/uploads\/2025\/10\/FB_IMG_1760142930429.jpg\",\"datePublished\":\"2025-10-10T12:02:00+00:00\",\"dateModified\":\"2025-10-11T01:07:27+00:00\",\"author\":{\"@id\":\"https:\/\/noticiasdeescobar.online\/#\/schema\/person\/c80a19151f9337b50a779fe1f512ca6a\"},\"description\":\"En el mediod\u00eda de este viernes, se registr\u00f3 una colisi\u00f3n entre dos veh\u00edculos en la intersecci\u00f3n de Ruta 25 y calle 25 de Mayo, en la localidad de Matheu.\",\"breadcrumb\":{\"@id\":\"https:\/\/noticiasdeescobar.online\/?p=1398#breadcrumb\"},\"inLanguage\":\"es-AR\",\"potentialAction\":[{\"@type\":\"ReadAction\",\"target\":[\"https:\/\/noticiasdeescobar.online\/?p=1398\"]}]},{\"@type\":\"ImageObject\",\"inLanguage\":\"es-AR\",\"@id\":\"https:\/\/noticiasdeescobar.online\/?p=1398#primaryimage\",\"url\":\"https:\/\/noticiasdeescobar.online\/wp-content\/uploads\/2025\/10\/FB_IMG_1760142930429.jpg\",\"contentUrl\":\"https:\/\/noticiasdeescobar.online\/wp-content\/uploads\/2025\/10\/FB_IMG_1760142930429.jpg\",\"width\":1280,\"height\":960},{\"@type\":\"BreadcrumbList\",\"@id\":\"https:\/\/noticiasdeescobar.online\/?p=1398#breadcrumb\",\"itemListElement\":[{\"@type\":\"ListItem\",\"position\":1,\"name\":\"Inicio\",\"item\":\"https:\/\/noticiasdeescobar.online\/\"},{\"@type\":\"ListItem\",\"position\":2,\"name\":\"Dos heridos en un choque en Ruta 25\"}]},{\"@type\":\"WebSite\",\"@id\":\"https:\/\/noticiasdeescobar.online\/#website\",\"url\":\"https:\/\/noticiasdeescobar.online\/\",\"name\":\"Noticias de Escobar\",\"description\":\"Noticias 24\/7\",\"potentialAction\":[{\"@type\":\"SearchAction\",\"target\":{\"@type\":\"EntryPoint\",\"urlTemplate\":\"https:\/\/noticiasdeescobar.online\/?s={search_term_string}\"},\"query-input\":{\"@type\":\"PropertyValueSpecification\",\"valueRequired\":true,\"valueName\":\"search_term_string\"}}],\"inLanguage\":\"es-AR\"},{\"@type\":\"Person\",\"@id\":\"https:\/\/noticiasdeescobar.online\/#\/schema\/person\/c80a19151f9337b50a779fe1f512ca6a\",\"name\":\"Redacci\u00f3n\",\"image\":{\"@type\":\"ImageObject\",\"inLanguage\":\"es-AR\",\"@id\":\"https:\/\/noticiasdeescobar.online\/#\/schema\/person\/image\/\",\"url\":\"https:\/\/secure.gravatar.com\/avatar\/1db77a0acc41b20b8cbce542c0459eb4?s=96&d=mm&r=g\",\"contentUrl\":\"https:\/\/secure.gravatar.com\/avatar\/1db77a0acc41b20b8cbce542c0459eb4?s=96&d=mm&r=g\",\"caption\":\"Redacci\u00f3n\"},\"sameAs\":[\"http:\/\/noticiasdeescobar.online\"],\"url\":\"https:\/\/noticiasdeescobar.online\/?author=1\"}]}<\/script>\n<!-- \/ Yoast SEO plugin. -->","yoast_head_json":{"title":"Dos heridos en un choque en Ruta 25 - Noticias de Escobar","description":"En el mediod\u00eda de este viernes, se registr\u00f3 una colisi\u00f3n entre dos veh\u00edculos en la intersecci\u00f3n de Ruta 25 y calle 25 de Mayo, en la localidad de Matheu.","robots":{"index":"index","follow":"follow","max-snippet":"max-snippet:-1","max-image-preview":"max-image-preview:large","max-video-preview":"max-video-preview:-1"},"canonical":"https:\/\/noticiasdeescobar.online\/?p=1398","og_locale":"es_ES","og_type":"article","og_title":"Dos heridos en un choque en Ruta 25","og_description":"En el mediod\u00eda de este viernes, se registr\u00f3 una colisi\u00f3n entre dos veh\u00edculos en la intersecci\u00f3n de Ruta 25 y calle 25 de Mayo, en la localidad de Matheu.","og_url":"https:\/\/noticiasdeescobar.online\/?p=1398","og_site_name":"Noticias de Escobar","article_published_time":"2025-10-10T12:02:00+00:00","article_modified_time":"2025-10-11T01:07:27+00:00","og_image":[{"width":1280,"height":960,"url":"https:\/\/noticiasdeescobar.online\/wp-content\/uploads\/2025\/10\/FB_IMG_1760142930429.jpg","type":"image\/jpeg"}],"author":"Redacci\u00f3n","twitter_card":"summary_large_image","twitter_misc":{"Escrito por":"Redacci\u00f3n","Tiempo de lectura":"1 minuto"},"schema":{"@context":"https:\/\/schema.org","@graph":[{"@type":"WebPage","@id":"https:\/\/noticiasdeescobar.online\/?p=1398","url":"https:\/\/noticiasdeescobar.online\/?p=1398","name":"Dos heridos en un choque en Ruta 25 - Noticias de Escobar","isPartOf":{"@id":"https:\/\/noticiasdeescobar.online\/#website"},"primaryImageOfPage":{"@id":"https:\/\/noticiasdeescobar.online\/?p=1398#primaryimage"},"image":{"@id":"https:\/\/noticiasdeescobar.online\/?p=1398#primaryimage"},"thumbnailUrl":"https:\/\/noticiasdeescobar.online\/wp-content\/uploads\/2025\/10\/FB_IMG_1760142930429.jpg","datePublished":"2025-10-10T12:02:00+00:00","dateModified":"2025-10-11T01:07:27+00:00","author":{"@id":"https:\/\/noticiasdeescobar.online\/#\/schema\/person\/c80a19151f9337b50a779fe1f512ca6a"},"description":"En el mediod\u00eda de este viernes, se registr\u00f3 una colisi\u00f3n entre dos veh\u00edculos en la intersecci\u00f3n de Ruta 25 y calle 25 de Mayo, en la localidad de Matheu.","breadcrumb":{"@id":"https:\/\/noticiasdeescobar.online\/?p=1398#breadcrumb"},"inLanguage":"es-AR","potentialAction":[{"@type":"ReadAction","target":["https:\/\/noticiasdeescobar.online\/?p=1398"]}]},{"@type":"ImageObject","inLanguage":"es-AR","@id":"https:\/\/noticiasdeescobar.online\/?p=1398#primaryimage","url":"https:\/\/noticiasdeescobar.online\/wp-content\/uploads\/2025\/10\/FB_IMG_1760142930429.jpg","contentUrl":"https:\/\/noticiasdeescobar.online\/wp-content\/uploads\/2025\/10\/FB_IMG_1760142930429.jpg","width":1280,"height":960},{"@type":"BreadcrumbList","@id":"https:\/\/noticiasdeescobar.online\/?p=1398#breadcrumb","itemListElement":[{"@type":"ListItem","position":1,"name":"Inicio","item":"https:\/\/noticiasdeescobar.online\/"},{"@type":"ListItem","position":2,"name":"Dos heridos en un choque en Ruta 25"}]},{"@type":"WebSite","@id":"https:\/\/noticiasdeescobar.online\/#website","url":"https:\/\/noticiasdeescobar.online\/","name":"Noticias de Escobar","description":"Noticias 24\/7","potentialAction":[{"@type":"SearchAction","target":{"@type":"EntryPoint","urlTemplate":"https:\/\/noticiasdeescobar.online\/?s={search_term_string}"},"query-input":{"@type":"PropertyValueSpecification","valueRequired":true,"valueName":"search_term_string"}}],"inLanguage":"es-AR"},{"@type":"Person","@id":"https:\/\/noticiasdeescobar.online\/#\/schema\/person\/c80a19151f9337b50a779fe1f512ca6a","name":"Redacci\u00f3n","image":{"@type":"ImageObject","inLanguage":"es-AR","@id":"https:\/\/noticiasdeescobar.online\/#\/schema\/person\/image\/","url":"https:\/\/secure.gravatar.com\/avatar\/1db77a0acc41b20b8cbce542c0459eb4?s=96&d=mm&r=g","contentUrl":"https:\/\/secure.gravatar.com\/avatar\/1db77a0acc41b20b8cbce542c0459eb4?s=96&d=mm&r=g","caption":"Redacci\u00f3n"},"sameAs":["http:\/\/noticiasdeescobar.online"],"url":"https:\/\/noticiasdeescobar.online\/?author=1"}]}},"_links":{"self":[{"href":"https:\/\/noticiasdeescobar.online\/index.php?rest_route=\/wp\/v2\/posts\/1398","targetHints":{"allow":["GET"]}}],"collection":[{"href":"https:\/\/noticiasdeescobar.online\/index.php?rest_route=\/wp\/v2\/posts"}],"about":[{"href":"https:\/\/noticiasdeescobar.online\/index.php?rest_route=\/wp\/v2\/types\/post"}],"author":[{"embeddable":true,"href":"https:\/\/noticiasdeescobar.online\/index.php?rest_route=\/wp\/v2\/users\/1"}],"replies":[{"embeddable":true,"href":"https:\/\/noticiasdeescobar.online\/index.php?rest_route=%2Fwp%2Fv2%2Fcomments&post=1398"}],"version-history":[{"count":1,"href":"https:\/\/noticiasdeescobar.online\/index.php?rest_route=\/wp\/v2\/posts\/1398\/revisions"}],"predecessor-version":[{"id":1401,"href":"https:\/\/noticiasdeescobar.online\/index.php?rest_route=\/wp\/v2\/posts\/1398\/revisions\/1401"}],"wp:featuredmedia":[{"embeddable":true,"href":"https:\/\/noticiasdeescobar.online\/index.php?rest_route=\/wp\/v2\/media\/1400"}],"wp:attachment":[{"href":"https:\/\/noticiasdeescobar.online\/index.php?rest_route=%2Fwp%2Fv2%2Fmedia&parent=1398"}],"wp:term":[{"taxonomy":"category","embeddable":true,"href":"https:\/\/noticiasdeescobar.online\/index.php?rest_route=%2Fwp%2Fv2%2Fcategories&post=1398"},{"taxonomy":"post_tag","embeddable":true,"href":"https:\/\/noticiasdeescobar.online\/index.php?rest_route=%2Fwp%2Fv2%2Ftags&post=1398"}],"curies":[{"name":"wp","href":"https:\/\/api.w.org\/{rel}","templated":true}]}}