{"id":1435,"date":"2025-10-15T13:15:21","date_gmt":"2025-10-15T13:15:21","guid":{"rendered":"https:\/\/noticiasdeescobar.online\/?p=1435"},"modified":"2025-10-15T13:22:41","modified_gmt":"2025-10-15T13:22:41","slug":"acompanantes-terapeuticos-del-centro-moebius-reclaman-salarios-adeudados-llevamos-mas-de-cinco-meses-sin-cobrar","status":"publish","type":"post","link":"https:\/\/noticiasdeescobar.online\/?p=1435","title":{"rendered":"Acompa\u00f1antes terap\u00e9uticos del Centro Moebius reclaman salarios adeudados: \u201cLlevamos m\u00e1s de cinco meses sin cobrar\u201d"},"content":{"rendered":"\n<p>La situaci\u00f3n laboral en el Centro Educativo Terap\u00e9utico Moebius, sede Escobar, se volvi\u00f3 insostenible para decenas de trabajadores. M\u00e1s de cincuenta acompa\u00f1antes terap\u00e9uticos denuncian que llevan <strong>m\u00e1s de cinco meses sin percibir sus sueldos<\/strong>, pese a reiterados reclamos formales y conversaciones con las autoridades de la instituci\u00f3n.<\/p>\n\n\n\n<!--more-->\n\n\n<div class=\"wp-block-image\">\n<figure class=\"aligncenter size-large\"><img loading=\"lazy\" decoding=\"async\" width=\"1024\" height=\"627\" src=\"https:\/\/noticiasdeescobar.online\/wp-content\/uploads\/2025\/10\/4bebd062-8b77-46ec-a2dd-d74e6268703b-1024x627.jpg\" alt=\"\" class=\"wp-image-1436\" srcset=\"https:\/\/noticiasdeescobar.online\/wp-content\/uploads\/2025\/10\/4bebd062-8b77-46ec-a2dd-d74e6268703b-1024x627.jpg 1024w, https:\/\/noticiasdeescobar.online\/wp-content\/uploads\/2025\/10\/4bebd062-8b77-46ec-a2dd-d74e6268703b-300x184.jpg 300w, https:\/\/noticiasdeescobar.online\/wp-content\/uploads\/2025\/10\/4bebd062-8b77-46ec-a2dd-d74e6268703b-768x470.jpg 768w, https:\/\/noticiasdeescobar.online\/wp-content\/uploads\/2025\/10\/4bebd062-8b77-46ec-a2dd-d74e6268703b.jpg 1080w\" sizes=\"auto, (max-width: 1024px) 100vw, 1024px\" \/><\/figure><\/div>\n\n\n<p>\u201c<strong>Hace m\u00e1s de cinco meses que no nos pagan y siempre ponen excusas<\/strong>. Algunos compa\u00f1eros tuvieron que dejar de trabajar porque ya no pueden sostenerse, aunque otros siguen yendo por compromiso con los chicos\u201d, relat\u00f3 uno de los empleados afectados. Seg\u00fan explic\u00f3, la falta de pago tambi\u00e9n afecta directamente a las familias de los usuarios: \u201c<strong>Cuando los acompa\u00f1antes dejan de ir, los ni\u00f1os no pueden asistir a los establecimientos educativos<\/strong>\u201d.<\/p>\n\n\n\n<p>Los trabajadores aseguran que la empresa <strong>no atiende los tel\u00e9fonos y evita dar respuestas presenciales<\/strong>. \u201cTuvimos que contratar abogados para que nos representen, pero cuando vamos al lugar nos dicen que no pueden hacer nada\u201d, a\u00f1adieron.<\/p>\n\n\n\n<p>La falta de ingresos gener\u00f3 graves consecuencias econ\u00f3micas y personales. \u201cYo no cobr\u00e9 agosto, que correspond\u00eda al trabajo de junio. Me dijeron que en septiembre me pagar\u00edan junio y julio juntos. Como alquilo por inmobiliaria, tuve que sacar un pr\u00e9stamo para cubrir esos meses. Soy sost\u00e9n de familia, tengo tres hijos. Es insostenible, y nadie se hace cargo\u201d, cont\u00f3 una de las acompa\u00f1antes.<\/p>\n\n\n<div class=\"wp-block-image\">\n<figure class=\"aligncenter size-large\"><img loading=\"lazy\" decoding=\"async\" width=\"457\" height=\"1024\" src=\"https:\/\/noticiasdeescobar.online\/wp-content\/uploads\/2025\/10\/8f98c9e6-54dd-4456-a646-4c6b98dbba87-457x1024.jpg\" alt=\"\" class=\"wp-image-1437\" srcset=\"https:\/\/noticiasdeescobar.online\/wp-content\/uploads\/2025\/10\/8f98c9e6-54dd-4456-a646-4c6b98dbba87-457x1024.jpg 457w, https:\/\/noticiasdeescobar.online\/wp-content\/uploads\/2025\/10\/8f98c9e6-54dd-4456-a646-4c6b98dbba87-134x300.jpg 134w, https:\/\/noticiasdeescobar.online\/wp-content\/uploads\/2025\/10\/8f98c9e6-54dd-4456-a646-4c6b98dbba87-686x1536.jpg 686w, https:\/\/noticiasdeescobar.online\/wp-content\/uploads\/2025\/10\/8f98c9e6-54dd-4456-a646-4c6b98dbba87.jpg 714w\" sizes=\"auto, (max-width: 457px) 100vw, 457px\" \/><\/figure><\/div>\n\n\n<p>Mientras tanto, en redes sociales comenz\u00f3 a circular un flyer donde los profesionales denuncian p\u00fablicamente la situaci\u00f3n y exigen respuestas:<\/p>\n\n\n\n<blockquote class=\"wp-block-quote is-layout-flow wp-block-quote-is-layout-flow\">\n<p>\u201c<strong>Llevamos m\u00e1s de cinco meses sin cobrar nuestros salarios. Exigimos pagos atrasados y condiciones laborales justas<\/strong>\u201d.<\/p>\n<\/blockquote>\n\n\n\n<p>El reclamo incluye los hashtags <strong>#JusticiaLaboral<\/strong>, <strong>#Acompa\u00f1antesTerap\u00e9uticos<\/strong> y <strong>#ReclamoMoebius<\/strong>, con el objetivo de visibilizar el conflicto y obtener una soluci\u00f3n que les permita continuar con su labor.<\/p>\n\n\n\n<p>Hasta el momento, los trabajadores aseguran que <strong>no recibieron comunicaci\u00f3n oficial ni fechas de pago concretas<\/strong> por parte de la instituci\u00f3n.<\/p>\n","protected":false},"excerpt":{"rendered":"<p>La situaci\u00f3n laboral en el Centro Educativo Terap\u00e9utico Moebius, sede Escobar, se volvi\u00f3 insostenible para decenas de trabajadores. M\u00e1s de&hellip;<\/p>\n","protected":false},"author":1,"featured_media":1438,"comment_status":"open","ping_status":"open","sticky":false,"template":"","format":"standard","meta":{"_monsterinsights_skip_tracking":false,"_monsterinsights_sitenote_active":false,"_monsterinsights_sitenote_note":"","_monsterinsights_sitenote_category":0,"footnotes":""},"categories":[6],"tags":[220,221],"class_list":["post-1435","post","type-post","status-publish","format-standard","has-post-thumbnail","hentry","category-interes-general","tag-centro-moebius","tag-salarios-adeudados"],"yoast_head":"<!-- This site is optimized with the Yoast SEO plugin v25.3.1 - https:\/\/yoast.com\/wordpress\/plugins\/seo\/ -->\n<title>Acompa\u00f1antes terap\u00e9uticos del Centro Moebius reclaman salarios adeudados: \u201cLlevamos m\u00e1s de cinco meses sin cobrar\u201d - Noticias de Escobar<\/title>\n<meta name=\"description\" content=\"\u201cLlevamos m\u00e1s de cinco meses sin cobrar nuestros salarios. Exigimos pagos atrasados y condiciones laborales justas\u201d, resaltan.\" \/>\n<meta name=\"robots\" content=\"index, follow, max-snippet:-1, max-image-preview:large, max-video-preview:-1\" \/>\n<link rel=\"canonical\" href=\"https:\/\/noticiasdeescobar.online\/?p=1435\" \/>\n<meta property=\"og:locale\" content=\"es_ES\" \/>\n<meta property=\"og:type\" content=\"article\" \/>\n<meta property=\"og:title\" content=\"Acompa\u00f1antes terap\u00e9uticos del Centro Moebius reclaman salarios adeudados: \u201cLlevamos m\u00e1s de cinco meses sin cobrar\u201d\" \/>\n<meta property=\"og:description\" content=\"\u201cLlevamos m\u00e1s de cinco meses sin cobrar nuestros salarios. Exigimos pagos atrasados y condiciones laborales justas\u201d, resaltan.\" \/>\n<meta property=\"og:url\" content=\"https:\/\/noticiasdeescobar.online\/?p=1435\" \/>\n<meta property=\"og:site_name\" content=\"Noticias de Escobar\" \/>\n<meta property=\"article:published_time\" content=\"2025-10-15T13:15:21+00:00\" \/>\n<meta property=\"article:modified_time\" content=\"2025-10-15T13:22:41+00:00\" \/>\n<meta property=\"og:image\" content=\"https:\/\/noticiasdeescobar.online\/wp-content\/uploads\/2025\/10\/PHOTO-2021-12-16-11-27-10.jpg\" \/>\n\t<meta property=\"og:image:width\" content=\"1404\" \/>\n\t<meta property=\"og:image:height\" content=\"936\" \/>\n\t<meta property=\"og:image:type\" content=\"image\/jpeg\" \/>\n<meta name=\"author\" content=\"Redacci\u00f3n\" \/>\n<meta name=\"twitter:card\" content=\"summary_large_image\" \/>\n<meta name=\"twitter:label1\" content=\"Escrito por\" \/>\n\t<meta name=\"twitter:data1\" content=\"Redacci\u00f3n\" \/>\n\t<meta name=\"twitter:label2\" content=\"Tiempo de lectura\" \/>\n\t<meta name=\"twitter:data2\" content=\"2 minutos\" \/>\n<script type=\"application\/ld+json\" class=\"yoast-schema-graph\">{\"@context\":\"https:\/\/schema.org\",\"@graph\":[{\"@type\":\"WebPage\",\"@id\":\"https:\/\/noticiasdeescobar.online\/?p=1435\",\"url\":\"https:\/\/noticiasdeescobar.online\/?p=1435\",\"name\":\"Acompa\u00f1antes terap\u00e9uticos del Centro Moebius reclaman salarios adeudados: \u201cLlevamos m\u00e1s de cinco meses sin cobrar\u201d - Noticias de Escobar\",\"isPartOf\":{\"@id\":\"https:\/\/noticiasdeescobar.online\/#website\"},\"primaryImageOfPage\":{\"@id\":\"https:\/\/noticiasdeescobar.online\/?p=1435#primaryimage\"},\"image\":{\"@id\":\"https:\/\/noticiasdeescobar.online\/?p=1435#primaryimage\"},\"thumbnailUrl\":\"https:\/\/noticiasdeescobar.online\/wp-content\/uploads\/2025\/10\/PHOTO-2021-12-16-11-27-10.jpg\",\"datePublished\":\"2025-10-15T13:15:21+00:00\",\"dateModified\":\"2025-10-15T13:22:41+00:00\",\"author\":{\"@id\":\"https:\/\/noticiasdeescobar.online\/#\/schema\/person\/c80a19151f9337b50a779fe1f512ca6a\"},\"description\":\"\u201cLlevamos m\u00e1s de cinco meses sin cobrar nuestros salarios. Exigimos pagos atrasados y condiciones laborales justas\u201d, resaltan.\",\"breadcrumb\":{\"@id\":\"https:\/\/noticiasdeescobar.online\/?p=1435#breadcrumb\"},\"inLanguage\":\"es-AR\",\"potentialAction\":[{\"@type\":\"ReadAction\",\"target\":[\"https:\/\/noticiasdeescobar.online\/?p=1435\"]}]},{\"@type\":\"ImageObject\",\"inLanguage\":\"es-AR\",\"@id\":\"https:\/\/noticiasdeescobar.online\/?p=1435#primaryimage\",\"url\":\"https:\/\/noticiasdeescobar.online\/wp-content\/uploads\/2025\/10\/PHOTO-2021-12-16-11-27-10.jpg\",\"contentUrl\":\"https:\/\/noticiasdeescobar.online\/wp-content\/uploads\/2025\/10\/PHOTO-2021-12-16-11-27-10.jpg\",\"width\":1404,\"height\":936},{\"@type\":\"BreadcrumbList\",\"@id\":\"https:\/\/noticiasdeescobar.online\/?p=1435#breadcrumb\",\"itemListElement\":[{\"@type\":\"ListItem\",\"position\":1,\"name\":\"Inicio\",\"item\":\"https:\/\/noticiasdeescobar.online\/\"},{\"@type\":\"ListItem\",\"position\":2,\"name\":\"Acompa\u00f1antes terap\u00e9uticos del Centro Moebius reclaman salarios adeudados: \u201cLlevamos m\u00e1s de cinco meses sin cobrar\u201d\"}]},{\"@type\":\"WebSite\",\"@id\":\"https:\/\/noticiasdeescobar.online\/#website\",\"url\":\"https:\/\/noticiasdeescobar.online\/\",\"name\":\"Noticias de Escobar\",\"description\":\"Noticias 24\/7\",\"potentialAction\":[{\"@type\":\"SearchAction\",\"target\":{\"@type\":\"EntryPoint\",\"urlTemplate\":\"https:\/\/noticiasdeescobar.online\/?s={search_term_string}\"},\"query-input\":{\"@type\":\"PropertyValueSpecification\",\"valueRequired\":true,\"valueName\":\"search_term_string\"}}],\"inLanguage\":\"es-AR\"},{\"@type\":\"Person\",\"@id\":\"https:\/\/noticiasdeescobar.online\/#\/schema\/person\/c80a19151f9337b50a779fe1f512ca6a\",\"name\":\"Redacci\u00f3n\",\"image\":{\"@type\":\"ImageObject\",\"inLanguage\":\"es-AR\",\"@id\":\"https:\/\/noticiasdeescobar.online\/#\/schema\/person\/image\/\",\"url\":\"https:\/\/secure.gravatar.com\/avatar\/1db77a0acc41b20b8cbce542c0459eb4?s=96&d=mm&r=g\",\"contentUrl\":\"https:\/\/secure.gravatar.com\/avatar\/1db77a0acc41b20b8cbce542c0459eb4?s=96&d=mm&r=g\",\"caption\":\"Redacci\u00f3n\"},\"sameAs\":[\"http:\/\/noticiasdeescobar.online\"],\"url\":\"https:\/\/noticiasdeescobar.online\/?author=1\"}]}<\/script>\n<!-- \/ Yoast SEO plugin. -->","yoast_head_json":{"title":"Acompa\u00f1antes terap\u00e9uticos del Centro Moebius reclaman salarios adeudados: \u201cLlevamos m\u00e1s de cinco meses sin cobrar\u201d - Noticias de Escobar","description":"\u201cLlevamos m\u00e1s de cinco meses sin cobrar nuestros salarios. Exigimos pagos atrasados y condiciones laborales justas\u201d, resaltan.","robots":{"index":"index","follow":"follow","max-snippet":"max-snippet:-1","max-image-preview":"max-image-preview:large","max-video-preview":"max-video-preview:-1"},"canonical":"https:\/\/noticiasdeescobar.online\/?p=1435","og_locale":"es_ES","og_type":"article","og_title":"Acompa\u00f1antes terap\u00e9uticos del Centro Moebius reclaman salarios adeudados: \u201cLlevamos m\u00e1s de cinco meses sin cobrar\u201d","og_description":"\u201cLlevamos m\u00e1s de cinco meses sin cobrar nuestros salarios. Exigimos pagos atrasados y condiciones laborales justas\u201d, resaltan.","og_url":"https:\/\/noticiasdeescobar.online\/?p=1435","og_site_name":"Noticias de Escobar","article_published_time":"2025-10-15T13:15:21+00:00","article_modified_time":"2025-10-15T13:22:41+00:00","og_image":[{"width":1404,"height":936,"url":"https:\/\/noticiasdeescobar.online\/wp-content\/uploads\/2025\/10\/PHOTO-2021-12-16-11-27-10.jpg","type":"image\/jpeg"}],"author":"Redacci\u00f3n","twitter_card":"summary_large_image","twitter_misc":{"Escrito por":"Redacci\u00f3n","Tiempo de lectura":"2 minutos"},"schema":{"@context":"https:\/\/schema.org","@graph":[{"@type":"WebPage","@id":"https:\/\/noticiasdeescobar.online\/?p=1435","url":"https:\/\/noticiasdeescobar.online\/?p=1435","name":"Acompa\u00f1antes terap\u00e9uticos del Centro Moebius reclaman salarios adeudados: \u201cLlevamos m\u00e1s de cinco meses sin cobrar\u201d - Noticias de Escobar","isPartOf":{"@id":"https:\/\/noticiasdeescobar.online\/#website"},"primaryImageOfPage":{"@id":"https:\/\/noticiasdeescobar.online\/?p=1435#primaryimage"},"image":{"@id":"https:\/\/noticiasdeescobar.online\/?p=1435#primaryimage"},"thumbnailUrl":"https:\/\/noticiasdeescobar.online\/wp-content\/uploads\/2025\/10\/PHOTO-2021-12-16-11-27-10.jpg","datePublished":"2025-10-15T13:15:21+00:00","dateModified":"2025-10-15T13:22:41+00:00","author":{"@id":"https:\/\/noticiasdeescobar.online\/#\/schema\/person\/c80a19151f9337b50a779fe1f512ca6a"},"description":"\u201cLlevamos m\u00e1s de cinco meses sin cobrar nuestros salarios. Exigimos pagos atrasados y condiciones laborales justas\u201d, resaltan.","breadcrumb":{"@id":"https:\/\/noticiasdeescobar.online\/?p=1435#breadcrumb"},"inLanguage":"es-AR","potentialAction":[{"@type":"ReadAction","target":["https:\/\/noticiasdeescobar.online\/?p=1435"]}]},{"@type":"ImageObject","inLanguage":"es-AR","@id":"https:\/\/noticiasdeescobar.online\/?p=1435#primaryimage","url":"https:\/\/noticiasdeescobar.online\/wp-content\/uploads\/2025\/10\/PHOTO-2021-12-16-11-27-10.jpg","contentUrl":"https:\/\/noticiasdeescobar.online\/wp-content\/uploads\/2025\/10\/PHOTO-2021-12-16-11-27-10.jpg","width":1404,"height":936},{"@type":"BreadcrumbList","@id":"https:\/\/noticiasdeescobar.online\/?p=1435#breadcrumb","itemListElement":[{"@type":"ListItem","position":1,"name":"Inicio","item":"https:\/\/noticiasdeescobar.online\/"},{"@type":"ListItem","position":2,"name":"Acompa\u00f1antes terap\u00e9uticos del Centro Moebius reclaman salarios adeudados: \u201cLlevamos m\u00e1s de cinco meses sin cobrar\u201d"}]},{"@type":"WebSite","@id":"https:\/\/noticiasdeescobar.online\/#website","url":"https:\/\/noticiasdeescobar.online\/","name":"Noticias de Escobar","description":"Noticias 24\/7","potentialAction":[{"@type":"SearchAction","target":{"@type":"EntryPoint","urlTemplate":"https:\/\/noticiasdeescobar.online\/?s={search_term_string}"},"query-input":{"@type":"PropertyValueSpecification","valueRequired":true,"valueName":"search_term_string"}}],"inLanguage":"es-AR"},{"@type":"Person","@id":"https:\/\/noticiasdeescobar.online\/#\/schema\/person\/c80a19151f9337b50a779fe1f512ca6a","name":"Redacci\u00f3n","image":{"@type":"ImageObject","inLanguage":"es-AR","@id":"https:\/\/noticiasdeescobar.online\/#\/schema\/person\/image\/","url":"https:\/\/secure.gravatar.com\/avatar\/1db77a0acc41b20b8cbce542c0459eb4?s=96&d=mm&r=g","contentUrl":"https:\/\/secure.gravatar.com\/avatar\/1db77a0acc41b20b8cbce542c0459eb4?s=96&d=mm&r=g","caption":"Redacci\u00f3n"},"sameAs":["http:\/\/noticiasdeescobar.online"],"url":"https:\/\/noticiasdeescobar.online\/?author=1"}]}},"_links":{"self":[{"href":"https:\/\/noticiasdeescobar.online\/index.php?rest_route=\/wp\/v2\/posts\/1435","targetHints":{"allow":["GET"]}}],"collection":[{"href":"https:\/\/noticiasdeescobar.online\/index.php?rest_route=\/wp\/v2\/posts"}],"about":[{"href":"https:\/\/noticiasdeescobar.online\/index.php?rest_route=\/wp\/v2\/types\/post"}],"author":[{"embeddable":true,"href":"https:\/\/noticiasdeescobar.online\/index.php?rest_route=\/wp\/v2\/users\/1"}],"replies":[{"embeddable":true,"href":"https:\/\/noticiasdeescobar.online\/index.php?rest_route=%2Fwp%2Fv2%2Fcomments&post=1435"}],"version-history":[{"count":1,"href":"https:\/\/noticiasdeescobar.online\/index.php?rest_route=\/wp\/v2\/posts\/1435\/revisions"}],"predecessor-version":[{"id":1439,"href":"https:\/\/noticiasdeescobar.online\/index.php?rest_route=\/wp\/v2\/posts\/1435\/revisions\/1439"}],"wp:featuredmedia":[{"embeddable":true,"href":"https:\/\/noticiasdeescobar.online\/index.php?rest_route=\/wp\/v2\/media\/1438"}],"wp:attachment":[{"href":"https:\/\/noticiasdeescobar.online\/index.php?rest_route=%2Fwp%2Fv2%2Fmedia&parent=1435"}],"wp:term":[{"taxonomy":"category","embeddable":true,"href":"https:\/\/noticiasdeescobar.online\/index.php?rest_route=%2Fwp%2Fv2%2Fcategories&post=1435"},{"taxonomy":"post_tag","embeddable":true,"href":"https:\/\/noticiasdeescobar.online\/index.php?rest_route=%2Fwp%2Fv2%2Ftags&post=1435"}],"curies":[{"name":"wp","href":"https:\/\/api.w.org\/{rel}","templated":true}]}}