{"id":1469,"date":"2025-10-22T14:15:48","date_gmt":"2025-10-22T14:15:48","guid":{"rendered":"https:\/\/noticiasdeescobar.online\/?p=1469"},"modified":"2025-10-22T14:17:34","modified_gmt":"2025-10-22T14:17:34","slug":"vuelco-de-camion-en-el-parque-industrial-de-escobar-un-herido-con-politraumatismos","status":"publish","type":"post","link":"https:\/\/noticiasdeescobar.online\/?p=1469","title":{"rendered":"Vuelco de cami\u00f3n en el parque industrial de Escobar: un herido con politraumatismos"},"content":{"rendered":"\n<p>Anoche se registr\u00f3 un accidente vehicular de gran porte en el parque industrial de Escobar, ubicado en la localidad de Loma Verde.<\/p>\n\n\n\n<!--more-->\n\n\n\n<p>Seg\u00fan informaron desde el Cuartel de Bomberos Voluntarios de Escobar, el siniestro se trat\u00f3 del vuelco de un cami\u00f3n, que dej\u00f3 como saldo una persona herida con politraumatismos.<\/p>\n\n\n\n<p><\/p>\n\n\n\n<figure class=\"wp-block-image size-full\"><img loading=\"lazy\" decoding=\"async\" width=\"960\" height=\"720\" src=\"https:\/\/noticiasdeescobar.online\/wp-content\/uploads\/2025\/10\/FB_IMG_1761142241116.jpg\" alt=\"\" class=\"wp-image-1471\" srcset=\"https:\/\/noticiasdeescobar.online\/wp-content\/uploads\/2025\/10\/FB_IMG_1761142241116.jpg 960w, https:\/\/noticiasdeescobar.online\/wp-content\/uploads\/2025\/10\/FB_IMG_1761142241116-300x225.jpg 300w, https:\/\/noticiasdeescobar.online\/wp-content\/uploads\/2025\/10\/FB_IMG_1761142241116-768x576.jpg 768w\" sizes=\"auto, (max-width: 960px) 100vw, 960px\" \/><\/figure>\n\n\n\n<p>El conductor fue asistido en el lugar por personal de Bomberos y posteriormente trasladado por una ambulancia del SAME hacia un centro de salud para su atenci\u00f3n.<\/p>\n\n\n\n<p>En el operativo trabaj\u00f3 el m\u00f3vil A5, bajo la coordinaci\u00f3n del Comandante General V\u00edctor Ponce.<\/p>\n","protected":false},"excerpt":{"rendered":"<p>Anoche se registr\u00f3 un accidente vehicular de gran porte en el parque industrial de Escobar, ubicado en la localidad de&hellip;<\/p>\n","protected":false},"author":1,"featured_media":1470,"comment_status":"open","ping_status":"open","sticky":false,"template":"","format":"standard","meta":{"_monsterinsights_skip_tracking":false,"_monsterinsights_sitenote_active":false,"_monsterinsights_sitenote_note":"","_monsterinsights_sitenote_category":0,"footnotes":""},"categories":[2],"tags":[26,64],"class_list":["post-1469","post","type-post","status-publish","format-standard","has-post-thumbnail","hentry","category-policiales","tag-accidente","tag-camion"],"yoast_head":"<!-- This site is optimized with the Yoast SEO plugin v25.3.1 - https:\/\/yoast.com\/wordpress\/plugins\/seo\/ -->\n<title>Vuelco de cami\u00f3n en el parque industrial de Escobar: un herido con politraumatismos - Noticias de Escobar<\/title>\n<meta name=\"description\" content=\"El conductor fue asistido en el lugar por personal de Bomberos y posteriormente trasladado por una ambulancia del SAME hacia un centro de salud para su atenci\u00f3n.\" \/>\n<meta name=\"robots\" content=\"index, follow, max-snippet:-1, max-image-preview:large, max-video-preview:-1\" \/>\n<link rel=\"canonical\" href=\"https:\/\/noticiasdeescobar.online\/?p=1469\" \/>\n<meta property=\"og:locale\" content=\"es_ES\" \/>\n<meta property=\"og:type\" content=\"article\" \/>\n<meta property=\"og:title\" content=\"Vuelco de cami\u00f3n en el parque industrial de Escobar: un herido con politraumatismos\" \/>\n<meta property=\"og:description\" content=\"El conductor fue asistido en el lugar por personal de Bomberos y posteriormente trasladado por una ambulancia del SAME hacia un centro de salud para su atenci\u00f3n.\" \/>\n<meta property=\"og:url\" content=\"https:\/\/noticiasdeescobar.online\/?p=1469\" \/>\n<meta property=\"og:site_name\" content=\"Noticias de Escobar\" \/>\n<meta property=\"article:published_time\" content=\"2025-10-22T14:15:48+00:00\" \/>\n<meta property=\"article:modified_time\" content=\"2025-10-22T14:17:34+00:00\" \/>\n<meta property=\"og:image\" content=\"https:\/\/noticiasdeescobar.online\/wp-content\/uploads\/2025\/10\/FB_IMG_1761142249459.jpg\" \/>\n\t<meta property=\"og:image:width\" content=\"768\" \/>\n\t<meta property=\"og:image:height\" content=\"960\" \/>\n\t<meta property=\"og:image:type\" content=\"image\/jpeg\" \/>\n<meta name=\"author\" content=\"Redacci\u00f3n\" \/>\n<meta name=\"twitter:card\" content=\"summary_large_image\" \/>\n<meta name=\"twitter:label1\" content=\"Escrito por\" \/>\n\t<meta name=\"twitter:data1\" content=\"Redacci\u00f3n\" \/>\n\t<meta name=\"twitter:label2\" content=\"Tiempo de lectura\" \/>\n\t<meta name=\"twitter:data2\" content=\"1 minuto\" \/>\n<script type=\"application\/ld+json\" class=\"yoast-schema-graph\">{\"@context\":\"https:\/\/schema.org\",\"@graph\":[{\"@type\":\"WebPage\",\"@id\":\"https:\/\/noticiasdeescobar.online\/?p=1469\",\"url\":\"https:\/\/noticiasdeescobar.online\/?p=1469\",\"name\":\"Vuelco de cami\u00f3n en el parque industrial de Escobar: un herido con politraumatismos - Noticias de Escobar\",\"isPartOf\":{\"@id\":\"https:\/\/noticiasdeescobar.online\/#website\"},\"primaryImageOfPage\":{\"@id\":\"https:\/\/noticiasdeescobar.online\/?p=1469#primaryimage\"},\"image\":{\"@id\":\"https:\/\/noticiasdeescobar.online\/?p=1469#primaryimage\"},\"thumbnailUrl\":\"https:\/\/noticiasdeescobar.online\/wp-content\/uploads\/2025\/10\/FB_IMG_1761142249459.jpg\",\"datePublished\":\"2025-10-22T14:15:48+00:00\",\"dateModified\":\"2025-10-22T14:17:34+00:00\",\"author\":{\"@id\":\"https:\/\/noticiasdeescobar.online\/#\/schema\/person\/c80a19151f9337b50a779fe1f512ca6a\"},\"description\":\"El conductor fue asistido en el lugar por personal de Bomberos y posteriormente trasladado por una ambulancia del SAME hacia un centro de salud para su atenci\u00f3n.\",\"breadcrumb\":{\"@id\":\"https:\/\/noticiasdeescobar.online\/?p=1469#breadcrumb\"},\"inLanguage\":\"es-AR\",\"potentialAction\":[{\"@type\":\"ReadAction\",\"target\":[\"https:\/\/noticiasdeescobar.online\/?p=1469\"]}]},{\"@type\":\"ImageObject\",\"inLanguage\":\"es-AR\",\"@id\":\"https:\/\/noticiasdeescobar.online\/?p=1469#primaryimage\",\"url\":\"https:\/\/noticiasdeescobar.online\/wp-content\/uploads\/2025\/10\/FB_IMG_1761142249459.jpg\",\"contentUrl\":\"https:\/\/noticiasdeescobar.online\/wp-content\/uploads\/2025\/10\/FB_IMG_1761142249459.jpg\",\"width\":768,\"height\":960},{\"@type\":\"BreadcrumbList\",\"@id\":\"https:\/\/noticiasdeescobar.online\/?p=1469#breadcrumb\",\"itemListElement\":[{\"@type\":\"ListItem\",\"position\":1,\"name\":\"Inicio\",\"item\":\"https:\/\/noticiasdeescobar.online\/\"},{\"@type\":\"ListItem\",\"position\":2,\"name\":\"Vuelco de cami\u00f3n en el parque industrial de Escobar: un herido con politraumatismos\"}]},{\"@type\":\"WebSite\",\"@id\":\"https:\/\/noticiasdeescobar.online\/#website\",\"url\":\"https:\/\/noticiasdeescobar.online\/\",\"name\":\"Noticias de Escobar\",\"description\":\"Noticias 24\/7\",\"potentialAction\":[{\"@type\":\"SearchAction\",\"target\":{\"@type\":\"EntryPoint\",\"urlTemplate\":\"https:\/\/noticiasdeescobar.online\/?s={search_term_string}\"},\"query-input\":{\"@type\":\"PropertyValueSpecification\",\"valueRequired\":true,\"valueName\":\"search_term_string\"}}],\"inLanguage\":\"es-AR\"},{\"@type\":\"Person\",\"@id\":\"https:\/\/noticiasdeescobar.online\/#\/schema\/person\/c80a19151f9337b50a779fe1f512ca6a\",\"name\":\"Redacci\u00f3n\",\"image\":{\"@type\":\"ImageObject\",\"inLanguage\":\"es-AR\",\"@id\":\"https:\/\/noticiasdeescobar.online\/#\/schema\/person\/image\/\",\"url\":\"https:\/\/secure.gravatar.com\/avatar\/1db77a0acc41b20b8cbce542c0459eb4?s=96&d=mm&r=g\",\"contentUrl\":\"https:\/\/secure.gravatar.com\/avatar\/1db77a0acc41b20b8cbce542c0459eb4?s=96&d=mm&r=g\",\"caption\":\"Redacci\u00f3n\"},\"sameAs\":[\"http:\/\/noticiasdeescobar.online\"],\"url\":\"https:\/\/noticiasdeescobar.online\/?author=1\"}]}<\/script>\n<!-- \/ Yoast SEO plugin. -->","yoast_head_json":{"title":"Vuelco de cami\u00f3n en el parque industrial de Escobar: un herido con politraumatismos - Noticias de Escobar","description":"El conductor fue asistido en el lugar por personal de Bomberos y posteriormente trasladado por una ambulancia del SAME hacia un centro de salud para su atenci\u00f3n.","robots":{"index":"index","follow":"follow","max-snippet":"max-snippet:-1","max-image-preview":"max-image-preview:large","max-video-preview":"max-video-preview:-1"},"canonical":"https:\/\/noticiasdeescobar.online\/?p=1469","og_locale":"es_ES","og_type":"article","og_title":"Vuelco de cami\u00f3n en el parque industrial de Escobar: un herido con politraumatismos","og_description":"El conductor fue asistido en el lugar por personal de Bomberos y posteriormente trasladado por una ambulancia del SAME hacia un centro de salud para su atenci\u00f3n.","og_url":"https:\/\/noticiasdeescobar.online\/?p=1469","og_site_name":"Noticias de Escobar","article_published_time":"2025-10-22T14:15:48+00:00","article_modified_time":"2025-10-22T14:17:34+00:00","og_image":[{"width":768,"height":960,"url":"https:\/\/noticiasdeescobar.online\/wp-content\/uploads\/2025\/10\/FB_IMG_1761142249459.jpg","type":"image\/jpeg"}],"author":"Redacci\u00f3n","twitter_card":"summary_large_image","twitter_misc":{"Escrito por":"Redacci\u00f3n","Tiempo de lectura":"1 minuto"},"schema":{"@context":"https:\/\/schema.org","@graph":[{"@type":"WebPage","@id":"https:\/\/noticiasdeescobar.online\/?p=1469","url":"https:\/\/noticiasdeescobar.online\/?p=1469","name":"Vuelco de cami\u00f3n en el parque industrial de Escobar: un herido con politraumatismos - Noticias de Escobar","isPartOf":{"@id":"https:\/\/noticiasdeescobar.online\/#website"},"primaryImageOfPage":{"@id":"https:\/\/noticiasdeescobar.online\/?p=1469#primaryimage"},"image":{"@id":"https:\/\/noticiasdeescobar.online\/?p=1469#primaryimage"},"thumbnailUrl":"https:\/\/noticiasdeescobar.online\/wp-content\/uploads\/2025\/10\/FB_IMG_1761142249459.jpg","datePublished":"2025-10-22T14:15:48+00:00","dateModified":"2025-10-22T14:17:34+00:00","author":{"@id":"https:\/\/noticiasdeescobar.online\/#\/schema\/person\/c80a19151f9337b50a779fe1f512ca6a"},"description":"El conductor fue asistido en el lugar por personal de Bomberos y posteriormente trasladado por una ambulancia del SAME hacia un centro de salud para su atenci\u00f3n.","breadcrumb":{"@id":"https:\/\/noticiasdeescobar.online\/?p=1469#breadcrumb"},"inLanguage":"es-AR","potentialAction":[{"@type":"ReadAction","target":["https:\/\/noticiasdeescobar.online\/?p=1469"]}]},{"@type":"ImageObject","inLanguage":"es-AR","@id":"https:\/\/noticiasdeescobar.online\/?p=1469#primaryimage","url":"https:\/\/noticiasdeescobar.online\/wp-content\/uploads\/2025\/10\/FB_IMG_1761142249459.jpg","contentUrl":"https:\/\/noticiasdeescobar.online\/wp-content\/uploads\/2025\/10\/FB_IMG_1761142249459.jpg","width":768,"height":960},{"@type":"BreadcrumbList","@id":"https:\/\/noticiasdeescobar.online\/?p=1469#breadcrumb","itemListElement":[{"@type":"ListItem","position":1,"name":"Inicio","item":"https:\/\/noticiasdeescobar.online\/"},{"@type":"ListItem","position":2,"name":"Vuelco de cami\u00f3n en el parque industrial de Escobar: un herido con politraumatismos"}]},{"@type":"WebSite","@id":"https:\/\/noticiasdeescobar.online\/#website","url":"https:\/\/noticiasdeescobar.online\/","name":"Noticias de Escobar","description":"Noticias 24\/7","potentialAction":[{"@type":"SearchAction","target":{"@type":"EntryPoint","urlTemplate":"https:\/\/noticiasdeescobar.online\/?s={search_term_string}"},"query-input":{"@type":"PropertyValueSpecification","valueRequired":true,"valueName":"search_term_string"}}],"inLanguage":"es-AR"},{"@type":"Person","@id":"https:\/\/noticiasdeescobar.online\/#\/schema\/person\/c80a19151f9337b50a779fe1f512ca6a","name":"Redacci\u00f3n","image":{"@type":"ImageObject","inLanguage":"es-AR","@id":"https:\/\/noticiasdeescobar.online\/#\/schema\/person\/image\/","url":"https:\/\/secure.gravatar.com\/avatar\/1db77a0acc41b20b8cbce542c0459eb4?s=96&d=mm&r=g","contentUrl":"https:\/\/secure.gravatar.com\/avatar\/1db77a0acc41b20b8cbce542c0459eb4?s=96&d=mm&r=g","caption":"Redacci\u00f3n"},"sameAs":["http:\/\/noticiasdeescobar.online"],"url":"https:\/\/noticiasdeescobar.online\/?author=1"}]}},"_links":{"self":[{"href":"https:\/\/noticiasdeescobar.online\/index.php?rest_route=\/wp\/v2\/posts\/1469","targetHints":{"allow":["GET"]}}],"collection":[{"href":"https:\/\/noticiasdeescobar.online\/index.php?rest_route=\/wp\/v2\/posts"}],"about":[{"href":"https:\/\/noticiasdeescobar.online\/index.php?rest_route=\/wp\/v2\/types\/post"}],"author":[{"embeddable":true,"href":"https:\/\/noticiasdeescobar.online\/index.php?rest_route=\/wp\/v2\/users\/1"}],"replies":[{"embeddable":true,"href":"https:\/\/noticiasdeescobar.online\/index.php?rest_route=%2Fwp%2Fv2%2Fcomments&post=1469"}],"version-history":[{"count":2,"href":"https:\/\/noticiasdeescobar.online\/index.php?rest_route=\/wp\/v2\/posts\/1469\/revisions"}],"predecessor-version":[{"id":1473,"href":"https:\/\/noticiasdeescobar.online\/index.php?rest_route=\/wp\/v2\/posts\/1469\/revisions\/1473"}],"wp:featuredmedia":[{"embeddable":true,"href":"https:\/\/noticiasdeescobar.online\/index.php?rest_route=\/wp\/v2\/media\/1470"}],"wp:attachment":[{"href":"https:\/\/noticiasdeescobar.online\/index.php?rest_route=%2Fwp%2Fv2%2Fmedia&parent=1469"}],"wp:term":[{"taxonomy":"category","embeddable":true,"href":"https:\/\/noticiasdeescobar.online\/index.php?rest_route=%2Fwp%2Fv2%2Fcategories&post=1469"},{"taxonomy":"post_tag","embeddable":true,"href":"https:\/\/noticiasdeescobar.online\/index.php?rest_route=%2Fwp%2Fv2%2Ftags&post=1469"}],"curies":[{"name":"wp","href":"https:\/\/api.w.org\/{rel}","templated":true}]}}