{"id":1503,"date":"2025-11-05T16:18:49","date_gmt":"2025-11-05T16:18:49","guid":{"rendered":"https:\/\/noticiasdeescobar.online\/?p=1503"},"modified":"2025-11-05T16:18:50","modified_gmt":"2025-11-05T16:18:50","slug":"el-hospital-erill-sumo-nuevo-equipamiento","status":"publish","type":"post","link":"https:\/\/noticiasdeescobar.online\/?p=1503","title":{"rendered":"El Hospital Erill sum\u00f3 nuevo equipamiento"},"content":{"rendered":"\n<p>El Hospital Provincial Enrique Erill de Escobar contin\u00faa fortaleciendo su infraestructura y equipamiento con el objetivo de brindar una atenci\u00f3n de calidad y mejorar las condiciones laborales de su personal de salud.<\/p>\n\n\n\n<!--more-->\n\n\n\n<p>En los \u00faltimos d\u00edas, la instituci\u00f3n incorpor\u00f3 <strong>equipos de protecci\u00f3n y blindaje de pol\u00edmero plomado ultraliviano<\/strong>, testeados bajo la norma internacional <strong>IEC 61331-1<\/strong>, destinados al \u00e1rea de <strong>radiodiagn\u00f3stico m\u00e9dico<\/strong>. La inversi\u00f3n, que asciende a <strong>10 millones de pesos<\/strong>, busca reforzar la seguridad del personal expuesto a radiaciones durante los procedimientos diagn\u00f3sticos.<\/p>\n\n\n<div class=\"wp-block-image\">\n<figure class=\"aligncenter size-large\"><img loading=\"lazy\" decoding=\"async\" width=\"1024\" height=\"768\" src=\"https:\/\/noticiasdeescobar.online\/wp-content\/uploads\/2025\/11\/574894820_1390724319505720_2139224651182673309_n-1024x768.jpg\" alt=\"\" class=\"wp-image-1504\" srcset=\"https:\/\/noticiasdeescobar.online\/wp-content\/uploads\/2025\/11\/574894820_1390724319505720_2139224651182673309_n-1024x768.jpg 1024w, https:\/\/noticiasdeescobar.online\/wp-content\/uploads\/2025\/11\/574894820_1390724319505720_2139224651182673309_n-300x225.jpg 300w, https:\/\/noticiasdeescobar.online\/wp-content\/uploads\/2025\/11\/574894820_1390724319505720_2139224651182673309_n-768x576.jpg 768w, https:\/\/noticiasdeescobar.online\/wp-content\/uploads\/2025\/11\/574894820_1390724319505720_2139224651182673309_n-1536x1152.jpg 1536w, https:\/\/noticiasdeescobar.online\/wp-content\/uploads\/2025\/11\/574894820_1390724319505720_2139224651182673309_n.jpg 1600w\" sizes=\"auto, (max-width: 1024px) 100vw, 1024px\" \/><\/figure><\/div>\n\n\n<p>\u201cEn el Hospital Erill, nos comprometemos con la seguridad y el bienestar de nuestros profesionales\u201d, se\u00f1alaron desde la direcci\u00f3n, destacando que este paso se enmarca en un plan integral de modernizaci\u00f3n y mejora del servicio p\u00fablico de salud.<\/p>\n\n\n\n<p>Adem\u00e1s, el hospital sum\u00f3 recientemente <strong>una camilla para traslado con porta suero, barandas y respaldo elevado<\/strong>, herramienta fundamental para brindar atenci\u00f3n m\u00e9dica segura y de calidad a los pacientes.<\/p>\n\n\n<div class=\"wp-block-image\">\n<figure class=\"aligncenter size-large\"><img loading=\"lazy\" decoding=\"async\" width=\"1024\" height=\"768\" src=\"https:\/\/noticiasdeescobar.online\/wp-content\/uploads\/2025\/11\/574912635_1386438179934334_6832967240954802423_n-1024x768.jpg\" alt=\"\" class=\"wp-image-1505\" srcset=\"https:\/\/noticiasdeescobar.online\/wp-content\/uploads\/2025\/11\/574912635_1386438179934334_6832967240954802423_n-1024x768.jpg 1024w, https:\/\/noticiasdeescobar.online\/wp-content\/uploads\/2025\/11\/574912635_1386438179934334_6832967240954802423_n-300x225.jpg 300w, https:\/\/noticiasdeescobar.online\/wp-content\/uploads\/2025\/11\/574912635_1386438179934334_6832967240954802423_n-768x576.jpg 768w, https:\/\/noticiasdeescobar.online\/wp-content\/uploads\/2025\/11\/574912635_1386438179934334_6832967240954802423_n-1536x1152.jpg 1536w, https:\/\/noticiasdeescobar.online\/wp-content\/uploads\/2025\/11\/574912635_1386438179934334_6832967240954802423_n.jpg 1600w\" sizes=\"auto, (max-width: 1024px) 100vw, 1024px\" \/><\/figure><\/div>\n\n\n<p>Desde el Erill agradecieron a la <strong>Universidad de Ciencias Empresariales<\/strong> por su colaboraci\u00f3n en la adquisici\u00f3n del nuevo equipamiento. \u201cD\u00eda a d\u00eda nos esforzamos por mejorar nuestro servicio y satisfacer las necesidades de nuestros vecinos\u201d, remarcaron.<\/p>\n\n\n\n<p>Con estas incorporaciones, el nosocomio escobarense reafirma su compromiso con el bienestar de la comunidad y el fortalecimiento del sistema p\u00fablico de salud.<\/p>\n","protected":false},"excerpt":{"rendered":"<p>El Hospital Provincial Enrique Erill de Escobar contin\u00faa fortaleciendo su infraestructura y equipamiento con el objetivo de brindar una atenci\u00f3n&hellip;<\/p>\n","protected":false},"author":1,"featured_media":1506,"comment_status":"open","ping_status":"open","sticky":false,"template":"","format":"standard","meta":{"_monsterinsights_skip_tracking":false,"_monsterinsights_sitenote_active":false,"_monsterinsights_sitenote_note":"","_monsterinsights_sitenote_category":0,"footnotes":""},"categories":[6],"tags":[121],"class_list":["post-1503","post","type-post","status-publish","format-standard","has-post-thumbnail","hentry","category-interes-general","tag-hospital-erill"],"yoast_head":"<!-- This site is optimized with the Yoast SEO plugin v25.3.1 - https:\/\/yoast.com\/wordpress\/plugins\/seo\/ -->\n<title>El Hospital Erill sum\u00f3 nuevo equipamiento - Noticias de Escobar<\/title>\n<meta name=\"description\" content=\"En los \u00faltimos d\u00edas, la instituci\u00f3n incorpor\u00f3 equipos de protecci\u00f3n y blindaje de pol\u00edmero plomado ultraliviano, destinados al \u00e1rea de radiodiagn\u00f3stico m\u00e9dico.\" \/>\n<meta name=\"robots\" content=\"index, follow, max-snippet:-1, max-image-preview:large, max-video-preview:-1\" \/>\n<link rel=\"canonical\" href=\"https:\/\/noticiasdeescobar.online\/?p=1503\" \/>\n<meta property=\"og:locale\" content=\"es_ES\" \/>\n<meta property=\"og:type\" content=\"article\" \/>\n<meta property=\"og:title\" content=\"El Hospital Erill sum\u00f3 nuevo equipamiento\" \/>\n<meta property=\"og:description\" content=\"En los \u00faltimos d\u00edas, la instituci\u00f3n incorpor\u00f3 equipos de protecci\u00f3n y blindaje de pol\u00edmero plomado ultraliviano, destinados al \u00e1rea de radiodiagn\u00f3stico m\u00e9dico.\" \/>\n<meta property=\"og:url\" content=\"https:\/\/noticiasdeescobar.online\/?p=1503\" \/>\n<meta property=\"og:site_name\" content=\"Noticias de Escobar\" \/>\n<meta property=\"article:published_time\" content=\"2025-11-05T16:18:49+00:00\" \/>\n<meta property=\"article:modified_time\" content=\"2025-11-05T16:18:50+00:00\" \/>\n<meta property=\"og:image\" content=\"https:\/\/noticiasdeescobar.online\/wp-content\/uploads\/2025\/11\/577813008_1390724226172396_474942385939620929_n.jpg\" \/>\n\t<meta property=\"og:image:width\" content=\"1600\" \/>\n\t<meta property=\"og:image:height\" content=\"1200\" \/>\n\t<meta property=\"og:image:type\" content=\"image\/jpeg\" \/>\n<meta name=\"author\" content=\"Redacci\u00f3n\" \/>\n<meta name=\"twitter:card\" content=\"summary_large_image\" \/>\n<meta name=\"twitter:label1\" content=\"Escrito por\" \/>\n\t<meta name=\"twitter:data1\" content=\"Redacci\u00f3n\" \/>\n\t<meta name=\"twitter:label2\" content=\"Tiempo de lectura\" \/>\n\t<meta name=\"twitter:data2\" content=\"2 minutos\" \/>\n<script type=\"application\/ld+json\" class=\"yoast-schema-graph\">{\"@context\":\"https:\/\/schema.org\",\"@graph\":[{\"@type\":\"WebPage\",\"@id\":\"https:\/\/noticiasdeescobar.online\/?p=1503\",\"url\":\"https:\/\/noticiasdeescobar.online\/?p=1503\",\"name\":\"El Hospital Erill sum\u00f3 nuevo equipamiento - Noticias de Escobar\",\"isPartOf\":{\"@id\":\"https:\/\/noticiasdeescobar.online\/#website\"},\"primaryImageOfPage\":{\"@id\":\"https:\/\/noticiasdeescobar.online\/?p=1503#primaryimage\"},\"image\":{\"@id\":\"https:\/\/noticiasdeescobar.online\/?p=1503#primaryimage\"},\"thumbnailUrl\":\"https:\/\/noticiasdeescobar.online\/wp-content\/uploads\/2025\/11\/577813008_1390724226172396_474942385939620929_n.jpg\",\"datePublished\":\"2025-11-05T16:18:49+00:00\",\"dateModified\":\"2025-11-05T16:18:50+00:00\",\"author\":{\"@id\":\"https:\/\/noticiasdeescobar.online\/#\/schema\/person\/c80a19151f9337b50a779fe1f512ca6a\"},\"description\":\"En los \u00faltimos d\u00edas, la instituci\u00f3n incorpor\u00f3 equipos de protecci\u00f3n y blindaje de pol\u00edmero plomado ultraliviano, destinados al \u00e1rea de radiodiagn\u00f3stico m\u00e9dico.\",\"breadcrumb\":{\"@id\":\"https:\/\/noticiasdeescobar.online\/?p=1503#breadcrumb\"},\"inLanguage\":\"es-AR\",\"potentialAction\":[{\"@type\":\"ReadAction\",\"target\":[\"https:\/\/noticiasdeescobar.online\/?p=1503\"]}]},{\"@type\":\"ImageObject\",\"inLanguage\":\"es-AR\",\"@id\":\"https:\/\/noticiasdeescobar.online\/?p=1503#primaryimage\",\"url\":\"https:\/\/noticiasdeescobar.online\/wp-content\/uploads\/2025\/11\/577813008_1390724226172396_474942385939620929_n.jpg\",\"contentUrl\":\"https:\/\/noticiasdeescobar.online\/wp-content\/uploads\/2025\/11\/577813008_1390724226172396_474942385939620929_n.jpg\",\"width\":1600,\"height\":1200},{\"@type\":\"BreadcrumbList\",\"@id\":\"https:\/\/noticiasdeescobar.online\/?p=1503#breadcrumb\",\"itemListElement\":[{\"@type\":\"ListItem\",\"position\":1,\"name\":\"Inicio\",\"item\":\"https:\/\/noticiasdeescobar.online\/\"},{\"@type\":\"ListItem\",\"position\":2,\"name\":\"El Hospital Erill sum\u00f3 nuevo equipamiento\"}]},{\"@type\":\"WebSite\",\"@id\":\"https:\/\/noticiasdeescobar.online\/#website\",\"url\":\"https:\/\/noticiasdeescobar.online\/\",\"name\":\"Noticias de Escobar\",\"description\":\"Noticias 24\/7\",\"potentialAction\":[{\"@type\":\"SearchAction\",\"target\":{\"@type\":\"EntryPoint\",\"urlTemplate\":\"https:\/\/noticiasdeescobar.online\/?s={search_term_string}\"},\"query-input\":{\"@type\":\"PropertyValueSpecification\",\"valueRequired\":true,\"valueName\":\"search_term_string\"}}],\"inLanguage\":\"es-AR\"},{\"@type\":\"Person\",\"@id\":\"https:\/\/noticiasdeescobar.online\/#\/schema\/person\/c80a19151f9337b50a779fe1f512ca6a\",\"name\":\"Redacci\u00f3n\",\"image\":{\"@type\":\"ImageObject\",\"inLanguage\":\"es-AR\",\"@id\":\"https:\/\/noticiasdeescobar.online\/#\/schema\/person\/image\/\",\"url\":\"https:\/\/secure.gravatar.com\/avatar\/1db77a0acc41b20b8cbce542c0459eb4?s=96&d=mm&r=g\",\"contentUrl\":\"https:\/\/secure.gravatar.com\/avatar\/1db77a0acc41b20b8cbce542c0459eb4?s=96&d=mm&r=g\",\"caption\":\"Redacci\u00f3n\"},\"sameAs\":[\"http:\/\/noticiasdeescobar.online\"],\"url\":\"https:\/\/noticiasdeescobar.online\/?author=1\"}]}<\/script>\n<!-- \/ Yoast SEO plugin. -->","yoast_head_json":{"title":"El Hospital Erill sum\u00f3 nuevo equipamiento - Noticias de Escobar","description":"En los \u00faltimos d\u00edas, la instituci\u00f3n incorpor\u00f3 equipos de protecci\u00f3n y blindaje de pol\u00edmero plomado ultraliviano, destinados al \u00e1rea de radiodiagn\u00f3stico m\u00e9dico.","robots":{"index":"index","follow":"follow","max-snippet":"max-snippet:-1","max-image-preview":"max-image-preview:large","max-video-preview":"max-video-preview:-1"},"canonical":"https:\/\/noticiasdeescobar.online\/?p=1503","og_locale":"es_ES","og_type":"article","og_title":"El Hospital Erill sum\u00f3 nuevo equipamiento","og_description":"En los \u00faltimos d\u00edas, la instituci\u00f3n incorpor\u00f3 equipos de protecci\u00f3n y blindaje de pol\u00edmero plomado ultraliviano, destinados al \u00e1rea de radiodiagn\u00f3stico m\u00e9dico.","og_url":"https:\/\/noticiasdeescobar.online\/?p=1503","og_site_name":"Noticias de Escobar","article_published_time":"2025-11-05T16:18:49+00:00","article_modified_time":"2025-11-05T16:18:50+00:00","og_image":[{"width":1600,"height":1200,"url":"https:\/\/noticiasdeescobar.online\/wp-content\/uploads\/2025\/11\/577813008_1390724226172396_474942385939620929_n.jpg","type":"image\/jpeg"}],"author":"Redacci\u00f3n","twitter_card":"summary_large_image","twitter_misc":{"Escrito por":"Redacci\u00f3n","Tiempo de lectura":"2 minutos"},"schema":{"@context":"https:\/\/schema.org","@graph":[{"@type":"WebPage","@id":"https:\/\/noticiasdeescobar.online\/?p=1503","url":"https:\/\/noticiasdeescobar.online\/?p=1503","name":"El Hospital Erill sum\u00f3 nuevo equipamiento - Noticias de Escobar","isPartOf":{"@id":"https:\/\/noticiasdeescobar.online\/#website"},"primaryImageOfPage":{"@id":"https:\/\/noticiasdeescobar.online\/?p=1503#primaryimage"},"image":{"@id":"https:\/\/noticiasdeescobar.online\/?p=1503#primaryimage"},"thumbnailUrl":"https:\/\/noticiasdeescobar.online\/wp-content\/uploads\/2025\/11\/577813008_1390724226172396_474942385939620929_n.jpg","datePublished":"2025-11-05T16:18:49+00:00","dateModified":"2025-11-05T16:18:50+00:00","author":{"@id":"https:\/\/noticiasdeescobar.online\/#\/schema\/person\/c80a19151f9337b50a779fe1f512ca6a"},"description":"En los \u00faltimos d\u00edas, la instituci\u00f3n incorpor\u00f3 equipos de protecci\u00f3n y blindaje de pol\u00edmero plomado ultraliviano, destinados al \u00e1rea de radiodiagn\u00f3stico m\u00e9dico.","breadcrumb":{"@id":"https:\/\/noticiasdeescobar.online\/?p=1503#breadcrumb"},"inLanguage":"es-AR","potentialAction":[{"@type":"ReadAction","target":["https:\/\/noticiasdeescobar.online\/?p=1503"]}]},{"@type":"ImageObject","inLanguage":"es-AR","@id":"https:\/\/noticiasdeescobar.online\/?p=1503#primaryimage","url":"https:\/\/noticiasdeescobar.online\/wp-content\/uploads\/2025\/11\/577813008_1390724226172396_474942385939620929_n.jpg","contentUrl":"https:\/\/noticiasdeescobar.online\/wp-content\/uploads\/2025\/11\/577813008_1390724226172396_474942385939620929_n.jpg","width":1600,"height":1200},{"@type":"BreadcrumbList","@id":"https:\/\/noticiasdeescobar.online\/?p=1503#breadcrumb","itemListElement":[{"@type":"ListItem","position":1,"name":"Inicio","item":"https:\/\/noticiasdeescobar.online\/"},{"@type":"ListItem","position":2,"name":"El Hospital Erill sum\u00f3 nuevo equipamiento"}]},{"@type":"WebSite","@id":"https:\/\/noticiasdeescobar.online\/#website","url":"https:\/\/noticiasdeescobar.online\/","name":"Noticias de Escobar","description":"Noticias 24\/7","potentialAction":[{"@type":"SearchAction","target":{"@type":"EntryPoint","urlTemplate":"https:\/\/noticiasdeescobar.online\/?s={search_term_string}"},"query-input":{"@type":"PropertyValueSpecification","valueRequired":true,"valueName":"search_term_string"}}],"inLanguage":"es-AR"},{"@type":"Person","@id":"https:\/\/noticiasdeescobar.online\/#\/schema\/person\/c80a19151f9337b50a779fe1f512ca6a","name":"Redacci\u00f3n","image":{"@type":"ImageObject","inLanguage":"es-AR","@id":"https:\/\/noticiasdeescobar.online\/#\/schema\/person\/image\/","url":"https:\/\/secure.gravatar.com\/avatar\/1db77a0acc41b20b8cbce542c0459eb4?s=96&d=mm&r=g","contentUrl":"https:\/\/secure.gravatar.com\/avatar\/1db77a0acc41b20b8cbce542c0459eb4?s=96&d=mm&r=g","caption":"Redacci\u00f3n"},"sameAs":["http:\/\/noticiasdeescobar.online"],"url":"https:\/\/noticiasdeescobar.online\/?author=1"}]}},"_links":{"self":[{"href":"https:\/\/noticiasdeescobar.online\/index.php?rest_route=\/wp\/v2\/posts\/1503","targetHints":{"allow":["GET"]}}],"collection":[{"href":"https:\/\/noticiasdeescobar.online\/index.php?rest_route=\/wp\/v2\/posts"}],"about":[{"href":"https:\/\/noticiasdeescobar.online\/index.php?rest_route=\/wp\/v2\/types\/post"}],"author":[{"embeddable":true,"href":"https:\/\/noticiasdeescobar.online\/index.php?rest_route=\/wp\/v2\/users\/1"}],"replies":[{"embeddable":true,"href":"https:\/\/noticiasdeescobar.online\/index.php?rest_route=%2Fwp%2Fv2%2Fcomments&post=1503"}],"version-history":[{"count":1,"href":"https:\/\/noticiasdeescobar.online\/index.php?rest_route=\/wp\/v2\/posts\/1503\/revisions"}],"predecessor-version":[{"id":1507,"href":"https:\/\/noticiasdeescobar.online\/index.php?rest_route=\/wp\/v2\/posts\/1503\/revisions\/1507"}],"wp:featuredmedia":[{"embeddable":true,"href":"https:\/\/noticiasdeescobar.online\/index.php?rest_route=\/wp\/v2\/media\/1506"}],"wp:attachment":[{"href":"https:\/\/noticiasdeescobar.online\/index.php?rest_route=%2Fwp%2Fv2%2Fmedia&parent=1503"}],"wp:term":[{"taxonomy":"category","embeddable":true,"href":"https:\/\/noticiasdeescobar.online\/index.php?rest_route=%2Fwp%2Fv2%2Fcategories&post=1503"},{"taxonomy":"post_tag","embeddable":true,"href":"https:\/\/noticiasdeescobar.online\/index.php?rest_route=%2Fwp%2Fv2%2Ftags&post=1503"}],"curies":[{"name":"wp","href":"https:\/\/api.w.org\/{rel}","templated":true}]}}