{"id":1508,"date":"2025-11-05T16:27:51","date_gmt":"2025-11-05T16:27:51","guid":{"rendered":"https:\/\/noticiasdeescobar.online\/?p=1508"},"modified":"2025-11-05T16:27:52","modified_gmt":"2025-11-05T16:27:52","slug":"encuentro-coral-regional-en-la-parroquia-natividad-del-senor","status":"publish","type":"post","link":"https:\/\/noticiasdeescobar.online\/?p=1508","title":{"rendered":"Encuentro Coral Regional en la Parroquia Natividad del Se\u00f1or"},"content":{"rendered":"\n<p>Este domingo 9 de noviembre a las 20 horas se realizar\u00e1 un <strong>Encuentro Coral Regional<\/strong> en la <strong>Parroquia Natividad del Se\u00f1or<\/strong>, ubicada en <strong>Eugenia Tapia de Cruz 524, Bel\u00e9n de Escobar<\/strong>.<\/p>\n\n\n\n<!--more-->\n\n\n<div class=\"wp-block-image\">\n<figure class=\"aligncenter size-full\"><img loading=\"lazy\" decoding=\"async\" width=\"942\" height=\"876\" src=\"https:\/\/noticiasdeescobar.online\/wp-content\/uploads\/2025\/11\/704c9e19-e536-48e1-ad57-6f4cdf6d840d.jpg\" alt=\"\" class=\"wp-image-1511\" srcset=\"https:\/\/noticiasdeescobar.online\/wp-content\/uploads\/2025\/11\/704c9e19-e536-48e1-ad57-6f4cdf6d840d.jpg 942w, https:\/\/noticiasdeescobar.online\/wp-content\/uploads\/2025\/11\/704c9e19-e536-48e1-ad57-6f4cdf6d840d-300x279.jpg 300w, https:\/\/noticiasdeescobar.online\/wp-content\/uploads\/2025\/11\/704c9e19-e536-48e1-ad57-6f4cdf6d840d-768x714.jpg 768w\" sizes=\"auto, (max-width: 942px) 100vw, 942px\" \/><\/figure><\/div>\n\n\n<p>Del evento participar\u00e1n los coros <strong>Evocaci\u00f3n<\/strong> y <strong>Encantando<\/strong>, de la ciudad de Z\u00e1rate; el <strong>Ensamble Coral Campana<\/strong> y el <strong>Coro Voces del Alma<\/strong>, de Ingeniero Maschwitz.<\/p>\n\n\n<div class=\"wp-block-image\">\n<figure class=\"aligncenter size-large\"><img loading=\"lazy\" decoding=\"async\" width=\"1024\" height=\"810\" src=\"https:\/\/noticiasdeescobar.online\/wp-content\/uploads\/2025\/11\/28fede69-3b31-43a4-b653-e91186e970de-1024x810.jpg\" alt=\"\" class=\"wp-image-1510\" srcset=\"https:\/\/noticiasdeescobar.online\/wp-content\/uploads\/2025\/11\/28fede69-3b31-43a4-b653-e91186e970de-1024x810.jpg 1024w, https:\/\/noticiasdeescobar.online\/wp-content\/uploads\/2025\/11\/28fede69-3b31-43a4-b653-e91186e970de-300x237.jpg 300w, https:\/\/noticiasdeescobar.online\/wp-content\/uploads\/2025\/11\/28fede69-3b31-43a4-b653-e91186e970de-768x608.jpg 768w, https:\/\/noticiasdeescobar.online\/wp-content\/uploads\/2025\/11\/28fede69-3b31-43a4-b653-e91186e970de-1536x1215.jpg 1536w, https:\/\/noticiasdeescobar.online\/wp-content\/uploads\/2025\/11\/28fede69-3b31-43a4-b653-e91186e970de.jpg 1600w\" sizes=\"auto, (max-width: 1024px) 100vw, 1024px\" \/><\/figure><\/div>\n\n\n<p>Las distintas agrupaciones presentar\u00e1n <strong>obras de variados estilos y \u00e9pocas<\/strong>, que incluyen tanto composiciones originales para coro como <strong>arreglos corales de canciones populares y de distintos g\u00e9neros<\/strong>, ofreciendo al p\u00fablico una experiencia musical diversa y de calidad.<\/p>\n\n\n\n<p>Ser\u00e1 <strong>la primera vez que estos conjuntos se presentan juntos en este templo<\/strong>, convirtiendo al encuentro en una oportunidad especial para disfrutar del talento coral regional en el coraz\u00f3n de Escobar.<\/p>\n\n\n<div class=\"wp-block-image\">\n<figure class=\"aligncenter size-large\"><img loading=\"lazy\" decoding=\"async\" width=\"1024\" height=\"559\" src=\"https:\/\/noticiasdeescobar.online\/wp-content\/uploads\/2025\/11\/6fe4ab47-211f-4df3-b06d-ed229c8b6a69-1024x559.jpg\" alt=\"\" class=\"wp-image-1509\" srcset=\"https:\/\/noticiasdeescobar.online\/wp-content\/uploads\/2025\/11\/6fe4ab47-211f-4df3-b06d-ed229c8b6a69-1024x559.jpg 1024w, https:\/\/noticiasdeescobar.online\/wp-content\/uploads\/2025\/11\/6fe4ab47-211f-4df3-b06d-ed229c8b6a69-300x164.jpg 300w, https:\/\/noticiasdeescobar.online\/wp-content\/uploads\/2025\/11\/6fe4ab47-211f-4df3-b06d-ed229c8b6a69-768x419.jpg 768w, https:\/\/noticiasdeescobar.online\/wp-content\/uploads\/2025\/11\/6fe4ab47-211f-4df3-b06d-ed229c8b6a69.jpg 1212w\" sizes=\"auto, (max-width: 1024px) 100vw, 1024px\" \/><\/figure><\/div>\n\n\n<p>La <strong>entrada es libre y gratuita<\/strong>, y la invitaci\u00f3n est\u00e1 abierta a todos los vecinos que deseen compartir una noche de m\u00fasica y cultura.<\/p>\n","protected":false},"excerpt":{"rendered":"<p>Este domingo 9 de noviembre a las 20 horas se realizar\u00e1 un Encuentro Coral Regional en la Parroquia Natividad del&hellip;<\/p>\n","protected":false},"author":1,"featured_media":1512,"comment_status":"open","ping_status":"open","sticky":false,"template":"","format":"standard","meta":{"_monsterinsights_skip_tracking":false,"_monsterinsights_sitenote_active":false,"_monsterinsights_sitenote_note":"","_monsterinsights_sitenote_category":0,"footnotes":""},"categories":[75],"tags":[230],"class_list":["post-1508","post","type-post","status-publish","format-standard","has-post-thumbnail","hentry","category-cultura","tag-encuentro-coral-regional"],"yoast_head":"<!-- This site is optimized with the Yoast SEO plugin v25.3.1 - https:\/\/yoast.com\/wordpress\/plugins\/seo\/ -->\n<title>Encuentro Coral Regional en la Parroquia Natividad del Se\u00f1or - Noticias de Escobar<\/title>\n<meta name=\"description\" content=\"La entrada es libre y gratuita, y la invitaci\u00f3n est\u00e1 abierta a todos los vecinos que deseen compartir una noche de m\u00fasica y cultura.\" \/>\n<meta name=\"robots\" content=\"index, follow, max-snippet:-1, max-image-preview:large, max-video-preview:-1\" \/>\n<link rel=\"canonical\" href=\"https:\/\/noticiasdeescobar.online\/?p=1508\" \/>\n<meta property=\"og:locale\" content=\"es_ES\" \/>\n<meta property=\"og:type\" content=\"article\" \/>\n<meta property=\"og:title\" content=\"Encuentro Coral Regional en la Parroquia Natividad del Se\u00f1or\" \/>\n<meta property=\"og:description\" content=\"La entrada es libre y gratuita, y la invitaci\u00f3n est\u00e1 abierta a todos los vecinos que deseen compartir una noche de m\u00fasica y cultura.\" \/>\n<meta property=\"og:url\" content=\"https:\/\/noticiasdeescobar.online\/?p=1508\" \/>\n<meta property=\"og:site_name\" content=\"Noticias de Escobar\" \/>\n<meta property=\"article:published_time\" content=\"2025-11-05T16:27:51+00:00\" \/>\n<meta property=\"article:modified_time\" content=\"2025-11-05T16:27:52+00:00\" \/>\n<meta property=\"og:image\" content=\"https:\/\/noticiasdeescobar.online\/wp-content\/uploads\/2025\/11\/e7f50561-b36c-451c-afe3-a339733a46ab.jpg\" \/>\n\t<meta property=\"og:image:width\" content=\"1280\" \/>\n\t<meta property=\"og:image:height\" content=\"917\" \/>\n\t<meta property=\"og:image:type\" content=\"image\/jpeg\" \/>\n<meta name=\"author\" content=\"Redacci\u00f3n\" \/>\n<meta name=\"twitter:card\" content=\"summary_large_image\" \/>\n<meta name=\"twitter:label1\" content=\"Escrito por\" \/>\n\t<meta name=\"twitter:data1\" content=\"Redacci\u00f3n\" \/>\n\t<meta name=\"twitter:label2\" content=\"Tiempo de lectura\" \/>\n\t<meta name=\"twitter:data2\" content=\"2 minutos\" \/>\n<script type=\"application\/ld+json\" class=\"yoast-schema-graph\">{\"@context\":\"https:\/\/schema.org\",\"@graph\":[{\"@type\":\"WebPage\",\"@id\":\"https:\/\/noticiasdeescobar.online\/?p=1508\",\"url\":\"https:\/\/noticiasdeescobar.online\/?p=1508\",\"name\":\"Encuentro Coral Regional en la Parroquia Natividad del Se\u00f1or - Noticias de Escobar\",\"isPartOf\":{\"@id\":\"https:\/\/noticiasdeescobar.online\/#website\"},\"primaryImageOfPage\":{\"@id\":\"https:\/\/noticiasdeescobar.online\/?p=1508#primaryimage\"},\"image\":{\"@id\":\"https:\/\/noticiasdeescobar.online\/?p=1508#primaryimage\"},\"thumbnailUrl\":\"https:\/\/noticiasdeescobar.online\/wp-content\/uploads\/2025\/11\/e7f50561-b36c-451c-afe3-a339733a46ab.jpg\",\"datePublished\":\"2025-11-05T16:27:51+00:00\",\"dateModified\":\"2025-11-05T16:27:52+00:00\",\"author\":{\"@id\":\"https:\/\/noticiasdeescobar.online\/#\/schema\/person\/c80a19151f9337b50a779fe1f512ca6a\"},\"description\":\"La entrada es libre y gratuita, y la invitaci\u00f3n est\u00e1 abierta a todos los vecinos que deseen compartir una noche de m\u00fasica y cultura.\",\"breadcrumb\":{\"@id\":\"https:\/\/noticiasdeescobar.online\/?p=1508#breadcrumb\"},\"inLanguage\":\"es-AR\",\"potentialAction\":[{\"@type\":\"ReadAction\",\"target\":[\"https:\/\/noticiasdeescobar.online\/?p=1508\"]}]},{\"@type\":\"ImageObject\",\"inLanguage\":\"es-AR\",\"@id\":\"https:\/\/noticiasdeescobar.online\/?p=1508#primaryimage\",\"url\":\"https:\/\/noticiasdeescobar.online\/wp-content\/uploads\/2025\/11\/e7f50561-b36c-451c-afe3-a339733a46ab.jpg\",\"contentUrl\":\"https:\/\/noticiasdeescobar.online\/wp-content\/uploads\/2025\/11\/e7f50561-b36c-451c-afe3-a339733a46ab.jpg\",\"width\":1280,\"height\":917},{\"@type\":\"BreadcrumbList\",\"@id\":\"https:\/\/noticiasdeescobar.online\/?p=1508#breadcrumb\",\"itemListElement\":[{\"@type\":\"ListItem\",\"position\":1,\"name\":\"Inicio\",\"item\":\"https:\/\/noticiasdeescobar.online\/\"},{\"@type\":\"ListItem\",\"position\":2,\"name\":\"Encuentro Coral Regional en la Parroquia Natividad del Se\u00f1or\"}]},{\"@type\":\"WebSite\",\"@id\":\"https:\/\/noticiasdeescobar.online\/#website\",\"url\":\"https:\/\/noticiasdeescobar.online\/\",\"name\":\"Noticias de Escobar\",\"description\":\"Noticias 24\/7\",\"potentialAction\":[{\"@type\":\"SearchAction\",\"target\":{\"@type\":\"EntryPoint\",\"urlTemplate\":\"https:\/\/noticiasdeescobar.online\/?s={search_term_string}\"},\"query-input\":{\"@type\":\"PropertyValueSpecification\",\"valueRequired\":true,\"valueName\":\"search_term_string\"}}],\"inLanguage\":\"es-AR\"},{\"@type\":\"Person\",\"@id\":\"https:\/\/noticiasdeescobar.online\/#\/schema\/person\/c80a19151f9337b50a779fe1f512ca6a\",\"name\":\"Redacci\u00f3n\",\"image\":{\"@type\":\"ImageObject\",\"inLanguage\":\"es-AR\",\"@id\":\"https:\/\/noticiasdeescobar.online\/#\/schema\/person\/image\/\",\"url\":\"https:\/\/secure.gravatar.com\/avatar\/1db77a0acc41b20b8cbce542c0459eb4?s=96&d=mm&r=g\",\"contentUrl\":\"https:\/\/secure.gravatar.com\/avatar\/1db77a0acc41b20b8cbce542c0459eb4?s=96&d=mm&r=g\",\"caption\":\"Redacci\u00f3n\"},\"sameAs\":[\"http:\/\/noticiasdeescobar.online\"],\"url\":\"https:\/\/noticiasdeescobar.online\/?author=1\"}]}<\/script>\n<!-- \/ Yoast SEO plugin. -->","yoast_head_json":{"title":"Encuentro Coral Regional en la Parroquia Natividad del Se\u00f1or - Noticias de Escobar","description":"La entrada es libre y gratuita, y la invitaci\u00f3n est\u00e1 abierta a todos los vecinos que deseen compartir una noche de m\u00fasica y cultura.","robots":{"index":"index","follow":"follow","max-snippet":"max-snippet:-1","max-image-preview":"max-image-preview:large","max-video-preview":"max-video-preview:-1"},"canonical":"https:\/\/noticiasdeescobar.online\/?p=1508","og_locale":"es_ES","og_type":"article","og_title":"Encuentro Coral Regional en la Parroquia Natividad del Se\u00f1or","og_description":"La entrada es libre y gratuita, y la invitaci\u00f3n est\u00e1 abierta a todos los vecinos que deseen compartir una noche de m\u00fasica y cultura.","og_url":"https:\/\/noticiasdeescobar.online\/?p=1508","og_site_name":"Noticias de Escobar","article_published_time":"2025-11-05T16:27:51+00:00","article_modified_time":"2025-11-05T16:27:52+00:00","og_image":[{"width":1280,"height":917,"url":"https:\/\/noticiasdeescobar.online\/wp-content\/uploads\/2025\/11\/e7f50561-b36c-451c-afe3-a339733a46ab.jpg","type":"image\/jpeg"}],"author":"Redacci\u00f3n","twitter_card":"summary_large_image","twitter_misc":{"Escrito por":"Redacci\u00f3n","Tiempo de lectura":"2 minutos"},"schema":{"@context":"https:\/\/schema.org","@graph":[{"@type":"WebPage","@id":"https:\/\/noticiasdeescobar.online\/?p=1508","url":"https:\/\/noticiasdeescobar.online\/?p=1508","name":"Encuentro Coral Regional en la Parroquia Natividad del Se\u00f1or - Noticias de Escobar","isPartOf":{"@id":"https:\/\/noticiasdeescobar.online\/#website"},"primaryImageOfPage":{"@id":"https:\/\/noticiasdeescobar.online\/?p=1508#primaryimage"},"image":{"@id":"https:\/\/noticiasdeescobar.online\/?p=1508#primaryimage"},"thumbnailUrl":"https:\/\/noticiasdeescobar.online\/wp-content\/uploads\/2025\/11\/e7f50561-b36c-451c-afe3-a339733a46ab.jpg","datePublished":"2025-11-05T16:27:51+00:00","dateModified":"2025-11-05T16:27:52+00:00","author":{"@id":"https:\/\/noticiasdeescobar.online\/#\/schema\/person\/c80a19151f9337b50a779fe1f512ca6a"},"description":"La entrada es libre y gratuita, y la invitaci\u00f3n est\u00e1 abierta a todos los vecinos que deseen compartir una noche de m\u00fasica y cultura.","breadcrumb":{"@id":"https:\/\/noticiasdeescobar.online\/?p=1508#breadcrumb"},"inLanguage":"es-AR","potentialAction":[{"@type":"ReadAction","target":["https:\/\/noticiasdeescobar.online\/?p=1508"]}]},{"@type":"ImageObject","inLanguage":"es-AR","@id":"https:\/\/noticiasdeescobar.online\/?p=1508#primaryimage","url":"https:\/\/noticiasdeescobar.online\/wp-content\/uploads\/2025\/11\/e7f50561-b36c-451c-afe3-a339733a46ab.jpg","contentUrl":"https:\/\/noticiasdeescobar.online\/wp-content\/uploads\/2025\/11\/e7f50561-b36c-451c-afe3-a339733a46ab.jpg","width":1280,"height":917},{"@type":"BreadcrumbList","@id":"https:\/\/noticiasdeescobar.online\/?p=1508#breadcrumb","itemListElement":[{"@type":"ListItem","position":1,"name":"Inicio","item":"https:\/\/noticiasdeescobar.online\/"},{"@type":"ListItem","position":2,"name":"Encuentro Coral Regional en la Parroquia Natividad del Se\u00f1or"}]},{"@type":"WebSite","@id":"https:\/\/noticiasdeescobar.online\/#website","url":"https:\/\/noticiasdeescobar.online\/","name":"Noticias de Escobar","description":"Noticias 24\/7","potentialAction":[{"@type":"SearchAction","target":{"@type":"EntryPoint","urlTemplate":"https:\/\/noticiasdeescobar.online\/?s={search_term_string}"},"query-input":{"@type":"PropertyValueSpecification","valueRequired":true,"valueName":"search_term_string"}}],"inLanguage":"es-AR"},{"@type":"Person","@id":"https:\/\/noticiasdeescobar.online\/#\/schema\/person\/c80a19151f9337b50a779fe1f512ca6a","name":"Redacci\u00f3n","image":{"@type":"ImageObject","inLanguage":"es-AR","@id":"https:\/\/noticiasdeescobar.online\/#\/schema\/person\/image\/","url":"https:\/\/secure.gravatar.com\/avatar\/1db77a0acc41b20b8cbce542c0459eb4?s=96&d=mm&r=g","contentUrl":"https:\/\/secure.gravatar.com\/avatar\/1db77a0acc41b20b8cbce542c0459eb4?s=96&d=mm&r=g","caption":"Redacci\u00f3n"},"sameAs":["http:\/\/noticiasdeescobar.online"],"url":"https:\/\/noticiasdeescobar.online\/?author=1"}]}},"_links":{"self":[{"href":"https:\/\/noticiasdeescobar.online\/index.php?rest_route=\/wp\/v2\/posts\/1508","targetHints":{"allow":["GET"]}}],"collection":[{"href":"https:\/\/noticiasdeescobar.online\/index.php?rest_route=\/wp\/v2\/posts"}],"about":[{"href":"https:\/\/noticiasdeescobar.online\/index.php?rest_route=\/wp\/v2\/types\/post"}],"author":[{"embeddable":true,"href":"https:\/\/noticiasdeescobar.online\/index.php?rest_route=\/wp\/v2\/users\/1"}],"replies":[{"embeddable":true,"href":"https:\/\/noticiasdeescobar.online\/index.php?rest_route=%2Fwp%2Fv2%2Fcomments&post=1508"}],"version-history":[{"count":1,"href":"https:\/\/noticiasdeescobar.online\/index.php?rest_route=\/wp\/v2\/posts\/1508\/revisions"}],"predecessor-version":[{"id":1513,"href":"https:\/\/noticiasdeescobar.online\/index.php?rest_route=\/wp\/v2\/posts\/1508\/revisions\/1513"}],"wp:featuredmedia":[{"embeddable":true,"href":"https:\/\/noticiasdeescobar.online\/index.php?rest_route=\/wp\/v2\/media\/1512"}],"wp:attachment":[{"href":"https:\/\/noticiasdeescobar.online\/index.php?rest_route=%2Fwp%2Fv2%2Fmedia&parent=1508"}],"wp:term":[{"taxonomy":"category","embeddable":true,"href":"https:\/\/noticiasdeescobar.online\/index.php?rest_route=%2Fwp%2Fv2%2Fcategories&post=1508"},{"taxonomy":"post_tag","embeddable":true,"href":"https:\/\/noticiasdeescobar.online\/index.php?rest_route=%2Fwp%2Fv2%2Ftags&post=1508"}],"curies":[{"name":"wp","href":"https:\/\/api.w.org\/{rel}","templated":true}]}}