{"id":1573,"date":"2025-11-18T16:23:33","date_gmt":"2025-11-18T16:23:33","guid":{"rendered":"https:\/\/noticiasdeescobar.online\/?p=1573"},"modified":"2025-11-18T16:23:34","modified_gmt":"2025-11-18T16:23:34","slug":"fausto-schioppa-fue-protagonista-en-baradero","status":"publish","type":"post","link":"https:\/\/noticiasdeescobar.online\/?p=1573","title":{"rendered":"Fausto Schioppa fue protagonista en Baradero"},"content":{"rendered":"\n<p class=\"has-vivid-red-color has-text-color has-link-color wp-elements-b213958baaa3f54bc4b829afbce9249c\"><em><strong>El representante de Bel\u00e9n de Escobar volvi\u00f3 a destacarse en la Senior Nacional al marcar el P2 en la clasificaci\u00f3n entre m\u00e1s de 40 pilotos y cerrar la Final en el P7 del Evento #4 del &#8216;Invierno&#8217; de RMC Buenos Aires.<\/strong><\/em><\/p>\n\n\n\n<!--more-->\n\n\n\n<p><\/p>\n\n\n\n<p>Fausto Schioppa, representante de Bel\u00e9n de Escobar, Buenos Aires, fue uno de los protagonistas del evento que RMC Buenos Aires llev\u00f3 adelante en el kart\u00f3dromo &#8220;Ramiro Tot&#8221; de Baradero. Integrado la clase Senior Nacional, el piloto encar\u00f3 el fin de semana con un nivel firme desde las primeras salidas a pista, confirmando que el conjunto estaba a la altura de un parque numeroso y exigente.<\/p>\n\n\n\n<p>Durante los entrenamientos de viernes y s\u00e1bado, Schioppa logr\u00f3 una base s\u00f3lida de rendimiento que le permiti\u00f3 llegar al domingo con grandes expectativas. As\u00ed lo explic\u00f3 al finalizar la actividad:&nbsp;<strong><em>&#8220;El fin de semana arranc\u00f3 muy positivo, donde estuvimos muy firmes en los entrenamientos. Tuvimos un muy buen ritmo, tanto viernes como s\u00e1bado probando varias cosas para alcanzar la mejor puesta a punto. Fuimos r\u00e1pidos tanto con gomas usadas como con gomas nuevas. Estuvimos con tiempos parejos durante todo el fin de semana&#8221;.<\/em><\/strong><\/p>\n\n\n\n<p>La clasificaci\u00f3n del domingo lo consolid\u00f3 entre los referentes: firm\u00f3 el P2 en la General, destac\u00e1ndose entre los m\u00e1s de 40 participantes de la divisional. Aun con algunos contratiempos, logr\u00f3 mantener su potencial. Sobre ese momento, detall\u00f3:&nbsp;<strong><em>&#8220;En la clasificaci\u00f3n del domingo, se nos complic\u00f3 un poco, pero pudimos quedar en P2 en la General. Largamos 1\u00b0 en nuestra serie. Tuvimos que recuperarnos de una largada con toques que nos relegaron algunos puestos&#8221;<\/em><\/strong>. En esa segunda Serie, avanz\u00f3 hasta el P5, asegur\u00e1ndose un buen lugar para la definici\u00f3n.<\/p>\n\n\n<div class=\"wp-block-image\">\n<figure class=\"aligncenter size-full\"><img loading=\"lazy\" decoding=\"async\" width=\"960\" height=\"640\" src=\"https:\/\/noticiasdeescobar.online\/wp-content\/uploads\/2025\/11\/fschioppa_251116ro.jpg\" alt=\"\" class=\"wp-image-1575\" srcset=\"https:\/\/noticiasdeescobar.online\/wp-content\/uploads\/2025\/11\/fschioppa_251116ro.jpg 960w, https:\/\/noticiasdeescobar.online\/wp-content\/uploads\/2025\/11\/fschioppa_251116ro-300x200.jpg 300w, https:\/\/noticiasdeescobar.online\/wp-content\/uploads\/2025\/11\/fschioppa_251116ro-768x512.jpg 768w\" sizes=\"auto, (max-width: 960px) 100vw, 960px\" \/><\/figure><\/div>\n\n\n<p>Con algunos ajustes en su unidad, sali\u00f3 a disputar la Final decidido a pelear m\u00e1s adelante. Sin embargo, las intensas disputas del pelot\u00f3n frontal marcaron el desarrollo de la competencia. A pesar de las dificultades, Fausto logr\u00f3 sostener un paso competitivo y cerr\u00f3 otra actuaci\u00f3n s\u00f3lida dentro de un parque extremadamente numeroso.<\/p>\n\n\n\n<p>En sus palabras:&nbsp;<strong><em>&#8220;Para la Final hicimos algunos cambios que nos beneficiaron. Fue una carrera muy friccionada, con muchos choques. Tuvimos que ir esquivando incidentes que no nos involucraron, pero que, de todas maneras, nos alejaron de la punta. Seguimos con ritmo firme y avanzamos lo m\u00e1s que pudimos para terminar en el P7. No nos falt\u00f3 nada, solo un poco m\u00e1s de suerte&#8221;.<\/em><\/strong><\/p>\n\n\n\n<p>Al t\u00e9rmino de la jornada, expres\u00f3 palabras de reconocimiento para quienes acompa\u00f1an su campa\u00f1a:&nbsp;<strong><em>&#8220;Quiero agradecer a Mat\u00edas Milla junto a todo su equipo, a Axion Team por el motor que me brindan, a mi sponsor La pista y a la Municipalidad de Escobar, a mis pap\u00e1s por el apoyo que me dan carrera tras carrera y a toda la gente que me acompa\u00f1a&#8221;.<\/em><\/strong><\/p>\n\n\n\n<p>Fausto Schioppa complet\u00f3 esta presentaci\u00f3n ubicado en el P4 de la Senior Nacional, acumulando 83 puntos en el campeonato. El Trofeo de Invierno tendr\u00e1 su cierre el pr\u00f3ximo 27 y 28 de diciembre, cuando se dispute el Evento #5 en el Circuito Callejero de la Av. 9 de Julio, en CABA.<\/p>\n\n\n\n<p>RMC BUENOS AIRES 2025 &#8211; TROFEO DE INVIERNO<br>Kart\u00f3dromo &#8220;Ramiro Tot&#8221;, Baradero (Buenos Aires)<\/p>\n\n\n\n<p><strong>SENIOR NACIONAL<\/strong><br><strong>Clasificaci\u00f3n:&nbsp;<\/strong>1. Cartolano, Juan 44.957<br><br><strong>1\u00aa Serie:&nbsp;<\/strong>1. Cartolano, Juan, 2. D\u00edaz L\u00f3pez, Juan, 3. Citta Giordano, Juan J., 4. Fazzari, Carmelo, 5. Trani, Giuliano, 6. Valle, Joaqu\u00edn, 7. C\u00f3ccaro, Franco, 8. Villa, Valent\u00edn, 9. Cordone, Tomas, 10. Becerra, Valent\u00edn, 11. Sgrablich, Benjam\u00edn, 12. Botto, Joaquin, 13. Spinelli Valacco, Francisco, 14. Musto, Iv\u00e1n, 15. Dago, Fortunato, 16. Vidal, Juan M., 17. DAquila, Jaco, 18. Civale, Luciano, Sv. Vozza, Santino, Sv. Tentoni, Danilo, Ex. Ambrosetti, Manuel.<br><strong>2\u00aa Serie:&nbsp;<\/strong>1. Manta, Nicol\u00e1s, 2. Garay, Tiziano, 3. Zapata, Axel, 4. Catalano, Mat\u00edas,&nbsp;<em><strong>5. Schioppa, Fausto,<\/strong><\/em>&nbsp;6. De Volder, Joaqu\u00edn, 7. Cipollone, Mateo, 8. Sauco, Juan P., 9. Lopes, Romeo, 10. Carmona, Ciro, 11. Destefanis, Catalina, 12. Bonoris, Rufino, 13. Torrillate, Valentino, 14. Pesce, Martin, 15. Gatto, Juan I., 16. Biondo, Donado, 17. Constanzo, Facundo, 18. Miranda, Matias, 19. Urtubey, Lucas, Sv. Benav\u00eddez, Santino, Ex. Plocher, Pablo.<br><br><strong>Final:&nbsp;<\/strong>1. Cartolano, Juan, 2. Manta, Nicol\u00e1s, 3. Garay, Tiziano, 4. De Volder, Joaqu\u00edn, 5. Fazzari, Carmelo, 6. Valle, Joaqu\u00edn,&nbsp;<em><strong>7. Schioppa, Fausto,<\/strong><\/em>&nbsp;8. Catalano, Mat\u00edas, 9. Lopes, Romeo, 10. Sgrablich, Benjam\u00edn, 11. Botto, Joaquin, 12. Villa, Valent\u00edn, 13. Bonoris, Rufino, 14. Citta Giordano, Juan J., 15. Gatto, Juan I., 16. Pesce, Martin, 17. Zapata, Axel, 18. D\u00edaz L\u00f3pez, Juan, 19. Cipollone, Mateo, 20. Biondo, Donado, 21. Cordone, Tomas, 22. Constanzo, Facundo, 23. Carmona, Ciro, 24. Miranda, Matias, 25. Dago, Fortunato, 26. Civale, Luciano, 27. Torrillate, Valentino, 28. Spinelli Valacco, Francisco, 29. DAquila, Jaco, 30. Destefanis, Catalina, 31. Trani, Giuliano, 32. Becerra, Valent\u00edn, Nc. Vidal, Juan M., Nc. Sauco, Juan P., Nc. Musto, Iv\u00e1n, Ex. C\u00f3ccaro, Franco.<br><br><strong>Campeonato Extraoficial:&nbsp;<\/strong>1. De Volder, Joaqu\u00edn 148 &#8211; 1v, 2. Cartolano, Juan 103 &#8211; 1v, 3. De Le\u00f3n, M\u00e1ximo 87 &#8211; 1v,&nbsp;<em><strong>4. Schioppa, Fausto 83<\/strong><\/em>, 5. Manta, Nicol\u00e1s 81, 6. Lopes, Romeo 76, 7. Zapata, Axel 73, 8. Fazzari, Carmelo 72, 9. Valle, Joaqu\u00edn 70, 10. D\u00edaz L\u00f3pez, Juan 64, 11. Cipollone, Mateo 62, 12. Ibarra, Mart\u00edn 61 &#8211; 1v, 13. Catalano, Mat\u00edas 57, 14. Garay, Tiziano 55, 15. Vidal, Juan M. 55, 16. C\u00f3ccaro, Franco 55, 17. Urtubey, Lucas 52, 18. Torrillate, Valentino 48, 19. Citta Giordano, Juan J. 47, 20. Becerra, Valent\u00edn 45, 21. Trani, Giuliano 40, 22. Colina, Lucas 34, 23. Sauco, Juan P. 31, 24. Villa, Valent\u00edn 30, 25. Sgrablich, Benjam\u00edn 26, 26. Destefanis, Catalina 24, 27. Carmona, Ciro 21, 28. Civale, Luciano 14, 29. Botto, Joaquin 13, 30. Szakola, Santiago 13, 31. Cordone, Tomas 11, 32. Bonoris, Rufino 11, 33. Tabella, Fiamma 10, 34. Vidal, Bautista 10, 35. Gatto, Juan I. 8, 36. Ferrer, Marcos 8, 37. Pesce, Martin 7, 38. Spinelli Valacco, Francisco 7, 39. Musto, Iv\u00e1n 6, 40. Miranda, Matias 4, 41. Biondo, Donado 4, 42. Dago, Fortunato 4, 43. DAquila, Jaco 4, 44. Constanzo, Facundo 4, 45. Benav\u00eddez, Santino 4, 46. Gobelli, Carolina 4, 47. Campos, Agust\u00edn 4, 48. Vozza, Santino 3, 49. Druetto, Franco 3, 50. Melnik, Agust\u00edn 3.<\/p>\n","protected":false},"excerpt":{"rendered":"<p>El representante de Bel\u00e9n de Escobar volvi\u00f3 a destacarse en la Senior Nacional al marcar el P2 en la clasificaci\u00f3n&hellip;<\/p>\n","protected":false},"author":1,"featured_media":1574,"comment_status":"open","ping_status":"open","sticky":false,"template":"","format":"standard","meta":{"_monsterinsights_skip_tracking":false,"_monsterinsights_sitenote_active":false,"_monsterinsights_sitenote_note":"","_monsterinsights_sitenote_category":0,"footnotes":""},"categories":[11],"tags":[87],"class_list":["post-1573","post","type-post","status-publish","format-standard","has-post-thumbnail","hentry","category-deportes","tag-fausto-schioppa"],"yoast_head":"<!-- This site is optimized with the Yoast SEO plugin v25.3.1 - https:\/\/yoast.com\/wordpress\/plugins\/seo\/ -->\n<title>Fausto Schioppa fue protagonista en Baradero - Noticias de Escobar<\/title>\n<meta name=\"description\" content=\"El representante de Bel\u00e9n de Escobar volvi\u00f3 a destacarse en la Senior Nacional al marcar el P2 en la clasificaci\u00f3n entre m\u00e1s de 40 pilotos y cerrar la Final en el P7 del Evento #4 del &#039;Invierno&#039; de RMC Buenos Aires.\" \/>\n<meta name=\"robots\" content=\"index, follow, max-snippet:-1, max-image-preview:large, max-video-preview:-1\" \/>\n<link rel=\"canonical\" href=\"https:\/\/noticiasdeescobar.online\/?p=1573\" \/>\n<meta property=\"og:locale\" content=\"es_ES\" \/>\n<meta property=\"og:type\" content=\"article\" \/>\n<meta property=\"og:title\" content=\"Fausto Schioppa fue protagonista en Baradero\" \/>\n<meta property=\"og:description\" content=\"El representante de Bel\u00e9n de Escobar volvi\u00f3 a destacarse en la Senior Nacional al marcar el P2 en la clasificaci\u00f3n entre m\u00e1s de 40 pilotos y cerrar la Final en el P7 del Evento #4 del &#039;Invierno&#039; de RMC Buenos Aires.\" \/>\n<meta property=\"og:url\" content=\"https:\/\/noticiasdeescobar.online\/?p=1573\" \/>\n<meta property=\"og:site_name\" content=\"Noticias de Escobar\" \/>\n<meta property=\"article:published_time\" content=\"2025-11-18T16:23:33+00:00\" \/>\n<meta property=\"article:modified_time\" content=\"2025-11-18T16:23:34+00:00\" \/>\n<meta property=\"og:image\" content=\"https:\/\/noticiasdeescobar.online\/wp-content\/uploads\/2025\/11\/fschioppa_251116ro.jpg\" \/>\n\t<meta property=\"og:image:width\" content=\"960\" \/>\n\t<meta property=\"og:image:height\" content=\"640\" \/>\n\t<meta property=\"og:image:type\" content=\"image\/jpeg\" \/>\n<meta name=\"author\" content=\"Redacci\u00f3n\" \/>\n<meta name=\"twitter:card\" content=\"summary_large_image\" \/>\n<meta name=\"twitter:label1\" content=\"Escrito por\" \/>\n\t<meta name=\"twitter:data1\" content=\"Redacci\u00f3n\" \/>\n\t<meta name=\"twitter:label2\" content=\"Tiempo de lectura\" \/>\n\t<meta name=\"twitter:data2\" content=\"5 minutos\" \/>\n<script type=\"application\/ld+json\" class=\"yoast-schema-graph\">{\"@context\":\"https:\/\/schema.org\",\"@graph\":[{\"@type\":\"WebPage\",\"@id\":\"https:\/\/noticiasdeescobar.online\/?p=1573\",\"url\":\"https:\/\/noticiasdeescobar.online\/?p=1573\",\"name\":\"Fausto Schioppa fue protagonista en Baradero - Noticias de Escobar\",\"isPartOf\":{\"@id\":\"https:\/\/noticiasdeescobar.online\/#website\"},\"primaryImageOfPage\":{\"@id\":\"https:\/\/noticiasdeescobar.online\/?p=1573#primaryimage\"},\"image\":{\"@id\":\"https:\/\/noticiasdeescobar.online\/?p=1573#primaryimage\"},\"thumbnailUrl\":\"https:\/\/noticiasdeescobar.online\/wp-content\/uploads\/2025\/11\/fschioppa_2_251116ro.jpg\",\"datePublished\":\"2025-11-18T16:23:33+00:00\",\"dateModified\":\"2025-11-18T16:23:34+00:00\",\"author\":{\"@id\":\"https:\/\/noticiasdeescobar.online\/#\/schema\/person\/c80a19151f9337b50a779fe1f512ca6a\"},\"description\":\"El representante de Bel\u00e9n de Escobar volvi\u00f3 a destacarse en la Senior Nacional al marcar el P2 en la clasificaci\u00f3n entre m\u00e1s de 40 pilotos y cerrar la Final en el P7 del Evento #4 del 'Invierno' de RMC Buenos Aires.\",\"breadcrumb\":{\"@id\":\"https:\/\/noticiasdeescobar.online\/?p=1573#breadcrumb\"},\"inLanguage\":\"es-AR\",\"potentialAction\":[{\"@type\":\"ReadAction\",\"target\":[\"https:\/\/noticiasdeescobar.online\/?p=1573\"]}]},{\"@type\":\"ImageObject\",\"inLanguage\":\"es-AR\",\"@id\":\"https:\/\/noticiasdeescobar.online\/?p=1573#primaryimage\",\"url\":\"https:\/\/noticiasdeescobar.online\/wp-content\/uploads\/2025\/11\/fschioppa_2_251116ro.jpg\",\"contentUrl\":\"https:\/\/noticiasdeescobar.online\/wp-content\/uploads\/2025\/11\/fschioppa_2_251116ro.jpg\",\"width\":960,\"height\":640},{\"@type\":\"BreadcrumbList\",\"@id\":\"https:\/\/noticiasdeescobar.online\/?p=1573#breadcrumb\",\"itemListElement\":[{\"@type\":\"ListItem\",\"position\":1,\"name\":\"Inicio\",\"item\":\"https:\/\/noticiasdeescobar.online\/\"},{\"@type\":\"ListItem\",\"position\":2,\"name\":\"Fausto Schioppa fue protagonista en Baradero\"}]},{\"@type\":\"WebSite\",\"@id\":\"https:\/\/noticiasdeescobar.online\/#website\",\"url\":\"https:\/\/noticiasdeescobar.online\/\",\"name\":\"Noticias de Escobar\",\"description\":\"Noticias 24\/7\",\"potentialAction\":[{\"@type\":\"SearchAction\",\"target\":{\"@type\":\"EntryPoint\",\"urlTemplate\":\"https:\/\/noticiasdeescobar.online\/?s={search_term_string}\"},\"query-input\":{\"@type\":\"PropertyValueSpecification\",\"valueRequired\":true,\"valueName\":\"search_term_string\"}}],\"inLanguage\":\"es-AR\"},{\"@type\":\"Person\",\"@id\":\"https:\/\/noticiasdeescobar.online\/#\/schema\/person\/c80a19151f9337b50a779fe1f512ca6a\",\"name\":\"Redacci\u00f3n\",\"image\":{\"@type\":\"ImageObject\",\"inLanguage\":\"es-AR\",\"@id\":\"https:\/\/noticiasdeescobar.online\/#\/schema\/person\/image\/\",\"url\":\"https:\/\/secure.gravatar.com\/avatar\/1db77a0acc41b20b8cbce542c0459eb4?s=96&d=mm&r=g\",\"contentUrl\":\"https:\/\/secure.gravatar.com\/avatar\/1db77a0acc41b20b8cbce542c0459eb4?s=96&d=mm&r=g\",\"caption\":\"Redacci\u00f3n\"},\"sameAs\":[\"http:\/\/noticiasdeescobar.online\"],\"url\":\"https:\/\/noticiasdeescobar.online\/?author=1\"}]}<\/script>\n<!-- \/ Yoast SEO plugin. -->","yoast_head_json":{"title":"Fausto Schioppa fue protagonista en Baradero - Noticias de Escobar","description":"El representante de Bel\u00e9n de Escobar volvi\u00f3 a destacarse en la Senior Nacional al marcar el P2 en la clasificaci\u00f3n entre m\u00e1s de 40 pilotos y cerrar la Final en el P7 del Evento #4 del 'Invierno' de RMC Buenos Aires.","robots":{"index":"index","follow":"follow","max-snippet":"max-snippet:-1","max-image-preview":"max-image-preview:large","max-video-preview":"max-video-preview:-1"},"canonical":"https:\/\/noticiasdeescobar.online\/?p=1573","og_locale":"es_ES","og_type":"article","og_title":"Fausto Schioppa fue protagonista en Baradero","og_description":"El representante de Bel\u00e9n de Escobar volvi\u00f3 a destacarse en la Senior Nacional al marcar el P2 en la clasificaci\u00f3n entre m\u00e1s de 40 pilotos y cerrar la Final en el P7 del Evento #4 del 'Invierno' de RMC Buenos Aires.","og_url":"https:\/\/noticiasdeescobar.online\/?p=1573","og_site_name":"Noticias de Escobar","article_published_time":"2025-11-18T16:23:33+00:00","article_modified_time":"2025-11-18T16:23:34+00:00","og_image":[{"width":960,"height":640,"url":"https:\/\/noticiasdeescobar.online\/wp-content\/uploads\/2025\/11\/fschioppa_251116ro.jpg","type":"image\/jpeg"}],"author":"Redacci\u00f3n","twitter_card":"summary_large_image","twitter_misc":{"Escrito por":"Redacci\u00f3n","Tiempo de lectura":"5 minutos"},"schema":{"@context":"https:\/\/schema.org","@graph":[{"@type":"WebPage","@id":"https:\/\/noticiasdeescobar.online\/?p=1573","url":"https:\/\/noticiasdeescobar.online\/?p=1573","name":"Fausto Schioppa fue protagonista en Baradero - Noticias de Escobar","isPartOf":{"@id":"https:\/\/noticiasdeescobar.online\/#website"},"primaryImageOfPage":{"@id":"https:\/\/noticiasdeescobar.online\/?p=1573#primaryimage"},"image":{"@id":"https:\/\/noticiasdeescobar.online\/?p=1573#primaryimage"},"thumbnailUrl":"https:\/\/noticiasdeescobar.online\/wp-content\/uploads\/2025\/11\/fschioppa_2_251116ro.jpg","datePublished":"2025-11-18T16:23:33+00:00","dateModified":"2025-11-18T16:23:34+00:00","author":{"@id":"https:\/\/noticiasdeescobar.online\/#\/schema\/person\/c80a19151f9337b50a779fe1f512ca6a"},"description":"El representante de Bel\u00e9n de Escobar volvi\u00f3 a destacarse en la Senior Nacional al marcar el P2 en la clasificaci\u00f3n entre m\u00e1s de 40 pilotos y cerrar la Final en el P7 del Evento #4 del 'Invierno' de RMC Buenos Aires.","breadcrumb":{"@id":"https:\/\/noticiasdeescobar.online\/?p=1573#breadcrumb"},"inLanguage":"es-AR","potentialAction":[{"@type":"ReadAction","target":["https:\/\/noticiasdeescobar.online\/?p=1573"]}]},{"@type":"ImageObject","inLanguage":"es-AR","@id":"https:\/\/noticiasdeescobar.online\/?p=1573#primaryimage","url":"https:\/\/noticiasdeescobar.online\/wp-content\/uploads\/2025\/11\/fschioppa_2_251116ro.jpg","contentUrl":"https:\/\/noticiasdeescobar.online\/wp-content\/uploads\/2025\/11\/fschioppa_2_251116ro.jpg","width":960,"height":640},{"@type":"BreadcrumbList","@id":"https:\/\/noticiasdeescobar.online\/?p=1573#breadcrumb","itemListElement":[{"@type":"ListItem","position":1,"name":"Inicio","item":"https:\/\/noticiasdeescobar.online\/"},{"@type":"ListItem","position":2,"name":"Fausto Schioppa fue protagonista en Baradero"}]},{"@type":"WebSite","@id":"https:\/\/noticiasdeescobar.online\/#website","url":"https:\/\/noticiasdeescobar.online\/","name":"Noticias de Escobar","description":"Noticias 24\/7","potentialAction":[{"@type":"SearchAction","target":{"@type":"EntryPoint","urlTemplate":"https:\/\/noticiasdeescobar.online\/?s={search_term_string}"},"query-input":{"@type":"PropertyValueSpecification","valueRequired":true,"valueName":"search_term_string"}}],"inLanguage":"es-AR"},{"@type":"Person","@id":"https:\/\/noticiasdeescobar.online\/#\/schema\/person\/c80a19151f9337b50a779fe1f512ca6a","name":"Redacci\u00f3n","image":{"@type":"ImageObject","inLanguage":"es-AR","@id":"https:\/\/noticiasdeescobar.online\/#\/schema\/person\/image\/","url":"https:\/\/secure.gravatar.com\/avatar\/1db77a0acc41b20b8cbce542c0459eb4?s=96&d=mm&r=g","contentUrl":"https:\/\/secure.gravatar.com\/avatar\/1db77a0acc41b20b8cbce542c0459eb4?s=96&d=mm&r=g","caption":"Redacci\u00f3n"},"sameAs":["http:\/\/noticiasdeescobar.online"],"url":"https:\/\/noticiasdeescobar.online\/?author=1"}]}},"_links":{"self":[{"href":"https:\/\/noticiasdeescobar.online\/index.php?rest_route=\/wp\/v2\/posts\/1573","targetHints":{"allow":["GET"]}}],"collection":[{"href":"https:\/\/noticiasdeescobar.online\/index.php?rest_route=\/wp\/v2\/posts"}],"about":[{"href":"https:\/\/noticiasdeescobar.online\/index.php?rest_route=\/wp\/v2\/types\/post"}],"author":[{"embeddable":true,"href":"https:\/\/noticiasdeescobar.online\/index.php?rest_route=\/wp\/v2\/users\/1"}],"replies":[{"embeddable":true,"href":"https:\/\/noticiasdeescobar.online\/index.php?rest_route=%2Fwp%2Fv2%2Fcomments&post=1573"}],"version-history":[{"count":1,"href":"https:\/\/noticiasdeescobar.online\/index.php?rest_route=\/wp\/v2\/posts\/1573\/revisions"}],"predecessor-version":[{"id":1576,"href":"https:\/\/noticiasdeescobar.online\/index.php?rest_route=\/wp\/v2\/posts\/1573\/revisions\/1576"}],"wp:featuredmedia":[{"embeddable":true,"href":"https:\/\/noticiasdeescobar.online\/index.php?rest_route=\/wp\/v2\/media\/1574"}],"wp:attachment":[{"href":"https:\/\/noticiasdeescobar.online\/index.php?rest_route=%2Fwp%2Fv2%2Fmedia&parent=1573"}],"wp:term":[{"taxonomy":"category","embeddable":true,"href":"https:\/\/noticiasdeescobar.online\/index.php?rest_route=%2Fwp%2Fv2%2Fcategories&post=1573"},{"taxonomy":"post_tag","embeddable":true,"href":"https:\/\/noticiasdeescobar.online\/index.php?rest_route=%2Fwp%2Fv2%2Ftags&post=1573"}],"curies":[{"name":"wp","href":"https:\/\/api.w.org\/{rel}","templated":true}]}}