{"id":1577,"date":"2025-11-18T17:42:10","date_gmt":"2025-11-18T17:42:10","guid":{"rendered":"https:\/\/noticiasdeescobar.online\/?p=1577"},"modified":"2025-11-18T17:42:12","modified_gmt":"2025-11-18T17:42:12","slug":"el-futuro-es-juntos-temaiken-realizo-un-evento-para-impulsar-programas-de-conservacion-en-todo-el-pais","status":"publish","type":"post","link":"https:\/\/noticiasdeescobar.online\/?p=1577","title":{"rendered":"\u201cEl futuro es juntos\u201d: Temaik\u00e8n realiz\u00f3 un evento para impulsar programas de conservaci\u00f3n en todo el pa\u00eds"},"content":{"rendered":"\n<p class=\"has-vivid-red-color has-text-color has-link-color wp-elements-941410b8741603f5beb8d94cb792d8ce\"><strong><em>Fundaci\u00f3n Temaik\u00e8n celebr\u00f3 sus 25 a\u00f1os en un encuentro a beneficio que reuni\u00f3 a aliados, empresas y l\u00edderes de opini\u00f3n para apoyar sus iniciativas de protecci\u00f3n de fauna y flora aut\u00f3ctona.<\/em><\/strong><\/p>\n\n\n\n<!--more-->\n\n\n\n<p><\/p>\n\n\n\n<p>Con una convocatoria especial en su Bioparque, la Fundaci\u00f3n Temaik\u00e8n celebr\u00f3 <strong>\u201cEl futuro es juntos\u201d<\/strong>, un encuentro que combin\u00f3 naturaleza, gastronom\u00eda y compromiso ambiental, en el marco de sus 25 a\u00f1os. El evento tuvo como objetivo recaudar fondos para continuar impulsando los programas de conservaci\u00f3n de especies y ecosistemas que la instituci\u00f3n desarrolla en distintas regiones del pa\u00eds.<\/p>\n\n\n<div class=\"wp-block-image\">\n<figure class=\"aligncenter size-large\"><img loading=\"lazy\" decoding=\"async\" width=\"1024\" height=\"683\" src=\"https:\/\/noticiasdeescobar.online\/wp-content\/uploads\/2025\/11\/Milo-Lockett-Artista-Plastico-1024x683.jpg\" alt=\"\" class=\"wp-image-1578\" srcset=\"https:\/\/noticiasdeescobar.online\/wp-content\/uploads\/2025\/11\/Milo-Lockett-Artista-Plastico-1024x683.jpg 1024w, https:\/\/noticiasdeescobar.online\/wp-content\/uploads\/2025\/11\/Milo-Lockett-Artista-Plastico-300x200.jpg 300w, https:\/\/noticiasdeescobar.online\/wp-content\/uploads\/2025\/11\/Milo-Lockett-Artista-Plastico-768x512.jpg 768w, https:\/\/noticiasdeescobar.online\/wp-content\/uploads\/2025\/11\/Milo-Lockett-Artista-Plastico-1536x1024.jpg 1536w, https:\/\/noticiasdeescobar.online\/wp-content\/uploads\/2025\/11\/Milo-Lockett-Artista-Plastico-2048x1365.jpg 2048w\" sizes=\"auto, (max-width: 1024px) 100vw, 1024px\" \/><\/figure><\/div>\n\n\n<p>El atardecer en el Bioparque fue el marco ideal para una experiencia que comenz\u00f3 con un recorrido por ambientes \u00fanicos y continu\u00f3 con un c\u00f3ctel en el Acuario, donde participaron donantes, empresas aliadas, prensa e invitados especiales.<\/p>\n\n\n\n<p>Durante el evento se presentaron los principales logros de la Fundaci\u00f3n, que en este per\u00edodo consolid\u00f3 un modelo de trabajo basado en investigaci\u00f3n cient\u00edfica, educaci\u00f3n ambiental, rescate y rehabilitaci\u00f3n de fauna silvestre, y proyectos de conservaci\u00f3n y restauraci\u00f3n&nbsp; en territorios clave como Misiones, el Delta del Paran\u00e1 y la Patagonia.<\/p>\n\n\n\n<figure class=\"wp-block-image size-large\"><img loading=\"lazy\" decoding=\"async\" width=\"1024\" height=\"683\" src=\"https:\/\/noticiasdeescobar.online\/wp-content\/uploads\/2025\/11\/Anna-Cohen-Presidente-y-Managing-Partner-de-Grupo-Cohen-y-Sergio-Rebagliati-Director-de-Operaciones-de-Fundacion-Temaiken--1024x683.jpg\" alt=\"\" class=\"wp-image-1581\" srcset=\"https:\/\/noticiasdeescobar.online\/wp-content\/uploads\/2025\/11\/Anna-Cohen-Presidente-y-Managing-Partner-de-Grupo-Cohen-y-Sergio-Rebagliati-Director-de-Operaciones-de-Fundacion-Temaiken--1024x683.jpg 1024w, https:\/\/noticiasdeescobar.online\/wp-content\/uploads\/2025\/11\/Anna-Cohen-Presidente-y-Managing-Partner-de-Grupo-Cohen-y-Sergio-Rebagliati-Director-de-Operaciones-de-Fundacion-Temaiken--300x200.jpg 300w, https:\/\/noticiasdeescobar.online\/wp-content\/uploads\/2025\/11\/Anna-Cohen-Presidente-y-Managing-Partner-de-Grupo-Cohen-y-Sergio-Rebagliati-Director-de-Operaciones-de-Fundacion-Temaiken--768x512.jpg 768w, https:\/\/noticiasdeescobar.online\/wp-content\/uploads\/2025\/11\/Anna-Cohen-Presidente-y-Managing-Partner-de-Grupo-Cohen-y-Sergio-Rebagliati-Director-de-Operaciones-de-Fundacion-Temaiken--1536x1025.jpg 1536w, https:\/\/noticiasdeescobar.online\/wp-content\/uploads\/2025\/11\/Anna-Cohen-Presidente-y-Managing-Partner-de-Grupo-Cohen-y-Sergio-Rebagliati-Director-de-Operaciones-de-Fundacion-Temaiken--2048x1366.jpg 2048w\" sizes=\"auto, (max-width: 1024px) 100vw, 1024px\" \/><\/figure>\n\n\n\n<p>El encuentro incluy\u00f3 un sorteo solidario con obras donadas por el artista Milo Lockett y otros premios especiales, entre ellos pasajes para volar a Misiones de JetSMART, destinado a reforzar iniciativas como la recuperaci\u00f3n del aguar\u00e1 guaz\u00fa, la reproducci\u00f3n del huemul en Patagonia, el fortalecimiento&nbsp; de poblaciones como la de cardenal amarillo, la rehabilitaci\u00f3n de fauna afectada por el tr\u00e1fico de vida silvestre, la restauraci\u00f3n de pastizales en Misiones y los estudios sobre fauna marina desarrollados en el Acuario de Temaik\u00e8n.<\/p>\n\n\n\n<p>La celebraci\u00f3n coincidi\u00f3 con un nuevo reconocimiento internacional: hace unas semanas, Fundaci\u00f3n Temaik\u00e8n fue distinguida&nbsp; con el<em> Conservation Award 2025 <\/em>de la <em>World Association of Zoos and Aquariums<\/em> (WAZA) por su aporte a la conservaci\u00f3n de especies y ecosistemas amenazados. Es la primera organizaci\u00f3n latinoamericana en recibir esta distinci\u00f3n.<\/p>\n\n\n<div class=\"wp-block-image\">\n<figure class=\"aligncenter size-large\"><img loading=\"lazy\" decoding=\"async\" width=\"1024\" height=\"683\" src=\"https:\/\/noticiasdeescobar.online\/wp-content\/uploads\/2025\/11\/Mauricio-Macri-Sergio-Guerra-Director-General-de-Fundacion-Temaiken-Paula-Gonzalez-Ciccia-Directora-de-Conservacion-Educacion-Ciencia-y-Salud-de-Fundacion-Temaiken-1024x683.jpg\" alt=\"\" class=\"wp-image-1580\" srcset=\"https:\/\/noticiasdeescobar.online\/wp-content\/uploads\/2025\/11\/Mauricio-Macri-Sergio-Guerra-Director-General-de-Fundacion-Temaiken-Paula-Gonzalez-Ciccia-Directora-de-Conservacion-Educacion-Ciencia-y-Salud-de-Fundacion-Temaiken-1024x683.jpg 1024w, https:\/\/noticiasdeescobar.online\/wp-content\/uploads\/2025\/11\/Mauricio-Macri-Sergio-Guerra-Director-General-de-Fundacion-Temaiken-Paula-Gonzalez-Ciccia-Directora-de-Conservacion-Educacion-Ciencia-y-Salud-de-Fundacion-Temaiken-300x200.jpg 300w, https:\/\/noticiasdeescobar.online\/wp-content\/uploads\/2025\/11\/Mauricio-Macri-Sergio-Guerra-Director-General-de-Fundacion-Temaiken-Paula-Gonzalez-Ciccia-Directora-de-Conservacion-Educacion-Ciencia-y-Salud-de-Fundacion-Temaiken-768x512.jpg 768w, https:\/\/noticiasdeescobar.online\/wp-content\/uploads\/2025\/11\/Mauricio-Macri-Sergio-Guerra-Director-General-de-Fundacion-Temaiken-Paula-Gonzalez-Ciccia-Directora-de-Conservacion-Educacion-Ciencia-y-Salud-de-Fundacion-Temaiken-1536x1025.jpg 1536w, https:\/\/noticiasdeescobar.online\/wp-content\/uploads\/2025\/11\/Mauricio-Macri-Sergio-Guerra-Director-General-de-Fundacion-Temaiken-Paula-Gonzalez-Ciccia-Directora-de-Conservacion-Educacion-Ciencia-y-Salud-de-Fundacion-Temaiken-2048x1366.jpg 2048w\" sizes=\"auto, (max-width: 1024px) 100vw, 1024px\" \/><\/figure><\/div>\n\n\n<p>Actualmente, Temaik\u00e8n sostiene m\u00e1s de 20 programas de conservaci\u00f3n, gestiona una reserva natural propia y ha asistido a m\u00e1s de 20.000 animales en su Centro de Recuperaci\u00f3n de Especies, uno de los m\u00e1s importantes del pa\u00eds. Adem\u00e1s ha generado m\u00e1s de 100 publicaciones cient\u00edficas y llevado adelante 2 millones de visitas educativas en el Bioparque adem\u00e1s de trabajar con las comunidades en territorio.<strong><\/strong><\/p>\n\n\n\n<p>\u201cEstamos convencidos de que no hay un futuro sostenible \u2014ni econ\u00f3mico, ni social\u2014 en un planeta con ecosistemas degradados. La conservaci\u00f3n ya no es una opci\u00f3n, es una necesidad imperativa\u201d, expres\u00f3 Sergio Guerra, Director General de la fundaci\u00f3n. Y agreg\u00f3: \u201cCada alianza que forjamos es una inversi\u00f3n en un pa\u00eds m\u00e1s equilibrado, m\u00e1s responsable y con m\u00e1s potencial \u201d.<\/p>\n\n\n\n<p>La realizaci\u00f3n de \u201cEl Futuro es Juntos\u201d cont\u00f3 con el apoyo de Cohen como aliado principal, y el acompa\u00f1amiento de Coca-Cola, EY, M\u00e1s Vida, Palta, BST, Experta, Lockton, PAE, Rutini, JetSMART, Munchis, Fotogr\u00e1fica y TURISMO RIHO.&nbsp;<\/p>\n\n\n\n<figure class=\"wp-block-image size-large\"><img loading=\"lazy\" decoding=\"async\" width=\"1024\" height=\"683\" src=\"https:\/\/noticiasdeescobar.online\/wp-content\/uploads\/2025\/11\/Daniel-Zelener-Fotografo-de-Naturaleza-y-Milo-Lockett-1024x683.jpg\" alt=\"\" class=\"wp-image-1579\" srcset=\"https:\/\/noticiasdeescobar.online\/wp-content\/uploads\/2025\/11\/Daniel-Zelener-Fotografo-de-Naturaleza-y-Milo-Lockett-1024x683.jpg 1024w, https:\/\/noticiasdeescobar.online\/wp-content\/uploads\/2025\/11\/Daniel-Zelener-Fotografo-de-Naturaleza-y-Milo-Lockett-300x200.jpg 300w, https:\/\/noticiasdeescobar.online\/wp-content\/uploads\/2025\/11\/Daniel-Zelener-Fotografo-de-Naturaleza-y-Milo-Lockett-768x512.jpg 768w, https:\/\/noticiasdeescobar.online\/wp-content\/uploads\/2025\/11\/Daniel-Zelener-Fotografo-de-Naturaleza-y-Milo-Lockett-1536x1025.jpg 1536w, https:\/\/noticiasdeescobar.online\/wp-content\/uploads\/2025\/11\/Daniel-Zelener-Fotografo-de-Naturaleza-y-Milo-Lockett-2048x1366.jpg 2048w\" sizes=\"auto, (max-width: 1024px) 100vw, 1024px\" \/><\/figure>\n\n\n\n<p>Con un cuarto de siglo de trayectoria, Fundaci\u00f3n Temaik\u00e8n contin\u00faa trabajando para recuperar especies amenazadas, restaurar ecosistemas, colaborar con comunidades locales y generar conocimiento cient\u00edfico para enfrentar los desaf\u00edos de conservaci\u00f3n del futuro.<\/p>\n\n\n\n<p>Al mismo tiempo, fortalece su misi\u00f3n educativa y su compromiso con conectar a las personas con la naturaleza, promoviendo experiencias, aprendizajes y alianzas que inspiran a construir un pa\u00eds m\u00e1s sostenible y consciente de su biodiversidad.<\/p>\n","protected":false},"excerpt":{"rendered":"<p>Fundaci\u00f3n Temaik\u00e8n celebr\u00f3 sus 25 a\u00f1os en un encuentro a beneficio que reuni\u00f3 a aliados, empresas y l\u00edderes de opini\u00f3n&hellip;<\/p>\n","protected":false},"author":1,"featured_media":1582,"comment_status":"open","ping_status":"open","sticky":false,"template":"","format":"standard","meta":{"_monsterinsights_skip_tracking":false,"_monsterinsights_sitenote_active":false,"_monsterinsights_sitenote_note":"","_monsterinsights_sitenote_category":0,"footnotes":""},"categories":[6],"tags":[238],"class_list":["post-1577","post","type-post","status-publish","format-standard","has-post-thumbnail","hentry","category-interes-general","tag-fundacion-temaiken"],"yoast_head":"<!-- This site is optimized with the Yoast SEO plugin v25.3.1 - https:\/\/yoast.com\/wordpress\/plugins\/seo\/ -->\n<title>\u201cEl futuro es juntos\u201d: Temaik\u00e8n realiz\u00f3 un evento para impulsar programas de conservaci\u00f3n en todo el pa\u00eds - Noticias de Escobar<\/title>\n<meta name=\"description\" content=\"Fundaci\u00f3n Temaik\u00e8n celebr\u00f3 sus 25 a\u00f1os en un encuentro a beneficio que reuni\u00f3 a aliados, empresas y l\u00edderes de opini\u00f3n para apoyar sus iniciativas de protecci\u00f3n de fauna y flora aut\u00f3ctona.\" \/>\n<meta name=\"robots\" content=\"index, follow, max-snippet:-1, max-image-preview:large, max-video-preview:-1\" \/>\n<link rel=\"canonical\" href=\"https:\/\/noticiasdeescobar.online\/?p=1577\" \/>\n<meta property=\"og:locale\" content=\"es_ES\" \/>\n<meta property=\"og:type\" content=\"article\" \/>\n<meta property=\"og:title\" content=\"\u201cEl futuro es juntos\u201d: Temaik\u00e8n realiz\u00f3 un evento para impulsar programas de conservaci\u00f3n en todo el pa\u00eds\" \/>\n<meta property=\"og:description\" content=\"Fundaci\u00f3n Temaik\u00e8n celebr\u00f3 sus 25 a\u00f1os en un encuentro a beneficio que reuni\u00f3 a aliados, empresas y l\u00edderes de opini\u00f3n para apoyar sus iniciativas de protecci\u00f3n de fauna y flora aut\u00f3ctona.\" \/>\n<meta property=\"og:url\" content=\"https:\/\/noticiasdeescobar.online\/?p=1577\" \/>\n<meta property=\"og:site_name\" content=\"Noticias de Escobar\" \/>\n<meta property=\"article:published_time\" content=\"2025-11-18T17:42:10+00:00\" \/>\n<meta property=\"article:modified_time\" content=\"2025-11-18T17:42:12+00:00\" \/>\n<meta property=\"og:image\" content=\"https:\/\/noticiasdeescobar.online\/wp-content\/uploads\/2025\/11\/Anna-Cohen-Presidente-y-Managing-Partner-de-Grupo-Cohen-y-Sergio-Rebagliati-Director-de-Operaciones-de-Fundacion-Temaiken--scaled.jpg\" \/>\n\t<meta property=\"og:image:width\" content=\"2560\" \/>\n\t<meta property=\"og:image:height\" content=\"1708\" \/>\n\t<meta property=\"og:image:type\" content=\"image\/jpeg\" \/>\n<meta name=\"author\" content=\"Redacci\u00f3n\" \/>\n<meta name=\"twitter:card\" content=\"summary_large_image\" \/>\n<meta name=\"twitter:label1\" content=\"Escrito por\" \/>\n\t<meta name=\"twitter:data1\" content=\"Redacci\u00f3n\" \/>\n\t<meta name=\"twitter:label2\" content=\"Tiempo de lectura\" \/>\n\t<meta name=\"twitter:data2\" content=\"4 minutos\" \/>\n<script type=\"application\/ld+json\" class=\"yoast-schema-graph\">{\"@context\":\"https:\/\/schema.org\",\"@graph\":[{\"@type\":\"WebPage\",\"@id\":\"https:\/\/noticiasdeescobar.online\/?p=1577\",\"url\":\"https:\/\/noticiasdeescobar.online\/?p=1577\",\"name\":\"\u201cEl futuro es juntos\u201d: Temaik\u00e8n realiz\u00f3 un evento para impulsar programas de conservaci\u00f3n en todo el pa\u00eds - Noticias de Escobar\",\"isPartOf\":{\"@id\":\"https:\/\/noticiasdeescobar.online\/#website\"},\"primaryImageOfPage\":{\"@id\":\"https:\/\/noticiasdeescobar.online\/?p=1577#primaryimage\"},\"image\":{\"@id\":\"https:\/\/noticiasdeescobar.online\/?p=1577#primaryimage\"},\"thumbnailUrl\":\"https:\/\/noticiasdeescobar.online\/wp-content\/uploads\/2025\/11\/Temaiken-108-scaled.jpg\",\"datePublished\":\"2025-11-18T17:42:10+00:00\",\"dateModified\":\"2025-11-18T17:42:12+00:00\",\"author\":{\"@id\":\"https:\/\/noticiasdeescobar.online\/#\/schema\/person\/c80a19151f9337b50a779fe1f512ca6a\"},\"description\":\"Fundaci\u00f3n Temaik\u00e8n celebr\u00f3 sus 25 a\u00f1os en un encuentro a beneficio que reuni\u00f3 a aliados, empresas y l\u00edderes de opini\u00f3n para apoyar sus iniciativas de protecci\u00f3n de fauna y flora aut\u00f3ctona.\",\"breadcrumb\":{\"@id\":\"https:\/\/noticiasdeescobar.online\/?p=1577#breadcrumb\"},\"inLanguage\":\"es-AR\",\"potentialAction\":[{\"@type\":\"ReadAction\",\"target\":[\"https:\/\/noticiasdeescobar.online\/?p=1577\"]}]},{\"@type\":\"ImageObject\",\"inLanguage\":\"es-AR\",\"@id\":\"https:\/\/noticiasdeescobar.online\/?p=1577#primaryimage\",\"url\":\"https:\/\/noticiasdeescobar.online\/wp-content\/uploads\/2025\/11\/Temaiken-108-scaled.jpg\",\"contentUrl\":\"https:\/\/noticiasdeescobar.online\/wp-content\/uploads\/2025\/11\/Temaiken-108-scaled.jpg\",\"width\":2560,\"height\":1708},{\"@type\":\"BreadcrumbList\",\"@id\":\"https:\/\/noticiasdeescobar.online\/?p=1577#breadcrumb\",\"itemListElement\":[{\"@type\":\"ListItem\",\"position\":1,\"name\":\"Inicio\",\"item\":\"https:\/\/noticiasdeescobar.online\/\"},{\"@type\":\"ListItem\",\"position\":2,\"name\":\"\u201cEl futuro es juntos\u201d: Temaik\u00e8n realiz\u00f3 un evento para impulsar programas de conservaci\u00f3n en todo el pa\u00eds\"}]},{\"@type\":\"WebSite\",\"@id\":\"https:\/\/noticiasdeescobar.online\/#website\",\"url\":\"https:\/\/noticiasdeescobar.online\/\",\"name\":\"Noticias de Escobar\",\"description\":\"Noticias 24\/7\",\"potentialAction\":[{\"@type\":\"SearchAction\",\"target\":{\"@type\":\"EntryPoint\",\"urlTemplate\":\"https:\/\/noticiasdeescobar.online\/?s={search_term_string}\"},\"query-input\":{\"@type\":\"PropertyValueSpecification\",\"valueRequired\":true,\"valueName\":\"search_term_string\"}}],\"inLanguage\":\"es-AR\"},{\"@type\":\"Person\",\"@id\":\"https:\/\/noticiasdeescobar.online\/#\/schema\/person\/c80a19151f9337b50a779fe1f512ca6a\",\"name\":\"Redacci\u00f3n\",\"image\":{\"@type\":\"ImageObject\",\"inLanguage\":\"es-AR\",\"@id\":\"https:\/\/noticiasdeescobar.online\/#\/schema\/person\/image\/\",\"url\":\"https:\/\/secure.gravatar.com\/avatar\/1db77a0acc41b20b8cbce542c0459eb4?s=96&d=mm&r=g\",\"contentUrl\":\"https:\/\/secure.gravatar.com\/avatar\/1db77a0acc41b20b8cbce542c0459eb4?s=96&d=mm&r=g\",\"caption\":\"Redacci\u00f3n\"},\"sameAs\":[\"http:\/\/noticiasdeescobar.online\"],\"url\":\"https:\/\/noticiasdeescobar.online\/?author=1\"}]}<\/script>\n<!-- \/ Yoast SEO plugin. -->","yoast_head_json":{"title":"\u201cEl futuro es juntos\u201d: Temaik\u00e8n realiz\u00f3 un evento para impulsar programas de conservaci\u00f3n en todo el pa\u00eds - Noticias de Escobar","description":"Fundaci\u00f3n Temaik\u00e8n celebr\u00f3 sus 25 a\u00f1os en un encuentro a beneficio que reuni\u00f3 a aliados, empresas y l\u00edderes de opini\u00f3n para apoyar sus iniciativas de protecci\u00f3n de fauna y flora aut\u00f3ctona.","robots":{"index":"index","follow":"follow","max-snippet":"max-snippet:-1","max-image-preview":"max-image-preview:large","max-video-preview":"max-video-preview:-1"},"canonical":"https:\/\/noticiasdeescobar.online\/?p=1577","og_locale":"es_ES","og_type":"article","og_title":"\u201cEl futuro es juntos\u201d: Temaik\u00e8n realiz\u00f3 un evento para impulsar programas de conservaci\u00f3n en todo el pa\u00eds","og_description":"Fundaci\u00f3n Temaik\u00e8n celebr\u00f3 sus 25 a\u00f1os en un encuentro a beneficio que reuni\u00f3 a aliados, empresas y l\u00edderes de opini\u00f3n para apoyar sus iniciativas de protecci\u00f3n de fauna y flora aut\u00f3ctona.","og_url":"https:\/\/noticiasdeescobar.online\/?p=1577","og_site_name":"Noticias de Escobar","article_published_time":"2025-11-18T17:42:10+00:00","article_modified_time":"2025-11-18T17:42:12+00:00","og_image":[{"width":2560,"height":1708,"url":"https:\/\/noticiasdeescobar.online\/wp-content\/uploads\/2025\/11\/Anna-Cohen-Presidente-y-Managing-Partner-de-Grupo-Cohen-y-Sergio-Rebagliati-Director-de-Operaciones-de-Fundacion-Temaiken--scaled.jpg","type":"image\/jpeg"}],"author":"Redacci\u00f3n","twitter_card":"summary_large_image","twitter_misc":{"Escrito por":"Redacci\u00f3n","Tiempo de lectura":"4 minutos"},"schema":{"@context":"https:\/\/schema.org","@graph":[{"@type":"WebPage","@id":"https:\/\/noticiasdeescobar.online\/?p=1577","url":"https:\/\/noticiasdeescobar.online\/?p=1577","name":"\u201cEl futuro es juntos\u201d: Temaik\u00e8n realiz\u00f3 un evento para impulsar programas de conservaci\u00f3n en todo el pa\u00eds - Noticias de Escobar","isPartOf":{"@id":"https:\/\/noticiasdeescobar.online\/#website"},"primaryImageOfPage":{"@id":"https:\/\/noticiasdeescobar.online\/?p=1577#primaryimage"},"image":{"@id":"https:\/\/noticiasdeescobar.online\/?p=1577#primaryimage"},"thumbnailUrl":"https:\/\/noticiasdeescobar.online\/wp-content\/uploads\/2025\/11\/Temaiken-108-scaled.jpg","datePublished":"2025-11-18T17:42:10+00:00","dateModified":"2025-11-18T17:42:12+00:00","author":{"@id":"https:\/\/noticiasdeescobar.online\/#\/schema\/person\/c80a19151f9337b50a779fe1f512ca6a"},"description":"Fundaci\u00f3n Temaik\u00e8n celebr\u00f3 sus 25 a\u00f1os en un encuentro a beneficio que reuni\u00f3 a aliados, empresas y l\u00edderes de opini\u00f3n para apoyar sus iniciativas de protecci\u00f3n de fauna y flora aut\u00f3ctona.","breadcrumb":{"@id":"https:\/\/noticiasdeescobar.online\/?p=1577#breadcrumb"},"inLanguage":"es-AR","potentialAction":[{"@type":"ReadAction","target":["https:\/\/noticiasdeescobar.online\/?p=1577"]}]},{"@type":"ImageObject","inLanguage":"es-AR","@id":"https:\/\/noticiasdeescobar.online\/?p=1577#primaryimage","url":"https:\/\/noticiasdeescobar.online\/wp-content\/uploads\/2025\/11\/Temaiken-108-scaled.jpg","contentUrl":"https:\/\/noticiasdeescobar.online\/wp-content\/uploads\/2025\/11\/Temaiken-108-scaled.jpg","width":2560,"height":1708},{"@type":"BreadcrumbList","@id":"https:\/\/noticiasdeescobar.online\/?p=1577#breadcrumb","itemListElement":[{"@type":"ListItem","position":1,"name":"Inicio","item":"https:\/\/noticiasdeescobar.online\/"},{"@type":"ListItem","position":2,"name":"\u201cEl futuro es juntos\u201d: Temaik\u00e8n realiz\u00f3 un evento para impulsar programas de conservaci\u00f3n en todo el pa\u00eds"}]},{"@type":"WebSite","@id":"https:\/\/noticiasdeescobar.online\/#website","url":"https:\/\/noticiasdeescobar.online\/","name":"Noticias de Escobar","description":"Noticias 24\/7","potentialAction":[{"@type":"SearchAction","target":{"@type":"EntryPoint","urlTemplate":"https:\/\/noticiasdeescobar.online\/?s={search_term_string}"},"query-input":{"@type":"PropertyValueSpecification","valueRequired":true,"valueName":"search_term_string"}}],"inLanguage":"es-AR"},{"@type":"Person","@id":"https:\/\/noticiasdeescobar.online\/#\/schema\/person\/c80a19151f9337b50a779fe1f512ca6a","name":"Redacci\u00f3n","image":{"@type":"ImageObject","inLanguage":"es-AR","@id":"https:\/\/noticiasdeescobar.online\/#\/schema\/person\/image\/","url":"https:\/\/secure.gravatar.com\/avatar\/1db77a0acc41b20b8cbce542c0459eb4?s=96&d=mm&r=g","contentUrl":"https:\/\/secure.gravatar.com\/avatar\/1db77a0acc41b20b8cbce542c0459eb4?s=96&d=mm&r=g","caption":"Redacci\u00f3n"},"sameAs":["http:\/\/noticiasdeescobar.online"],"url":"https:\/\/noticiasdeescobar.online\/?author=1"}]}},"_links":{"self":[{"href":"https:\/\/noticiasdeescobar.online\/index.php?rest_route=\/wp\/v2\/posts\/1577","targetHints":{"allow":["GET"]}}],"collection":[{"href":"https:\/\/noticiasdeescobar.online\/index.php?rest_route=\/wp\/v2\/posts"}],"about":[{"href":"https:\/\/noticiasdeescobar.online\/index.php?rest_route=\/wp\/v2\/types\/post"}],"author":[{"embeddable":true,"href":"https:\/\/noticiasdeescobar.online\/index.php?rest_route=\/wp\/v2\/users\/1"}],"replies":[{"embeddable":true,"href":"https:\/\/noticiasdeescobar.online\/index.php?rest_route=%2Fwp%2Fv2%2Fcomments&post=1577"}],"version-history":[{"count":1,"href":"https:\/\/noticiasdeescobar.online\/index.php?rest_route=\/wp\/v2\/posts\/1577\/revisions"}],"predecessor-version":[{"id":1583,"href":"https:\/\/noticiasdeescobar.online\/index.php?rest_route=\/wp\/v2\/posts\/1577\/revisions\/1583"}],"wp:featuredmedia":[{"embeddable":true,"href":"https:\/\/noticiasdeescobar.online\/index.php?rest_route=\/wp\/v2\/media\/1582"}],"wp:attachment":[{"href":"https:\/\/noticiasdeescobar.online\/index.php?rest_route=%2Fwp%2Fv2%2Fmedia&parent=1577"}],"wp:term":[{"taxonomy":"category","embeddable":true,"href":"https:\/\/noticiasdeescobar.online\/index.php?rest_route=%2Fwp%2Fv2%2Fcategories&post=1577"},{"taxonomy":"post_tag","embeddable":true,"href":"https:\/\/noticiasdeescobar.online\/index.php?rest_route=%2Fwp%2Fv2%2Ftags&post=1577"}],"curies":[{"name":"wp","href":"https:\/\/api.w.org\/{rel}","templated":true}]}}