{"id":1604,"date":"2025-11-20T14:18:33","date_gmt":"2025-11-20T14:18:33","guid":{"rendered":"https:\/\/noticiasdeescobar.online\/?p=1604"},"modified":"2025-11-20T14:18:34","modified_gmt":"2025-11-20T14:18:34","slug":"la-preseleccion-de-la-seleccion-argentina-de-basquet-rumbo-al-mundial-2027-incluye-a-un-ex-sportivo-escobar","status":"publish","type":"post","link":"https:\/\/noticiasdeescobar.online\/?p=1604","title":{"rendered":"La preselecci\u00f3n de la Selecci\u00f3n Argentina de b\u00e1squet rumbo al Mundial 2027 incluye a un ex Sportivo Escobar"},"content":{"rendered":"\n<p>La Confederaci\u00f3n Argentina de B\u00e1squet (CAB), bajo la direcci\u00f3n t\u00e9cnica de Pablo Prigioni, dio a conocer una preselecci\u00f3n de 24 jugadores para afrontar la primera ventana de las Eliminatorias rumbo al Mundial FIBA 2027. Entre los convocados aparece un nombre que resuena especialmente en el distrito: <strong>Lucas Giovannetti<\/strong>, ex jugador de <strong>Sportivo Escobar<\/strong>, hoy con presente en el b\u00e1squet europeo.<\/p>\n\n\n\n<!--more-->\n\n\n\n<h2 class=\"wp-block-heading\">Un proceso que inicia con 24 jugadores<\/h2>\n\n\n\n<p>La lista difundida por la CAB es preliminar. A\u00fan no define qui\u00e9nes integrar\u00e1n el plantel que enfrentar\u00e1 a Cuba, pero s\u00ed establece el grupo de jugadores entre los que Prigioni evaluar\u00e1 las opciones para comenzar el camino mundialista.<\/p>\n\n\n\n<p>Argentina jugar\u00e1 el 27 de noviembre en La Habana y el 1\u00b0 de diciembre en Buenos Aires, en el estadio de Obras. Adem\u00e1s, compartir\u00e1 el Grupo D con Uruguay y Panam\u00e1, rivales cuyos resultados tambi\u00e9n influir\u00e1n en la segunda fase de la clasificaci\u00f3n.<\/p>\n\n\n\n<h2 class=\"wp-block-heading\">Lucas Giovanetti, un talento surgido de Escobar<\/h2>\n\n\n\n<p>Nacido el 14 de junio de 2005, Lucas Giovannetti dio sus primeros pasos competitivos en <strong>Sportivo Escobar<\/strong>, entidad donde comenz\u00f3 a destacarse desde muy joven. Su progresi\u00f3n lo llev\u00f3 a emigrar a Espa\u00f1a, donde integr\u00f3 las divisiones formativas del Club Estudiantes y actualmente juega en el <strong>Fibwi Palma<\/strong>, de la liga espa\u00f1ola.<\/p>\n\n\n\n<p>Con presencia en selecciones juveniles argentinas y un perfil atl\u00e9tico que se ajusta a las demandas del b\u00e1squet moderno, Giovanetti aparece como una apuesta de renovaci\u00f3n dentro del proyecto nacional. Su inclusi\u00f3n en esta preselecci\u00f3n no solo refleja su crecimiento individual, sino tambi\u00e9n el trabajo de formaci\u00f3n que realizan los clubes de la regi\u00f3n.<\/p>\n\n\n\n<h2 class=\"wp-block-heading\">Qu\u00e9 significa su convocatoria para el partido de Escobar<\/h2>\n\n\n\n<p>La posibilidad de que un jugador surgido de Sportivo Escobar pueda integrar la Selecci\u00f3n Mayor genera una repercusi\u00f3n especial en el \u00e1mbito deportivo local. Giovannetti se convierte en una referencia concreta para los j\u00f3venes que entrenan en las formativas del distrito, demostrando que desde un club de barrio es posible proyectarse al m\u00e1s alto nivel.<\/p>\n\n\n\n<p>Esta visibilidad tambi\u00e9n impulsa al b\u00e1squet escobarense en su conjunto: fortalece el prestigio del club, inspira a nuevos jugadores y despierta un inter\u00e9s renovado por el crecimiento de la disciplina a nivel regional.<\/p>\n\n\n\n<h2 class=\"wp-block-heading\">Un desaf\u00edo y una oportunidad<\/h2>\n\n\n\n<p>Para Giovannetti, esta preselecci\u00f3n representa un desaf\u00edo importante. Competir\u00e1 con jugadores de amplia trayectoria internacional y deber\u00e1 adaptarse a las exigencias t\u00e1cticas y f\u00edsicas del cuerpo t\u00e9cnico encabezado por Prigioni.<\/p>\n\n\n\n<p>Tambi\u00e9n se abre para \u00e9l una oportunidad clave: mostrarse en entrenamientos, integrarse al grupo y ganarse un lugar pensando no solo en esta ventana, sino en todo el proceso hacia 2027.<\/p>\n\n\n\n<h2 class=\"wp-block-heading\">Caminos que se abren<\/h2>\n\n\n\n<p>M\u00e1s all\u00e1 de si queda o no en la lista definitiva para enfrentar a Cuba, la convocatoria de Lucas Giovannetti a la preselecci\u00f3n argentina es una excelente noticia para Escobar. Su presencia es testimonio del talento que surge de los clubes locales y un orgullo para Sportivo Escobar, que suma as\u00ed otro cap\u00edtulo a su historia formativa.<\/p>\n","protected":false},"excerpt":{"rendered":"<p>La Confederaci\u00f3n Argentina de B\u00e1squet (CAB), bajo la direcci\u00f3n t\u00e9cnica de Pablo Prigioni, dio a conocer una preselecci\u00f3n de 24&hellip;<\/p>\n","protected":false},"author":1,"featured_media":1605,"comment_status":"open","ping_status":"open","sticky":false,"template":"","format":"standard","meta":{"_monsterinsights_skip_tracking":false,"_monsterinsights_sitenote_active":false,"_monsterinsights_sitenote_note":"","_monsterinsights_sitenote_category":0,"footnotes":""},"categories":[11],"tags":[240],"class_list":["post-1604","post","type-post","status-publish","format-standard","has-post-thumbnail","hentry","category-deportes","tag-lucas-giovanetti"],"yoast_head":"<!-- This site is optimized with the Yoast SEO plugin v25.3.1 - https:\/\/yoast.com\/wordpress\/plugins\/seo\/ -->\n<title>La preselecci\u00f3n de la Selecci\u00f3n Argentina de b\u00e1squet rumbo al Mundial 2027 incluye a un ex Sportivo Escobar - Noticias de Escobar<\/title>\n<meta name=\"description\" content=\"Entre los convocados aparece un nombre que resuena especialmente en el distrito: Lucas Giovannetti, ex jugador de Sportivo Escobar, hoy con presente en el b\u00e1squet europeo.\" \/>\n<meta name=\"robots\" content=\"index, follow, max-snippet:-1, max-image-preview:large, max-video-preview:-1\" \/>\n<link rel=\"canonical\" href=\"https:\/\/noticiasdeescobar.online\/?p=1604\" \/>\n<meta property=\"og:locale\" content=\"es_ES\" \/>\n<meta property=\"og:type\" content=\"article\" \/>\n<meta property=\"og:title\" content=\"La preselecci\u00f3n de la Selecci\u00f3n Argentina de b\u00e1squet rumbo al Mundial 2027 incluye a un ex Sportivo Escobar\" \/>\n<meta property=\"og:description\" content=\"Entre los convocados aparece un nombre que resuena especialmente en el distrito: Lucas Giovannetti, ex jugador de Sportivo Escobar, hoy con presente en el b\u00e1squet europeo.\" \/>\n<meta property=\"og:url\" content=\"https:\/\/noticiasdeescobar.online\/?p=1604\" \/>\n<meta property=\"og:site_name\" content=\"Noticias de Escobar\" \/>\n<meta property=\"article:published_time\" content=\"2025-11-20T14:18:33+00:00\" \/>\n<meta property=\"article:modified_time\" content=\"2025-11-20T14:18:34+00:00\" \/>\n<meta property=\"og:image\" content=\"https:\/\/noticiasdeescobar.online\/wp-content\/uploads\/2025\/11\/gio-jpg.webp\" \/>\n\t<meta property=\"og:image:width\" content=\"790\" \/>\n\t<meta property=\"og:image:height\" content=\"527\" \/>\n\t<meta property=\"og:image:type\" content=\"image\/webp\" \/>\n<meta name=\"author\" content=\"Redacci\u00f3n\" \/>\n<meta name=\"twitter:card\" content=\"summary_large_image\" \/>\n<meta name=\"twitter:label1\" content=\"Escrito por\" \/>\n\t<meta name=\"twitter:data1\" content=\"Redacci\u00f3n\" \/>\n\t<meta name=\"twitter:label2\" content=\"Tiempo de lectura\" \/>\n\t<meta name=\"twitter:data2\" content=\"3 minutos\" \/>\n<script type=\"application\/ld+json\" class=\"yoast-schema-graph\">{\"@context\":\"https:\/\/schema.org\",\"@graph\":[{\"@type\":\"WebPage\",\"@id\":\"https:\/\/noticiasdeescobar.online\/?p=1604\",\"url\":\"https:\/\/noticiasdeescobar.online\/?p=1604\",\"name\":\"La preselecci\u00f3n de la Selecci\u00f3n Argentina de b\u00e1squet rumbo al Mundial 2027 incluye a un ex Sportivo Escobar - Noticias de Escobar\",\"isPartOf\":{\"@id\":\"https:\/\/noticiasdeescobar.online\/#website\"},\"primaryImageOfPage\":{\"@id\":\"https:\/\/noticiasdeescobar.online\/?p=1604#primaryimage\"},\"image\":{\"@id\":\"https:\/\/noticiasdeescobar.online\/?p=1604#primaryimage\"},\"thumbnailUrl\":\"https:\/\/noticiasdeescobar.online\/wp-content\/uploads\/2025\/11\/gio-jpg.webp\",\"datePublished\":\"2025-11-20T14:18:33+00:00\",\"dateModified\":\"2025-11-20T14:18:34+00:00\",\"author\":{\"@id\":\"https:\/\/noticiasdeescobar.online\/#\/schema\/person\/c80a19151f9337b50a779fe1f512ca6a\"},\"description\":\"Entre los convocados aparece un nombre que resuena especialmente en el distrito: Lucas Giovannetti, ex jugador de Sportivo Escobar, hoy con presente en el b\u00e1squet europeo.\",\"breadcrumb\":{\"@id\":\"https:\/\/noticiasdeescobar.online\/?p=1604#breadcrumb\"},\"inLanguage\":\"es-AR\",\"potentialAction\":[{\"@type\":\"ReadAction\",\"target\":[\"https:\/\/noticiasdeescobar.online\/?p=1604\"]}]},{\"@type\":\"ImageObject\",\"inLanguage\":\"es-AR\",\"@id\":\"https:\/\/noticiasdeescobar.online\/?p=1604#primaryimage\",\"url\":\"https:\/\/noticiasdeescobar.online\/wp-content\/uploads\/2025\/11\/gio-jpg.webp\",\"contentUrl\":\"https:\/\/noticiasdeescobar.online\/wp-content\/uploads\/2025\/11\/gio-jpg.webp\",\"width\":790,\"height\":527},{\"@type\":\"BreadcrumbList\",\"@id\":\"https:\/\/noticiasdeescobar.online\/?p=1604#breadcrumb\",\"itemListElement\":[{\"@type\":\"ListItem\",\"position\":1,\"name\":\"Inicio\",\"item\":\"https:\/\/noticiasdeescobar.online\/\"},{\"@type\":\"ListItem\",\"position\":2,\"name\":\"La preselecci\u00f3n de la Selecci\u00f3n Argentina de b\u00e1squet rumbo al Mundial 2027 incluye a un ex Sportivo Escobar\"}]},{\"@type\":\"WebSite\",\"@id\":\"https:\/\/noticiasdeescobar.online\/#website\",\"url\":\"https:\/\/noticiasdeescobar.online\/\",\"name\":\"Noticias de Escobar\",\"description\":\"Noticias 24\/7\",\"potentialAction\":[{\"@type\":\"SearchAction\",\"target\":{\"@type\":\"EntryPoint\",\"urlTemplate\":\"https:\/\/noticiasdeescobar.online\/?s={search_term_string}\"},\"query-input\":{\"@type\":\"PropertyValueSpecification\",\"valueRequired\":true,\"valueName\":\"search_term_string\"}}],\"inLanguage\":\"es-AR\"},{\"@type\":\"Person\",\"@id\":\"https:\/\/noticiasdeescobar.online\/#\/schema\/person\/c80a19151f9337b50a779fe1f512ca6a\",\"name\":\"Redacci\u00f3n\",\"image\":{\"@type\":\"ImageObject\",\"inLanguage\":\"es-AR\",\"@id\":\"https:\/\/noticiasdeescobar.online\/#\/schema\/person\/image\/\",\"url\":\"https:\/\/secure.gravatar.com\/avatar\/1db77a0acc41b20b8cbce542c0459eb4?s=96&d=mm&r=g\",\"contentUrl\":\"https:\/\/secure.gravatar.com\/avatar\/1db77a0acc41b20b8cbce542c0459eb4?s=96&d=mm&r=g\",\"caption\":\"Redacci\u00f3n\"},\"sameAs\":[\"http:\/\/noticiasdeescobar.online\"],\"url\":\"https:\/\/noticiasdeescobar.online\/?author=1\"}]}<\/script>\n<!-- \/ Yoast SEO plugin. -->","yoast_head_json":{"title":"La preselecci\u00f3n de la Selecci\u00f3n Argentina de b\u00e1squet rumbo al Mundial 2027 incluye a un ex Sportivo Escobar - Noticias de Escobar","description":"Entre los convocados aparece un nombre que resuena especialmente en el distrito: Lucas Giovannetti, ex jugador de Sportivo Escobar, hoy con presente en el b\u00e1squet europeo.","robots":{"index":"index","follow":"follow","max-snippet":"max-snippet:-1","max-image-preview":"max-image-preview:large","max-video-preview":"max-video-preview:-1"},"canonical":"https:\/\/noticiasdeescobar.online\/?p=1604","og_locale":"es_ES","og_type":"article","og_title":"La preselecci\u00f3n de la Selecci\u00f3n Argentina de b\u00e1squet rumbo al Mundial 2027 incluye a un ex Sportivo Escobar","og_description":"Entre los convocados aparece un nombre que resuena especialmente en el distrito: Lucas Giovannetti, ex jugador de Sportivo Escobar, hoy con presente en el b\u00e1squet europeo.","og_url":"https:\/\/noticiasdeescobar.online\/?p=1604","og_site_name":"Noticias de Escobar","article_published_time":"2025-11-20T14:18:33+00:00","article_modified_time":"2025-11-20T14:18:34+00:00","og_image":[{"width":790,"height":527,"url":"https:\/\/noticiasdeescobar.online\/wp-content\/uploads\/2025\/11\/gio-jpg.webp","type":"image\/webp"}],"author":"Redacci\u00f3n","twitter_card":"summary_large_image","twitter_misc":{"Escrito por":"Redacci\u00f3n","Tiempo de lectura":"3 minutos"},"schema":{"@context":"https:\/\/schema.org","@graph":[{"@type":"WebPage","@id":"https:\/\/noticiasdeescobar.online\/?p=1604","url":"https:\/\/noticiasdeescobar.online\/?p=1604","name":"La preselecci\u00f3n de la Selecci\u00f3n Argentina de b\u00e1squet rumbo al Mundial 2027 incluye a un ex Sportivo Escobar - Noticias de Escobar","isPartOf":{"@id":"https:\/\/noticiasdeescobar.online\/#website"},"primaryImageOfPage":{"@id":"https:\/\/noticiasdeescobar.online\/?p=1604#primaryimage"},"image":{"@id":"https:\/\/noticiasdeescobar.online\/?p=1604#primaryimage"},"thumbnailUrl":"https:\/\/noticiasdeescobar.online\/wp-content\/uploads\/2025\/11\/gio-jpg.webp","datePublished":"2025-11-20T14:18:33+00:00","dateModified":"2025-11-20T14:18:34+00:00","author":{"@id":"https:\/\/noticiasdeescobar.online\/#\/schema\/person\/c80a19151f9337b50a779fe1f512ca6a"},"description":"Entre los convocados aparece un nombre que resuena especialmente en el distrito: Lucas Giovannetti, ex jugador de Sportivo Escobar, hoy con presente en el b\u00e1squet europeo.","breadcrumb":{"@id":"https:\/\/noticiasdeescobar.online\/?p=1604#breadcrumb"},"inLanguage":"es-AR","potentialAction":[{"@type":"ReadAction","target":["https:\/\/noticiasdeescobar.online\/?p=1604"]}]},{"@type":"ImageObject","inLanguage":"es-AR","@id":"https:\/\/noticiasdeescobar.online\/?p=1604#primaryimage","url":"https:\/\/noticiasdeescobar.online\/wp-content\/uploads\/2025\/11\/gio-jpg.webp","contentUrl":"https:\/\/noticiasdeescobar.online\/wp-content\/uploads\/2025\/11\/gio-jpg.webp","width":790,"height":527},{"@type":"BreadcrumbList","@id":"https:\/\/noticiasdeescobar.online\/?p=1604#breadcrumb","itemListElement":[{"@type":"ListItem","position":1,"name":"Inicio","item":"https:\/\/noticiasdeescobar.online\/"},{"@type":"ListItem","position":2,"name":"La preselecci\u00f3n de la Selecci\u00f3n Argentina de b\u00e1squet rumbo al Mundial 2027 incluye a un ex Sportivo Escobar"}]},{"@type":"WebSite","@id":"https:\/\/noticiasdeescobar.online\/#website","url":"https:\/\/noticiasdeescobar.online\/","name":"Noticias de Escobar","description":"Noticias 24\/7","potentialAction":[{"@type":"SearchAction","target":{"@type":"EntryPoint","urlTemplate":"https:\/\/noticiasdeescobar.online\/?s={search_term_string}"},"query-input":{"@type":"PropertyValueSpecification","valueRequired":true,"valueName":"search_term_string"}}],"inLanguage":"es-AR"},{"@type":"Person","@id":"https:\/\/noticiasdeescobar.online\/#\/schema\/person\/c80a19151f9337b50a779fe1f512ca6a","name":"Redacci\u00f3n","image":{"@type":"ImageObject","inLanguage":"es-AR","@id":"https:\/\/noticiasdeescobar.online\/#\/schema\/person\/image\/","url":"https:\/\/secure.gravatar.com\/avatar\/1db77a0acc41b20b8cbce542c0459eb4?s=96&d=mm&r=g","contentUrl":"https:\/\/secure.gravatar.com\/avatar\/1db77a0acc41b20b8cbce542c0459eb4?s=96&d=mm&r=g","caption":"Redacci\u00f3n"},"sameAs":["http:\/\/noticiasdeescobar.online"],"url":"https:\/\/noticiasdeescobar.online\/?author=1"}]}},"_links":{"self":[{"href":"https:\/\/noticiasdeescobar.online\/index.php?rest_route=\/wp\/v2\/posts\/1604","targetHints":{"allow":["GET"]}}],"collection":[{"href":"https:\/\/noticiasdeescobar.online\/index.php?rest_route=\/wp\/v2\/posts"}],"about":[{"href":"https:\/\/noticiasdeescobar.online\/index.php?rest_route=\/wp\/v2\/types\/post"}],"author":[{"embeddable":true,"href":"https:\/\/noticiasdeescobar.online\/index.php?rest_route=\/wp\/v2\/users\/1"}],"replies":[{"embeddable":true,"href":"https:\/\/noticiasdeescobar.online\/index.php?rest_route=%2Fwp%2Fv2%2Fcomments&post=1604"}],"version-history":[{"count":1,"href":"https:\/\/noticiasdeescobar.online\/index.php?rest_route=\/wp\/v2\/posts\/1604\/revisions"}],"predecessor-version":[{"id":1606,"href":"https:\/\/noticiasdeescobar.online\/index.php?rest_route=\/wp\/v2\/posts\/1604\/revisions\/1606"}],"wp:featuredmedia":[{"embeddable":true,"href":"https:\/\/noticiasdeescobar.online\/index.php?rest_route=\/wp\/v2\/media\/1605"}],"wp:attachment":[{"href":"https:\/\/noticiasdeescobar.online\/index.php?rest_route=%2Fwp%2Fv2%2Fmedia&parent=1604"}],"wp:term":[{"taxonomy":"category","embeddable":true,"href":"https:\/\/noticiasdeescobar.online\/index.php?rest_route=%2Fwp%2Fv2%2Fcategories&post=1604"},{"taxonomy":"post_tag","embeddable":true,"href":"https:\/\/noticiasdeescobar.online\/index.php?rest_route=%2Fwp%2Fv2%2Ftags&post=1604"}],"curies":[{"name":"wp","href":"https:\/\/api.w.org\/{rel}","templated":true}]}}