{"id":1618,"date":"2025-11-27T14:09:22","date_gmt":"2025-11-27T14:09:22","guid":{"rendered":"https:\/\/noticiasdeescobar.online\/?p=1618"},"modified":"2025-11-27T14:56:46","modified_gmt":"2025-11-27T14:56:46","slug":"emotivo-homenaje-a-alfredo-melidore-en-el-museo-del-tren-de-escobar","status":"publish","type":"post","link":"https:\/\/noticiasdeescobar.online\/?p=1618","title":{"rendered":"Emotivo homenaje a Alfredo Melidore en el Museo del Tren de Escobar"},"content":{"rendered":"\n<p>Este fin de semana, la asociaci\u00f3n Ferromigos de Escobar llev\u00f3 adelante un emotivo homenaje en memoria del historiador Alfredo Melidore, uno de los socios fundadores de la entidad que funciona en el predio de la estaci\u00f3n de Escobar y que desde hace a\u00f1os trabaja en la preservaci\u00f3n del patrimonio ferroviario local.<\/p>\n\n\n\n<!--more-->\n\n\n\n<div class=\"wp-block-cover aligncenter\"><span aria-hidden=\"true\" class=\"wp-block-cover__background has-background-dim\"><\/span><img loading=\"lazy\" decoding=\"async\" width=\"720\" height=\"528\" class=\"wp-block-cover__image-background wp-image-1623\" alt=\"\" src=\"https:\/\/noticiasdeescobar.online\/wp-content\/uploads\/2025\/11\/FB_IMG_1764252598417.jpg\" data-object-fit=\"cover\" srcset=\"https:\/\/noticiasdeescobar.online\/wp-content\/uploads\/2025\/11\/FB_IMG_1764252598417.jpg 720w, https:\/\/noticiasdeescobar.online\/wp-content\/uploads\/2025\/11\/FB_IMG_1764252598417-300x220.jpg 300w\" sizes=\"auto, (max-width: 720px) 100vw, 720px\" \/><div class=\"wp-block-cover__inner-container is-layout-flow wp-block-cover-is-layout-flow\">\n<p class=\"has-text-align-center has-large-font-size\"><\/p>\n<\/div><\/div>\n\n\n\n<p><em>En 2019 hab\u00eda sido designado como encargado del Departamento de Estudios Hist\u00f3ricos de la instituci\u00f3n<\/em><\/p>\n\n\n\n<p>El encuentro reuni\u00f3 a familiares \u2014incluida su esposa\u2014, vecinos, amigos e invitados especiales que se acercaron para recordar su figura y destacar su dedicaci\u00f3n a la historia escobarense y al desarrollo del Museo del Tren. <\/p>\n\n\n\n<figure class=\"wp-block-image size-large\"><img loading=\"lazy\" decoding=\"async\" width=\"766\" height=\"1024\" src=\"https:\/\/noticiasdeescobar.online\/wp-content\/uploads\/2025\/11\/IMG-20251127-WA0031-766x1024.jpg\" alt=\"\" class=\"wp-image-1621\" srcset=\"https:\/\/noticiasdeescobar.online\/wp-content\/uploads\/2025\/11\/IMG-20251127-WA0031-766x1024.jpg 766w, https:\/\/noticiasdeescobar.online\/wp-content\/uploads\/2025\/11\/IMG-20251127-WA0031-224x300.jpg 224w, https:\/\/noticiasdeescobar.online\/wp-content\/uploads\/2025\/11\/IMG-20251127-WA0031-768x1027.jpg 768w, https:\/\/noticiasdeescobar.online\/wp-content\/uploads\/2025\/11\/IMG-20251127-WA0031-1149x1536.jpg 1149w, https:\/\/noticiasdeescobar.online\/wp-content\/uploads\/2025\/11\/IMG-20251127-WA0031.jpg 1197w\" sizes=\"auto, (max-width: 766px) 100vw, 766px\" \/><\/figure>\n\n\n\n<p>Durante la jornada, se compartieron an\u00e9cdotas y reconocimientos sobre su extensa labor como investigador, divulgador y entusiasta del ferrocarril.<\/p>\n\n\n\n<p>La actividad incluy\u00f3 un c\u00e1lido \u00e1gape, donde los presentes intercambiaron recuerdos sobre Melidore, y una recorrida por las instalaciones del museo, especialmente pensada para quienes nunca lo hab\u00edan visitado. Los anfitriones aprovecharon la ocasi\u00f3n para mostrar el trabajo que la asociaci\u00f3n realiza d\u00eda a d\u00eda en la conservaci\u00f3n del material hist\u00f3rico.<\/p>\n\n\n\n<figure class=\"wp-block-image size-large\"><img loading=\"lazy\" decoding=\"async\" width=\"1024\" height=\"766\" src=\"https:\/\/noticiasdeescobar.online\/wp-content\/uploads\/2025\/11\/IMG-20251127-WA0032-1024x766.jpg\" alt=\"\" class=\"wp-image-1619\" srcset=\"https:\/\/noticiasdeescobar.online\/wp-content\/uploads\/2025\/11\/IMG-20251127-WA0032-1024x766.jpg 1024w, https:\/\/noticiasdeescobar.online\/wp-content\/uploads\/2025\/11\/IMG-20251127-WA0032-300x224.jpg 300w, https:\/\/noticiasdeescobar.online\/wp-content\/uploads\/2025\/11\/IMG-20251127-WA0032-768x575.jpg 768w, https:\/\/noticiasdeescobar.online\/wp-content\/uploads\/2025\/11\/IMG-20251127-WA0032-1536x1149.jpg 1536w, https:\/\/noticiasdeescobar.online\/wp-content\/uploads\/2025\/11\/IMG-20251127-WA0032.jpg 1600w\" sizes=\"auto, (max-width: 1024px) 100vw, 1024px\" \/><\/figure>\n\n\n\n<p>El homenaje se vivi\u00f3 en un ambiente de profunda gratitud y afecto, reflejando el legado que Alfredo Melidores dej\u00f3 en la comunidad de Escobar y en todos aquellos que compartieron con \u00e9l su pasi\u00f3n por la historia y el ferrocarril.<\/p>\n","protected":false},"excerpt":{"rendered":"<p>Este fin de semana, la asociaci\u00f3n Ferromigos de Escobar llev\u00f3 adelante un emotivo homenaje en memoria del historiador Alfredo Melidore,&hellip;<\/p>\n","protected":false},"author":1,"featured_media":1620,"comment_status":"open","ping_status":"open","sticky":false,"template":"","format":"standard","meta":{"_monsterinsights_skip_tracking":false,"_monsterinsights_sitenote_active":false,"_monsterinsights_sitenote_note":"","_monsterinsights_sitenote_category":0,"footnotes":""},"categories":[8],"tags":[9],"class_list":["post-1618","post","type-post","status-publish","format-standard","has-post-thumbnail","hentry","category-historia","tag-alfredo-melidore"],"yoast_head":"<!-- This site is optimized with the Yoast SEO plugin v25.3.1 - https:\/\/yoast.com\/wordpress\/plugins\/seo\/ -->\n<title>Emotivo homenaje a Alfredo Melidore en el Museo del Tren de Escobar - Noticias de Escobar<\/title>\n<meta name=\"description\" content=\"El homenaje se vivi\u00f3 en un ambiente de profunda gratitud y afecto, reflejando el legado que Alfredo Melidores dej\u00f3 en la comunidad de Escobar y en todos aquellos que compartieron con \u00e9l su pasi\u00f3n por la historia y el ferrocarril.\" \/>\n<meta name=\"robots\" content=\"index, follow, max-snippet:-1, max-image-preview:large, max-video-preview:-1\" \/>\n<link rel=\"canonical\" href=\"https:\/\/noticiasdeescobar.online\/?p=1618\" \/>\n<meta property=\"og:locale\" content=\"es_ES\" \/>\n<meta property=\"og:type\" content=\"article\" \/>\n<meta property=\"og:title\" content=\"Emotivo homenaje a Alfredo Melidore en el Museo del Tren de Escobar\" \/>\n<meta property=\"og:description\" content=\"El homenaje se vivi\u00f3 en un ambiente de profunda gratitud y afecto, reflejando el legado que Alfredo Melidores dej\u00f3 en la comunidad de Escobar y en todos aquellos que compartieron con \u00e9l su pasi\u00f3n por la historia y el ferrocarril.\" \/>\n<meta property=\"og:url\" content=\"https:\/\/noticiasdeescobar.online\/?p=1618\" \/>\n<meta property=\"og:site_name\" content=\"Noticias de Escobar\" \/>\n<meta property=\"article:published_time\" content=\"2025-11-27T14:09:22+00:00\" \/>\n<meta property=\"article:modified_time\" content=\"2025-11-27T14:56:46+00:00\" \/>\n<meta property=\"og:image\" content=\"https:\/\/noticiasdeescobar.online\/wp-content\/uploads\/2025\/11\/IMG-20251127-WA0033.jpg\" \/>\n\t<meta property=\"og:image:width\" content=\"1600\" \/>\n\t<meta property=\"og:image:height\" content=\"1197\" \/>\n\t<meta property=\"og:image:type\" content=\"image\/jpeg\" \/>\n<meta name=\"author\" content=\"Redacci\u00f3n\" \/>\n<meta name=\"twitter:card\" content=\"summary_large_image\" \/>\n<meta name=\"twitter:label1\" content=\"Escrito por\" \/>\n\t<meta name=\"twitter:data1\" content=\"Redacci\u00f3n\" \/>\n\t<meta name=\"twitter:label2\" content=\"Tiempo de lectura\" \/>\n\t<meta name=\"twitter:data2\" content=\"2 minutos\" \/>\n<script type=\"application\/ld+json\" class=\"yoast-schema-graph\">{\"@context\":\"https:\/\/schema.org\",\"@graph\":[{\"@type\":\"WebPage\",\"@id\":\"https:\/\/noticiasdeescobar.online\/?p=1618\",\"url\":\"https:\/\/noticiasdeescobar.online\/?p=1618\",\"name\":\"Emotivo homenaje a Alfredo Melidore en el Museo del Tren de Escobar - Noticias de Escobar\",\"isPartOf\":{\"@id\":\"https:\/\/noticiasdeescobar.online\/#website\"},\"primaryImageOfPage\":{\"@id\":\"https:\/\/noticiasdeescobar.online\/?p=1618#primaryimage\"},\"image\":{\"@id\":\"https:\/\/noticiasdeescobar.online\/?p=1618#primaryimage\"},\"thumbnailUrl\":\"https:\/\/noticiasdeescobar.online\/wp-content\/uploads\/2025\/11\/IMG-20251127-WA0033.jpg\",\"datePublished\":\"2025-11-27T14:09:22+00:00\",\"dateModified\":\"2025-11-27T14:56:46+00:00\",\"author\":{\"@id\":\"https:\/\/noticiasdeescobar.online\/#\/schema\/person\/c80a19151f9337b50a779fe1f512ca6a\"},\"description\":\"El homenaje se vivi\u00f3 en un ambiente de profunda gratitud y afecto, reflejando el legado que Alfredo Melidores dej\u00f3 en la comunidad de Escobar y en todos aquellos que compartieron con \u00e9l su pasi\u00f3n por la historia y el ferrocarril.\",\"breadcrumb\":{\"@id\":\"https:\/\/noticiasdeescobar.online\/?p=1618#breadcrumb\"},\"inLanguage\":\"es-AR\",\"potentialAction\":[{\"@type\":\"ReadAction\",\"target\":[\"https:\/\/noticiasdeescobar.online\/?p=1618\"]}]},{\"@type\":\"ImageObject\",\"inLanguage\":\"es-AR\",\"@id\":\"https:\/\/noticiasdeescobar.online\/?p=1618#primaryimage\",\"url\":\"https:\/\/noticiasdeescobar.online\/wp-content\/uploads\/2025\/11\/IMG-20251127-WA0033.jpg\",\"contentUrl\":\"https:\/\/noticiasdeescobar.online\/wp-content\/uploads\/2025\/11\/IMG-20251127-WA0033.jpg\",\"width\":1600,\"height\":1197},{\"@type\":\"BreadcrumbList\",\"@id\":\"https:\/\/noticiasdeescobar.online\/?p=1618#breadcrumb\",\"itemListElement\":[{\"@type\":\"ListItem\",\"position\":1,\"name\":\"Inicio\",\"item\":\"https:\/\/noticiasdeescobar.online\/\"},{\"@type\":\"ListItem\",\"position\":2,\"name\":\"Emotivo homenaje a Alfredo Melidore en el Museo del Tren de Escobar\"}]},{\"@type\":\"WebSite\",\"@id\":\"https:\/\/noticiasdeescobar.online\/#website\",\"url\":\"https:\/\/noticiasdeescobar.online\/\",\"name\":\"Noticias de Escobar\",\"description\":\"Noticias 24\/7\",\"potentialAction\":[{\"@type\":\"SearchAction\",\"target\":{\"@type\":\"EntryPoint\",\"urlTemplate\":\"https:\/\/noticiasdeescobar.online\/?s={search_term_string}\"},\"query-input\":{\"@type\":\"PropertyValueSpecification\",\"valueRequired\":true,\"valueName\":\"search_term_string\"}}],\"inLanguage\":\"es-AR\"},{\"@type\":\"Person\",\"@id\":\"https:\/\/noticiasdeescobar.online\/#\/schema\/person\/c80a19151f9337b50a779fe1f512ca6a\",\"name\":\"Redacci\u00f3n\",\"image\":{\"@type\":\"ImageObject\",\"inLanguage\":\"es-AR\",\"@id\":\"https:\/\/noticiasdeescobar.online\/#\/schema\/person\/image\/\",\"url\":\"https:\/\/secure.gravatar.com\/avatar\/1db77a0acc41b20b8cbce542c0459eb4?s=96&d=mm&r=g\",\"contentUrl\":\"https:\/\/secure.gravatar.com\/avatar\/1db77a0acc41b20b8cbce542c0459eb4?s=96&d=mm&r=g\",\"caption\":\"Redacci\u00f3n\"},\"sameAs\":[\"http:\/\/noticiasdeescobar.online\"],\"url\":\"https:\/\/noticiasdeescobar.online\/?author=1\"}]}<\/script>\n<!-- \/ Yoast SEO plugin. -->","yoast_head_json":{"title":"Emotivo homenaje a Alfredo Melidore en el Museo del Tren de Escobar - Noticias de Escobar","description":"El homenaje se vivi\u00f3 en un ambiente de profunda gratitud y afecto, reflejando el legado que Alfredo Melidores dej\u00f3 en la comunidad de Escobar y en todos aquellos que compartieron con \u00e9l su pasi\u00f3n por la historia y el ferrocarril.","robots":{"index":"index","follow":"follow","max-snippet":"max-snippet:-1","max-image-preview":"max-image-preview:large","max-video-preview":"max-video-preview:-1"},"canonical":"https:\/\/noticiasdeescobar.online\/?p=1618","og_locale":"es_ES","og_type":"article","og_title":"Emotivo homenaje a Alfredo Melidore en el Museo del Tren de Escobar","og_description":"El homenaje se vivi\u00f3 en un ambiente de profunda gratitud y afecto, reflejando el legado que Alfredo Melidores dej\u00f3 en la comunidad de Escobar y en todos aquellos que compartieron con \u00e9l su pasi\u00f3n por la historia y el ferrocarril.","og_url":"https:\/\/noticiasdeescobar.online\/?p=1618","og_site_name":"Noticias de Escobar","article_published_time":"2025-11-27T14:09:22+00:00","article_modified_time":"2025-11-27T14:56:46+00:00","og_image":[{"width":1600,"height":1197,"url":"https:\/\/noticiasdeescobar.online\/wp-content\/uploads\/2025\/11\/IMG-20251127-WA0033.jpg","type":"image\/jpeg"}],"author":"Redacci\u00f3n","twitter_card":"summary_large_image","twitter_misc":{"Escrito por":"Redacci\u00f3n","Tiempo de lectura":"2 minutos"},"schema":{"@context":"https:\/\/schema.org","@graph":[{"@type":"WebPage","@id":"https:\/\/noticiasdeescobar.online\/?p=1618","url":"https:\/\/noticiasdeescobar.online\/?p=1618","name":"Emotivo homenaje a Alfredo Melidore en el Museo del Tren de Escobar - Noticias de Escobar","isPartOf":{"@id":"https:\/\/noticiasdeescobar.online\/#website"},"primaryImageOfPage":{"@id":"https:\/\/noticiasdeescobar.online\/?p=1618#primaryimage"},"image":{"@id":"https:\/\/noticiasdeescobar.online\/?p=1618#primaryimage"},"thumbnailUrl":"https:\/\/noticiasdeescobar.online\/wp-content\/uploads\/2025\/11\/IMG-20251127-WA0033.jpg","datePublished":"2025-11-27T14:09:22+00:00","dateModified":"2025-11-27T14:56:46+00:00","author":{"@id":"https:\/\/noticiasdeescobar.online\/#\/schema\/person\/c80a19151f9337b50a779fe1f512ca6a"},"description":"El homenaje se vivi\u00f3 en un ambiente de profunda gratitud y afecto, reflejando el legado que Alfredo Melidores dej\u00f3 en la comunidad de Escobar y en todos aquellos que compartieron con \u00e9l su pasi\u00f3n por la historia y el ferrocarril.","breadcrumb":{"@id":"https:\/\/noticiasdeescobar.online\/?p=1618#breadcrumb"},"inLanguage":"es-AR","potentialAction":[{"@type":"ReadAction","target":["https:\/\/noticiasdeescobar.online\/?p=1618"]}]},{"@type":"ImageObject","inLanguage":"es-AR","@id":"https:\/\/noticiasdeescobar.online\/?p=1618#primaryimage","url":"https:\/\/noticiasdeescobar.online\/wp-content\/uploads\/2025\/11\/IMG-20251127-WA0033.jpg","contentUrl":"https:\/\/noticiasdeescobar.online\/wp-content\/uploads\/2025\/11\/IMG-20251127-WA0033.jpg","width":1600,"height":1197},{"@type":"BreadcrumbList","@id":"https:\/\/noticiasdeescobar.online\/?p=1618#breadcrumb","itemListElement":[{"@type":"ListItem","position":1,"name":"Inicio","item":"https:\/\/noticiasdeescobar.online\/"},{"@type":"ListItem","position":2,"name":"Emotivo homenaje a Alfredo Melidore en el Museo del Tren de Escobar"}]},{"@type":"WebSite","@id":"https:\/\/noticiasdeescobar.online\/#website","url":"https:\/\/noticiasdeescobar.online\/","name":"Noticias de Escobar","description":"Noticias 24\/7","potentialAction":[{"@type":"SearchAction","target":{"@type":"EntryPoint","urlTemplate":"https:\/\/noticiasdeescobar.online\/?s={search_term_string}"},"query-input":{"@type":"PropertyValueSpecification","valueRequired":true,"valueName":"search_term_string"}}],"inLanguage":"es-AR"},{"@type":"Person","@id":"https:\/\/noticiasdeescobar.online\/#\/schema\/person\/c80a19151f9337b50a779fe1f512ca6a","name":"Redacci\u00f3n","image":{"@type":"ImageObject","inLanguage":"es-AR","@id":"https:\/\/noticiasdeescobar.online\/#\/schema\/person\/image\/","url":"https:\/\/secure.gravatar.com\/avatar\/1db77a0acc41b20b8cbce542c0459eb4?s=96&d=mm&r=g","contentUrl":"https:\/\/secure.gravatar.com\/avatar\/1db77a0acc41b20b8cbce542c0459eb4?s=96&d=mm&r=g","caption":"Redacci\u00f3n"},"sameAs":["http:\/\/noticiasdeescobar.online"],"url":"https:\/\/noticiasdeescobar.online\/?author=1"}]}},"_links":{"self":[{"href":"https:\/\/noticiasdeescobar.online\/index.php?rest_route=\/wp\/v2\/posts\/1618","targetHints":{"allow":["GET"]}}],"collection":[{"href":"https:\/\/noticiasdeescobar.online\/index.php?rest_route=\/wp\/v2\/posts"}],"about":[{"href":"https:\/\/noticiasdeescobar.online\/index.php?rest_route=\/wp\/v2\/types\/post"}],"author":[{"embeddable":true,"href":"https:\/\/noticiasdeescobar.online\/index.php?rest_route=\/wp\/v2\/users\/1"}],"replies":[{"embeddable":true,"href":"https:\/\/noticiasdeescobar.online\/index.php?rest_route=%2Fwp%2Fv2%2Fcomments&post=1618"}],"version-history":[{"count":3,"href":"https:\/\/noticiasdeescobar.online\/index.php?rest_route=\/wp\/v2\/posts\/1618\/revisions"}],"predecessor-version":[{"id":1627,"href":"https:\/\/noticiasdeescobar.online\/index.php?rest_route=\/wp\/v2\/posts\/1618\/revisions\/1627"}],"wp:featuredmedia":[{"embeddable":true,"href":"https:\/\/noticiasdeescobar.online\/index.php?rest_route=\/wp\/v2\/media\/1620"}],"wp:attachment":[{"href":"https:\/\/noticiasdeescobar.online\/index.php?rest_route=%2Fwp%2Fv2%2Fmedia&parent=1618"}],"wp:term":[{"taxonomy":"category","embeddable":true,"href":"https:\/\/noticiasdeescobar.online\/index.php?rest_route=%2Fwp%2Fv2%2Fcategories&post=1618"},{"taxonomy":"post_tag","embeddable":true,"href":"https:\/\/noticiasdeescobar.online\/index.php?rest_route=%2Fwp%2Fv2%2Ftags&post=1618"}],"curies":[{"name":"wp","href":"https:\/\/api.w.org\/{rel}","templated":true}]}}