{"id":1635,"date":"2025-11-29T02:43:01","date_gmt":"2025-11-29T02:43:01","guid":{"rendered":"https:\/\/noticiasdeescobar.online\/?p=1635"},"modified":"2025-11-29T02:43:02","modified_gmt":"2025-11-29T02:43:02","slug":"incendio-en-un-comercio-de-matheu","status":"publish","type":"post","link":"https:\/\/noticiasdeescobar.online\/?p=1635","title":{"rendered":"Incendio en un comercio de Matheu"},"content":{"rendered":"\n<p>En las primeras horas de la madrugada de este viernes, un incendio en un comercio gastron\u00f3mico de la localidad de <strong>Matheu<\/strong> moviliz\u00f3 a varias dotaciones de Bomberos Voluntarios, quienes trabajaron intensamente para controlar el foco \u00edgneo y evitar mayores da\u00f1os.<\/p>\n\n\n\n<!--more-->\n\n\n\n<p>El siniestro se registr\u00f3 en un local ubicado en <strong>calle Belgrano al 200<\/strong>, donde acudieron tres m\u00f3viles: <strong>A-2<\/strong>, a cargo del Suboficial <strong>Rub\u00e9n Brusa<\/strong>; <strong>A-29<\/strong>, dirigido por el Comandante <strong>Mart\u00edn Maldonado<\/strong>; y <strong>A-10<\/strong>, bajo la responsabilidad del Suboficial <strong>Fabi\u00e1n Sosa<\/strong>. En total, participaron <strong>10 bomberos<\/strong> que se distribuyeron tareas de ataque, control y prevenci\u00f3n de propagaci\u00f3n.<\/p>\n\n\n\n<p>Gracias al r\u00e1pido accionar del personal, las llamas fueron contenidas durante la intervenci\u00f3n, lo que permiti\u00f3 reducir el riesgo para las estructuras cercanas y evitar consecuencias mayores. Hasta el momento no trascendieron detalles sobre el origen del incendio ni el nivel de afectaci\u00f3n dentro del comercio.<\/p>\n\n\n<div class=\"wp-block-image\">\n<figure class=\"aligncenter size-large\"><img loading=\"lazy\" decoding=\"async\" width=\"990\" height=\"1024\" src=\"https:\/\/noticiasdeescobar.online\/wp-content\/uploads\/2025\/11\/589274445_1166389928958083_4059517338576519706_n-990x1024.jpg\" alt=\"\" class=\"wp-image-1636\" srcset=\"https:\/\/noticiasdeescobar.online\/wp-content\/uploads\/2025\/11\/589274445_1166389928958083_4059517338576519706_n-990x1024.jpg 990w, https:\/\/noticiasdeescobar.online\/wp-content\/uploads\/2025\/11\/589274445_1166389928958083_4059517338576519706_n-290x300.jpg 290w, https:\/\/noticiasdeescobar.online\/wp-content\/uploads\/2025\/11\/589274445_1166389928958083_4059517338576519706_n-768x794.jpg 768w, https:\/\/noticiasdeescobar.online\/wp-content\/uploads\/2025\/11\/589274445_1166389928958083_4059517338576519706_n.jpg 1191w\" sizes=\"auto, (max-width: 990px) 100vw, 990px\" \/><\/figure><\/div>\n\n\n<p>Las pericias intentar\u00e1n determinar c\u00f3mo se inici\u00f3 el foco que despert\u00f3 la atenci\u00f3n en una zona habitualmente tranquila durante la madrugada.<\/p>\n","protected":false},"excerpt":{"rendered":"<p>En las primeras horas de la madrugada de este viernes, un incendio en un comercio gastron\u00f3mico de la localidad de&hellip;<\/p>\n","protected":false},"author":1,"featured_media":1637,"comment_status":"open","ping_status":"open","sticky":false,"template":"","format":"standard","meta":{"_monsterinsights_skip_tracking":false,"_monsterinsights_sitenote_active":false,"_monsterinsights_sitenote_note":"","_monsterinsights_sitenote_category":0,"footnotes":""},"categories":[2],"tags":[244,25,30],"class_list":["post-1635","post","type-post","status-publish","format-standard","has-post-thumbnail","hentry","category-policiales","tag-comercio","tag-incendio","tag-matheu"],"yoast_head":"<!-- This site is optimized with the Yoast SEO plugin v25.3.1 - https:\/\/yoast.com\/wordpress\/plugins\/seo\/ -->\n<title>Incendio en un comercio de Matheu - Noticias de Escobar<\/title>\n<meta name=\"description\" content=\"El siniestro se registr\u00f3 en un local ubicado en calle Belgrano al 200, donde acudieron tres m\u00f3viles de bomberos voluntarios.\" \/>\n<meta name=\"robots\" content=\"index, follow, max-snippet:-1, max-image-preview:large, max-video-preview:-1\" \/>\n<link rel=\"canonical\" href=\"https:\/\/noticiasdeescobar.online\/?p=1635\" \/>\n<meta property=\"og:locale\" content=\"es_ES\" \/>\n<meta property=\"og:type\" content=\"article\" \/>\n<meta property=\"og:title\" content=\"Incendio en un comercio de Matheu\" \/>\n<meta property=\"og:description\" content=\"El siniestro se registr\u00f3 en un local ubicado en calle Belgrano al 200, donde acudieron tres m\u00f3viles de bomberos voluntarios.\" \/>\n<meta property=\"og:url\" content=\"https:\/\/noticiasdeescobar.online\/?p=1635\" \/>\n<meta property=\"og:site_name\" content=\"Noticias de Escobar\" \/>\n<meta property=\"article:published_time\" content=\"2025-11-29T02:43:01+00:00\" \/>\n<meta property=\"article:modified_time\" content=\"2025-11-29T02:43:02+00:00\" \/>\n<meta property=\"og:image\" content=\"https:\/\/noticiasdeescobar.online\/wp-content\/uploads\/2025\/11\/590770939_1166389978958078_7639722405593962751_n.jpg\" \/>\n\t<meta property=\"og:image:width\" content=\"1640\" \/>\n\t<meta property=\"og:image:height\" content=\"1232\" \/>\n\t<meta property=\"og:image:type\" content=\"image\/jpeg\" \/>\n<meta name=\"author\" content=\"Redacci\u00f3n\" \/>\n<meta name=\"twitter:card\" content=\"summary_large_image\" \/>\n<meta name=\"twitter:label1\" content=\"Escrito por\" \/>\n\t<meta name=\"twitter:data1\" content=\"Redacci\u00f3n\" \/>\n\t<meta name=\"twitter:label2\" content=\"Tiempo de lectura\" \/>\n\t<meta name=\"twitter:data2\" content=\"2 minutos\" \/>\n<script type=\"application\/ld+json\" class=\"yoast-schema-graph\">{\"@context\":\"https:\/\/schema.org\",\"@graph\":[{\"@type\":\"WebPage\",\"@id\":\"https:\/\/noticiasdeescobar.online\/?p=1635\",\"url\":\"https:\/\/noticiasdeescobar.online\/?p=1635\",\"name\":\"Incendio en un comercio de Matheu - Noticias de Escobar\",\"isPartOf\":{\"@id\":\"https:\/\/noticiasdeescobar.online\/#website\"},\"primaryImageOfPage\":{\"@id\":\"https:\/\/noticiasdeescobar.online\/?p=1635#primaryimage\"},\"image\":{\"@id\":\"https:\/\/noticiasdeescobar.online\/?p=1635#primaryimage\"},\"thumbnailUrl\":\"https:\/\/noticiasdeescobar.online\/wp-content\/uploads\/2025\/11\/590770939_1166389978958078_7639722405593962751_n.jpg\",\"datePublished\":\"2025-11-29T02:43:01+00:00\",\"dateModified\":\"2025-11-29T02:43:02+00:00\",\"author\":{\"@id\":\"https:\/\/noticiasdeescobar.online\/#\/schema\/person\/c80a19151f9337b50a779fe1f512ca6a\"},\"description\":\"El siniestro se registr\u00f3 en un local ubicado en calle Belgrano al 200, donde acudieron tres m\u00f3viles de bomberos voluntarios.\",\"breadcrumb\":{\"@id\":\"https:\/\/noticiasdeescobar.online\/?p=1635#breadcrumb\"},\"inLanguage\":\"es-AR\",\"potentialAction\":[{\"@type\":\"ReadAction\",\"target\":[\"https:\/\/noticiasdeescobar.online\/?p=1635\"]}]},{\"@type\":\"ImageObject\",\"inLanguage\":\"es-AR\",\"@id\":\"https:\/\/noticiasdeescobar.online\/?p=1635#primaryimage\",\"url\":\"https:\/\/noticiasdeescobar.online\/wp-content\/uploads\/2025\/11\/590770939_1166389978958078_7639722405593962751_n.jpg\",\"contentUrl\":\"https:\/\/noticiasdeescobar.online\/wp-content\/uploads\/2025\/11\/590770939_1166389978958078_7639722405593962751_n.jpg\",\"width\":1640,\"height\":1232},{\"@type\":\"BreadcrumbList\",\"@id\":\"https:\/\/noticiasdeescobar.online\/?p=1635#breadcrumb\",\"itemListElement\":[{\"@type\":\"ListItem\",\"position\":1,\"name\":\"Inicio\",\"item\":\"https:\/\/noticiasdeescobar.online\/\"},{\"@type\":\"ListItem\",\"position\":2,\"name\":\"Incendio en un comercio de Matheu\"}]},{\"@type\":\"WebSite\",\"@id\":\"https:\/\/noticiasdeescobar.online\/#website\",\"url\":\"https:\/\/noticiasdeescobar.online\/\",\"name\":\"Noticias de Escobar\",\"description\":\"Noticias 24\/7\",\"potentialAction\":[{\"@type\":\"SearchAction\",\"target\":{\"@type\":\"EntryPoint\",\"urlTemplate\":\"https:\/\/noticiasdeescobar.online\/?s={search_term_string}\"},\"query-input\":{\"@type\":\"PropertyValueSpecification\",\"valueRequired\":true,\"valueName\":\"search_term_string\"}}],\"inLanguage\":\"es-AR\"},{\"@type\":\"Person\",\"@id\":\"https:\/\/noticiasdeescobar.online\/#\/schema\/person\/c80a19151f9337b50a779fe1f512ca6a\",\"name\":\"Redacci\u00f3n\",\"image\":{\"@type\":\"ImageObject\",\"inLanguage\":\"es-AR\",\"@id\":\"https:\/\/noticiasdeescobar.online\/#\/schema\/person\/image\/\",\"url\":\"https:\/\/secure.gravatar.com\/avatar\/1db77a0acc41b20b8cbce542c0459eb4?s=96&d=mm&r=g\",\"contentUrl\":\"https:\/\/secure.gravatar.com\/avatar\/1db77a0acc41b20b8cbce542c0459eb4?s=96&d=mm&r=g\",\"caption\":\"Redacci\u00f3n\"},\"sameAs\":[\"http:\/\/noticiasdeescobar.online\"],\"url\":\"https:\/\/noticiasdeescobar.online\/?author=1\"}]}<\/script>\n<!-- \/ Yoast SEO plugin. -->","yoast_head_json":{"title":"Incendio en un comercio de Matheu - Noticias de Escobar","description":"El siniestro se registr\u00f3 en un local ubicado en calle Belgrano al 200, donde acudieron tres m\u00f3viles de bomberos voluntarios.","robots":{"index":"index","follow":"follow","max-snippet":"max-snippet:-1","max-image-preview":"max-image-preview:large","max-video-preview":"max-video-preview:-1"},"canonical":"https:\/\/noticiasdeescobar.online\/?p=1635","og_locale":"es_ES","og_type":"article","og_title":"Incendio en un comercio de Matheu","og_description":"El siniestro se registr\u00f3 en un local ubicado en calle Belgrano al 200, donde acudieron tres m\u00f3viles de bomberos voluntarios.","og_url":"https:\/\/noticiasdeescobar.online\/?p=1635","og_site_name":"Noticias de Escobar","article_published_time":"2025-11-29T02:43:01+00:00","article_modified_time":"2025-11-29T02:43:02+00:00","og_image":[{"width":1640,"height":1232,"url":"https:\/\/noticiasdeescobar.online\/wp-content\/uploads\/2025\/11\/590770939_1166389978958078_7639722405593962751_n.jpg","type":"image\/jpeg"}],"author":"Redacci\u00f3n","twitter_card":"summary_large_image","twitter_misc":{"Escrito por":"Redacci\u00f3n","Tiempo de lectura":"2 minutos"},"schema":{"@context":"https:\/\/schema.org","@graph":[{"@type":"WebPage","@id":"https:\/\/noticiasdeescobar.online\/?p=1635","url":"https:\/\/noticiasdeescobar.online\/?p=1635","name":"Incendio en un comercio de Matheu - Noticias de Escobar","isPartOf":{"@id":"https:\/\/noticiasdeescobar.online\/#website"},"primaryImageOfPage":{"@id":"https:\/\/noticiasdeescobar.online\/?p=1635#primaryimage"},"image":{"@id":"https:\/\/noticiasdeescobar.online\/?p=1635#primaryimage"},"thumbnailUrl":"https:\/\/noticiasdeescobar.online\/wp-content\/uploads\/2025\/11\/590770939_1166389978958078_7639722405593962751_n.jpg","datePublished":"2025-11-29T02:43:01+00:00","dateModified":"2025-11-29T02:43:02+00:00","author":{"@id":"https:\/\/noticiasdeescobar.online\/#\/schema\/person\/c80a19151f9337b50a779fe1f512ca6a"},"description":"El siniestro se registr\u00f3 en un local ubicado en calle Belgrano al 200, donde acudieron tres m\u00f3viles de bomberos voluntarios.","breadcrumb":{"@id":"https:\/\/noticiasdeescobar.online\/?p=1635#breadcrumb"},"inLanguage":"es-AR","potentialAction":[{"@type":"ReadAction","target":["https:\/\/noticiasdeescobar.online\/?p=1635"]}]},{"@type":"ImageObject","inLanguage":"es-AR","@id":"https:\/\/noticiasdeescobar.online\/?p=1635#primaryimage","url":"https:\/\/noticiasdeescobar.online\/wp-content\/uploads\/2025\/11\/590770939_1166389978958078_7639722405593962751_n.jpg","contentUrl":"https:\/\/noticiasdeescobar.online\/wp-content\/uploads\/2025\/11\/590770939_1166389978958078_7639722405593962751_n.jpg","width":1640,"height":1232},{"@type":"BreadcrumbList","@id":"https:\/\/noticiasdeescobar.online\/?p=1635#breadcrumb","itemListElement":[{"@type":"ListItem","position":1,"name":"Inicio","item":"https:\/\/noticiasdeescobar.online\/"},{"@type":"ListItem","position":2,"name":"Incendio en un comercio de Matheu"}]},{"@type":"WebSite","@id":"https:\/\/noticiasdeescobar.online\/#website","url":"https:\/\/noticiasdeescobar.online\/","name":"Noticias de Escobar","description":"Noticias 24\/7","potentialAction":[{"@type":"SearchAction","target":{"@type":"EntryPoint","urlTemplate":"https:\/\/noticiasdeescobar.online\/?s={search_term_string}"},"query-input":{"@type":"PropertyValueSpecification","valueRequired":true,"valueName":"search_term_string"}}],"inLanguage":"es-AR"},{"@type":"Person","@id":"https:\/\/noticiasdeescobar.online\/#\/schema\/person\/c80a19151f9337b50a779fe1f512ca6a","name":"Redacci\u00f3n","image":{"@type":"ImageObject","inLanguage":"es-AR","@id":"https:\/\/noticiasdeescobar.online\/#\/schema\/person\/image\/","url":"https:\/\/secure.gravatar.com\/avatar\/1db77a0acc41b20b8cbce542c0459eb4?s=96&d=mm&r=g","contentUrl":"https:\/\/secure.gravatar.com\/avatar\/1db77a0acc41b20b8cbce542c0459eb4?s=96&d=mm&r=g","caption":"Redacci\u00f3n"},"sameAs":["http:\/\/noticiasdeescobar.online"],"url":"https:\/\/noticiasdeescobar.online\/?author=1"}]}},"_links":{"self":[{"href":"https:\/\/noticiasdeescobar.online\/index.php?rest_route=\/wp\/v2\/posts\/1635","targetHints":{"allow":["GET"]}}],"collection":[{"href":"https:\/\/noticiasdeescobar.online\/index.php?rest_route=\/wp\/v2\/posts"}],"about":[{"href":"https:\/\/noticiasdeescobar.online\/index.php?rest_route=\/wp\/v2\/types\/post"}],"author":[{"embeddable":true,"href":"https:\/\/noticiasdeescobar.online\/index.php?rest_route=\/wp\/v2\/users\/1"}],"replies":[{"embeddable":true,"href":"https:\/\/noticiasdeescobar.online\/index.php?rest_route=%2Fwp%2Fv2%2Fcomments&post=1635"}],"version-history":[{"count":1,"href":"https:\/\/noticiasdeescobar.online\/index.php?rest_route=\/wp\/v2\/posts\/1635\/revisions"}],"predecessor-version":[{"id":1638,"href":"https:\/\/noticiasdeescobar.online\/index.php?rest_route=\/wp\/v2\/posts\/1635\/revisions\/1638"}],"wp:featuredmedia":[{"embeddable":true,"href":"https:\/\/noticiasdeescobar.online\/index.php?rest_route=\/wp\/v2\/media\/1637"}],"wp:attachment":[{"href":"https:\/\/noticiasdeescobar.online\/index.php?rest_route=%2Fwp%2Fv2%2Fmedia&parent=1635"}],"wp:term":[{"taxonomy":"category","embeddable":true,"href":"https:\/\/noticiasdeescobar.online\/index.php?rest_route=%2Fwp%2Fv2%2Fcategories&post=1635"},{"taxonomy":"post_tag","embeddable":true,"href":"https:\/\/noticiasdeescobar.online\/index.php?rest_route=%2Fwp%2Fv2%2Ftags&post=1635"}],"curies":[{"name":"wp","href":"https:\/\/api.w.org\/{rel}","templated":true}]}}