{"id":165,"date":"2024-12-11T21:18:13","date_gmt":"2024-12-11T21:18:13","guid":{"rendered":"https:\/\/noticiasdeescobar.online\/?p=165"},"modified":"2024-12-11T21:18:13","modified_gmt":"2024-12-11T21:18:13","slug":"cerro-definitivamente-heladeria-basso","status":"publish","type":"post","link":"https:\/\/noticiasdeescobar.online\/?p=165","title":{"rendered":"Cerr\u00f3 definitivamente Helader\u00eda Basso"},"content":{"rendered":"\n<p class=\"has-vivid-cyan-blue-color has-text-color has-link-color wp-elements-0f0f51be97ade0e8467688adecfa2c7d\"><strong><em>En 2019 hab\u00eda cerrado la sucursal de Tapia de Cruz. Y ahora es el turno del local de Rivadavia, donde funcion\u00f3 por 37 a\u00f1os. <\/em><\/strong><\/p>\n\n\n\n<!--more-->\n\n\n\n<p><\/p>\n\n\n\n<p>Fin de una era. Cerr\u00f3 la Helader\u00eda Basso que desde 1987 funcion\u00f3 en la calle Rivadavia, a metros de Spadaccini. &#8220;Hoy toca descansar y decir adi\u00f3s a toda su vida&#8221;, mencion\u00f3 su hija, quien tambi\u00e9n trabaj\u00f3 en el local, uno de los m\u00e1s reconocidos de la ciudad.<\/p>\n\n\n\n<p>La otra sucursal, la de Tapia de Cruz a metros de las v\u00edas, hab\u00eda cerrado en 2019. All\u00ed naci\u00f3 inicialmente el Cafetal, espec\u00edficamente el 30 de septiembre de 1957. Por aquel entonces, era la calle Real de Escobar, un nuevo negocio que con el paso del tiempo ser\u00eda popularmente conocido como, \u201c\u2026la helader\u00eda de \u201cCacho\u201d Basso\u2026\u201d, seg\u00fan recuerda Alfredo Melidore.<\/p>\n\n\n<div class=\"wp-block-image\">\n<figure class=\"aligncenter size-full\"><img loading=\"lazy\" decoding=\"async\" width=\"720\" height=\"515\" src=\"https:\/\/noticiasdeescobar.online\/wp-content\/uploads\/2024\/12\/43281664_2118172195102254_6622741829861244928_n.jpg\" alt=\"\" class=\"wp-image-166\" srcset=\"https:\/\/noticiasdeescobar.online\/wp-content\/uploads\/2024\/12\/43281664_2118172195102254_6622741829861244928_n.jpg 720w, https:\/\/noticiasdeescobar.online\/wp-content\/uploads\/2024\/12\/43281664_2118172195102254_6622741829861244928_n-300x215.jpg 300w\" sizes=\"auto, (max-width: 720px) 100vw, 720px\" \/><\/figure><\/div>\n\n\n<p>Pasado un a\u00f1o, su socio Aldo Bartoli dej\u00f3 el comercio y \u201cCacho\u201d continu\u00f3 con su prestigiosa helader\u00eda, donde fue agregando una variedad de gustos a los tradicionales. La elaboraci\u00f3n de helados a gran escala le permiti\u00f3 tener tambi\u00e9n un reparto de sus productos en comercios de Escobar y de pueblos vecinos.<\/p>\n\n\n<div class=\"wp-block-image\">\n<figure class=\"aligncenter size-large\"><img loading=\"lazy\" decoding=\"async\" width=\"1024\" height=\"1024\" src=\"https:\/\/noticiasdeescobar.online\/wp-content\/uploads\/2024\/12\/468717118_10229296017648876_5836998261089610503_n-1024x1024.jpg\" alt=\"\" class=\"wp-image-168\" srcset=\"https:\/\/noticiasdeescobar.online\/wp-content\/uploads\/2024\/12\/468717118_10229296017648876_5836998261089610503_n-1024x1024.jpg 1024w, https:\/\/noticiasdeescobar.online\/wp-content\/uploads\/2024\/12\/468717118_10229296017648876_5836998261089610503_n-300x300.jpg 300w, https:\/\/noticiasdeescobar.online\/wp-content\/uploads\/2024\/12\/468717118_10229296017648876_5836998261089610503_n-150x150.jpg 150w, https:\/\/noticiasdeescobar.online\/wp-content\/uploads\/2024\/12\/468717118_10229296017648876_5836998261089610503_n-768x768.jpg 768w, https:\/\/noticiasdeescobar.online\/wp-content\/uploads\/2024\/12\/468717118_10229296017648876_5836998261089610503_n.jpg 1440w\" sizes=\"auto, (max-width: 1024px) 100vw, 1024px\" \/><\/figure><\/div>\n\n\n<p>Durante m\u00e1s de cinco d\u00e9cadas, \u201cCacho\u201d Basso continu\u00f3 al frente de su reconocida helader\u00eda y luego sus hijos Gustavo y Sergio, continuaron en sendos locales, con el noble oficio heredado de su inolvidable padre.<\/p>\n\n\n\n<p>Hoy cerr\u00f3 una etapa, triste para muchos, ante el nuevo cierre de un comercio querido por toda una comunidad en diversas generaciones.<\/p>\n","protected":false},"excerpt":{"rendered":"<p>En 2019 hab\u00eda cerrado la sucursal de Tapia de Cruz. Y ahora es el turno del local de Rivadavia, donde&hellip;<\/p>\n","protected":false},"author":1,"featured_media":167,"comment_status":"open","ping_status":"open","sticky":false,"template":"","format":"standard","meta":{"_monsterinsights_skip_tracking":false,"_monsterinsights_sitenote_active":false,"_monsterinsights_sitenote_note":"","_monsterinsights_sitenote_category":0,"footnotes":""},"categories":[27],"tags":[38],"class_list":["post-165","post","type-post","status-publish","format-standard","has-post-thumbnail","hentry","category-comercios","tag-heladeria-basso"],"yoast_head":"<!-- This site is optimized with the Yoast SEO plugin v25.3.1 - https:\/\/yoast.com\/wordpress\/plugins\/seo\/ -->\n<title>Cerr\u00f3 definitivamente Helader\u00eda Basso - Noticias de Escobar<\/title>\n<meta name=\"robots\" content=\"index, follow, max-snippet:-1, max-image-preview:large, max-video-preview:-1\" \/>\n<link rel=\"canonical\" href=\"https:\/\/noticiasdeescobar.online\/?p=165\" \/>\n<meta property=\"og:locale\" content=\"es_ES\" \/>\n<meta property=\"og:type\" content=\"article\" \/>\n<meta property=\"og:title\" content=\"Cerr\u00f3 definitivamente Helader\u00eda Basso - Noticias de Escobar\" \/>\n<meta property=\"og:description\" content=\"En 2019 hab\u00eda cerrado la sucursal de Tapia de Cruz. Y ahora es el turno del local de Rivadavia, donde&hellip;\" \/>\n<meta property=\"og:url\" content=\"https:\/\/noticiasdeescobar.online\/?p=165\" \/>\n<meta property=\"og:site_name\" content=\"Noticias de Escobar\" \/>\n<meta property=\"article:published_time\" content=\"2024-12-11T21:18:13+00:00\" \/>\n<meta property=\"og:image\" content=\"https:\/\/noticiasdeescobar.online\/wp-content\/uploads\/2024\/12\/469420389_10229296017968884_7773676732230083799_n.jpg\" \/>\n\t<meta property=\"og:image:width\" content=\"1440\" \/>\n\t<meta property=\"og:image:height\" content=\"1440\" \/>\n\t<meta property=\"og:image:type\" content=\"image\/jpeg\" \/>\n<meta name=\"author\" content=\"Redacci\u00f3n\" \/>\n<meta name=\"twitter:card\" content=\"summary_large_image\" \/>\n<meta name=\"twitter:label1\" content=\"Escrito por\" \/>\n\t<meta name=\"twitter:data1\" content=\"Redacci\u00f3n\" \/>\n\t<meta name=\"twitter:label2\" content=\"Tiempo de lectura\" \/>\n\t<meta name=\"twitter:data2\" content=\"1 minuto\" \/>\n<script type=\"application\/ld+json\" class=\"yoast-schema-graph\">{\"@context\":\"https:\/\/schema.org\",\"@graph\":[{\"@type\":\"WebPage\",\"@id\":\"https:\/\/noticiasdeescobar.online\/?p=165\",\"url\":\"https:\/\/noticiasdeescobar.online\/?p=165\",\"name\":\"Cerr\u00f3 definitivamente Helader\u00eda Basso - Noticias de Escobar\",\"isPartOf\":{\"@id\":\"https:\/\/noticiasdeescobar.online\/#website\"},\"primaryImageOfPage\":{\"@id\":\"https:\/\/noticiasdeescobar.online\/?p=165#primaryimage\"},\"image\":{\"@id\":\"https:\/\/noticiasdeescobar.online\/?p=165#primaryimage\"},\"thumbnailUrl\":\"https:\/\/noticiasdeescobar.online\/wp-content\/uploads\/2024\/12\/469420389_10229296017968884_7773676732230083799_n.jpg\",\"datePublished\":\"2024-12-11T21:18:13+00:00\",\"author\":{\"@id\":\"https:\/\/noticiasdeescobar.online\/#\/schema\/person\/c80a19151f9337b50a779fe1f512ca6a\"},\"breadcrumb\":{\"@id\":\"https:\/\/noticiasdeescobar.online\/?p=165#breadcrumb\"},\"inLanguage\":\"es-AR\",\"potentialAction\":[{\"@type\":\"ReadAction\",\"target\":[\"https:\/\/noticiasdeescobar.online\/?p=165\"]}]},{\"@type\":\"ImageObject\",\"inLanguage\":\"es-AR\",\"@id\":\"https:\/\/noticiasdeescobar.online\/?p=165#primaryimage\",\"url\":\"https:\/\/noticiasdeescobar.online\/wp-content\/uploads\/2024\/12\/469420389_10229296017968884_7773676732230083799_n.jpg\",\"contentUrl\":\"https:\/\/noticiasdeescobar.online\/wp-content\/uploads\/2024\/12\/469420389_10229296017968884_7773676732230083799_n.jpg\",\"width\":1440,\"height\":1440},{\"@type\":\"BreadcrumbList\",\"@id\":\"https:\/\/noticiasdeescobar.online\/?p=165#breadcrumb\",\"itemListElement\":[{\"@type\":\"ListItem\",\"position\":1,\"name\":\"Inicio\",\"item\":\"https:\/\/noticiasdeescobar.online\/\"},{\"@type\":\"ListItem\",\"position\":2,\"name\":\"Cerr\u00f3 definitivamente Helader\u00eda Basso\"}]},{\"@type\":\"WebSite\",\"@id\":\"https:\/\/noticiasdeescobar.online\/#website\",\"url\":\"https:\/\/noticiasdeescobar.online\/\",\"name\":\"Noticias de Escobar\",\"description\":\"Noticias 24\/7\",\"potentialAction\":[{\"@type\":\"SearchAction\",\"target\":{\"@type\":\"EntryPoint\",\"urlTemplate\":\"https:\/\/noticiasdeescobar.online\/?s={search_term_string}\"},\"query-input\":{\"@type\":\"PropertyValueSpecification\",\"valueRequired\":true,\"valueName\":\"search_term_string\"}}],\"inLanguage\":\"es-AR\"},{\"@type\":\"Person\",\"@id\":\"https:\/\/noticiasdeescobar.online\/#\/schema\/person\/c80a19151f9337b50a779fe1f512ca6a\",\"name\":\"Redacci\u00f3n\",\"image\":{\"@type\":\"ImageObject\",\"inLanguage\":\"es-AR\",\"@id\":\"https:\/\/noticiasdeescobar.online\/#\/schema\/person\/image\/\",\"url\":\"https:\/\/secure.gravatar.com\/avatar\/1db77a0acc41b20b8cbce542c0459eb4?s=96&d=mm&r=g\",\"contentUrl\":\"https:\/\/secure.gravatar.com\/avatar\/1db77a0acc41b20b8cbce542c0459eb4?s=96&d=mm&r=g\",\"caption\":\"Redacci\u00f3n\"},\"sameAs\":[\"http:\/\/noticiasdeescobar.online\"],\"url\":\"https:\/\/noticiasdeescobar.online\/?author=1\"}]}<\/script>\n<!-- \/ Yoast SEO plugin. -->","yoast_head_json":{"title":"Cerr\u00f3 definitivamente Helader\u00eda Basso - Noticias de Escobar","robots":{"index":"index","follow":"follow","max-snippet":"max-snippet:-1","max-image-preview":"max-image-preview:large","max-video-preview":"max-video-preview:-1"},"canonical":"https:\/\/noticiasdeescobar.online\/?p=165","og_locale":"es_ES","og_type":"article","og_title":"Cerr\u00f3 definitivamente Helader\u00eda Basso - Noticias de Escobar","og_description":"En 2019 hab\u00eda cerrado la sucursal de Tapia de Cruz. Y ahora es el turno del local de Rivadavia, donde&hellip;","og_url":"https:\/\/noticiasdeescobar.online\/?p=165","og_site_name":"Noticias de Escobar","article_published_time":"2024-12-11T21:18:13+00:00","og_image":[{"width":1440,"height":1440,"url":"https:\/\/noticiasdeescobar.online\/wp-content\/uploads\/2024\/12\/469420389_10229296017968884_7773676732230083799_n.jpg","type":"image\/jpeg"}],"author":"Redacci\u00f3n","twitter_card":"summary_large_image","twitter_misc":{"Escrito por":"Redacci\u00f3n","Tiempo de lectura":"1 minuto"},"schema":{"@context":"https:\/\/schema.org","@graph":[{"@type":"WebPage","@id":"https:\/\/noticiasdeescobar.online\/?p=165","url":"https:\/\/noticiasdeescobar.online\/?p=165","name":"Cerr\u00f3 definitivamente Helader\u00eda Basso - Noticias de Escobar","isPartOf":{"@id":"https:\/\/noticiasdeescobar.online\/#website"},"primaryImageOfPage":{"@id":"https:\/\/noticiasdeescobar.online\/?p=165#primaryimage"},"image":{"@id":"https:\/\/noticiasdeescobar.online\/?p=165#primaryimage"},"thumbnailUrl":"https:\/\/noticiasdeescobar.online\/wp-content\/uploads\/2024\/12\/469420389_10229296017968884_7773676732230083799_n.jpg","datePublished":"2024-12-11T21:18:13+00:00","author":{"@id":"https:\/\/noticiasdeescobar.online\/#\/schema\/person\/c80a19151f9337b50a779fe1f512ca6a"},"breadcrumb":{"@id":"https:\/\/noticiasdeescobar.online\/?p=165#breadcrumb"},"inLanguage":"es-AR","potentialAction":[{"@type":"ReadAction","target":["https:\/\/noticiasdeescobar.online\/?p=165"]}]},{"@type":"ImageObject","inLanguage":"es-AR","@id":"https:\/\/noticiasdeescobar.online\/?p=165#primaryimage","url":"https:\/\/noticiasdeescobar.online\/wp-content\/uploads\/2024\/12\/469420389_10229296017968884_7773676732230083799_n.jpg","contentUrl":"https:\/\/noticiasdeescobar.online\/wp-content\/uploads\/2024\/12\/469420389_10229296017968884_7773676732230083799_n.jpg","width":1440,"height":1440},{"@type":"BreadcrumbList","@id":"https:\/\/noticiasdeescobar.online\/?p=165#breadcrumb","itemListElement":[{"@type":"ListItem","position":1,"name":"Inicio","item":"https:\/\/noticiasdeescobar.online\/"},{"@type":"ListItem","position":2,"name":"Cerr\u00f3 definitivamente Helader\u00eda Basso"}]},{"@type":"WebSite","@id":"https:\/\/noticiasdeescobar.online\/#website","url":"https:\/\/noticiasdeescobar.online\/","name":"Noticias de Escobar","description":"Noticias 24\/7","potentialAction":[{"@type":"SearchAction","target":{"@type":"EntryPoint","urlTemplate":"https:\/\/noticiasdeescobar.online\/?s={search_term_string}"},"query-input":{"@type":"PropertyValueSpecification","valueRequired":true,"valueName":"search_term_string"}}],"inLanguage":"es-AR"},{"@type":"Person","@id":"https:\/\/noticiasdeescobar.online\/#\/schema\/person\/c80a19151f9337b50a779fe1f512ca6a","name":"Redacci\u00f3n","image":{"@type":"ImageObject","inLanguage":"es-AR","@id":"https:\/\/noticiasdeescobar.online\/#\/schema\/person\/image\/","url":"https:\/\/secure.gravatar.com\/avatar\/1db77a0acc41b20b8cbce542c0459eb4?s=96&d=mm&r=g","contentUrl":"https:\/\/secure.gravatar.com\/avatar\/1db77a0acc41b20b8cbce542c0459eb4?s=96&d=mm&r=g","caption":"Redacci\u00f3n"},"sameAs":["http:\/\/noticiasdeescobar.online"],"url":"https:\/\/noticiasdeescobar.online\/?author=1"}]}},"_links":{"self":[{"href":"https:\/\/noticiasdeescobar.online\/index.php?rest_route=\/wp\/v2\/posts\/165","targetHints":{"allow":["GET"]}}],"collection":[{"href":"https:\/\/noticiasdeescobar.online\/index.php?rest_route=\/wp\/v2\/posts"}],"about":[{"href":"https:\/\/noticiasdeescobar.online\/index.php?rest_route=\/wp\/v2\/types\/post"}],"author":[{"embeddable":true,"href":"https:\/\/noticiasdeescobar.online\/index.php?rest_route=\/wp\/v2\/users\/1"}],"replies":[{"embeddable":true,"href":"https:\/\/noticiasdeescobar.online\/index.php?rest_route=%2Fwp%2Fv2%2Fcomments&post=165"}],"version-history":[{"count":1,"href":"https:\/\/noticiasdeescobar.online\/index.php?rest_route=\/wp\/v2\/posts\/165\/revisions"}],"predecessor-version":[{"id":169,"href":"https:\/\/noticiasdeescobar.online\/index.php?rest_route=\/wp\/v2\/posts\/165\/revisions\/169"}],"wp:featuredmedia":[{"embeddable":true,"href":"https:\/\/noticiasdeescobar.online\/index.php?rest_route=\/wp\/v2\/media\/167"}],"wp:attachment":[{"href":"https:\/\/noticiasdeescobar.online\/index.php?rest_route=%2Fwp%2Fv2%2Fmedia&parent=165"}],"wp:term":[{"taxonomy":"category","embeddable":true,"href":"https:\/\/noticiasdeescobar.online\/index.php?rest_route=%2Fwp%2Fv2%2Fcategories&post=165"},{"taxonomy":"post_tag","embeddable":true,"href":"https:\/\/noticiasdeescobar.online\/index.php?rest_route=%2Fwp%2Fv2%2Ftags&post=165"}],"curies":[{"name":"wp","href":"https:\/\/api.w.org\/{rel}","templated":true}]}}