{"id":1660,"date":"2025-12-03T13:20:12","date_gmt":"2025-12-03T13:20:12","guid":{"rendered":"https:\/\/noticiasdeescobar.online\/?p=1660"},"modified":"2025-12-03T13:20:13","modified_gmt":"2025-12-03T13:20:13","slug":"rodrigo-de-la-serna-filma-en-maschwitz-para-una-nueva-serie-de-netflix-sobre-anibal-gordon","status":"publish","type":"post","link":"https:\/\/noticiasdeescobar.online\/?p=1660","title":{"rendered":"Rodrigo de la Serna filma en Maschwitz para una nueva serie de Netflix sobre An\u00edbal Gordon"},"content":{"rendered":"\n<p>La tranquilidad habitual de Ingeniero Maschwitz volvi\u00f3 a convertirse en escenario de producci\u00f3n audiovisual. En los \u00faltimos d\u00edas, distintas locaciones del distrito fueron elegidas para la filmaci\u00f3n de la nueva serie de Netflix protagonizada por Rodrigo de la Serna, quien interpretar\u00e1 nada menos que a An\u00edbal Gordon, uno de los personajes m\u00e1s controvertidos de la d\u00e9cada del \u201970 en la Argentina.<\/p>\n\n\n\n<!--more-->\n\n\n\n<p>La presencia del reconocido actor en Maschwitz no sorprende a los vecinos: De la Serna vive desde hace a\u00f1os en la zona l\u00edmite entre Bel\u00e9n de Escobar e Ingeniero Maschwitz y suele v\u00e9rselo realizando sus compras, paseando o simplemente disfrutando de la vida cotidiana del barrio. Su v\u00ednculo con la localidad es tan estrecho que incluso fue uno de los impulsores del Cine Gloria, el espacio cultural que logr\u00f3 reabrir sus puertas tras un gran esfuerzo comunitario y que se encuentra a pocas cuadras de una de las locaciones donde actualmente se est\u00e1 grabando la serie.<\/p>\n\n\n<div class=\"wp-block-image\">\n<figure class=\"aligncenter size-large\"><img loading=\"lazy\" decoding=\"async\" width=\"1024\" height=\"793\" src=\"https:\/\/noticiasdeescobar.online\/wp-content\/uploads\/2025\/12\/591631568_1177571534350043_8230702542398015824_n-e1764767928970-1024x793.jpg\" alt=\"\" class=\"wp-image-1661\" srcset=\"https:\/\/noticiasdeescobar.online\/wp-content\/uploads\/2025\/12\/591631568_1177571534350043_8230702542398015824_n-e1764767928970-1024x793.jpg 1024w, https:\/\/noticiasdeescobar.online\/wp-content\/uploads\/2025\/12\/591631568_1177571534350043_8230702542398015824_n-e1764767928970-300x232.jpg 300w, https:\/\/noticiasdeescobar.online\/wp-content\/uploads\/2025\/12\/591631568_1177571534350043_8230702542398015824_n-e1764767928970-768x595.jpg 768w, https:\/\/noticiasdeescobar.online\/wp-content\/uploads\/2025\/12\/591631568_1177571534350043_8230702542398015824_n-e1764767928970.jpg 1536w\" sizes=\"auto, (max-width: 1024px) 100vw, 1024px\" \/><figcaption class=\"wp-element-caption\">Equipos t\u00e9cnicos estacionados en los alrededores de la estaci\u00f3n.<\/figcaption><\/figure><\/div>\n\n\n<p>La producci\u00f3n \u2014dirigida por Pablo Trapero y Pablo Fendrick\u2014 est\u00e1 basada en la novela <em>Gordon<\/em> y recrear\u00e1 el clima de violencia pol\u00edtica, operaciones clandestinas y entramados de poder que marcaron la d\u00e9cada del \u201970 en la Argentina. Si bien el rodaje se realiza en diversos puntos del pa\u00eds, Maschwitz se convirti\u00f3 en uno de los epicentros debido a sus calles arboladas, construcciones hist\u00f3ricas y espacios que permiten recrear escenarios de \u00e9poca con gran realismo.<\/p>\n\n\n\n<p>Durante la semana, el movimiento de camiones t\u00e9cnicos, equipos de iluminaci\u00f3n y personal de producci\u00f3n llam\u00f3 la atenci\u00f3n de vecinos y comerciantes, que observaron con curiosidad el montaje de distintas escenas. Seg\u00fan trascendi\u00f3, varias secuencias clave se grabaron en zonas del casco urbano y en locaciones reservadas especialmente por el equipo de direcci\u00f3n.<\/p>\n\n\n<div class=\"wp-block-image\">\n<figure class=\"aligncenter size-large\"><img loading=\"lazy\" decoding=\"async\" width=\"1024\" height=\"721\" src=\"https:\/\/noticiasdeescobar.online\/wp-content\/uploads\/2025\/12\/592957231_1177571484350048_4777180362183820018_n-e1764767971559-1024x721.jpg\" alt=\"\" class=\"wp-image-1663\" srcset=\"https:\/\/noticiasdeescobar.online\/wp-content\/uploads\/2025\/12\/592957231_1177571484350048_4777180362183820018_n-e1764767971559-1024x721.jpg 1024w, https:\/\/noticiasdeescobar.online\/wp-content\/uploads\/2025\/12\/592957231_1177571484350048_4777180362183820018_n-e1764767971559-300x211.jpg 300w, https:\/\/noticiasdeescobar.online\/wp-content\/uploads\/2025\/12\/592957231_1177571484350048_4777180362183820018_n-e1764767971559-768x541.jpg 768w, https:\/\/noticiasdeescobar.online\/wp-content\/uploads\/2025\/12\/592957231_1177571484350048_4777180362183820018_n-e1764767971559.jpg 1536w\" sizes=\"auto, (max-width: 1024px) 100vw, 1024px\" \/><\/figure><\/div>\n\n\n<p>El desembarco de una producci\u00f3n de este nivel no es un hecho menor para el distrito: adem\u00e1s de la presencia de De la Serna \u2014uno de los actores argentinos m\u00e1s prestigiosos del momento\u2014, la serie re\u00fane a un s\u00f3lido equipo t\u00e9cnico con experiencia en proyectos internacionales. Para Maschwitz, esto refuerza su consolidaci\u00f3n como polo atractivo para la industria audiovisual, que en los \u00faltimos a\u00f1os ha elegido con frecuencia al partido de Escobar para rodajes de cine, televisi\u00f3n y plataformas de streaming.<\/p>\n\n\n\n<p>Si bien la fecha de estreno en Netflix a\u00fan no fue confirmada, se espera que la serie pueda verse una vez completado el intenso calendario de grabaci\u00f3n. Mientras tanto, Maschwitz sigue sumando protagonismo como escenario real de una ficci\u00f3n que vuelve a poner en primer plano uno de los cap\u00edtulos m\u00e1s oscuros de la historia argentina.<\/p>\n","protected":false},"excerpt":{"rendered":"<p>La tranquilidad habitual de Ingeniero Maschwitz volvi\u00f3 a convertirse en escenario de producci\u00f3n audiovisual. En los \u00faltimos d\u00edas, distintas locaciones&hellip;<\/p>\n","protected":false},"author":1,"featured_media":1664,"comment_status":"open","ping_status":"open","sticky":false,"template":"","format":"standard","meta":{"_monsterinsights_skip_tracking":false,"_monsterinsights_sitenote_active":false,"_monsterinsights_sitenote_note":"","_monsterinsights_sitenote_category":0,"footnotes":""},"categories":[6],"tags":[247,61,249,246],"class_list":["post-1660","post","type-post","status-publish","format-standard","has-post-thumbnail","hentry","category-interes-general","tag-grabacion","tag-ingeniero-maschwitz","tag-netflix","tag-rodrigo-de-la-serna"],"yoast_head":"<!-- This site is optimized with the Yoast SEO plugin v25.3.1 - https:\/\/yoast.com\/wordpress\/plugins\/seo\/ -->\n<title>Rodrigo de la Serna filma en Maschwitz para una nueva serie de Netflix sobre An\u00edbal Gordon - Noticias de Escobar<\/title>\n<meta name=\"description\" content=\"En los \u00faltimos d\u00edas, distintas locaciones del distrito fueron elegidas para la filmaci\u00f3n de la nueva serie de Netflix protagonizada por Rodrigo de la Serna, quien interpretar\u00e1 nada menos que a An\u00edbal Gordon, uno de los personajes m\u00e1s controvertidos de la d\u00e9cada del \u201970 en la Argentina.\" \/>\n<meta name=\"robots\" content=\"index, follow, max-snippet:-1, max-image-preview:large, max-video-preview:-1\" \/>\n<link rel=\"canonical\" href=\"https:\/\/noticiasdeescobar.online\/?p=1660\" \/>\n<meta property=\"og:locale\" content=\"es_ES\" \/>\n<meta property=\"og:type\" content=\"article\" \/>\n<meta property=\"og:title\" content=\"Rodrigo de la Serna filma en Maschwitz para una nueva serie de Netflix sobre An\u00edbal Gordon\" \/>\n<meta property=\"og:description\" content=\"En los \u00faltimos d\u00edas, distintas locaciones del distrito fueron elegidas para la filmaci\u00f3n de la nueva serie de Netflix protagonizada por Rodrigo de la Serna, quien interpretar\u00e1 nada menos que a An\u00edbal Gordon, uno de los personajes m\u00e1s controvertidos de la d\u00e9cada del \u201970 en la Argentina.\" \/>\n<meta property=\"og:url\" content=\"https:\/\/noticiasdeescobar.online\/?p=1660\" \/>\n<meta property=\"og:site_name\" content=\"Noticias de Escobar\" \/>\n<meta property=\"article:published_time\" content=\"2025-12-03T13:20:12+00:00\" \/>\n<meta property=\"article:modified_time\" content=\"2025-12-03T13:20:13+00:00\" \/>\n<meta property=\"og:image\" content=\"https:\/\/noticiasdeescobar.online\/wp-content\/uploads\/2025\/12\/594128614_1177571437683386_3307319130377599009_n-e1764767897356.jpg\" \/>\n\t<meta property=\"og:image:width\" content=\"1536\" \/>\n\t<meta property=\"og:image:height\" content=\"1398\" \/>\n\t<meta property=\"og:image:type\" content=\"image\/jpeg\" \/>\n<meta name=\"author\" content=\"Redacci\u00f3n\" \/>\n<meta name=\"twitter:card\" content=\"summary_large_image\" \/>\n<meta name=\"twitter:label1\" content=\"Escrito por\" \/>\n\t<meta name=\"twitter:data1\" content=\"Redacci\u00f3n\" \/>\n\t<meta name=\"twitter:label2\" content=\"Tiempo de lectura\" \/>\n\t<meta name=\"twitter:data2\" content=\"3 minutos\" \/>\n<script type=\"application\/ld+json\" class=\"yoast-schema-graph\">{\"@context\":\"https:\/\/schema.org\",\"@graph\":[{\"@type\":\"WebPage\",\"@id\":\"https:\/\/noticiasdeescobar.online\/?p=1660\",\"url\":\"https:\/\/noticiasdeescobar.online\/?p=1660\",\"name\":\"Rodrigo de la Serna filma en Maschwitz para una nueva serie de Netflix sobre An\u00edbal Gordon - Noticias de Escobar\",\"isPartOf\":{\"@id\":\"https:\/\/noticiasdeescobar.online\/#website\"},\"primaryImageOfPage\":{\"@id\":\"https:\/\/noticiasdeescobar.online\/?p=1660#primaryimage\"},\"image\":{\"@id\":\"https:\/\/noticiasdeescobar.online\/?p=1660#primaryimage\"},\"thumbnailUrl\":\"https:\/\/noticiasdeescobar.online\/wp-content\/uploads\/2025\/12\/594128614_1177571437683386_3307319130377599009_n-e1764767897356.jpg\",\"datePublished\":\"2025-12-03T13:20:12+00:00\",\"dateModified\":\"2025-12-03T13:20:13+00:00\",\"author\":{\"@id\":\"https:\/\/noticiasdeescobar.online\/#\/schema\/person\/c80a19151f9337b50a779fe1f512ca6a\"},\"description\":\"En los \u00faltimos d\u00edas, distintas locaciones del distrito fueron elegidas para la filmaci\u00f3n de la nueva serie de Netflix protagonizada por Rodrigo de la Serna, quien interpretar\u00e1 nada menos que a An\u00edbal Gordon, uno de los personajes m\u00e1s controvertidos de la d\u00e9cada del \u201970 en la Argentina.\",\"breadcrumb\":{\"@id\":\"https:\/\/noticiasdeescobar.online\/?p=1660#breadcrumb\"},\"inLanguage\":\"es-AR\",\"potentialAction\":[{\"@type\":\"ReadAction\",\"target\":[\"https:\/\/noticiasdeescobar.online\/?p=1660\"]}]},{\"@type\":\"ImageObject\",\"inLanguage\":\"es-AR\",\"@id\":\"https:\/\/noticiasdeescobar.online\/?p=1660#primaryimage\",\"url\":\"https:\/\/noticiasdeescobar.online\/wp-content\/uploads\/2025\/12\/594128614_1177571437683386_3307319130377599009_n-e1764767897356.jpg\",\"contentUrl\":\"https:\/\/noticiasdeescobar.online\/wp-content\/uploads\/2025\/12\/594128614_1177571437683386_3307319130377599009_n-e1764767897356.jpg\",\"width\":1536,\"height\":1398},{\"@type\":\"BreadcrumbList\",\"@id\":\"https:\/\/noticiasdeescobar.online\/?p=1660#breadcrumb\",\"itemListElement\":[{\"@type\":\"ListItem\",\"position\":1,\"name\":\"Inicio\",\"item\":\"https:\/\/noticiasdeescobar.online\/\"},{\"@type\":\"ListItem\",\"position\":2,\"name\":\"Rodrigo de la Serna filma en Maschwitz para una nueva serie de Netflix sobre An\u00edbal Gordon\"}]},{\"@type\":\"WebSite\",\"@id\":\"https:\/\/noticiasdeescobar.online\/#website\",\"url\":\"https:\/\/noticiasdeescobar.online\/\",\"name\":\"Noticias de Escobar\",\"description\":\"Noticias 24\/7\",\"potentialAction\":[{\"@type\":\"SearchAction\",\"target\":{\"@type\":\"EntryPoint\",\"urlTemplate\":\"https:\/\/noticiasdeescobar.online\/?s={search_term_string}\"},\"query-input\":{\"@type\":\"PropertyValueSpecification\",\"valueRequired\":true,\"valueName\":\"search_term_string\"}}],\"inLanguage\":\"es-AR\"},{\"@type\":\"Person\",\"@id\":\"https:\/\/noticiasdeescobar.online\/#\/schema\/person\/c80a19151f9337b50a779fe1f512ca6a\",\"name\":\"Redacci\u00f3n\",\"image\":{\"@type\":\"ImageObject\",\"inLanguage\":\"es-AR\",\"@id\":\"https:\/\/noticiasdeescobar.online\/#\/schema\/person\/image\/\",\"url\":\"https:\/\/secure.gravatar.com\/avatar\/1db77a0acc41b20b8cbce542c0459eb4?s=96&d=mm&r=g\",\"contentUrl\":\"https:\/\/secure.gravatar.com\/avatar\/1db77a0acc41b20b8cbce542c0459eb4?s=96&d=mm&r=g\",\"caption\":\"Redacci\u00f3n\"},\"sameAs\":[\"http:\/\/noticiasdeescobar.online\"],\"url\":\"https:\/\/noticiasdeescobar.online\/?author=1\"}]}<\/script>\n<!-- \/ Yoast SEO plugin. -->","yoast_head_json":{"title":"Rodrigo de la Serna filma en Maschwitz para una nueva serie de Netflix sobre An\u00edbal Gordon - Noticias de Escobar","description":"En los \u00faltimos d\u00edas, distintas locaciones del distrito fueron elegidas para la filmaci\u00f3n de la nueva serie de Netflix protagonizada por Rodrigo de la Serna, quien interpretar\u00e1 nada menos que a An\u00edbal Gordon, uno de los personajes m\u00e1s controvertidos de la d\u00e9cada del \u201970 en la Argentina.","robots":{"index":"index","follow":"follow","max-snippet":"max-snippet:-1","max-image-preview":"max-image-preview:large","max-video-preview":"max-video-preview:-1"},"canonical":"https:\/\/noticiasdeescobar.online\/?p=1660","og_locale":"es_ES","og_type":"article","og_title":"Rodrigo de la Serna filma en Maschwitz para una nueva serie de Netflix sobre An\u00edbal Gordon","og_description":"En los \u00faltimos d\u00edas, distintas locaciones del distrito fueron elegidas para la filmaci\u00f3n de la nueva serie de Netflix protagonizada por Rodrigo de la Serna, quien interpretar\u00e1 nada menos que a An\u00edbal Gordon, uno de los personajes m\u00e1s controvertidos de la d\u00e9cada del \u201970 en la Argentina.","og_url":"https:\/\/noticiasdeescobar.online\/?p=1660","og_site_name":"Noticias de Escobar","article_published_time":"2025-12-03T13:20:12+00:00","article_modified_time":"2025-12-03T13:20:13+00:00","og_image":[{"width":1536,"height":1398,"url":"https:\/\/noticiasdeescobar.online\/wp-content\/uploads\/2025\/12\/594128614_1177571437683386_3307319130377599009_n-e1764767897356.jpg","type":"image\/jpeg"}],"author":"Redacci\u00f3n","twitter_card":"summary_large_image","twitter_misc":{"Escrito por":"Redacci\u00f3n","Tiempo de lectura":"3 minutos"},"schema":{"@context":"https:\/\/schema.org","@graph":[{"@type":"WebPage","@id":"https:\/\/noticiasdeescobar.online\/?p=1660","url":"https:\/\/noticiasdeescobar.online\/?p=1660","name":"Rodrigo de la Serna filma en Maschwitz para una nueva serie de Netflix sobre An\u00edbal Gordon - Noticias de Escobar","isPartOf":{"@id":"https:\/\/noticiasdeescobar.online\/#website"},"primaryImageOfPage":{"@id":"https:\/\/noticiasdeescobar.online\/?p=1660#primaryimage"},"image":{"@id":"https:\/\/noticiasdeescobar.online\/?p=1660#primaryimage"},"thumbnailUrl":"https:\/\/noticiasdeescobar.online\/wp-content\/uploads\/2025\/12\/594128614_1177571437683386_3307319130377599009_n-e1764767897356.jpg","datePublished":"2025-12-03T13:20:12+00:00","dateModified":"2025-12-03T13:20:13+00:00","author":{"@id":"https:\/\/noticiasdeescobar.online\/#\/schema\/person\/c80a19151f9337b50a779fe1f512ca6a"},"description":"En los \u00faltimos d\u00edas, distintas locaciones del distrito fueron elegidas para la filmaci\u00f3n de la nueva serie de Netflix protagonizada por Rodrigo de la Serna, quien interpretar\u00e1 nada menos que a An\u00edbal Gordon, uno de los personajes m\u00e1s controvertidos de la d\u00e9cada del \u201970 en la Argentina.","breadcrumb":{"@id":"https:\/\/noticiasdeescobar.online\/?p=1660#breadcrumb"},"inLanguage":"es-AR","potentialAction":[{"@type":"ReadAction","target":["https:\/\/noticiasdeescobar.online\/?p=1660"]}]},{"@type":"ImageObject","inLanguage":"es-AR","@id":"https:\/\/noticiasdeescobar.online\/?p=1660#primaryimage","url":"https:\/\/noticiasdeescobar.online\/wp-content\/uploads\/2025\/12\/594128614_1177571437683386_3307319130377599009_n-e1764767897356.jpg","contentUrl":"https:\/\/noticiasdeescobar.online\/wp-content\/uploads\/2025\/12\/594128614_1177571437683386_3307319130377599009_n-e1764767897356.jpg","width":1536,"height":1398},{"@type":"BreadcrumbList","@id":"https:\/\/noticiasdeescobar.online\/?p=1660#breadcrumb","itemListElement":[{"@type":"ListItem","position":1,"name":"Inicio","item":"https:\/\/noticiasdeescobar.online\/"},{"@type":"ListItem","position":2,"name":"Rodrigo de la Serna filma en Maschwitz para una nueva serie de Netflix sobre An\u00edbal Gordon"}]},{"@type":"WebSite","@id":"https:\/\/noticiasdeescobar.online\/#website","url":"https:\/\/noticiasdeescobar.online\/","name":"Noticias de Escobar","description":"Noticias 24\/7","potentialAction":[{"@type":"SearchAction","target":{"@type":"EntryPoint","urlTemplate":"https:\/\/noticiasdeescobar.online\/?s={search_term_string}"},"query-input":{"@type":"PropertyValueSpecification","valueRequired":true,"valueName":"search_term_string"}}],"inLanguage":"es-AR"},{"@type":"Person","@id":"https:\/\/noticiasdeescobar.online\/#\/schema\/person\/c80a19151f9337b50a779fe1f512ca6a","name":"Redacci\u00f3n","image":{"@type":"ImageObject","inLanguage":"es-AR","@id":"https:\/\/noticiasdeescobar.online\/#\/schema\/person\/image\/","url":"https:\/\/secure.gravatar.com\/avatar\/1db77a0acc41b20b8cbce542c0459eb4?s=96&d=mm&r=g","contentUrl":"https:\/\/secure.gravatar.com\/avatar\/1db77a0acc41b20b8cbce542c0459eb4?s=96&d=mm&r=g","caption":"Redacci\u00f3n"},"sameAs":["http:\/\/noticiasdeescobar.online"],"url":"https:\/\/noticiasdeescobar.online\/?author=1"}]}},"_links":{"self":[{"href":"https:\/\/noticiasdeescobar.online\/index.php?rest_route=\/wp\/v2\/posts\/1660","targetHints":{"allow":["GET"]}}],"collection":[{"href":"https:\/\/noticiasdeescobar.online\/index.php?rest_route=\/wp\/v2\/posts"}],"about":[{"href":"https:\/\/noticiasdeescobar.online\/index.php?rest_route=\/wp\/v2\/types\/post"}],"author":[{"embeddable":true,"href":"https:\/\/noticiasdeescobar.online\/index.php?rest_route=\/wp\/v2\/users\/1"}],"replies":[{"embeddable":true,"href":"https:\/\/noticiasdeescobar.online\/index.php?rest_route=%2Fwp%2Fv2%2Fcomments&post=1660"}],"version-history":[{"count":1,"href":"https:\/\/noticiasdeescobar.online\/index.php?rest_route=\/wp\/v2\/posts\/1660\/revisions"}],"predecessor-version":[{"id":1665,"href":"https:\/\/noticiasdeescobar.online\/index.php?rest_route=\/wp\/v2\/posts\/1660\/revisions\/1665"}],"wp:featuredmedia":[{"embeddable":true,"href":"https:\/\/noticiasdeescobar.online\/index.php?rest_route=\/wp\/v2\/media\/1664"}],"wp:attachment":[{"href":"https:\/\/noticiasdeescobar.online\/index.php?rest_route=%2Fwp%2Fv2%2Fmedia&parent=1660"}],"wp:term":[{"taxonomy":"category","embeddable":true,"href":"https:\/\/noticiasdeescobar.online\/index.php?rest_route=%2Fwp%2Fv2%2Fcategories&post=1660"},{"taxonomy":"post_tag","embeddable":true,"href":"https:\/\/noticiasdeescobar.online\/index.php?rest_route=%2Fwp%2Fv2%2Ftags&post=1660"}],"curies":[{"name":"wp","href":"https:\/\/api.w.org\/{rel}","templated":true}]}}