{"id":1673,"date":"2025-12-10T12:44:41","date_gmt":"2025-12-10T12:44:41","guid":{"rendered":"https:\/\/noticiasdeescobar.online\/?p=1673"},"modified":"2025-12-10T16:54:53","modified_gmt":"2025-12-10T16:54:53","slug":"malba-puertos-y-fundacion-medife-presentan-el-ciclo-de-verano-cine-mudo-musica-en-vivo","status":"publish","type":"post","link":"https:\/\/noticiasdeescobar.online\/?p=1673","title":{"rendered":"Malba Puertos y Fundaci\u00f3n Medif\u00e9 presentan el Ciclo de Verano Cine Mudo + M\u00fasica en Vivo"},"content":{"rendered":"\n<p class=\"has-vivid-red-color has-text-color has-link-color wp-elements-2e0f84d975b2622a113d61ae07ee606e\"><em><strong>Durante el verano Malba Puertos y Fundaci\u00f3n Medif\u00e9 invitan a tres nuevos encuentros gratuitos al aire libre y para toda la familia con films indispensables del per\u00edodo acompa\u00f1ados por m\u00fasica en vivo.<\/strong><\/em><\/p>\n\n\n\n<!--more-->\n\n\n\n<p><\/p>\n\n\n\n<p>Malba Puertos y Fundaci\u00f3n Medif\u00e9 presentan el Ciclo de Verano Cine Mudo + M\u00fasica en Vivo, una propuesta que, por segundo a\u00f1o, invita a participar de tres nuevos encuentros al aire libre con films indispensables del per\u00edodo mudo de la historia del cine, acompa\u00f1ados por musicalizaci\u00f3n en vivo.<\/p>\n\n\n\n<p>El ciclo ofrece una curadur\u00eda de obras maestras de la historia del cine y propone una experiencia accesible para todo p\u00fablico que recupera t\u00edtulos fundamentales del per\u00edodo y de cineastas vanguardistas que perduran hasta el d\u00eda de hoy.<\/p>\n\n\n\n<p>La programaci\u00f3n \u2014gratuita y concebida para disfrutar en familia\u2014 se organiza en torno a dos ejes tem\u00e1ticos: humor y terror. Cl\u00e1sicos de Buster Keaton, Friedrich Murnau y Charles Chaplin ser\u00e1n musicalizados en vivo por Marcelo Moguilevsky &amp; C\u00e9sar Lerner, Leo Sujatovich junto al d\u00fao Kapai y Marcelo Katz con Carolina Flechner respectivamente.<\/p>\n\n\n\n<p>En palabras de Eleonora Jaureguiberry, Coordinadora general de Malba Puertos: \u201cEste ciclo se convirti\u00f3 en un cl\u00e1sico instant\u00e1neo. Mucha gente est\u00e1 esperando su nueva edici\u00f3n. Como todo lo que hace Malba Puertos, apuntamos a audiencias de todas las edades y de todos los niveles de acercamiento al arte, ofreciendo calidad y profundidad&#8221;.<\/p>\n\n\n\n<p>Daniela Gutierrez, Presidenta de Fundaci\u00f3n Medif\u00e9, agrega: \u201cDestacados artistas nacionales musicalizar\u00e1n en vivo y en un entorno natural, a los grandes cl\u00e1sicos del cine mudo universal. Para Fundaci\u00f3n Medif\u00e9, es un orgullo continuar acompa\u00f1ando esta experiencia sensorial tan particular que promueve el cruce de disciplinas art\u00edsticas, propone fusionar audiencias y destaca la importancia de la cultura para el bienestar\u201d.<\/p>\n\n\n\n<p><strong>Programaci\u00f3n<\/strong><\/p>\n\n\n\n<p><strong>S\u00e1bado 13 de diciembre 20:00<\/strong><\/p>\n\n\n\n<p>Sherlock Jr.<\/p>\n\n\n\n<p>(Estados Unidos, 1924), de Buster Keaton.<\/p>\n\n\n\n<p>Musicalizado en vivo por Marcelo Moguilevsky (voz, vientos, loops) &amp; C\u00e9sar Lerner (piano, acorde\u00f3n, percusi\u00f3n, electr\u00f3nica)<\/p>\n\n\n<div class=\"wp-block-image\">\n<figure class=\"aligncenter size-large\"><img loading=\"lazy\" decoding=\"async\" width=\"1024\" height=\"683\" src=\"https:\/\/noticiasdeescobar.online\/wp-content\/uploads\/2025\/12\/DSC_9627.CINEMUDO-MUSICA-EN-VIVO-MALBA-PUERTOS-MEDIFE-Foto-Carlos-Furman-1024x683.jpg\" alt=\"\" class=\"wp-image-1676\" srcset=\"https:\/\/noticiasdeescobar.online\/wp-content\/uploads\/2025\/12\/DSC_9627.CINEMUDO-MUSICA-EN-VIVO-MALBA-PUERTOS-MEDIFE-Foto-Carlos-Furman-1024x683.jpg 1024w, https:\/\/noticiasdeescobar.online\/wp-content\/uploads\/2025\/12\/DSC_9627.CINEMUDO-MUSICA-EN-VIVO-MALBA-PUERTOS-MEDIFE-Foto-Carlos-Furman-300x200.jpg 300w, https:\/\/noticiasdeescobar.online\/wp-content\/uploads\/2025\/12\/DSC_9627.CINEMUDO-MUSICA-EN-VIVO-MALBA-PUERTOS-MEDIFE-Foto-Carlos-Furman-768x512.jpg 768w, https:\/\/noticiasdeescobar.online\/wp-content\/uploads\/2025\/12\/DSC_9627.CINEMUDO-MUSICA-EN-VIVO-MALBA-PUERTOS-MEDIFE-Foto-Carlos-Furman-1536x1024.jpg 1536w, https:\/\/noticiasdeescobar.online\/wp-content\/uploads\/2025\/12\/DSC_9627.CINEMUDO-MUSICA-EN-VIVO-MALBA-PUERTOS-MEDIFE-Foto-Carlos-Furman-2048x1365.jpg 2048w\" sizes=\"auto, (max-width: 1024px) 100vw, 1024px\" \/><\/figure><\/div>\n\n\n<p><strong>S\u00e1bado 17 de enero 20:00<\/strong><\/p>\n\n\n\n<p>Nosferatu<\/p>\n\n\n\n<p>(Alemania, 1922), de F.W. Murnau.<\/p>\n\n\n\n<p>Musicalizado en vivo por Leo Sujatovich + Kapai d\u00fao integrado por los cellistas Karmen Rencsar y Pablo de Nucci.<\/p>\n\n\n\n<p><strong>S\u00e1bado 21 de febrero 20:00<\/strong><\/p>\n\n\n\n<p>La quimera del oro<\/p>\n\n\n\n<p>(Estados Unidos, 1925), de Charles Chaplin.<\/p>\n\n\n\n<p>Musicalizado en vivo por Marcelo Pablo Katz + Carolina Flechner en bater\u00eda.<\/p>\n\n\n\n<p>*Si llueve, se reprograma para el d\u00eda siguiente, mismo horario <strong>La entrada es libre y gratuita. No requiere inscripci\u00f3n previa<\/strong><\/p>\n","protected":false},"excerpt":{"rendered":"<p>Durante el verano Malba Puertos y Fundaci\u00f3n Medif\u00e9 invitan a tres nuevos encuentros gratuitos al aire libre y para toda&hellip;<\/p>\n","protected":false},"author":1,"featured_media":1675,"comment_status":"open","ping_status":"open","sticky":false,"template":"","format":"standard","meta":{"_monsterinsights_skip_tracking":false,"_monsterinsights_sitenote_active":false,"_monsterinsights_sitenote_note":"","_monsterinsights_sitenote_category":0,"footnotes":""},"categories":[75],"tags":[250],"class_list":["post-1673","post","type-post","status-publish","format-standard","has-post-thumbnail","hentry","category-cultura","tag-malba-puertos-y-fundacion-medife-presentan-el-ciclo-de-verano-cine-mudo-musica-en-vivo"],"yoast_head":"<!-- This site is optimized with the Yoast SEO plugin v25.3.1 - https:\/\/yoast.com\/wordpress\/plugins\/seo\/ -->\n<title>Malba Puertos y Fundaci\u00f3n Medif\u00e9 presentan el Ciclo de Verano Cine Mudo + M\u00fasica en Vivo - Noticias de Escobar<\/title>\n<meta name=\"description\" content=\"Durante el verano Malba Puertos y Fundaci\u00f3n Medif\u00e9 invitan a tres nuevos encuentros gratuitos al aire libre y para toda la familia con films indispensables del per\u00edodo acompa\u00f1ados por m\u00fasica en vivo.\" \/>\n<meta name=\"robots\" content=\"index, follow, max-snippet:-1, max-image-preview:large, max-video-preview:-1\" \/>\n<link rel=\"canonical\" href=\"https:\/\/noticiasdeescobar.online\/?p=1673\" \/>\n<meta property=\"og:locale\" content=\"es_ES\" \/>\n<meta property=\"og:type\" content=\"article\" \/>\n<meta property=\"og:title\" content=\"Malba Puertos y Fundaci\u00f3n Medif\u00e9 presentan el Ciclo de Verano Cine Mudo + M\u00fasica en Vivo\" \/>\n<meta property=\"og:description\" content=\"Durante el verano Malba Puertos y Fundaci\u00f3n Medif\u00e9 invitan a tres nuevos encuentros gratuitos al aire libre y para toda la familia con films indispensables del per\u00edodo acompa\u00f1ados por m\u00fasica en vivo.\" \/>\n<meta property=\"og:url\" content=\"https:\/\/noticiasdeescobar.online\/?p=1673\" \/>\n<meta property=\"og:site_name\" content=\"Noticias de Escobar\" \/>\n<meta property=\"article:published_time\" content=\"2025-12-10T12:44:41+00:00\" \/>\n<meta property=\"article:modified_time\" content=\"2025-12-10T16:54:53+00:00\" \/>\n<meta property=\"og:image\" content=\"https:\/\/noticiasdeescobar.online\/wp-content\/uploads\/2025\/12\/DSC_9627.CINEMUDO-MUSICA-EN-VIVO-MALBA-PUERTOS-MEDIFE-Foto-Carlos-Furman.jpg\" \/>\n\t<meta property=\"og:image:width\" content=\"2250\" \/>\n\t<meta property=\"og:image:height\" content=\"1500\" \/>\n\t<meta property=\"og:image:type\" content=\"image\/jpeg\" \/>\n<meta name=\"author\" content=\"Redacci\u00f3n\" \/>\n<meta name=\"twitter:card\" content=\"summary_large_image\" \/>\n<meta name=\"twitter:label1\" content=\"Escrito por\" \/>\n\t<meta name=\"twitter:data1\" content=\"Redacci\u00f3n\" \/>\n\t<meta name=\"twitter:label2\" content=\"Tiempo de lectura\" \/>\n\t<meta name=\"twitter:data2\" content=\"3 minutos\" \/>\n<script type=\"application\/ld+json\" class=\"yoast-schema-graph\">{\"@context\":\"https:\/\/schema.org\",\"@graph\":[{\"@type\":\"WebPage\",\"@id\":\"https:\/\/noticiasdeescobar.online\/?p=1673\",\"url\":\"https:\/\/noticiasdeescobar.online\/?p=1673\",\"name\":\"Malba Puertos y Fundaci\u00f3n Medif\u00e9 presentan el Ciclo de Verano Cine Mudo + M\u00fasica en Vivo - Noticias de Escobar\",\"isPartOf\":{\"@id\":\"https:\/\/noticiasdeescobar.online\/#website\"},\"primaryImageOfPage\":{\"@id\":\"https:\/\/noticiasdeescobar.online\/?p=1673#primaryimage\"},\"image\":{\"@id\":\"https:\/\/noticiasdeescobar.online\/?p=1673#primaryimage\"},\"thumbnailUrl\":\"https:\/\/noticiasdeescobar.online\/wp-content\/uploads\/2025\/12\/DSC_0437.CINEMUDO-MUSICA-EN-VIVO-MALBA-PUERTOS-MEDIFE-Chaplin-Lerner-Mogui-Foto-Carlos-Furman-1.jpg\",\"datePublished\":\"2025-12-10T12:44:41+00:00\",\"dateModified\":\"2025-12-10T16:54:53+00:00\",\"author\":{\"@id\":\"https:\/\/noticiasdeescobar.online\/#\/schema\/person\/c80a19151f9337b50a779fe1f512ca6a\"},\"description\":\"Durante el verano Malba Puertos y Fundaci\u00f3n Medif\u00e9 invitan a tres nuevos encuentros gratuitos al aire libre y para toda la familia con films indispensables del per\u00edodo acompa\u00f1ados por m\u00fasica en vivo.\",\"breadcrumb\":{\"@id\":\"https:\/\/noticiasdeescobar.online\/?p=1673#breadcrumb\"},\"inLanguage\":\"es-AR\",\"potentialAction\":[{\"@type\":\"ReadAction\",\"target\":[\"https:\/\/noticiasdeescobar.online\/?p=1673\"]}]},{\"@type\":\"ImageObject\",\"inLanguage\":\"es-AR\",\"@id\":\"https:\/\/noticiasdeescobar.online\/?p=1673#primaryimage\",\"url\":\"https:\/\/noticiasdeescobar.online\/wp-content\/uploads\/2025\/12\/DSC_0437.CINEMUDO-MUSICA-EN-VIVO-MALBA-PUERTOS-MEDIFE-Chaplin-Lerner-Mogui-Foto-Carlos-Furman-1.jpg\",\"contentUrl\":\"https:\/\/noticiasdeescobar.online\/wp-content\/uploads\/2025\/12\/DSC_0437.CINEMUDO-MUSICA-EN-VIVO-MALBA-PUERTOS-MEDIFE-Chaplin-Lerner-Mogui-Foto-Carlos-Furman-1.jpg\",\"width\":2250,\"height\":1750},{\"@type\":\"BreadcrumbList\",\"@id\":\"https:\/\/noticiasdeescobar.online\/?p=1673#breadcrumb\",\"itemListElement\":[{\"@type\":\"ListItem\",\"position\":1,\"name\":\"Inicio\",\"item\":\"https:\/\/noticiasdeescobar.online\/\"},{\"@type\":\"ListItem\",\"position\":2,\"name\":\"Malba Puertos y Fundaci\u00f3n Medif\u00e9 presentan el Ciclo de Verano Cine Mudo + M\u00fasica en Vivo\"}]},{\"@type\":\"WebSite\",\"@id\":\"https:\/\/noticiasdeescobar.online\/#website\",\"url\":\"https:\/\/noticiasdeescobar.online\/\",\"name\":\"Noticias de Escobar\",\"description\":\"Noticias 24\/7\",\"potentialAction\":[{\"@type\":\"SearchAction\",\"target\":{\"@type\":\"EntryPoint\",\"urlTemplate\":\"https:\/\/noticiasdeescobar.online\/?s={search_term_string}\"},\"query-input\":{\"@type\":\"PropertyValueSpecification\",\"valueRequired\":true,\"valueName\":\"search_term_string\"}}],\"inLanguage\":\"es-AR\"},{\"@type\":\"Person\",\"@id\":\"https:\/\/noticiasdeescobar.online\/#\/schema\/person\/c80a19151f9337b50a779fe1f512ca6a\",\"name\":\"Redacci\u00f3n\",\"image\":{\"@type\":\"ImageObject\",\"inLanguage\":\"es-AR\",\"@id\":\"https:\/\/noticiasdeescobar.online\/#\/schema\/person\/image\/\",\"url\":\"https:\/\/secure.gravatar.com\/avatar\/1db77a0acc41b20b8cbce542c0459eb4?s=96&d=mm&r=g\",\"contentUrl\":\"https:\/\/secure.gravatar.com\/avatar\/1db77a0acc41b20b8cbce542c0459eb4?s=96&d=mm&r=g\",\"caption\":\"Redacci\u00f3n\"},\"sameAs\":[\"http:\/\/noticiasdeescobar.online\"],\"url\":\"https:\/\/noticiasdeescobar.online\/?author=1\"}]}<\/script>\n<!-- \/ Yoast SEO plugin. -->","yoast_head_json":{"title":"Malba Puertos y Fundaci\u00f3n Medif\u00e9 presentan el Ciclo de Verano Cine Mudo + M\u00fasica en Vivo - Noticias de Escobar","description":"Durante el verano Malba Puertos y Fundaci\u00f3n Medif\u00e9 invitan a tres nuevos encuentros gratuitos al aire libre y para toda la familia con films indispensables del per\u00edodo acompa\u00f1ados por m\u00fasica en vivo.","robots":{"index":"index","follow":"follow","max-snippet":"max-snippet:-1","max-image-preview":"max-image-preview:large","max-video-preview":"max-video-preview:-1"},"canonical":"https:\/\/noticiasdeescobar.online\/?p=1673","og_locale":"es_ES","og_type":"article","og_title":"Malba Puertos y Fundaci\u00f3n Medif\u00e9 presentan el Ciclo de Verano Cine Mudo + M\u00fasica en Vivo","og_description":"Durante el verano Malba Puertos y Fundaci\u00f3n Medif\u00e9 invitan a tres nuevos encuentros gratuitos al aire libre y para toda la familia con films indispensables del per\u00edodo acompa\u00f1ados por m\u00fasica en vivo.","og_url":"https:\/\/noticiasdeescobar.online\/?p=1673","og_site_name":"Noticias de Escobar","article_published_time":"2025-12-10T12:44:41+00:00","article_modified_time":"2025-12-10T16:54:53+00:00","og_image":[{"width":2250,"height":1500,"url":"https:\/\/noticiasdeescobar.online\/wp-content\/uploads\/2025\/12\/DSC_9627.CINEMUDO-MUSICA-EN-VIVO-MALBA-PUERTOS-MEDIFE-Foto-Carlos-Furman.jpg","type":"image\/jpeg"}],"author":"Redacci\u00f3n","twitter_card":"summary_large_image","twitter_misc":{"Escrito por":"Redacci\u00f3n","Tiempo de lectura":"3 minutos"},"schema":{"@context":"https:\/\/schema.org","@graph":[{"@type":"WebPage","@id":"https:\/\/noticiasdeescobar.online\/?p=1673","url":"https:\/\/noticiasdeescobar.online\/?p=1673","name":"Malba Puertos y Fundaci\u00f3n Medif\u00e9 presentan el Ciclo de Verano Cine Mudo + M\u00fasica en Vivo - Noticias de Escobar","isPartOf":{"@id":"https:\/\/noticiasdeescobar.online\/#website"},"primaryImageOfPage":{"@id":"https:\/\/noticiasdeescobar.online\/?p=1673#primaryimage"},"image":{"@id":"https:\/\/noticiasdeescobar.online\/?p=1673#primaryimage"},"thumbnailUrl":"https:\/\/noticiasdeescobar.online\/wp-content\/uploads\/2025\/12\/DSC_0437.CINEMUDO-MUSICA-EN-VIVO-MALBA-PUERTOS-MEDIFE-Chaplin-Lerner-Mogui-Foto-Carlos-Furman-1.jpg","datePublished":"2025-12-10T12:44:41+00:00","dateModified":"2025-12-10T16:54:53+00:00","author":{"@id":"https:\/\/noticiasdeescobar.online\/#\/schema\/person\/c80a19151f9337b50a779fe1f512ca6a"},"description":"Durante el verano Malba Puertos y Fundaci\u00f3n Medif\u00e9 invitan a tres nuevos encuentros gratuitos al aire libre y para toda la familia con films indispensables del per\u00edodo acompa\u00f1ados por m\u00fasica en vivo.","breadcrumb":{"@id":"https:\/\/noticiasdeescobar.online\/?p=1673#breadcrumb"},"inLanguage":"es-AR","potentialAction":[{"@type":"ReadAction","target":["https:\/\/noticiasdeescobar.online\/?p=1673"]}]},{"@type":"ImageObject","inLanguage":"es-AR","@id":"https:\/\/noticiasdeescobar.online\/?p=1673#primaryimage","url":"https:\/\/noticiasdeescobar.online\/wp-content\/uploads\/2025\/12\/DSC_0437.CINEMUDO-MUSICA-EN-VIVO-MALBA-PUERTOS-MEDIFE-Chaplin-Lerner-Mogui-Foto-Carlos-Furman-1.jpg","contentUrl":"https:\/\/noticiasdeescobar.online\/wp-content\/uploads\/2025\/12\/DSC_0437.CINEMUDO-MUSICA-EN-VIVO-MALBA-PUERTOS-MEDIFE-Chaplin-Lerner-Mogui-Foto-Carlos-Furman-1.jpg","width":2250,"height":1750},{"@type":"BreadcrumbList","@id":"https:\/\/noticiasdeescobar.online\/?p=1673#breadcrumb","itemListElement":[{"@type":"ListItem","position":1,"name":"Inicio","item":"https:\/\/noticiasdeescobar.online\/"},{"@type":"ListItem","position":2,"name":"Malba Puertos y Fundaci\u00f3n Medif\u00e9 presentan el Ciclo de Verano Cine Mudo + M\u00fasica en Vivo"}]},{"@type":"WebSite","@id":"https:\/\/noticiasdeescobar.online\/#website","url":"https:\/\/noticiasdeescobar.online\/","name":"Noticias de Escobar","description":"Noticias 24\/7","potentialAction":[{"@type":"SearchAction","target":{"@type":"EntryPoint","urlTemplate":"https:\/\/noticiasdeescobar.online\/?s={search_term_string}"},"query-input":{"@type":"PropertyValueSpecification","valueRequired":true,"valueName":"search_term_string"}}],"inLanguage":"es-AR"},{"@type":"Person","@id":"https:\/\/noticiasdeescobar.online\/#\/schema\/person\/c80a19151f9337b50a779fe1f512ca6a","name":"Redacci\u00f3n","image":{"@type":"ImageObject","inLanguage":"es-AR","@id":"https:\/\/noticiasdeescobar.online\/#\/schema\/person\/image\/","url":"https:\/\/secure.gravatar.com\/avatar\/1db77a0acc41b20b8cbce542c0459eb4?s=96&d=mm&r=g","contentUrl":"https:\/\/secure.gravatar.com\/avatar\/1db77a0acc41b20b8cbce542c0459eb4?s=96&d=mm&r=g","caption":"Redacci\u00f3n"},"sameAs":["http:\/\/noticiasdeescobar.online"],"url":"https:\/\/noticiasdeescobar.online\/?author=1"}]}},"_links":{"self":[{"href":"https:\/\/noticiasdeescobar.online\/index.php?rest_route=\/wp\/v2\/posts\/1673","targetHints":{"allow":["GET"]}}],"collection":[{"href":"https:\/\/noticiasdeescobar.online\/index.php?rest_route=\/wp\/v2\/posts"}],"about":[{"href":"https:\/\/noticiasdeescobar.online\/index.php?rest_route=\/wp\/v2\/types\/post"}],"author":[{"embeddable":true,"href":"https:\/\/noticiasdeescobar.online\/index.php?rest_route=\/wp\/v2\/users\/1"}],"replies":[{"embeddable":true,"href":"https:\/\/noticiasdeescobar.online\/index.php?rest_route=%2Fwp%2Fv2%2Fcomments&post=1673"}],"version-history":[{"count":3,"href":"https:\/\/noticiasdeescobar.online\/index.php?rest_route=\/wp\/v2\/posts\/1673\/revisions"}],"predecessor-version":[{"id":1682,"href":"https:\/\/noticiasdeescobar.online\/index.php?rest_route=\/wp\/v2\/posts\/1673\/revisions\/1682"}],"wp:featuredmedia":[{"embeddable":true,"href":"https:\/\/noticiasdeescobar.online\/index.php?rest_route=\/wp\/v2\/media\/1675"}],"wp:attachment":[{"href":"https:\/\/noticiasdeescobar.online\/index.php?rest_route=%2Fwp%2Fv2%2Fmedia&parent=1673"}],"wp:term":[{"taxonomy":"category","embeddable":true,"href":"https:\/\/noticiasdeescobar.online\/index.php?rest_route=%2Fwp%2Fv2%2Fcategories&post=1673"},{"taxonomy":"post_tag","embeddable":true,"href":"https:\/\/noticiasdeescobar.online\/index.php?rest_route=%2Fwp%2Fv2%2Ftags&post=1673"}],"curies":[{"name":"wp","href":"https:\/\/api.w.org\/{rel}","templated":true}]}}