{"id":1683,"date":"2025-12-10T21:55:00","date_gmt":"2025-12-10T21:55:00","guid":{"rendered":"https:\/\/noticiasdeescobar.online\/?p=1683"},"modified":"2025-12-11T01:05:06","modified_gmt":"2025-12-11T01:05:06","slug":"el-tren-arrollo-a-una-persona-en-escobar-fallecio-en-el-acto","status":"publish","type":"post","link":"https:\/\/noticiasdeescobar.online\/?p=1683","title":{"rendered":"El tren arroll\u00f3 a una persona en Escobar: falleci\u00f3 en el acto"},"content":{"rendered":"\n<p class=\"has-vivid-red-color has-text-color has-link-color wp-elements-b3a5e6955e0e7ac8ed13e3e4de1d5e43\"><strong><em>Ocurri\u00f3 en el cruce Paseo de Julio. El convoy ven\u00eda desde Z\u00e1rate. Las primeras versiones mencionan que el transe\u00fante estar\u00eda ebrio.<\/em><\/strong><\/p>\n\n\n\n<!--more-->\n\n\n\n<p><\/p>\n\n\n\n<p>Otra muerte en el cruce ferroviario Paseo de Julio en Bel\u00e9n de Escobar. Se trata del camino que une la calle Sarmiento con el barrio Phillips, que durante muchos a\u00f1os estuvo sin barreras.<\/p>\n\n\n\n<p>En el caso de este mi\u00e9rcoles por la noche, el tren arroll\u00f3 a un transe\u00fante que circulaba por la zona acompa\u00f1ado. Seg\u00fan las primeras versiones, la v\u00edctima estar\u00eda en estado de ebriedad.<\/p>\n\n\n\n<p>El tren llegaba desde Rio Luj\u00e1n y alrededor de las 19:15 se dio el accidente mortal.<\/p>\n\n\n\n<p>AMPLIAREMOS\u2026<\/p>\n","protected":false},"excerpt":{"rendered":"<p>Ocurri\u00f3 en el cruce Paseo de Julio. El convoy ven\u00eda desde Z\u00e1rate. Las primeras versiones mencionan que el transe\u00fante estar\u00eda&hellip;<\/p>\n","protected":false},"author":1,"featured_media":1685,"comment_status":"open","ping_status":"open","sticky":false,"template":"","format":"standard","meta":{"_monsterinsights_skip_tracking":false,"_monsterinsights_sitenote_active":false,"_monsterinsights_sitenote_note":"","_monsterinsights_sitenote_category":0,"footnotes":""},"categories":[2],"tags":[],"class_list":["post-1683","post","type-post","status-publish","format-standard","has-post-thumbnail","hentry","category-policiales"],"yoast_head":"<!-- This site is optimized with the Yoast SEO plugin v25.3.1 - https:\/\/yoast.com\/wordpress\/plugins\/seo\/ -->\n<title>El tren arroll\u00f3 a una persona en Escobar: falleci\u00f3 en el acto - Noticias de Escobar<\/title>\n<meta name=\"description\" content=\"Ocurri\u00f3 en el cruce Paseo de Julio. El convoy ven\u00eda desde Z\u00e1rate. Las primeras versiones mencionan que el transe\u00fante estar\u00eda ebrio.\" \/>\n<meta name=\"robots\" content=\"index, follow, max-snippet:-1, max-image-preview:large, max-video-preview:-1\" \/>\n<link rel=\"canonical\" href=\"https:\/\/noticiasdeescobar.online\/?p=1683\" \/>\n<meta property=\"og:locale\" content=\"es_ES\" \/>\n<meta property=\"og:type\" content=\"article\" \/>\n<meta property=\"og:title\" content=\"El tren arroll\u00f3 a una persona en Escobar: falleci\u00f3 en el acto\" \/>\n<meta property=\"og:description\" content=\"Ocurri\u00f3 en el cruce Paseo de Julio. El convoy ven\u00eda desde Z\u00e1rate. Las primeras versiones mencionan que el transe\u00fante estar\u00eda ebrio.\" \/>\n<meta property=\"og:url\" content=\"https:\/\/noticiasdeescobar.online\/?p=1683\" \/>\n<meta property=\"og:site_name\" content=\"Noticias de Escobar\" \/>\n<meta property=\"article:published_time\" content=\"2025-12-10T21:55:00+00:00\" \/>\n<meta property=\"article:modified_time\" content=\"2025-12-11T01:05:06+00:00\" \/>\n<meta property=\"og:image\" content=\"https:\/\/noticiasdeescobar.online\/wp-content\/uploads\/2025\/12\/Screenshot_20251210_220216_Maps2.jpg\" \/>\n\t<meta property=\"og:image:width\" content=\"1080\" \/>\n\t<meta property=\"og:image:height\" content=\"826\" \/>\n\t<meta property=\"og:image:type\" content=\"image\/jpeg\" \/>\n<meta name=\"author\" content=\"Redacci\u00f3n\" \/>\n<meta name=\"twitter:card\" content=\"summary_large_image\" \/>\n<meta name=\"twitter:label1\" content=\"Escrito por\" \/>\n\t<meta name=\"twitter:data1\" content=\"Redacci\u00f3n\" \/>\n\t<meta name=\"twitter:label2\" content=\"Tiempo de lectura\" \/>\n\t<meta name=\"twitter:data2\" content=\"1 minuto\" \/>\n<script type=\"application\/ld+json\" class=\"yoast-schema-graph\">{\"@context\":\"https:\/\/schema.org\",\"@graph\":[{\"@type\":\"WebPage\",\"@id\":\"https:\/\/noticiasdeescobar.online\/?p=1683\",\"url\":\"https:\/\/noticiasdeescobar.online\/?p=1683\",\"name\":\"El tren arroll\u00f3 a una persona en Escobar: falleci\u00f3 en el acto - Noticias de Escobar\",\"isPartOf\":{\"@id\":\"https:\/\/noticiasdeescobar.online\/#website\"},\"primaryImageOfPage\":{\"@id\":\"https:\/\/noticiasdeescobar.online\/?p=1683#primaryimage\"},\"image\":{\"@id\":\"https:\/\/noticiasdeescobar.online\/?p=1683#primaryimage\"},\"thumbnailUrl\":\"https:\/\/noticiasdeescobar.online\/wp-content\/uploads\/2025\/12\/Screenshot_20251210_220216_Maps2.jpg\",\"datePublished\":\"2025-12-10T21:55:00+00:00\",\"dateModified\":\"2025-12-11T01:05:06+00:00\",\"author\":{\"@id\":\"https:\/\/noticiasdeescobar.online\/#\/schema\/person\/c80a19151f9337b50a779fe1f512ca6a\"},\"description\":\"Ocurri\u00f3 en el cruce Paseo de Julio. El convoy ven\u00eda desde Z\u00e1rate. Las primeras versiones mencionan que el transe\u00fante estar\u00eda ebrio.\",\"breadcrumb\":{\"@id\":\"https:\/\/noticiasdeescobar.online\/?p=1683#breadcrumb\"},\"inLanguage\":\"es-AR\",\"potentialAction\":[{\"@type\":\"ReadAction\",\"target\":[\"https:\/\/noticiasdeescobar.online\/?p=1683\"]}]},{\"@type\":\"ImageObject\",\"inLanguage\":\"es-AR\",\"@id\":\"https:\/\/noticiasdeescobar.online\/?p=1683#primaryimage\",\"url\":\"https:\/\/noticiasdeescobar.online\/wp-content\/uploads\/2025\/12\/Screenshot_20251210_220216_Maps2.jpg\",\"contentUrl\":\"https:\/\/noticiasdeescobar.online\/wp-content\/uploads\/2025\/12\/Screenshot_20251210_220216_Maps2.jpg\",\"width\":1080,\"height\":826},{\"@type\":\"BreadcrumbList\",\"@id\":\"https:\/\/noticiasdeescobar.online\/?p=1683#breadcrumb\",\"itemListElement\":[{\"@type\":\"ListItem\",\"position\":1,\"name\":\"Inicio\",\"item\":\"https:\/\/noticiasdeescobar.online\/\"},{\"@type\":\"ListItem\",\"position\":2,\"name\":\"El tren arroll\u00f3 a una persona en Escobar: falleci\u00f3 en el acto\"}]},{\"@type\":\"WebSite\",\"@id\":\"https:\/\/noticiasdeescobar.online\/#website\",\"url\":\"https:\/\/noticiasdeescobar.online\/\",\"name\":\"Noticias de Escobar\",\"description\":\"Noticias 24\/7\",\"potentialAction\":[{\"@type\":\"SearchAction\",\"target\":{\"@type\":\"EntryPoint\",\"urlTemplate\":\"https:\/\/noticiasdeescobar.online\/?s={search_term_string}\"},\"query-input\":{\"@type\":\"PropertyValueSpecification\",\"valueRequired\":true,\"valueName\":\"search_term_string\"}}],\"inLanguage\":\"es-AR\"},{\"@type\":\"Person\",\"@id\":\"https:\/\/noticiasdeescobar.online\/#\/schema\/person\/c80a19151f9337b50a779fe1f512ca6a\",\"name\":\"Redacci\u00f3n\",\"image\":{\"@type\":\"ImageObject\",\"inLanguage\":\"es-AR\",\"@id\":\"https:\/\/noticiasdeescobar.online\/#\/schema\/person\/image\/\",\"url\":\"https:\/\/secure.gravatar.com\/avatar\/1db77a0acc41b20b8cbce542c0459eb4?s=96&d=mm&r=g\",\"contentUrl\":\"https:\/\/secure.gravatar.com\/avatar\/1db77a0acc41b20b8cbce542c0459eb4?s=96&d=mm&r=g\",\"caption\":\"Redacci\u00f3n\"},\"sameAs\":[\"http:\/\/noticiasdeescobar.online\"],\"url\":\"https:\/\/noticiasdeescobar.online\/?author=1\"}]}<\/script>\n<!-- \/ Yoast SEO plugin. -->","yoast_head_json":{"title":"El tren arroll\u00f3 a una persona en Escobar: falleci\u00f3 en el acto - Noticias de Escobar","description":"Ocurri\u00f3 en el cruce Paseo de Julio. El convoy ven\u00eda desde Z\u00e1rate. Las primeras versiones mencionan que el transe\u00fante estar\u00eda ebrio.","robots":{"index":"index","follow":"follow","max-snippet":"max-snippet:-1","max-image-preview":"max-image-preview:large","max-video-preview":"max-video-preview:-1"},"canonical":"https:\/\/noticiasdeescobar.online\/?p=1683","og_locale":"es_ES","og_type":"article","og_title":"El tren arroll\u00f3 a una persona en Escobar: falleci\u00f3 en el acto","og_description":"Ocurri\u00f3 en el cruce Paseo de Julio. El convoy ven\u00eda desde Z\u00e1rate. Las primeras versiones mencionan que el transe\u00fante estar\u00eda ebrio.","og_url":"https:\/\/noticiasdeescobar.online\/?p=1683","og_site_name":"Noticias de Escobar","article_published_time":"2025-12-10T21:55:00+00:00","article_modified_time":"2025-12-11T01:05:06+00:00","og_image":[{"width":1080,"height":826,"url":"https:\/\/noticiasdeescobar.online\/wp-content\/uploads\/2025\/12\/Screenshot_20251210_220216_Maps2.jpg","type":"image\/jpeg"}],"author":"Redacci\u00f3n","twitter_card":"summary_large_image","twitter_misc":{"Escrito por":"Redacci\u00f3n","Tiempo de lectura":"1 minuto"},"schema":{"@context":"https:\/\/schema.org","@graph":[{"@type":"WebPage","@id":"https:\/\/noticiasdeescobar.online\/?p=1683","url":"https:\/\/noticiasdeescobar.online\/?p=1683","name":"El tren arroll\u00f3 a una persona en Escobar: falleci\u00f3 en el acto - Noticias de Escobar","isPartOf":{"@id":"https:\/\/noticiasdeescobar.online\/#website"},"primaryImageOfPage":{"@id":"https:\/\/noticiasdeescobar.online\/?p=1683#primaryimage"},"image":{"@id":"https:\/\/noticiasdeescobar.online\/?p=1683#primaryimage"},"thumbnailUrl":"https:\/\/noticiasdeescobar.online\/wp-content\/uploads\/2025\/12\/Screenshot_20251210_220216_Maps2.jpg","datePublished":"2025-12-10T21:55:00+00:00","dateModified":"2025-12-11T01:05:06+00:00","author":{"@id":"https:\/\/noticiasdeescobar.online\/#\/schema\/person\/c80a19151f9337b50a779fe1f512ca6a"},"description":"Ocurri\u00f3 en el cruce Paseo de Julio. El convoy ven\u00eda desde Z\u00e1rate. Las primeras versiones mencionan que el transe\u00fante estar\u00eda ebrio.","breadcrumb":{"@id":"https:\/\/noticiasdeescobar.online\/?p=1683#breadcrumb"},"inLanguage":"es-AR","potentialAction":[{"@type":"ReadAction","target":["https:\/\/noticiasdeescobar.online\/?p=1683"]}]},{"@type":"ImageObject","inLanguage":"es-AR","@id":"https:\/\/noticiasdeescobar.online\/?p=1683#primaryimage","url":"https:\/\/noticiasdeescobar.online\/wp-content\/uploads\/2025\/12\/Screenshot_20251210_220216_Maps2.jpg","contentUrl":"https:\/\/noticiasdeescobar.online\/wp-content\/uploads\/2025\/12\/Screenshot_20251210_220216_Maps2.jpg","width":1080,"height":826},{"@type":"BreadcrumbList","@id":"https:\/\/noticiasdeescobar.online\/?p=1683#breadcrumb","itemListElement":[{"@type":"ListItem","position":1,"name":"Inicio","item":"https:\/\/noticiasdeescobar.online\/"},{"@type":"ListItem","position":2,"name":"El tren arroll\u00f3 a una persona en Escobar: falleci\u00f3 en el acto"}]},{"@type":"WebSite","@id":"https:\/\/noticiasdeescobar.online\/#website","url":"https:\/\/noticiasdeescobar.online\/","name":"Noticias de Escobar","description":"Noticias 24\/7","potentialAction":[{"@type":"SearchAction","target":{"@type":"EntryPoint","urlTemplate":"https:\/\/noticiasdeescobar.online\/?s={search_term_string}"},"query-input":{"@type":"PropertyValueSpecification","valueRequired":true,"valueName":"search_term_string"}}],"inLanguage":"es-AR"},{"@type":"Person","@id":"https:\/\/noticiasdeescobar.online\/#\/schema\/person\/c80a19151f9337b50a779fe1f512ca6a","name":"Redacci\u00f3n","image":{"@type":"ImageObject","inLanguage":"es-AR","@id":"https:\/\/noticiasdeescobar.online\/#\/schema\/person\/image\/","url":"https:\/\/secure.gravatar.com\/avatar\/1db77a0acc41b20b8cbce542c0459eb4?s=96&d=mm&r=g","contentUrl":"https:\/\/secure.gravatar.com\/avatar\/1db77a0acc41b20b8cbce542c0459eb4?s=96&d=mm&r=g","caption":"Redacci\u00f3n"},"sameAs":["http:\/\/noticiasdeescobar.online"],"url":"https:\/\/noticiasdeescobar.online\/?author=1"}]}},"_links":{"self":[{"href":"https:\/\/noticiasdeescobar.online\/index.php?rest_route=\/wp\/v2\/posts\/1683","targetHints":{"allow":["GET"]}}],"collection":[{"href":"https:\/\/noticiasdeescobar.online\/index.php?rest_route=\/wp\/v2\/posts"}],"about":[{"href":"https:\/\/noticiasdeescobar.online\/index.php?rest_route=\/wp\/v2\/types\/post"}],"author":[{"embeddable":true,"href":"https:\/\/noticiasdeescobar.online\/index.php?rest_route=\/wp\/v2\/users\/1"}],"replies":[{"embeddable":true,"href":"https:\/\/noticiasdeescobar.online\/index.php?rest_route=%2Fwp%2Fv2%2Fcomments&post=1683"}],"version-history":[{"count":1,"href":"https:\/\/noticiasdeescobar.online\/index.php?rest_route=\/wp\/v2\/posts\/1683\/revisions"}],"predecessor-version":[{"id":1684,"href":"https:\/\/noticiasdeescobar.online\/index.php?rest_route=\/wp\/v2\/posts\/1683\/revisions\/1684"}],"wp:featuredmedia":[{"embeddable":true,"href":"https:\/\/noticiasdeescobar.online\/index.php?rest_route=\/wp\/v2\/media\/1685"}],"wp:attachment":[{"href":"https:\/\/noticiasdeescobar.online\/index.php?rest_route=%2Fwp%2Fv2%2Fmedia&parent=1683"}],"wp:term":[{"taxonomy":"category","embeddable":true,"href":"https:\/\/noticiasdeescobar.online\/index.php?rest_route=%2Fwp%2Fv2%2Fcategories&post=1683"},{"taxonomy":"post_tag","embeddable":true,"href":"https:\/\/noticiasdeescobar.online\/index.php?rest_route=%2Fwp%2Fv2%2Ftags&post=1683"}],"curies":[{"name":"wp","href":"https:\/\/api.w.org\/{rel}","templated":true}]}}