{"id":1687,"date":"2025-12-11T18:44:54","date_gmt":"2025-12-11T18:44:54","guid":{"rendered":"https:\/\/noticiasdeescobar.online\/?p=1687"},"modified":"2025-12-11T19:11:26","modified_gmt":"2025-12-11T19:11:26","slug":"pan-dulce-helado-munchis-para-estas-fiestas","status":"publish","type":"post","link":"https:\/\/noticiasdeescobar.online\/?p=1687","title":{"rendered":"Pan Dulce helado Munchi\u00b4s\u00a0 para estas fiestas"},"content":{"rendered":"\n<p><a href=\"https:\/\/www.munchis.com.ar\/\" target=\"_blank\" rel=\"noreferrer noopener\">Munchi\u00b4s<\/a>,&nbsp;la empresa pionera en la Argentina en la elaboraci\u00f3n de cremas heladas con leche de vaca jersey, lanza para estas fiestas el Pan Dulce helado para festejar con familia y amigos.&nbsp;<\/p>\n\n\n\n<!--more-->\n\n\n\n<p>Se trata de 1 \u00bd kg de helado de crema avainillada, rellena con frutos secos seleccionados: avellanas, almendras y nueces. Tambi\u00e9n tiene higos y ciruelas y un ba\u00f1o de hilos de chocolate.&nbsp;<\/p>\n\n\n<div class=\"wp-block-image\">\n<figure class=\"aligncenter size-large\"><img loading=\"lazy\" decoding=\"async\" width=\"683\" height=\"1024\" src=\"https:\/\/noticiasdeescobar.online\/wp-content\/uploads\/2025\/12\/IMG_026400-PAN-DULCE-HELADO-683x1024.jpg\" alt=\"\" class=\"wp-image-1689\" srcset=\"https:\/\/noticiasdeescobar.online\/wp-content\/uploads\/2025\/12\/IMG_026400-PAN-DULCE-HELADO-683x1024.jpg 683w, https:\/\/noticiasdeescobar.online\/wp-content\/uploads\/2025\/12\/IMG_026400-PAN-DULCE-HELADO-200x300.jpg 200w, https:\/\/noticiasdeescobar.online\/wp-content\/uploads\/2025\/12\/IMG_026400-PAN-DULCE-HELADO-768x1152.jpg 768w, https:\/\/noticiasdeescobar.online\/wp-content\/uploads\/2025\/12\/IMG_026400-PAN-DULCE-HELADO-1024x1536.jpg 1024w, https:\/\/noticiasdeescobar.online\/wp-content\/uploads\/2025\/12\/IMG_026400-PAN-DULCE-HELADO-1365x2048.jpg 1365w, https:\/\/noticiasdeescobar.online\/wp-content\/uploads\/2025\/12\/IMG_026400-PAN-DULCE-HELADO-scaled.jpg 1707w\" sizes=\"auto, (max-width: 683px) 100vw, 683px\" \/><\/figure><\/div>\n\n\n<p>El pan dulce helado es una gran opci\u00f3n para&nbsp;una mesa dulce original y fresca en&nbsp;estas fiestas a la que pueden sumarse los&nbsp;exquisitos postres y la variada paleta de sabores de la marca.<\/p>\n\n\n\n<p>Por otra parte, Munchi&#8217;s reafirma su compromiso con el cuidado del medio ambiente ya que la marca utiliza cucharitas y cubiertos comestibles hechos con harina de arroz, que son biodegradables, libres de gluten y compostables, logrando reducir el uso de pl\u00e1sticos en m\u00e1s de 385 kg al a\u00f1o. Asimismo, su packaging est\u00e1 dise\u00f1ado para minimizar la generaci\u00f3n de residuos, contribuyendo al bienestar del planeta.<\/p>\n","protected":false},"excerpt":{"rendered":"<p>Munchi\u00b4s,&nbsp;la empresa pionera en la Argentina en la elaboraci\u00f3n de cremas heladas con leche de vaca jersey, lanza para estas&hellip;<\/p>\n","protected":false},"author":1,"featured_media":1688,"comment_status":"open","ping_status":"open","sticky":false,"template":"","format":"standard","meta":{"_monsterinsights_skip_tracking":false,"_monsterinsights_sitenote_active":false,"_monsterinsights_sitenote_note":"","_monsterinsights_sitenote_category":0,"footnotes":""},"categories":[27],"tags":[33,34],"class_list":["post-1687","post","type-post","status-publish","format-standard","has-post-thumbnail","hentry","category-comercios","tag-munchis","tag-pan-dulce-helado"],"yoast_head":"<!-- This site is optimized with the Yoast SEO plugin v25.3.1 - https:\/\/yoast.com\/wordpress\/plugins\/seo\/ -->\n<title>Pan Dulce helado Munchi\u00b4s\u00a0 para estas fiestas - Noticias de Escobar<\/title>\n<meta name=\"description\" content=\"Se trata de 1 \u00bd kg de helado de crema avainillada, rellena con frutos secos seleccionados: avellanas, almendras y nueces. Tambi\u00e9n tiene higos y ciruelas y un ba\u00f1o de hilos de chocolate.\u00a0\" \/>\n<meta name=\"robots\" content=\"index, follow, max-snippet:-1, max-image-preview:large, max-video-preview:-1\" \/>\n<link rel=\"canonical\" href=\"https:\/\/noticiasdeescobar.online\/?p=1687\" \/>\n<meta property=\"og:locale\" content=\"es_ES\" \/>\n<meta property=\"og:type\" content=\"article\" \/>\n<meta property=\"og:title\" content=\"Pan Dulce helado Munchi\u00b4s para estas fiestas\" \/>\n<meta property=\"og:description\" content=\"Se trata de 1 \u00bd kg de helado de crema avainillada, rellena con frutos secos seleccionados: avellanas, almendras y nueces. Tambi\u00e9n tiene higos y ciruelas y un ba\u00f1o de hilos de chocolate.\u00a0\" \/>\n<meta property=\"og:url\" content=\"https:\/\/noticiasdeescobar.online\/?p=1687\" \/>\n<meta property=\"og:site_name\" content=\"Noticias de Escobar\" \/>\n<meta property=\"article:published_time\" content=\"2025-12-11T18:44:54+00:00\" \/>\n<meta property=\"article:modified_time\" content=\"2025-12-11T19:11:26+00:00\" \/>\n<meta property=\"og:image\" content=\"https:\/\/noticiasdeescobar.online\/wp-content\/uploads\/2025\/12\/pn-dulce-scaled-e1765478606692.jpg\" \/>\n\t<meta property=\"og:image:width\" content=\"1707\" \/>\n\t<meta property=\"og:image:height\" content=\"1762\" \/>\n\t<meta property=\"og:image:type\" content=\"image\/jpeg\" \/>\n<meta name=\"author\" content=\"Redacci\u00f3n\" \/>\n<meta name=\"twitter:card\" content=\"summary_large_image\" \/>\n<meta name=\"twitter:label1\" content=\"Escrito por\" \/>\n\t<meta name=\"twitter:data1\" content=\"Redacci\u00f3n\" \/>\n\t<meta name=\"twitter:label2\" content=\"Tiempo de lectura\" \/>\n\t<meta name=\"twitter:data2\" content=\"2 minutos\" \/>\n<script type=\"application\/ld+json\" class=\"yoast-schema-graph\">{\"@context\":\"https:\/\/schema.org\",\"@graph\":[{\"@type\":\"WebPage\",\"@id\":\"https:\/\/noticiasdeescobar.online\/?p=1687\",\"url\":\"https:\/\/noticiasdeescobar.online\/?p=1687\",\"name\":\"Pan Dulce helado Munchi\u00b4s\u00a0 para estas fiestas - Noticias de Escobar\",\"isPartOf\":{\"@id\":\"https:\/\/noticiasdeescobar.online\/#website\"},\"primaryImageOfPage\":{\"@id\":\"https:\/\/noticiasdeescobar.online\/?p=1687#primaryimage\"},\"image\":{\"@id\":\"https:\/\/noticiasdeescobar.online\/?p=1687#primaryimage\"},\"thumbnailUrl\":\"https:\/\/noticiasdeescobar.online\/wp-content\/uploads\/2025\/12\/pn-dulce-scaled-e1765478606692.jpg\",\"datePublished\":\"2025-12-11T18:44:54+00:00\",\"dateModified\":\"2025-12-11T19:11:26+00:00\",\"author\":{\"@id\":\"https:\/\/noticiasdeescobar.online\/#\/schema\/person\/c80a19151f9337b50a779fe1f512ca6a\"},\"description\":\"Se trata de 1 \u00bd kg de helado de crema avainillada, rellena con frutos secos seleccionados: avellanas, almendras y nueces. Tambi\u00e9n tiene higos y ciruelas y un ba\u00f1o de hilos de chocolate.\u00a0\",\"breadcrumb\":{\"@id\":\"https:\/\/noticiasdeescobar.online\/?p=1687#breadcrumb\"},\"inLanguage\":\"es-AR\",\"potentialAction\":[{\"@type\":\"ReadAction\",\"target\":[\"https:\/\/noticiasdeescobar.online\/?p=1687\"]}]},{\"@type\":\"ImageObject\",\"inLanguage\":\"es-AR\",\"@id\":\"https:\/\/noticiasdeescobar.online\/?p=1687#primaryimage\",\"url\":\"https:\/\/noticiasdeescobar.online\/wp-content\/uploads\/2025\/12\/pn-dulce-scaled-e1765478606692.jpg\",\"contentUrl\":\"https:\/\/noticiasdeescobar.online\/wp-content\/uploads\/2025\/12\/pn-dulce-scaled-e1765478606692.jpg\",\"width\":1707,\"height\":1762},{\"@type\":\"BreadcrumbList\",\"@id\":\"https:\/\/noticiasdeescobar.online\/?p=1687#breadcrumb\",\"itemListElement\":[{\"@type\":\"ListItem\",\"position\":1,\"name\":\"Inicio\",\"item\":\"https:\/\/noticiasdeescobar.online\/\"},{\"@type\":\"ListItem\",\"position\":2,\"name\":\"Pan Dulce helado Munchi\u00b4s\u00a0 para estas fiestas\"}]},{\"@type\":\"WebSite\",\"@id\":\"https:\/\/noticiasdeescobar.online\/#website\",\"url\":\"https:\/\/noticiasdeescobar.online\/\",\"name\":\"Noticias de Escobar\",\"description\":\"Noticias 24\/7\",\"potentialAction\":[{\"@type\":\"SearchAction\",\"target\":{\"@type\":\"EntryPoint\",\"urlTemplate\":\"https:\/\/noticiasdeescobar.online\/?s={search_term_string}\"},\"query-input\":{\"@type\":\"PropertyValueSpecification\",\"valueRequired\":true,\"valueName\":\"search_term_string\"}}],\"inLanguage\":\"es-AR\"},{\"@type\":\"Person\",\"@id\":\"https:\/\/noticiasdeescobar.online\/#\/schema\/person\/c80a19151f9337b50a779fe1f512ca6a\",\"name\":\"Redacci\u00f3n\",\"image\":{\"@type\":\"ImageObject\",\"inLanguage\":\"es-AR\",\"@id\":\"https:\/\/noticiasdeescobar.online\/#\/schema\/person\/image\/\",\"url\":\"https:\/\/secure.gravatar.com\/avatar\/1db77a0acc41b20b8cbce542c0459eb4?s=96&d=mm&r=g\",\"contentUrl\":\"https:\/\/secure.gravatar.com\/avatar\/1db77a0acc41b20b8cbce542c0459eb4?s=96&d=mm&r=g\",\"caption\":\"Redacci\u00f3n\"},\"sameAs\":[\"http:\/\/noticiasdeescobar.online\"],\"url\":\"https:\/\/noticiasdeescobar.online\/?author=1\"}]}<\/script>\n<!-- \/ Yoast SEO plugin. -->","yoast_head_json":{"title":"Pan Dulce helado Munchi\u00b4s\u00a0 para estas fiestas - Noticias de Escobar","description":"Se trata de 1 \u00bd kg de helado de crema avainillada, rellena con frutos secos seleccionados: avellanas, almendras y nueces. Tambi\u00e9n tiene higos y ciruelas y un ba\u00f1o de hilos de chocolate.\u00a0","robots":{"index":"index","follow":"follow","max-snippet":"max-snippet:-1","max-image-preview":"max-image-preview:large","max-video-preview":"max-video-preview:-1"},"canonical":"https:\/\/noticiasdeescobar.online\/?p=1687","og_locale":"es_ES","og_type":"article","og_title":"Pan Dulce helado Munchi\u00b4s para estas fiestas","og_description":"Se trata de 1 \u00bd kg de helado de crema avainillada, rellena con frutos secos seleccionados: avellanas, almendras y nueces. Tambi\u00e9n tiene higos y ciruelas y un ba\u00f1o de hilos de chocolate.\u00a0","og_url":"https:\/\/noticiasdeescobar.online\/?p=1687","og_site_name":"Noticias de Escobar","article_published_time":"2025-12-11T18:44:54+00:00","article_modified_time":"2025-12-11T19:11:26+00:00","og_image":[{"width":1707,"height":1762,"url":"https:\/\/noticiasdeescobar.online\/wp-content\/uploads\/2025\/12\/pn-dulce-scaled-e1765478606692.jpg","type":"image\/jpeg"}],"author":"Redacci\u00f3n","twitter_card":"summary_large_image","twitter_misc":{"Escrito por":"Redacci\u00f3n","Tiempo de lectura":"2 minutos"},"schema":{"@context":"https:\/\/schema.org","@graph":[{"@type":"WebPage","@id":"https:\/\/noticiasdeescobar.online\/?p=1687","url":"https:\/\/noticiasdeescobar.online\/?p=1687","name":"Pan Dulce helado Munchi\u00b4s\u00a0 para estas fiestas - Noticias de Escobar","isPartOf":{"@id":"https:\/\/noticiasdeescobar.online\/#website"},"primaryImageOfPage":{"@id":"https:\/\/noticiasdeescobar.online\/?p=1687#primaryimage"},"image":{"@id":"https:\/\/noticiasdeescobar.online\/?p=1687#primaryimage"},"thumbnailUrl":"https:\/\/noticiasdeescobar.online\/wp-content\/uploads\/2025\/12\/pn-dulce-scaled-e1765478606692.jpg","datePublished":"2025-12-11T18:44:54+00:00","dateModified":"2025-12-11T19:11:26+00:00","author":{"@id":"https:\/\/noticiasdeescobar.online\/#\/schema\/person\/c80a19151f9337b50a779fe1f512ca6a"},"description":"Se trata de 1 \u00bd kg de helado de crema avainillada, rellena con frutos secos seleccionados: avellanas, almendras y nueces. Tambi\u00e9n tiene higos y ciruelas y un ba\u00f1o de hilos de chocolate.\u00a0","breadcrumb":{"@id":"https:\/\/noticiasdeescobar.online\/?p=1687#breadcrumb"},"inLanguage":"es-AR","potentialAction":[{"@type":"ReadAction","target":["https:\/\/noticiasdeescobar.online\/?p=1687"]}]},{"@type":"ImageObject","inLanguage":"es-AR","@id":"https:\/\/noticiasdeescobar.online\/?p=1687#primaryimage","url":"https:\/\/noticiasdeescobar.online\/wp-content\/uploads\/2025\/12\/pn-dulce-scaled-e1765478606692.jpg","contentUrl":"https:\/\/noticiasdeescobar.online\/wp-content\/uploads\/2025\/12\/pn-dulce-scaled-e1765478606692.jpg","width":1707,"height":1762},{"@type":"BreadcrumbList","@id":"https:\/\/noticiasdeescobar.online\/?p=1687#breadcrumb","itemListElement":[{"@type":"ListItem","position":1,"name":"Inicio","item":"https:\/\/noticiasdeescobar.online\/"},{"@type":"ListItem","position":2,"name":"Pan Dulce helado Munchi\u00b4s\u00a0 para estas fiestas"}]},{"@type":"WebSite","@id":"https:\/\/noticiasdeescobar.online\/#website","url":"https:\/\/noticiasdeescobar.online\/","name":"Noticias de Escobar","description":"Noticias 24\/7","potentialAction":[{"@type":"SearchAction","target":{"@type":"EntryPoint","urlTemplate":"https:\/\/noticiasdeescobar.online\/?s={search_term_string}"},"query-input":{"@type":"PropertyValueSpecification","valueRequired":true,"valueName":"search_term_string"}}],"inLanguage":"es-AR"},{"@type":"Person","@id":"https:\/\/noticiasdeescobar.online\/#\/schema\/person\/c80a19151f9337b50a779fe1f512ca6a","name":"Redacci\u00f3n","image":{"@type":"ImageObject","inLanguage":"es-AR","@id":"https:\/\/noticiasdeescobar.online\/#\/schema\/person\/image\/","url":"https:\/\/secure.gravatar.com\/avatar\/1db77a0acc41b20b8cbce542c0459eb4?s=96&d=mm&r=g","contentUrl":"https:\/\/secure.gravatar.com\/avatar\/1db77a0acc41b20b8cbce542c0459eb4?s=96&d=mm&r=g","caption":"Redacci\u00f3n"},"sameAs":["http:\/\/noticiasdeescobar.online"],"url":"https:\/\/noticiasdeescobar.online\/?author=1"}]}},"_links":{"self":[{"href":"https:\/\/noticiasdeescobar.online\/index.php?rest_route=\/wp\/v2\/posts\/1687","targetHints":{"allow":["GET"]}}],"collection":[{"href":"https:\/\/noticiasdeescobar.online\/index.php?rest_route=\/wp\/v2\/posts"}],"about":[{"href":"https:\/\/noticiasdeescobar.online\/index.php?rest_route=\/wp\/v2\/types\/post"}],"author":[{"embeddable":true,"href":"https:\/\/noticiasdeescobar.online\/index.php?rest_route=\/wp\/v2\/users\/1"}],"replies":[{"embeddable":true,"href":"https:\/\/noticiasdeescobar.online\/index.php?rest_route=%2Fwp%2Fv2%2Fcomments&post=1687"}],"version-history":[{"count":3,"href":"https:\/\/noticiasdeescobar.online\/index.php?rest_route=\/wp\/v2\/posts\/1687\/revisions"}],"predecessor-version":[{"id":1692,"href":"https:\/\/noticiasdeescobar.online\/index.php?rest_route=\/wp\/v2\/posts\/1687\/revisions\/1692"}],"wp:featuredmedia":[{"embeddable":true,"href":"https:\/\/noticiasdeescobar.online\/index.php?rest_route=\/wp\/v2\/media\/1688"}],"wp:attachment":[{"href":"https:\/\/noticiasdeescobar.online\/index.php?rest_route=%2Fwp%2Fv2%2Fmedia&parent=1687"}],"wp:term":[{"taxonomy":"category","embeddable":true,"href":"https:\/\/noticiasdeescobar.online\/index.php?rest_route=%2Fwp%2Fv2%2Fcategories&post=1687"},{"taxonomy":"post_tag","embeddable":true,"href":"https:\/\/noticiasdeescobar.online\/index.php?rest_route=%2Fwp%2Fv2%2Ftags&post=1687"}],"curies":[{"name":"wp","href":"https:\/\/api.w.org\/{rel}","templated":true}]}}