{"id":1699,"date":"2025-12-15T01:55:25","date_gmt":"2025-12-15T01:55:25","guid":{"rendered":"https:\/\/noticiasdeescobar.online\/?p=1699"},"modified":"2025-12-15T01:55:26","modified_gmt":"2025-12-15T01:55:26","slug":"incendio-en-avenida-san-martin-se-quemo-por-completo-un-patrullero","status":"publish","type":"post","link":"https:\/\/noticiasdeescobar.online\/?p=1699","title":{"rendered":"Incendio en avenida San Mart\u00edn: se quem\u00f3 por completo un patrullero"},"content":{"rendered":"\n<p>Un incendio vehicular se registr\u00f3 este <strong>domingo por la tarde<\/strong> sobre la avenida San Mart\u00edn, generando alarma entre vecinos y automovilistas que circulaban por la zona.<\/p>\n\n\n\n<!--more-->\n\n\n\n<p>Seg\u00fan informaron los Bomberos Voluntarios a trav\u00e9s de sus redes sociales, siendo las 15.45 horas acudi\u00f3 al lugar el m\u00f3vil A32, a cargo del suboficial Rivas C\u00e9sar, ante un llamado por el incendio de un autom\u00f3vil.<\/p>\n\n\n\n<p>Sin embargo, de acuerdo a lo que se pudo confirmar posteriormente, el veh\u00edculo siniestrado no era un auto particular sino un <strong>patrullero Toyota Hilux, \u00faltimo modelo, perteneciente a la Polic\u00eda Bonaerense<\/strong>.<\/p>\n\n\n<div class=\"wp-block-image\">\n<figure class=\"aligncenter size-large\"><img loading=\"lazy\" decoding=\"async\" width=\"819\" height=\"1024\" src=\"https:\/\/noticiasdeescobar.online\/wp-content\/uploads\/2025\/12\/598886399_883864174298477_3832158261027933974_n-819x1024.jpg\" alt=\"\" class=\"wp-image-1701\" srcset=\"https:\/\/noticiasdeescobar.online\/wp-content\/uploads\/2025\/12\/598886399_883864174298477_3832158261027933974_n-819x1024.jpg 819w, https:\/\/noticiasdeescobar.online\/wp-content\/uploads\/2025\/12\/598886399_883864174298477_3832158261027933974_n-240x300.jpg 240w, https:\/\/noticiasdeescobar.online\/wp-content\/uploads\/2025\/12\/598886399_883864174298477_3832158261027933974_n-768x960.jpg 768w, https:\/\/noticiasdeescobar.online\/wp-content\/uploads\/2025\/12\/598886399_883864174298477_3832158261027933974_n.jpg 960w\" sizes=\"auto, (max-width: 819px) 100vw, 819px\" \/><\/figure><\/div>\n\n\n<p>A pesar del r\u00e1pido accionar del personal bomberil, las llamas avanzaron con gran intensidad y las <strong>p\u00e9rdidas materiales fueron totales<\/strong>. Afortunadamente, no se reportaron personas heridas como consecuencia del siniestro.<\/p>\n\n\n\n<p>Por el momento, no trascendieron las causas que originaron el incendio, las cuales ser\u00e1n materia de peritajes para determinar c\u00f3mo se inici\u00f3 el fuego.<\/p>\n","protected":false},"excerpt":{"rendered":"<p>Un incendio vehicular se registr\u00f3 este domingo por la tarde sobre la avenida San Mart\u00edn, generando alarma entre vecinos y&hellip;<\/p>\n","protected":false},"author":1,"featured_media":1700,"comment_status":"open","ping_status":"open","sticky":false,"template":"","format":"standard","meta":{"_monsterinsights_skip_tracking":false,"_monsterinsights_sitenote_active":false,"_monsterinsights_sitenote_note":"","_monsterinsights_sitenote_category":0,"footnotes":""},"categories":[2],"tags":[25,251],"class_list":["post-1699","post","type-post","status-publish","format-standard","has-post-thumbnail","hentry","category-policiales","tag-incendio","tag-patrullero"],"yoast_head":"<!-- This site is optimized with the Yoast SEO plugin v25.3.1 - https:\/\/yoast.com\/wordpress\/plugins\/seo\/ -->\n<title>Incendio en avenida San Mart\u00edn: se quem\u00f3 por completo un patrullero - Noticias de Escobar<\/title>\n<meta name=\"description\" content=\"A pesar del r\u00e1pido accionar del personal bomberil, las llamas avanzaron con gran intensidad y las p\u00e9rdidas materiales fueron totales.\" \/>\n<meta name=\"robots\" content=\"index, follow, max-snippet:-1, max-image-preview:large, max-video-preview:-1\" \/>\n<link rel=\"canonical\" href=\"https:\/\/noticiasdeescobar.online\/?p=1699\" \/>\n<meta property=\"og:locale\" content=\"es_ES\" \/>\n<meta property=\"og:type\" content=\"article\" \/>\n<meta property=\"og:title\" content=\"Incendio en avenida San Mart\u00edn: se quem\u00f3 por completo un patrullero\" \/>\n<meta property=\"og:description\" content=\"A pesar del r\u00e1pido accionar del personal bomberil, las llamas avanzaron con gran intensidad y las p\u00e9rdidas materiales fueron totales.\" \/>\n<meta property=\"og:url\" content=\"https:\/\/noticiasdeescobar.online\/?p=1699\" \/>\n<meta property=\"og:site_name\" content=\"Noticias de Escobar\" \/>\n<meta property=\"article:published_time\" content=\"2025-12-15T01:55:25+00:00\" \/>\n<meta property=\"article:modified_time\" content=\"2025-12-15T01:55:26+00:00\" \/>\n<meta property=\"og:image\" content=\"https:\/\/noticiasdeescobar.online\/wp-content\/uploads\/2025\/12\/595859234_883864227631805_6400790870748399985_n-e1765763688768.jpg\" \/>\n\t<meta property=\"og:image:width\" content=\"960\" \/>\n\t<meta property=\"og:image:height\" content=\"742\" \/>\n\t<meta property=\"og:image:type\" content=\"image\/jpeg\" \/>\n<meta name=\"author\" content=\"Redacci\u00f3n\" \/>\n<meta name=\"twitter:card\" content=\"summary_large_image\" \/>\n<meta name=\"twitter:label1\" content=\"Escrito por\" \/>\n\t<meta name=\"twitter:data1\" content=\"Redacci\u00f3n\" \/>\n\t<meta name=\"twitter:label2\" content=\"Tiempo de lectura\" \/>\n\t<meta name=\"twitter:data2\" content=\"2 minutos\" \/>\n<script type=\"application\/ld+json\" class=\"yoast-schema-graph\">{\"@context\":\"https:\/\/schema.org\",\"@graph\":[{\"@type\":\"WebPage\",\"@id\":\"https:\/\/noticiasdeescobar.online\/?p=1699\",\"url\":\"https:\/\/noticiasdeescobar.online\/?p=1699\",\"name\":\"Incendio en avenida San Mart\u00edn: se quem\u00f3 por completo un patrullero - Noticias de Escobar\",\"isPartOf\":{\"@id\":\"https:\/\/noticiasdeescobar.online\/#website\"},\"primaryImageOfPage\":{\"@id\":\"https:\/\/noticiasdeescobar.online\/?p=1699#primaryimage\"},\"image\":{\"@id\":\"https:\/\/noticiasdeescobar.online\/?p=1699#primaryimage\"},\"thumbnailUrl\":\"https:\/\/noticiasdeescobar.online\/wp-content\/uploads\/2025\/12\/595859234_883864227631805_6400790870748399985_n-e1765763688768.jpg\",\"datePublished\":\"2025-12-15T01:55:25+00:00\",\"dateModified\":\"2025-12-15T01:55:26+00:00\",\"author\":{\"@id\":\"https:\/\/noticiasdeescobar.online\/#\/schema\/person\/c80a19151f9337b50a779fe1f512ca6a\"},\"description\":\"A pesar del r\u00e1pido accionar del personal bomberil, las llamas avanzaron con gran intensidad y las p\u00e9rdidas materiales fueron totales.\",\"breadcrumb\":{\"@id\":\"https:\/\/noticiasdeescobar.online\/?p=1699#breadcrumb\"},\"inLanguage\":\"es-AR\",\"potentialAction\":[{\"@type\":\"ReadAction\",\"target\":[\"https:\/\/noticiasdeescobar.online\/?p=1699\"]}]},{\"@type\":\"ImageObject\",\"inLanguage\":\"es-AR\",\"@id\":\"https:\/\/noticiasdeescobar.online\/?p=1699#primaryimage\",\"url\":\"https:\/\/noticiasdeescobar.online\/wp-content\/uploads\/2025\/12\/595859234_883864227631805_6400790870748399985_n-e1765763688768.jpg\",\"contentUrl\":\"https:\/\/noticiasdeescobar.online\/wp-content\/uploads\/2025\/12\/595859234_883864227631805_6400790870748399985_n-e1765763688768.jpg\",\"width\":960,\"height\":742},{\"@type\":\"BreadcrumbList\",\"@id\":\"https:\/\/noticiasdeescobar.online\/?p=1699#breadcrumb\",\"itemListElement\":[{\"@type\":\"ListItem\",\"position\":1,\"name\":\"Inicio\",\"item\":\"https:\/\/noticiasdeescobar.online\/\"},{\"@type\":\"ListItem\",\"position\":2,\"name\":\"Incendio en avenida San Mart\u00edn: se quem\u00f3 por completo un patrullero\"}]},{\"@type\":\"WebSite\",\"@id\":\"https:\/\/noticiasdeescobar.online\/#website\",\"url\":\"https:\/\/noticiasdeescobar.online\/\",\"name\":\"Noticias de Escobar\",\"description\":\"Noticias 24\/7\",\"potentialAction\":[{\"@type\":\"SearchAction\",\"target\":{\"@type\":\"EntryPoint\",\"urlTemplate\":\"https:\/\/noticiasdeescobar.online\/?s={search_term_string}\"},\"query-input\":{\"@type\":\"PropertyValueSpecification\",\"valueRequired\":true,\"valueName\":\"search_term_string\"}}],\"inLanguage\":\"es-AR\"},{\"@type\":\"Person\",\"@id\":\"https:\/\/noticiasdeescobar.online\/#\/schema\/person\/c80a19151f9337b50a779fe1f512ca6a\",\"name\":\"Redacci\u00f3n\",\"image\":{\"@type\":\"ImageObject\",\"inLanguage\":\"es-AR\",\"@id\":\"https:\/\/noticiasdeescobar.online\/#\/schema\/person\/image\/\",\"url\":\"https:\/\/secure.gravatar.com\/avatar\/1db77a0acc41b20b8cbce542c0459eb4?s=96&d=mm&r=g\",\"contentUrl\":\"https:\/\/secure.gravatar.com\/avatar\/1db77a0acc41b20b8cbce542c0459eb4?s=96&d=mm&r=g\",\"caption\":\"Redacci\u00f3n\"},\"sameAs\":[\"http:\/\/noticiasdeescobar.online\"],\"url\":\"https:\/\/noticiasdeescobar.online\/?author=1\"}]}<\/script>\n<!-- \/ Yoast SEO plugin. -->","yoast_head_json":{"title":"Incendio en avenida San Mart\u00edn: se quem\u00f3 por completo un patrullero - Noticias de Escobar","description":"A pesar del r\u00e1pido accionar del personal bomberil, las llamas avanzaron con gran intensidad y las p\u00e9rdidas materiales fueron totales.","robots":{"index":"index","follow":"follow","max-snippet":"max-snippet:-1","max-image-preview":"max-image-preview:large","max-video-preview":"max-video-preview:-1"},"canonical":"https:\/\/noticiasdeescobar.online\/?p=1699","og_locale":"es_ES","og_type":"article","og_title":"Incendio en avenida San Mart\u00edn: se quem\u00f3 por completo un patrullero","og_description":"A pesar del r\u00e1pido accionar del personal bomberil, las llamas avanzaron con gran intensidad y las p\u00e9rdidas materiales fueron totales.","og_url":"https:\/\/noticiasdeescobar.online\/?p=1699","og_site_name":"Noticias de Escobar","article_published_time":"2025-12-15T01:55:25+00:00","article_modified_time":"2025-12-15T01:55:26+00:00","og_image":[{"width":960,"height":742,"url":"https:\/\/noticiasdeescobar.online\/wp-content\/uploads\/2025\/12\/595859234_883864227631805_6400790870748399985_n-e1765763688768.jpg","type":"image\/jpeg"}],"author":"Redacci\u00f3n","twitter_card":"summary_large_image","twitter_misc":{"Escrito por":"Redacci\u00f3n","Tiempo de lectura":"2 minutos"},"schema":{"@context":"https:\/\/schema.org","@graph":[{"@type":"WebPage","@id":"https:\/\/noticiasdeescobar.online\/?p=1699","url":"https:\/\/noticiasdeescobar.online\/?p=1699","name":"Incendio en avenida San Mart\u00edn: se quem\u00f3 por completo un patrullero - Noticias de Escobar","isPartOf":{"@id":"https:\/\/noticiasdeescobar.online\/#website"},"primaryImageOfPage":{"@id":"https:\/\/noticiasdeescobar.online\/?p=1699#primaryimage"},"image":{"@id":"https:\/\/noticiasdeescobar.online\/?p=1699#primaryimage"},"thumbnailUrl":"https:\/\/noticiasdeescobar.online\/wp-content\/uploads\/2025\/12\/595859234_883864227631805_6400790870748399985_n-e1765763688768.jpg","datePublished":"2025-12-15T01:55:25+00:00","dateModified":"2025-12-15T01:55:26+00:00","author":{"@id":"https:\/\/noticiasdeescobar.online\/#\/schema\/person\/c80a19151f9337b50a779fe1f512ca6a"},"description":"A pesar del r\u00e1pido accionar del personal bomberil, las llamas avanzaron con gran intensidad y las p\u00e9rdidas materiales fueron totales.","breadcrumb":{"@id":"https:\/\/noticiasdeescobar.online\/?p=1699#breadcrumb"},"inLanguage":"es-AR","potentialAction":[{"@type":"ReadAction","target":["https:\/\/noticiasdeescobar.online\/?p=1699"]}]},{"@type":"ImageObject","inLanguage":"es-AR","@id":"https:\/\/noticiasdeescobar.online\/?p=1699#primaryimage","url":"https:\/\/noticiasdeescobar.online\/wp-content\/uploads\/2025\/12\/595859234_883864227631805_6400790870748399985_n-e1765763688768.jpg","contentUrl":"https:\/\/noticiasdeescobar.online\/wp-content\/uploads\/2025\/12\/595859234_883864227631805_6400790870748399985_n-e1765763688768.jpg","width":960,"height":742},{"@type":"BreadcrumbList","@id":"https:\/\/noticiasdeescobar.online\/?p=1699#breadcrumb","itemListElement":[{"@type":"ListItem","position":1,"name":"Inicio","item":"https:\/\/noticiasdeescobar.online\/"},{"@type":"ListItem","position":2,"name":"Incendio en avenida San Mart\u00edn: se quem\u00f3 por completo un patrullero"}]},{"@type":"WebSite","@id":"https:\/\/noticiasdeescobar.online\/#website","url":"https:\/\/noticiasdeescobar.online\/","name":"Noticias de Escobar","description":"Noticias 24\/7","potentialAction":[{"@type":"SearchAction","target":{"@type":"EntryPoint","urlTemplate":"https:\/\/noticiasdeescobar.online\/?s={search_term_string}"},"query-input":{"@type":"PropertyValueSpecification","valueRequired":true,"valueName":"search_term_string"}}],"inLanguage":"es-AR"},{"@type":"Person","@id":"https:\/\/noticiasdeescobar.online\/#\/schema\/person\/c80a19151f9337b50a779fe1f512ca6a","name":"Redacci\u00f3n","image":{"@type":"ImageObject","inLanguage":"es-AR","@id":"https:\/\/noticiasdeescobar.online\/#\/schema\/person\/image\/","url":"https:\/\/secure.gravatar.com\/avatar\/1db77a0acc41b20b8cbce542c0459eb4?s=96&d=mm&r=g","contentUrl":"https:\/\/secure.gravatar.com\/avatar\/1db77a0acc41b20b8cbce542c0459eb4?s=96&d=mm&r=g","caption":"Redacci\u00f3n"},"sameAs":["http:\/\/noticiasdeescobar.online"],"url":"https:\/\/noticiasdeescobar.online\/?author=1"}]}},"_links":{"self":[{"href":"https:\/\/noticiasdeescobar.online\/index.php?rest_route=\/wp\/v2\/posts\/1699","targetHints":{"allow":["GET"]}}],"collection":[{"href":"https:\/\/noticiasdeescobar.online\/index.php?rest_route=\/wp\/v2\/posts"}],"about":[{"href":"https:\/\/noticiasdeescobar.online\/index.php?rest_route=\/wp\/v2\/types\/post"}],"author":[{"embeddable":true,"href":"https:\/\/noticiasdeescobar.online\/index.php?rest_route=\/wp\/v2\/users\/1"}],"replies":[{"embeddable":true,"href":"https:\/\/noticiasdeescobar.online\/index.php?rest_route=%2Fwp%2Fv2%2Fcomments&post=1699"}],"version-history":[{"count":1,"href":"https:\/\/noticiasdeescobar.online\/index.php?rest_route=\/wp\/v2\/posts\/1699\/revisions"}],"predecessor-version":[{"id":1702,"href":"https:\/\/noticiasdeescobar.online\/index.php?rest_route=\/wp\/v2\/posts\/1699\/revisions\/1702"}],"wp:featuredmedia":[{"embeddable":true,"href":"https:\/\/noticiasdeescobar.online\/index.php?rest_route=\/wp\/v2\/media\/1700"}],"wp:attachment":[{"href":"https:\/\/noticiasdeescobar.online\/index.php?rest_route=%2Fwp%2Fv2%2Fmedia&parent=1699"}],"wp:term":[{"taxonomy":"category","embeddable":true,"href":"https:\/\/noticiasdeescobar.online\/index.php?rest_route=%2Fwp%2Fv2%2Fcategories&post=1699"},{"taxonomy":"post_tag","embeddable":true,"href":"https:\/\/noticiasdeescobar.online\/index.php?rest_route=%2Fwp%2Fv2%2Ftags&post=1699"}],"curies":[{"name":"wp","href":"https:\/\/api.w.org\/{rel}","templated":true}]}}