{"id":1703,"date":"2025-11-10T20:23:00","date_gmt":"2025-11-10T20:23:00","guid":{"rendered":"https:\/\/noticiasdeescobar.online\/?p=1703"},"modified":"2025-12-15T20:25:49","modified_gmt":"2025-12-15T20:25:49","slug":"funciones-a-sala-llena-en-el-bondi-para-una-obra-que-conmovio-al-publico-porteno","status":"publish","type":"post","link":"https:\/\/noticiasdeescobar.online\/?p=1703","title":{"rendered":"Funciones a sala llena en El Bondi para una obra que conmovi\u00f3 al p\u00fablico porte\u00f1o"},"content":{"rendered":"\n<p>La obra teatral que aborda la vida, el arte y la identidad desde una mirada latinoamericana vivi\u00f3 uno de sus momentos m\u00e1s destacados durante su paso por Buenos Aires, con <strong>dos funciones a sala llena en el Centro Cultural El Bondi<\/strong>, consolidando el impacto de la propuesta ante el p\u00fablico porte\u00f1o.<\/p>\n\n\n\n<!--more-->\n\n\n\n<p>Las presentaciones tuvieron lugar <strong>el domingo 2 y el viernes 7 de noviembre<\/strong>, en un espacio que se ha convertido en referencia para el teatro independiente y las expresiones esc\u00e9nicas contempor\u00e1neas. All\u00ed, la obra encontr\u00f3 un p\u00fablico atento y participativo, que acompa\u00f1\u00f3 con emoci\u00f3n una puesta que combina actuaci\u00f3n, dramaturgia, imagen y simbolismo.<\/p>\n\n\n\n<p>La propuesta se articula en torno a un <strong>di\u00e1logo atemporal entre dos mujeres latinas<\/strong>, donde el arte funciona como sost\u00e9n y motor del relato. A partir de un viaje a M\u00e9xico, la protagonista recorre escenas que alternan lo amoroso y lo doloroso, lo m\u00e1gico y lo \u00edntimo, construyendo un relato sensible que culmina en una transformaci\u00f3n profunda. El regreso del viaje no implica un retorno al punto de partida, sino la evidencia de un cambio irreversible.<\/p>\n\n\n\n<p>En El Bondi, la obra despleg\u00f3 con especial potencia su <strong>impronta visual<\/strong>, uno de los rasgos m\u00e1s destacados de la puesta. Lejos de una escenograf\u00eda tradicional, el trabajo esc\u00e9nico se apoya en el color, las texturas y los s\u00edmbolos que remiten al universo pict\u00f3rico de Frida Kahlo. Vestuarios y objetos dialogan con la actriz y con las proyecciones audiovisuales, que se integran a la acci\u00f3n teatral y transforman el espacio, acompa\u00f1ando los distintos climas emocionales de la narrativa.<\/p>\n\n\n\n<p>Otro de los recursos que capt\u00f3 la atenci\u00f3n del p\u00fablico fueron las <strong>escenas de manipulaci\u00f3n de t\u00edteres<\/strong>, incorporadas como elemento expresivo y narrativo, aportando dinamismo y reforzando el car\u00e1cter po\u00e9tico de la obra.<\/p>\n\n\n\n<p>El proyecto art\u00edstico est\u00e1 integrado por <strong>Melisa Schneider<\/strong>, actriz, dramaturga y productora de Ingeniero Maschwitz, <strong>Malena Vieytes<\/strong>, directora y responsable de la puesta en escena, oriunda de San Marcos, y <strong>Yana Bifari<\/strong>, asistente de direcci\u00f3n y t\u00e9cnica, proveniente de Capilla del Monte. El grupo se conform\u00f3 en 2024, a partir del encuentro de mujeres con trayectoria en el teatro y otras disciplinas, con el objetivo de abordar tem\u00e1ticas actuales desde una perspectiva art\u00edstica y visualmente potente.<\/p>\n\n\n\n<p>Las funciones en El Bondi se dieron en el marco de una gira por Buenos Aires que comenz\u00f3 el <strong>1\u00b0 de noviembre en Animal Teatro<\/strong>, coincidiendo con la Noche de Muertos, y que culmin\u00f3 el <strong>domingo 9 en La Choza de Padilla<\/strong>, en Vicente L\u00f3pez. Sin embargo, las dos presentaciones en el espacio cultural porte\u00f1o marcaron un punto alto del recorrido, tanto por la respuesta del p\u00fablico como por la consolidaci\u00f3n de la obra en la escena independiente.<\/p>\n\n\n\n<p>Con salas colmadas y una recepci\u00f3n entusiasta, el paso por El Bondi reafirm\u00f3 la vigencia de una propuesta que apuesta a la emoci\u00f3n, al cruce de lenguajes y a una mirada latinoamericana profunda, sostenida tambi\u00e9n por el trabajo de una artista de Ingeniero Maschwitz que contin\u00faa proyectando su obra en distintos escenarios.<\/p>\n","protected":false},"excerpt":{"rendered":"<p>La obra teatral que aborda la vida, el arte y la identidad desde una mirada latinoamericana vivi\u00f3 uno de sus&hellip;<\/p>\n","protected":false},"author":1,"featured_media":1704,"comment_status":"open","ping_status":"open","sticky":false,"template":"","format":"standard","meta":{"_monsterinsights_skip_tracking":false,"_monsterinsights_sitenote_active":false,"_monsterinsights_sitenote_note":"","_monsterinsights_sitenote_category":0,"footnotes":""},"categories":[75],"tags":[],"class_list":["post-1703","post","type-post","status-publish","format-standard","has-post-thumbnail","hentry","category-cultura"],"yoast_head":"<!-- This site is optimized with the Yoast SEO plugin v25.3.1 - https:\/\/yoast.com\/wordpress\/plugins\/seo\/ -->\n<title>Funciones a sala llena en El Bondi para una obra que conmovi\u00f3 al p\u00fablico porte\u00f1o - Noticias de Escobar<\/title>\n<meta name=\"description\" content=\"La obra teatral que aborda la vida, el arte y la identidad desde una mirada latinoamericana vivi\u00f3 uno de sus momentos m\u00e1s destacados durante su paso por Buenos Aires, con dos funciones a sala llena en el Centro Cultural El Bondi, consolidando el impacto de la propuesta ante el p\u00fablico porte\u00f1o.\" \/>\n<meta name=\"robots\" content=\"index, follow, max-snippet:-1, max-image-preview:large, max-video-preview:-1\" \/>\n<link rel=\"canonical\" href=\"https:\/\/noticiasdeescobar.online\/?p=1703\" \/>\n<meta property=\"og:locale\" content=\"es_ES\" \/>\n<meta property=\"og:type\" content=\"article\" \/>\n<meta property=\"og:title\" content=\"Funciones a sala llena en El Bondi para una obra que conmovi\u00f3 al p\u00fablico porte\u00f1o\" \/>\n<meta property=\"og:description\" content=\"La obra teatral que aborda la vida, el arte y la identidad desde una mirada latinoamericana vivi\u00f3 uno de sus momentos m\u00e1s destacados durante su paso por Buenos Aires, con dos funciones a sala llena en el Centro Cultural El Bondi, consolidando el impacto de la propuesta ante el p\u00fablico porte\u00f1o.\" \/>\n<meta property=\"og:url\" content=\"https:\/\/noticiasdeescobar.online\/?p=1703\" \/>\n<meta property=\"og:site_name\" content=\"Noticias de Escobar\" \/>\n<meta property=\"article:published_time\" content=\"2025-11-10T20:23:00+00:00\" \/>\n<meta property=\"article:modified_time\" content=\"2025-12-15T20:25:49+00:00\" \/>\n<meta property=\"og:image\" content=\"https:\/\/noticiasdeescobar.online\/wp-content\/uploads\/2025\/12\/c6f63c47-9e2b-4b06-9c5b-92c7901310c5.jpg\" \/>\n\t<meta property=\"og:image:width\" content=\"1200\" \/>\n\t<meta property=\"og:image:height\" content=\"965\" \/>\n\t<meta property=\"og:image:type\" content=\"image\/jpeg\" \/>\n<meta name=\"author\" content=\"Redacci\u00f3n\" \/>\n<meta name=\"twitter:card\" content=\"summary_large_image\" \/>\n<meta name=\"twitter:label1\" content=\"Escrito por\" \/>\n\t<meta name=\"twitter:data1\" content=\"Redacci\u00f3n\" \/>\n\t<meta name=\"twitter:label2\" content=\"Tiempo de lectura\" \/>\n\t<meta name=\"twitter:data2\" content=\"3 minutos\" \/>\n<script type=\"application\/ld+json\" class=\"yoast-schema-graph\">{\"@context\":\"https:\/\/schema.org\",\"@graph\":[{\"@type\":\"WebPage\",\"@id\":\"https:\/\/noticiasdeescobar.online\/?p=1703\",\"url\":\"https:\/\/noticiasdeescobar.online\/?p=1703\",\"name\":\"Funciones a sala llena en El Bondi para una obra que conmovi\u00f3 al p\u00fablico porte\u00f1o - Noticias de Escobar\",\"isPartOf\":{\"@id\":\"https:\/\/noticiasdeescobar.online\/#website\"},\"primaryImageOfPage\":{\"@id\":\"https:\/\/noticiasdeescobar.online\/?p=1703#primaryimage\"},\"image\":{\"@id\":\"https:\/\/noticiasdeescobar.online\/?p=1703#primaryimage\"},\"thumbnailUrl\":\"https:\/\/noticiasdeescobar.online\/wp-content\/uploads\/2025\/12\/c6f63c47-9e2b-4b06-9c5b-92c7901310c5.jpg\",\"datePublished\":\"2025-11-10T20:23:00+00:00\",\"dateModified\":\"2025-12-15T20:25:49+00:00\",\"author\":{\"@id\":\"https:\/\/noticiasdeescobar.online\/#\/schema\/person\/c80a19151f9337b50a779fe1f512ca6a\"},\"description\":\"La obra teatral que aborda la vida, el arte y la identidad desde una mirada latinoamericana vivi\u00f3 uno de sus momentos m\u00e1s destacados durante su paso por Buenos Aires, con dos funciones a sala llena en el Centro Cultural El Bondi, consolidando el impacto de la propuesta ante el p\u00fablico porte\u00f1o.\",\"breadcrumb\":{\"@id\":\"https:\/\/noticiasdeescobar.online\/?p=1703#breadcrumb\"},\"inLanguage\":\"es-AR\",\"potentialAction\":[{\"@type\":\"ReadAction\",\"target\":[\"https:\/\/noticiasdeescobar.online\/?p=1703\"]}]},{\"@type\":\"ImageObject\",\"inLanguage\":\"es-AR\",\"@id\":\"https:\/\/noticiasdeescobar.online\/?p=1703#primaryimage\",\"url\":\"https:\/\/noticiasdeescobar.online\/wp-content\/uploads\/2025\/12\/c6f63c47-9e2b-4b06-9c5b-92c7901310c5.jpg\",\"contentUrl\":\"https:\/\/noticiasdeescobar.online\/wp-content\/uploads\/2025\/12\/c6f63c47-9e2b-4b06-9c5b-92c7901310c5.jpg\",\"width\":1200,\"height\":965},{\"@type\":\"BreadcrumbList\",\"@id\":\"https:\/\/noticiasdeescobar.online\/?p=1703#breadcrumb\",\"itemListElement\":[{\"@type\":\"ListItem\",\"position\":1,\"name\":\"Inicio\",\"item\":\"https:\/\/noticiasdeescobar.online\/\"},{\"@type\":\"ListItem\",\"position\":2,\"name\":\"Funciones a sala llena en El Bondi para una obra que conmovi\u00f3 al p\u00fablico porte\u00f1o\"}]},{\"@type\":\"WebSite\",\"@id\":\"https:\/\/noticiasdeescobar.online\/#website\",\"url\":\"https:\/\/noticiasdeescobar.online\/\",\"name\":\"Noticias de Escobar\",\"description\":\"Noticias 24\/7\",\"potentialAction\":[{\"@type\":\"SearchAction\",\"target\":{\"@type\":\"EntryPoint\",\"urlTemplate\":\"https:\/\/noticiasdeescobar.online\/?s={search_term_string}\"},\"query-input\":{\"@type\":\"PropertyValueSpecification\",\"valueRequired\":true,\"valueName\":\"search_term_string\"}}],\"inLanguage\":\"es-AR\"},{\"@type\":\"Person\",\"@id\":\"https:\/\/noticiasdeescobar.online\/#\/schema\/person\/c80a19151f9337b50a779fe1f512ca6a\",\"name\":\"Redacci\u00f3n\",\"image\":{\"@type\":\"ImageObject\",\"inLanguage\":\"es-AR\",\"@id\":\"https:\/\/noticiasdeescobar.online\/#\/schema\/person\/image\/\",\"url\":\"https:\/\/secure.gravatar.com\/avatar\/1db77a0acc41b20b8cbce542c0459eb4?s=96&d=mm&r=g\",\"contentUrl\":\"https:\/\/secure.gravatar.com\/avatar\/1db77a0acc41b20b8cbce542c0459eb4?s=96&d=mm&r=g\",\"caption\":\"Redacci\u00f3n\"},\"sameAs\":[\"http:\/\/noticiasdeescobar.online\"],\"url\":\"https:\/\/noticiasdeescobar.online\/?author=1\"}]}<\/script>\n<!-- \/ Yoast SEO plugin. -->","yoast_head_json":{"title":"Funciones a sala llena en El Bondi para una obra que conmovi\u00f3 al p\u00fablico porte\u00f1o - Noticias de Escobar","description":"La obra teatral que aborda la vida, el arte y la identidad desde una mirada latinoamericana vivi\u00f3 uno de sus momentos m\u00e1s destacados durante su paso por Buenos Aires, con dos funciones a sala llena en el Centro Cultural El Bondi, consolidando el impacto de la propuesta ante el p\u00fablico porte\u00f1o.","robots":{"index":"index","follow":"follow","max-snippet":"max-snippet:-1","max-image-preview":"max-image-preview:large","max-video-preview":"max-video-preview:-1"},"canonical":"https:\/\/noticiasdeescobar.online\/?p=1703","og_locale":"es_ES","og_type":"article","og_title":"Funciones a sala llena en El Bondi para una obra que conmovi\u00f3 al p\u00fablico porte\u00f1o","og_description":"La obra teatral que aborda la vida, el arte y la identidad desde una mirada latinoamericana vivi\u00f3 uno de sus momentos m\u00e1s destacados durante su paso por Buenos Aires, con dos funciones a sala llena en el Centro Cultural El Bondi, consolidando el impacto de la propuesta ante el p\u00fablico porte\u00f1o.","og_url":"https:\/\/noticiasdeescobar.online\/?p=1703","og_site_name":"Noticias de Escobar","article_published_time":"2025-11-10T20:23:00+00:00","article_modified_time":"2025-12-15T20:25:49+00:00","og_image":[{"width":1200,"height":965,"url":"https:\/\/noticiasdeescobar.online\/wp-content\/uploads\/2025\/12\/c6f63c47-9e2b-4b06-9c5b-92c7901310c5.jpg","type":"image\/jpeg"}],"author":"Redacci\u00f3n","twitter_card":"summary_large_image","twitter_misc":{"Escrito por":"Redacci\u00f3n","Tiempo de lectura":"3 minutos"},"schema":{"@context":"https:\/\/schema.org","@graph":[{"@type":"WebPage","@id":"https:\/\/noticiasdeescobar.online\/?p=1703","url":"https:\/\/noticiasdeescobar.online\/?p=1703","name":"Funciones a sala llena en El Bondi para una obra que conmovi\u00f3 al p\u00fablico porte\u00f1o - Noticias de Escobar","isPartOf":{"@id":"https:\/\/noticiasdeescobar.online\/#website"},"primaryImageOfPage":{"@id":"https:\/\/noticiasdeescobar.online\/?p=1703#primaryimage"},"image":{"@id":"https:\/\/noticiasdeescobar.online\/?p=1703#primaryimage"},"thumbnailUrl":"https:\/\/noticiasdeescobar.online\/wp-content\/uploads\/2025\/12\/c6f63c47-9e2b-4b06-9c5b-92c7901310c5.jpg","datePublished":"2025-11-10T20:23:00+00:00","dateModified":"2025-12-15T20:25:49+00:00","author":{"@id":"https:\/\/noticiasdeescobar.online\/#\/schema\/person\/c80a19151f9337b50a779fe1f512ca6a"},"description":"La obra teatral que aborda la vida, el arte y la identidad desde una mirada latinoamericana vivi\u00f3 uno de sus momentos m\u00e1s destacados durante su paso por Buenos Aires, con dos funciones a sala llena en el Centro Cultural El Bondi, consolidando el impacto de la propuesta ante el p\u00fablico porte\u00f1o.","breadcrumb":{"@id":"https:\/\/noticiasdeescobar.online\/?p=1703#breadcrumb"},"inLanguage":"es-AR","potentialAction":[{"@type":"ReadAction","target":["https:\/\/noticiasdeescobar.online\/?p=1703"]}]},{"@type":"ImageObject","inLanguage":"es-AR","@id":"https:\/\/noticiasdeescobar.online\/?p=1703#primaryimage","url":"https:\/\/noticiasdeescobar.online\/wp-content\/uploads\/2025\/12\/c6f63c47-9e2b-4b06-9c5b-92c7901310c5.jpg","contentUrl":"https:\/\/noticiasdeescobar.online\/wp-content\/uploads\/2025\/12\/c6f63c47-9e2b-4b06-9c5b-92c7901310c5.jpg","width":1200,"height":965},{"@type":"BreadcrumbList","@id":"https:\/\/noticiasdeescobar.online\/?p=1703#breadcrumb","itemListElement":[{"@type":"ListItem","position":1,"name":"Inicio","item":"https:\/\/noticiasdeescobar.online\/"},{"@type":"ListItem","position":2,"name":"Funciones a sala llena en El Bondi para una obra que conmovi\u00f3 al p\u00fablico porte\u00f1o"}]},{"@type":"WebSite","@id":"https:\/\/noticiasdeescobar.online\/#website","url":"https:\/\/noticiasdeescobar.online\/","name":"Noticias de Escobar","description":"Noticias 24\/7","potentialAction":[{"@type":"SearchAction","target":{"@type":"EntryPoint","urlTemplate":"https:\/\/noticiasdeescobar.online\/?s={search_term_string}"},"query-input":{"@type":"PropertyValueSpecification","valueRequired":true,"valueName":"search_term_string"}}],"inLanguage":"es-AR"},{"@type":"Person","@id":"https:\/\/noticiasdeescobar.online\/#\/schema\/person\/c80a19151f9337b50a779fe1f512ca6a","name":"Redacci\u00f3n","image":{"@type":"ImageObject","inLanguage":"es-AR","@id":"https:\/\/noticiasdeescobar.online\/#\/schema\/person\/image\/","url":"https:\/\/secure.gravatar.com\/avatar\/1db77a0acc41b20b8cbce542c0459eb4?s=96&d=mm&r=g","contentUrl":"https:\/\/secure.gravatar.com\/avatar\/1db77a0acc41b20b8cbce542c0459eb4?s=96&d=mm&r=g","caption":"Redacci\u00f3n"},"sameAs":["http:\/\/noticiasdeescobar.online"],"url":"https:\/\/noticiasdeescobar.online\/?author=1"}]}},"_links":{"self":[{"href":"https:\/\/noticiasdeescobar.online\/index.php?rest_route=\/wp\/v2\/posts\/1703","targetHints":{"allow":["GET"]}}],"collection":[{"href":"https:\/\/noticiasdeescobar.online\/index.php?rest_route=\/wp\/v2\/posts"}],"about":[{"href":"https:\/\/noticiasdeescobar.online\/index.php?rest_route=\/wp\/v2\/types\/post"}],"author":[{"embeddable":true,"href":"https:\/\/noticiasdeescobar.online\/index.php?rest_route=\/wp\/v2\/users\/1"}],"replies":[{"embeddable":true,"href":"https:\/\/noticiasdeescobar.online\/index.php?rest_route=%2Fwp%2Fv2%2Fcomments&post=1703"}],"version-history":[{"count":1,"href":"https:\/\/noticiasdeescobar.online\/index.php?rest_route=\/wp\/v2\/posts\/1703\/revisions"}],"predecessor-version":[{"id":1705,"href":"https:\/\/noticiasdeescobar.online\/index.php?rest_route=\/wp\/v2\/posts\/1703\/revisions\/1705"}],"wp:featuredmedia":[{"embeddable":true,"href":"https:\/\/noticiasdeescobar.online\/index.php?rest_route=\/wp\/v2\/media\/1704"}],"wp:attachment":[{"href":"https:\/\/noticiasdeescobar.online\/index.php?rest_route=%2Fwp%2Fv2%2Fmedia&parent=1703"}],"wp:term":[{"taxonomy":"category","embeddable":true,"href":"https:\/\/noticiasdeescobar.online\/index.php?rest_route=%2Fwp%2Fv2%2Fcategories&post=1703"},{"taxonomy":"post_tag","embeddable":true,"href":"https:\/\/noticiasdeescobar.online\/index.php?rest_route=%2Fwp%2Fv2%2Ftags&post=1703"}],"curies":[{"name":"wp","href":"https:\/\/api.w.org\/{rel}","templated":true}]}}