{"id":1707,"date":"2025-12-18T14:11:33","date_gmt":"2025-12-18T14:11:33","guid":{"rendered":"https:\/\/noticiasdeescobar.online\/?p=1707"},"modified":"2025-12-18T14:11:35","modified_gmt":"2025-12-18T14:11:35","slug":"fundacion-temaiken-aumento-su-consumo-energetico-de-fuentes-renovables","status":"publish","type":"post","link":"https:\/\/noticiasdeescobar.online\/?p=1707","title":{"rendered":"Fundaci\u00f3n Temaik\u00e8n aument\u00f3 su consumo energ\u00e9tico de fuentes renovables"},"content":{"rendered":"\n<p class=\"has-vivid-red-color has-text-color has-link-color wp-elements-6676b7113be9fd169f4c40d91ea511f9\"><strong><em>Abastece el 80% de la demanda de su bioparque con energ\u00eda solar y e\u00f3lica de YPF Luz.<\/em><\/strong><\/p>\n\n\n\n<!--more-->\n\n\n\n<p><\/p>\n\n\n\n<p>Fundaci\u00f3n Temaik\u00e8n, que lleva 25 a\u00f1os al servicio de la conservaci\u00f3n y restauraci\u00f3n de la biodiversidad, refuerza su compromiso con el ambiente mediante un acuerdo con YPF Luz, l\u00edder en generaci\u00f3n de energ\u00eda el\u00e9ctrica.<\/p>\n\n\n\n<p>Desde 2023, su reconocido bioparque ubicado en Bel\u00e9n de Escobar, abastece sus instalaciones con energ\u00eda renovable. Est\u00e1n dise\u00f1adas para el cuidado y tratamiento del agua en lagos y acuarios, garantizando as\u00ed el bienestar de los animales que habitan estos ecosistemas. El proceso se realiza mediante circuitos cerrados, optimizando los recursos y evitando el desperdicio de agua.<\/p>\n\n\n\n<p>En un principio, el 30% de su consumo el\u00e9ctrico se abastec\u00eda con energ\u00eda del Parque Solar Zonda, ubicado en San Juan. Recientemente, decidieron aumentar el porcentaje y llegar a un 80% renovable sobre el total de su consumo. Se complementa este abastecimiento con energ\u00eda del Parque E\u00f3lico General Levalle, ubicado en C\u00f3rdoba.<\/p>\n\n\n<div class=\"wp-block-image\">\n<figure class=\"aligncenter size-large\"><img loading=\"lazy\" decoding=\"async\" width=\"1024\" height=\"676\" src=\"https:\/\/noticiasdeescobar.online\/wp-content\/uploads\/2025\/12\/TMK08207-1024x676.jpg\" alt=\"\" class=\"wp-image-1709\" srcset=\"https:\/\/noticiasdeescobar.online\/wp-content\/uploads\/2025\/12\/TMK08207-1024x676.jpg 1024w, https:\/\/noticiasdeescobar.online\/wp-content\/uploads\/2025\/12\/TMK08207-300x198.jpg 300w, https:\/\/noticiasdeescobar.online\/wp-content\/uploads\/2025\/12\/TMK08207-768x507.jpg 768w, https:\/\/noticiasdeescobar.online\/wp-content\/uploads\/2025\/12\/TMK08207-1536x1013.jpg 1536w, https:\/\/noticiasdeescobar.online\/wp-content\/uploads\/2025\/12\/TMK08207-2048x1351.jpg 2048w\" sizes=\"auto, (max-width: 1024px) 100vw, 1024px\" \/><\/figure><\/div>\n\n\n<p>La apuesta escalonada de Fundaci\u00f3n Temaik\u00e8n demuestra la confianza en YPF Luz y ejemplifica c\u00f3mo las energ\u00edas renovables se han convertido en una alternativa costo-eficiente y competitiva en el abastecimiento energ\u00e9tico de diferentes industrias. Desde la celebraci\u00f3n del PPA (Power Purchase Agreement) hasta la actualidad, Fundaci\u00f3n Temaik\u00e8n recibi\u00f3 6.000 MWh de energ\u00eda renovable, que equivalen al consumo de 2.000 de hogares argentinos aproximadamente.<\/p>\n\n\n\n<p>\u201cPara Fundaci\u00f3n Temaik\u00e8n la sostenibilidad es parte de nuestra misi\u00f3n. Este acuerdo con YPF Luz refuerza el camino que venimos transitando: sumar acciones concretas que cuiden el ambiente y que al mismo tiempo nos permitan mostrar que es posible transformar la manera en que usamos la energ\u00eda. Lograrlo junto a un socio estrat\u00e9gico como YPF Luz demuestra que la conservaci\u00f3n requiere de alianzas que trascienden sectores y que generan un impacto real\u201d, destac\u00f3 Sergio Guerra, director general de Fundaci\u00f3n Temaik\u00e8n.<\/p>\n\n\n\n<p>\u201cEstamos felices de profundizar nuestra alianza con Fundaci\u00f3n Temaik\u00e8n. Este nuevo paso demuestra la confiabilidad que tienen las empresas en YPF Luz y nos impulsa a continuar ofreciendo soluciones energ\u00e9ticas eficientes que se adapten a las diferentes demandas. Tambi\u00e9n exploraremos junto a Temaik\u00e8n acciones de voluntariado corporativo, ya que contamos con un robusto y exitoso Plan de Inversi\u00f3n Social que nos permite impactar positivamente en las comunidades donde operamos\u201d, expres\u00f3 Mart\u00edn Mandarano, CEO de YPF Luz.<\/p>\n","protected":false},"excerpt":{"rendered":"<p>Abastece el 80% de la demanda de su bioparque con energ\u00eda solar y e\u00f3lica de YPF Luz.<\/p>\n","protected":false},"author":1,"featured_media":1708,"comment_status":"open","ping_status":"open","sticky":false,"template":"","format":"standard","meta":{"_monsterinsights_skip_tracking":false,"_monsterinsights_sitenote_active":false,"_monsterinsights_sitenote_note":"","_monsterinsights_sitenote_category":0,"footnotes":""},"categories":[6],"tags":[253,252,238],"class_list":["post-1707","post","type-post","status-publish","format-standard","has-post-thumbnail","hentry","category-interes-general","tag-energia-eolica","tag-energia-solar","tag-fundacion-temaiken"],"yoast_head":"<!-- This site is optimized with the Yoast SEO plugin v25.3.1 - https:\/\/yoast.com\/wordpress\/plugins\/seo\/ -->\n<title>Fundaci\u00f3n Temaik\u00e8n aument\u00f3 su consumo energ\u00e9tico de fuentes renovables - Noticias de Escobar<\/title>\n<meta name=\"description\" content=\"Abastece el 80% de la demanda de su bioparque con energ\u00eda solar y e\u00f3lica de YPF Luz.\" \/>\n<meta name=\"robots\" content=\"index, follow, max-snippet:-1, max-image-preview:large, max-video-preview:-1\" \/>\n<link rel=\"canonical\" href=\"https:\/\/noticiasdeescobar.online\/?p=1707\" \/>\n<meta property=\"og:locale\" content=\"es_ES\" \/>\n<meta property=\"og:type\" content=\"article\" \/>\n<meta property=\"og:title\" content=\"Fundaci\u00f3n Temaik\u00e8n aument\u00f3 su consumo energ\u00e9tico de fuentes renovables\" \/>\n<meta property=\"og:description\" content=\"Abastece el 80% de la demanda de su bioparque con energ\u00eda solar y e\u00f3lica de YPF Luz.\" \/>\n<meta property=\"og:url\" content=\"https:\/\/noticiasdeescobar.online\/?p=1707\" \/>\n<meta property=\"og:site_name\" content=\"Noticias de Escobar\" \/>\n<meta property=\"article:published_time\" content=\"2025-12-18T14:11:33+00:00\" \/>\n<meta property=\"article:modified_time\" content=\"2025-12-18T14:11:35+00:00\" \/>\n<meta property=\"og:image\" content=\"https:\/\/noticiasdeescobar.online\/wp-content\/uploads\/2025\/12\/Foto-16-12-25-10-02-57-a-m-scaled.jpg\" \/>\n\t<meta property=\"og:image:width\" content=\"2560\" \/>\n\t<meta property=\"og:image:height\" content=\"1440\" \/>\n\t<meta property=\"og:image:type\" content=\"image\/jpeg\" \/>\n<meta name=\"author\" content=\"Redacci\u00f3n\" \/>\n<meta name=\"twitter:card\" content=\"summary_large_image\" \/>\n<meta name=\"twitter:label1\" content=\"Escrito por\" \/>\n\t<meta name=\"twitter:data1\" content=\"Redacci\u00f3n\" \/>\n\t<meta name=\"twitter:label2\" content=\"Tiempo de lectura\" \/>\n\t<meta name=\"twitter:data2\" content=\"3 minutos\" \/>\n<script type=\"application\/ld+json\" class=\"yoast-schema-graph\">{\"@context\":\"https:\/\/schema.org\",\"@graph\":[{\"@type\":\"WebPage\",\"@id\":\"https:\/\/noticiasdeescobar.online\/?p=1707\",\"url\":\"https:\/\/noticiasdeescobar.online\/?p=1707\",\"name\":\"Fundaci\u00f3n Temaik\u00e8n aument\u00f3 su consumo energ\u00e9tico de fuentes renovables - Noticias de Escobar\",\"isPartOf\":{\"@id\":\"https:\/\/noticiasdeescobar.online\/#website\"},\"primaryImageOfPage\":{\"@id\":\"https:\/\/noticiasdeescobar.online\/?p=1707#primaryimage\"},\"image\":{\"@id\":\"https:\/\/noticiasdeescobar.online\/?p=1707#primaryimage\"},\"thumbnailUrl\":\"https:\/\/noticiasdeescobar.online\/wp-content\/uploads\/2025\/12\/Foto-16-12-25-10-02-57-a-m-scaled.jpg\",\"datePublished\":\"2025-12-18T14:11:33+00:00\",\"dateModified\":\"2025-12-18T14:11:35+00:00\",\"author\":{\"@id\":\"https:\/\/noticiasdeescobar.online\/#\/schema\/person\/c80a19151f9337b50a779fe1f512ca6a\"},\"description\":\"Abastece el 80% de la demanda de su bioparque con energ\u00eda solar y e\u00f3lica de YPF Luz.\",\"breadcrumb\":{\"@id\":\"https:\/\/noticiasdeescobar.online\/?p=1707#breadcrumb\"},\"inLanguage\":\"es-AR\",\"potentialAction\":[{\"@type\":\"ReadAction\",\"target\":[\"https:\/\/noticiasdeescobar.online\/?p=1707\"]}]},{\"@type\":\"ImageObject\",\"inLanguage\":\"es-AR\",\"@id\":\"https:\/\/noticiasdeescobar.online\/?p=1707#primaryimage\",\"url\":\"https:\/\/noticiasdeescobar.online\/wp-content\/uploads\/2025\/12\/Foto-16-12-25-10-02-57-a-m-scaled.jpg\",\"contentUrl\":\"https:\/\/noticiasdeescobar.online\/wp-content\/uploads\/2025\/12\/Foto-16-12-25-10-02-57-a-m-scaled.jpg\",\"width\":2560,\"height\":1440},{\"@type\":\"BreadcrumbList\",\"@id\":\"https:\/\/noticiasdeescobar.online\/?p=1707#breadcrumb\",\"itemListElement\":[{\"@type\":\"ListItem\",\"position\":1,\"name\":\"Inicio\",\"item\":\"https:\/\/noticiasdeescobar.online\/\"},{\"@type\":\"ListItem\",\"position\":2,\"name\":\"Fundaci\u00f3n Temaik\u00e8n aument\u00f3 su consumo energ\u00e9tico de fuentes renovables\"}]},{\"@type\":\"WebSite\",\"@id\":\"https:\/\/noticiasdeescobar.online\/#website\",\"url\":\"https:\/\/noticiasdeescobar.online\/\",\"name\":\"Noticias de Escobar\",\"description\":\"Noticias 24\/7\",\"potentialAction\":[{\"@type\":\"SearchAction\",\"target\":{\"@type\":\"EntryPoint\",\"urlTemplate\":\"https:\/\/noticiasdeescobar.online\/?s={search_term_string}\"},\"query-input\":{\"@type\":\"PropertyValueSpecification\",\"valueRequired\":true,\"valueName\":\"search_term_string\"}}],\"inLanguage\":\"es-AR\"},{\"@type\":\"Person\",\"@id\":\"https:\/\/noticiasdeescobar.online\/#\/schema\/person\/c80a19151f9337b50a779fe1f512ca6a\",\"name\":\"Redacci\u00f3n\",\"image\":{\"@type\":\"ImageObject\",\"inLanguage\":\"es-AR\",\"@id\":\"https:\/\/noticiasdeescobar.online\/#\/schema\/person\/image\/\",\"url\":\"https:\/\/secure.gravatar.com\/avatar\/1db77a0acc41b20b8cbce542c0459eb4?s=96&d=mm&r=g\",\"contentUrl\":\"https:\/\/secure.gravatar.com\/avatar\/1db77a0acc41b20b8cbce542c0459eb4?s=96&d=mm&r=g\",\"caption\":\"Redacci\u00f3n\"},\"sameAs\":[\"http:\/\/noticiasdeescobar.online\"],\"url\":\"https:\/\/noticiasdeescobar.online\/?author=1\"}]}<\/script>\n<!-- \/ Yoast SEO plugin. -->","yoast_head_json":{"title":"Fundaci\u00f3n Temaik\u00e8n aument\u00f3 su consumo energ\u00e9tico de fuentes renovables - Noticias de Escobar","description":"Abastece el 80% de la demanda de su bioparque con energ\u00eda solar y e\u00f3lica de YPF Luz.","robots":{"index":"index","follow":"follow","max-snippet":"max-snippet:-1","max-image-preview":"max-image-preview:large","max-video-preview":"max-video-preview:-1"},"canonical":"https:\/\/noticiasdeescobar.online\/?p=1707","og_locale":"es_ES","og_type":"article","og_title":"Fundaci\u00f3n Temaik\u00e8n aument\u00f3 su consumo energ\u00e9tico de fuentes renovables","og_description":"Abastece el 80% de la demanda de su bioparque con energ\u00eda solar y e\u00f3lica de YPF Luz.","og_url":"https:\/\/noticiasdeescobar.online\/?p=1707","og_site_name":"Noticias de Escobar","article_published_time":"2025-12-18T14:11:33+00:00","article_modified_time":"2025-12-18T14:11:35+00:00","og_image":[{"width":2560,"height":1440,"url":"https:\/\/noticiasdeescobar.online\/wp-content\/uploads\/2025\/12\/Foto-16-12-25-10-02-57-a-m-scaled.jpg","type":"image\/jpeg"}],"author":"Redacci\u00f3n","twitter_card":"summary_large_image","twitter_misc":{"Escrito por":"Redacci\u00f3n","Tiempo de lectura":"3 minutos"},"schema":{"@context":"https:\/\/schema.org","@graph":[{"@type":"WebPage","@id":"https:\/\/noticiasdeescobar.online\/?p=1707","url":"https:\/\/noticiasdeescobar.online\/?p=1707","name":"Fundaci\u00f3n Temaik\u00e8n aument\u00f3 su consumo energ\u00e9tico de fuentes renovables - Noticias de Escobar","isPartOf":{"@id":"https:\/\/noticiasdeescobar.online\/#website"},"primaryImageOfPage":{"@id":"https:\/\/noticiasdeescobar.online\/?p=1707#primaryimage"},"image":{"@id":"https:\/\/noticiasdeescobar.online\/?p=1707#primaryimage"},"thumbnailUrl":"https:\/\/noticiasdeescobar.online\/wp-content\/uploads\/2025\/12\/Foto-16-12-25-10-02-57-a-m-scaled.jpg","datePublished":"2025-12-18T14:11:33+00:00","dateModified":"2025-12-18T14:11:35+00:00","author":{"@id":"https:\/\/noticiasdeescobar.online\/#\/schema\/person\/c80a19151f9337b50a779fe1f512ca6a"},"description":"Abastece el 80% de la demanda de su bioparque con energ\u00eda solar y e\u00f3lica de YPF Luz.","breadcrumb":{"@id":"https:\/\/noticiasdeescobar.online\/?p=1707#breadcrumb"},"inLanguage":"es-AR","potentialAction":[{"@type":"ReadAction","target":["https:\/\/noticiasdeescobar.online\/?p=1707"]}]},{"@type":"ImageObject","inLanguage":"es-AR","@id":"https:\/\/noticiasdeescobar.online\/?p=1707#primaryimage","url":"https:\/\/noticiasdeescobar.online\/wp-content\/uploads\/2025\/12\/Foto-16-12-25-10-02-57-a-m-scaled.jpg","contentUrl":"https:\/\/noticiasdeescobar.online\/wp-content\/uploads\/2025\/12\/Foto-16-12-25-10-02-57-a-m-scaled.jpg","width":2560,"height":1440},{"@type":"BreadcrumbList","@id":"https:\/\/noticiasdeescobar.online\/?p=1707#breadcrumb","itemListElement":[{"@type":"ListItem","position":1,"name":"Inicio","item":"https:\/\/noticiasdeescobar.online\/"},{"@type":"ListItem","position":2,"name":"Fundaci\u00f3n Temaik\u00e8n aument\u00f3 su consumo energ\u00e9tico de fuentes renovables"}]},{"@type":"WebSite","@id":"https:\/\/noticiasdeescobar.online\/#website","url":"https:\/\/noticiasdeescobar.online\/","name":"Noticias de Escobar","description":"Noticias 24\/7","potentialAction":[{"@type":"SearchAction","target":{"@type":"EntryPoint","urlTemplate":"https:\/\/noticiasdeescobar.online\/?s={search_term_string}"},"query-input":{"@type":"PropertyValueSpecification","valueRequired":true,"valueName":"search_term_string"}}],"inLanguage":"es-AR"},{"@type":"Person","@id":"https:\/\/noticiasdeescobar.online\/#\/schema\/person\/c80a19151f9337b50a779fe1f512ca6a","name":"Redacci\u00f3n","image":{"@type":"ImageObject","inLanguage":"es-AR","@id":"https:\/\/noticiasdeescobar.online\/#\/schema\/person\/image\/","url":"https:\/\/secure.gravatar.com\/avatar\/1db77a0acc41b20b8cbce542c0459eb4?s=96&d=mm&r=g","contentUrl":"https:\/\/secure.gravatar.com\/avatar\/1db77a0acc41b20b8cbce542c0459eb4?s=96&d=mm&r=g","caption":"Redacci\u00f3n"},"sameAs":["http:\/\/noticiasdeescobar.online"],"url":"https:\/\/noticiasdeescobar.online\/?author=1"}]}},"_links":{"self":[{"href":"https:\/\/noticiasdeescobar.online\/index.php?rest_route=\/wp\/v2\/posts\/1707","targetHints":{"allow":["GET"]}}],"collection":[{"href":"https:\/\/noticiasdeescobar.online\/index.php?rest_route=\/wp\/v2\/posts"}],"about":[{"href":"https:\/\/noticiasdeescobar.online\/index.php?rest_route=\/wp\/v2\/types\/post"}],"author":[{"embeddable":true,"href":"https:\/\/noticiasdeescobar.online\/index.php?rest_route=\/wp\/v2\/users\/1"}],"replies":[{"embeddable":true,"href":"https:\/\/noticiasdeescobar.online\/index.php?rest_route=%2Fwp%2Fv2%2Fcomments&post=1707"}],"version-history":[{"count":1,"href":"https:\/\/noticiasdeescobar.online\/index.php?rest_route=\/wp\/v2\/posts\/1707\/revisions"}],"predecessor-version":[{"id":1710,"href":"https:\/\/noticiasdeescobar.online\/index.php?rest_route=\/wp\/v2\/posts\/1707\/revisions\/1710"}],"wp:featuredmedia":[{"embeddable":true,"href":"https:\/\/noticiasdeescobar.online\/index.php?rest_route=\/wp\/v2\/media\/1708"}],"wp:attachment":[{"href":"https:\/\/noticiasdeescobar.online\/index.php?rest_route=%2Fwp%2Fv2%2Fmedia&parent=1707"}],"wp:term":[{"taxonomy":"category","embeddable":true,"href":"https:\/\/noticiasdeescobar.online\/index.php?rest_route=%2Fwp%2Fv2%2Fcategories&post=1707"},{"taxonomy":"post_tag","embeddable":true,"href":"https:\/\/noticiasdeescobar.online\/index.php?rest_route=%2Fwp%2Fv2%2Ftags&post=1707"}],"curies":[{"name":"wp","href":"https:\/\/api.w.org\/{rel}","templated":true}]}}