{"id":1743,"date":"2026-01-01T22:09:35","date_gmt":"2026-01-01T22:09:35","guid":{"rendered":"https:\/\/noticiasdeescobar.online\/?p=1743"},"modified":"2026-01-02T00:02:15","modified_gmt":"2026-01-02T00:02:15","slug":"en-una-ambulancia-nacio-el-primer-bebe-del-ano","status":"publish","type":"post","link":"https:\/\/noticiasdeescobar.online\/?p=1743","title":{"rendered":"En una ambulancia, naci\u00f3 el primer beb\u00e9 del a\u00f1o"},"content":{"rendered":"\n<p class=\"has-vivid-red-color has-text-color has-link-color wp-elements-c1de30beed0fc892804397524a393673\"><strong><em>Luna naci\u00f3 en la camilla, ingresando al Hospital de Escobar, mientras se dirig\u00eda en un m\u00f3vil del SAME.<\/em><\/strong><\/p>\n\n\n\n<!--more-->\n\n\n\n<p>Un hecho curioso se dio en Escobar, donde Luna, una hermosa beb\u00e9 que naci\u00f3 con 2,509 kg, decidi\u00f3 no esperar mucho cuando decidi\u00f3 venir al mundo.<\/p>\n\n\n\n<p>El 1\u00b0 de enero, cerca de las 2AM, entre festejos y pan dulce, la mam\u00e1 -Juliana Medina, vecina de Gar\u00edn- sinti\u00f3 las contracciones y le pidi\u00f3 a una amiga suya, Luc\u00eda, que es bombera voluntaria de esa localidad, que pida una ambulancia ya que el dolor era fuerte y preve\u00eda que no iba a contar con mucho tiempo hasta dar a luz. <\/p>\n\n\n\n<p>\u201cLas contracciones eran tan repentinas que no hubo tiempo de salir por nuestros medios, sent\u00eda que nac\u00eda en casa literalmente\u201d, cuenta ahora la mam\u00e1, ya con su beb\u00e9 en brazos, mientras se recupera de lo vivido hace algunas horas.<\/p>\n\n\n\n<p>En ese contexto, r\u00e1pidamente lleg\u00f3 a su casa una ambulancia del SAME, con el objetivo de trasladarla al Hospital Erill.<\/p>\n\n\n\n<p>Pero Luna, la beb\u00e9 en camino, ten\u00eda otros planes: \u201cella decidi\u00f3 nacer nada m\u00e1s y nada menos que en la camilla de la ambulancia\u201d, acota Juliana, para enseguida agradecer el trabajo de los profesionales de ese cuerpo municipal: \u201cla ambulancia lleg\u00f3 con dos \u00e1ngeles enviados por Dios, el Dr. Jason Tovar y Manuel Couti\u00f1o, el chofer. Sin dudas, sin la ayuda de ellos dos no podr\u00eda haber tenido un parto tan brillante, agradezco de coraz\u00f3n la paciencia, el amor, y la amabilidad de ambos, fue un encuentro maravilloso en el que sin dudas ellos colaboraron much\u00edsimo. \u00a1El Dr. Tovar en ning\u00fan momento solt\u00f3 mi mano! Lo llevar\u00e9 por siempre en mi coraz\u00f3n\u201d. <\/p>\n\n\n\n<p>En el veh\u00edculo tambi\u00e9n viaj\u00f3 Brenda, hermana de la mam\u00e1 y madrina de la reci\u00e9n nacida. El pap\u00e1, junto a la primera hija de Juliana, llegaron minutos m\u00e1s tarde al hospital. <\/p>\n","protected":false},"excerpt":{"rendered":"<p>Luna naci\u00f3 en la camilla, ingresando al Hospital de Escobar, mientras se dirig\u00eda en un m\u00f3vil del SAME.<\/p>\n","protected":false},"author":1,"featured_media":1746,"comment_status":"open","ping_status":"open","sticky":false,"template":"","format":"standard","meta":{"_monsterinsights_skip_tracking":false,"_monsterinsights_sitenote_active":false,"_monsterinsights_sitenote_note":"","_monsterinsights_sitenote_category":0,"footnotes":""},"categories":[6],"tags":[],"class_list":["post-1743","post","type-post","status-publish","format-standard","has-post-thumbnail","hentry","category-interes-general"],"yoast_head":"<!-- This site is optimized with the Yoast SEO plugin v25.3.1 - https:\/\/yoast.com\/wordpress\/plugins\/seo\/ -->\n<title>En una ambulancia, naci\u00f3 el primer beb\u00e9 del a\u00f1o - Noticias de Escobar<\/title>\n<meta name=\"description\" content=\"Luna naci\u00f3 camino hacia el Hospital de Escobar, mientras se dirig\u00eda en un m\u00f3vil del SAME.\" \/>\n<meta name=\"robots\" content=\"index, follow, max-snippet:-1, max-image-preview:large, max-video-preview:-1\" \/>\n<link rel=\"canonical\" href=\"https:\/\/noticiasdeescobar.online\/?p=1743\" \/>\n<meta property=\"og:locale\" content=\"es_ES\" \/>\n<meta property=\"og:type\" content=\"article\" \/>\n<meta property=\"og:title\" content=\"En una ambulancia, naci\u00f3 el primer beb\u00e9 del a\u00f1o\" \/>\n<meta property=\"og:description\" content=\"Luna naci\u00f3 camino hacia el Hospital de Escobar, mientras se dirig\u00eda en un m\u00f3vil del SAME.\" \/>\n<meta property=\"og:url\" content=\"https:\/\/noticiasdeescobar.online\/?p=1743\" \/>\n<meta property=\"og:site_name\" content=\"Noticias de Escobar\" \/>\n<meta property=\"article:published_time\" content=\"2026-01-01T22:09:35+00:00\" \/>\n<meta property=\"article:modified_time\" content=\"2026-01-02T00:02:15+00:00\" \/>\n<meta property=\"og:image\" content=\"https:\/\/noticiasdeescobar.online\/wp-content\/uploads\/2026\/01\/bebe_2_2026.jpeg\" \/>\n\t<meta property=\"og:image:width\" content=\"1280\" \/>\n\t<meta property=\"og:image:height\" content=\"960\" \/>\n\t<meta property=\"og:image:type\" content=\"image\/jpeg\" \/>\n<meta name=\"author\" content=\"Redacci\u00f3n\" \/>\n<meta name=\"twitter:card\" content=\"summary_large_image\" \/>\n<meta name=\"twitter:label1\" content=\"Escrito por\" \/>\n\t<meta name=\"twitter:data1\" content=\"Redacci\u00f3n\" \/>\n\t<meta name=\"twitter:label2\" content=\"Tiempo de lectura\" \/>\n\t<meta name=\"twitter:data2\" content=\"2 minutos\" \/>\n<script type=\"application\/ld+json\" class=\"yoast-schema-graph\">{\"@context\":\"https:\/\/schema.org\",\"@graph\":[{\"@type\":\"WebPage\",\"@id\":\"https:\/\/noticiasdeescobar.online\/?p=1743\",\"url\":\"https:\/\/noticiasdeescobar.online\/?p=1743\",\"name\":\"En una ambulancia, naci\u00f3 el primer beb\u00e9 del a\u00f1o - Noticias de Escobar\",\"isPartOf\":{\"@id\":\"https:\/\/noticiasdeescobar.online\/#website\"},\"primaryImageOfPage\":{\"@id\":\"https:\/\/noticiasdeescobar.online\/?p=1743#primaryimage\"},\"image\":{\"@id\":\"https:\/\/noticiasdeescobar.online\/?p=1743#primaryimage\"},\"thumbnailUrl\":\"https:\/\/noticiasdeescobar.online\/wp-content\/uploads\/2026\/01\/bebe_2_2026.jpeg\",\"datePublished\":\"2026-01-01T22:09:35+00:00\",\"dateModified\":\"2026-01-02T00:02:15+00:00\",\"author\":{\"@id\":\"https:\/\/noticiasdeescobar.online\/#\/schema\/person\/c80a19151f9337b50a779fe1f512ca6a\"},\"description\":\"Luna naci\u00f3 camino hacia el Hospital de Escobar, mientras se dirig\u00eda en un m\u00f3vil del SAME.\",\"breadcrumb\":{\"@id\":\"https:\/\/noticiasdeescobar.online\/?p=1743#breadcrumb\"},\"inLanguage\":\"es-AR\",\"potentialAction\":[{\"@type\":\"ReadAction\",\"target\":[\"https:\/\/noticiasdeescobar.online\/?p=1743\"]}]},{\"@type\":\"ImageObject\",\"inLanguage\":\"es-AR\",\"@id\":\"https:\/\/noticiasdeescobar.online\/?p=1743#primaryimage\",\"url\":\"https:\/\/noticiasdeescobar.online\/wp-content\/uploads\/2026\/01\/bebe_2_2026.jpeg\",\"contentUrl\":\"https:\/\/noticiasdeescobar.online\/wp-content\/uploads\/2026\/01\/bebe_2_2026.jpeg\",\"width\":1280,\"height\":960},{\"@type\":\"BreadcrumbList\",\"@id\":\"https:\/\/noticiasdeescobar.online\/?p=1743#breadcrumb\",\"itemListElement\":[{\"@type\":\"ListItem\",\"position\":1,\"name\":\"Inicio\",\"item\":\"https:\/\/noticiasdeescobar.online\/\"},{\"@type\":\"ListItem\",\"position\":2,\"name\":\"En una ambulancia, naci\u00f3 el primer beb\u00e9 del a\u00f1o\"}]},{\"@type\":\"WebSite\",\"@id\":\"https:\/\/noticiasdeescobar.online\/#website\",\"url\":\"https:\/\/noticiasdeescobar.online\/\",\"name\":\"Noticias de Escobar\",\"description\":\"Noticias 24\/7\",\"potentialAction\":[{\"@type\":\"SearchAction\",\"target\":{\"@type\":\"EntryPoint\",\"urlTemplate\":\"https:\/\/noticiasdeescobar.online\/?s={search_term_string}\"},\"query-input\":{\"@type\":\"PropertyValueSpecification\",\"valueRequired\":true,\"valueName\":\"search_term_string\"}}],\"inLanguage\":\"es-AR\"},{\"@type\":\"Person\",\"@id\":\"https:\/\/noticiasdeescobar.online\/#\/schema\/person\/c80a19151f9337b50a779fe1f512ca6a\",\"name\":\"Redacci\u00f3n\",\"image\":{\"@type\":\"ImageObject\",\"inLanguage\":\"es-AR\",\"@id\":\"https:\/\/noticiasdeescobar.online\/#\/schema\/person\/image\/\",\"url\":\"https:\/\/secure.gravatar.com\/avatar\/1db77a0acc41b20b8cbce542c0459eb4?s=96&d=mm&r=g\",\"contentUrl\":\"https:\/\/secure.gravatar.com\/avatar\/1db77a0acc41b20b8cbce542c0459eb4?s=96&d=mm&r=g\",\"caption\":\"Redacci\u00f3n\"},\"sameAs\":[\"http:\/\/noticiasdeescobar.online\"],\"url\":\"https:\/\/noticiasdeescobar.online\/?author=1\"}]}<\/script>\n<!-- \/ Yoast SEO plugin. -->","yoast_head_json":{"title":"En una ambulancia, naci\u00f3 el primer beb\u00e9 del a\u00f1o - Noticias de Escobar","description":"Luna naci\u00f3 camino hacia el Hospital de Escobar, mientras se dirig\u00eda en un m\u00f3vil del SAME.","robots":{"index":"index","follow":"follow","max-snippet":"max-snippet:-1","max-image-preview":"max-image-preview:large","max-video-preview":"max-video-preview:-1"},"canonical":"https:\/\/noticiasdeescobar.online\/?p=1743","og_locale":"es_ES","og_type":"article","og_title":"En una ambulancia, naci\u00f3 el primer beb\u00e9 del a\u00f1o","og_description":"Luna naci\u00f3 camino hacia el Hospital de Escobar, mientras se dirig\u00eda en un m\u00f3vil del SAME.","og_url":"https:\/\/noticiasdeescobar.online\/?p=1743","og_site_name":"Noticias de Escobar","article_published_time":"2026-01-01T22:09:35+00:00","article_modified_time":"2026-01-02T00:02:15+00:00","og_image":[{"width":1280,"height":960,"url":"https:\/\/noticiasdeescobar.online\/wp-content\/uploads\/2026\/01\/bebe_2_2026.jpeg","type":"image\/jpeg"}],"author":"Redacci\u00f3n","twitter_card":"summary_large_image","twitter_misc":{"Escrito por":"Redacci\u00f3n","Tiempo de lectura":"2 minutos"},"schema":{"@context":"https:\/\/schema.org","@graph":[{"@type":"WebPage","@id":"https:\/\/noticiasdeescobar.online\/?p=1743","url":"https:\/\/noticiasdeescobar.online\/?p=1743","name":"En una ambulancia, naci\u00f3 el primer beb\u00e9 del a\u00f1o - Noticias de Escobar","isPartOf":{"@id":"https:\/\/noticiasdeescobar.online\/#website"},"primaryImageOfPage":{"@id":"https:\/\/noticiasdeescobar.online\/?p=1743#primaryimage"},"image":{"@id":"https:\/\/noticiasdeescobar.online\/?p=1743#primaryimage"},"thumbnailUrl":"https:\/\/noticiasdeescobar.online\/wp-content\/uploads\/2026\/01\/bebe_2_2026.jpeg","datePublished":"2026-01-01T22:09:35+00:00","dateModified":"2026-01-02T00:02:15+00:00","author":{"@id":"https:\/\/noticiasdeescobar.online\/#\/schema\/person\/c80a19151f9337b50a779fe1f512ca6a"},"description":"Luna naci\u00f3 camino hacia el Hospital de Escobar, mientras se dirig\u00eda en un m\u00f3vil del SAME.","breadcrumb":{"@id":"https:\/\/noticiasdeescobar.online\/?p=1743#breadcrumb"},"inLanguage":"es-AR","potentialAction":[{"@type":"ReadAction","target":["https:\/\/noticiasdeescobar.online\/?p=1743"]}]},{"@type":"ImageObject","inLanguage":"es-AR","@id":"https:\/\/noticiasdeescobar.online\/?p=1743#primaryimage","url":"https:\/\/noticiasdeescobar.online\/wp-content\/uploads\/2026\/01\/bebe_2_2026.jpeg","contentUrl":"https:\/\/noticiasdeescobar.online\/wp-content\/uploads\/2026\/01\/bebe_2_2026.jpeg","width":1280,"height":960},{"@type":"BreadcrumbList","@id":"https:\/\/noticiasdeescobar.online\/?p=1743#breadcrumb","itemListElement":[{"@type":"ListItem","position":1,"name":"Inicio","item":"https:\/\/noticiasdeescobar.online\/"},{"@type":"ListItem","position":2,"name":"En una ambulancia, naci\u00f3 el primer beb\u00e9 del a\u00f1o"}]},{"@type":"WebSite","@id":"https:\/\/noticiasdeescobar.online\/#website","url":"https:\/\/noticiasdeescobar.online\/","name":"Noticias de Escobar","description":"Noticias 24\/7","potentialAction":[{"@type":"SearchAction","target":{"@type":"EntryPoint","urlTemplate":"https:\/\/noticiasdeescobar.online\/?s={search_term_string}"},"query-input":{"@type":"PropertyValueSpecification","valueRequired":true,"valueName":"search_term_string"}}],"inLanguage":"es-AR"},{"@type":"Person","@id":"https:\/\/noticiasdeescobar.online\/#\/schema\/person\/c80a19151f9337b50a779fe1f512ca6a","name":"Redacci\u00f3n","image":{"@type":"ImageObject","inLanguage":"es-AR","@id":"https:\/\/noticiasdeescobar.online\/#\/schema\/person\/image\/","url":"https:\/\/secure.gravatar.com\/avatar\/1db77a0acc41b20b8cbce542c0459eb4?s=96&d=mm&r=g","contentUrl":"https:\/\/secure.gravatar.com\/avatar\/1db77a0acc41b20b8cbce542c0459eb4?s=96&d=mm&r=g","caption":"Redacci\u00f3n"},"sameAs":["http:\/\/noticiasdeescobar.online"],"url":"https:\/\/noticiasdeescobar.online\/?author=1"}]}},"_links":{"self":[{"href":"https:\/\/noticiasdeescobar.online\/index.php?rest_route=\/wp\/v2\/posts\/1743","targetHints":{"allow":["GET"]}}],"collection":[{"href":"https:\/\/noticiasdeescobar.online\/index.php?rest_route=\/wp\/v2\/posts"}],"about":[{"href":"https:\/\/noticiasdeescobar.online\/index.php?rest_route=\/wp\/v2\/types\/post"}],"author":[{"embeddable":true,"href":"https:\/\/noticiasdeescobar.online\/index.php?rest_route=\/wp\/v2\/users\/1"}],"replies":[{"embeddable":true,"href":"https:\/\/noticiasdeescobar.online\/index.php?rest_route=%2Fwp%2Fv2%2Fcomments&post=1743"}],"version-history":[{"count":5,"href":"https:\/\/noticiasdeescobar.online\/index.php?rest_route=\/wp\/v2\/posts\/1743\/revisions"}],"predecessor-version":[{"id":1751,"href":"https:\/\/noticiasdeescobar.online\/index.php?rest_route=\/wp\/v2\/posts\/1743\/revisions\/1751"}],"wp:featuredmedia":[{"embeddable":true,"href":"https:\/\/noticiasdeescobar.online\/index.php?rest_route=\/wp\/v2\/media\/1746"}],"wp:attachment":[{"href":"https:\/\/noticiasdeescobar.online\/index.php?rest_route=%2Fwp%2Fv2%2Fmedia&parent=1743"}],"wp:term":[{"taxonomy":"category","embeddable":true,"href":"https:\/\/noticiasdeescobar.online\/index.php?rest_route=%2Fwp%2Fv2%2Fcategories&post=1743"},{"taxonomy":"post_tag","embeddable":true,"href":"https:\/\/noticiasdeescobar.online\/index.php?rest_route=%2Fwp%2Fv2%2Ftags&post=1743"}],"curies":[{"name":"wp","href":"https:\/\/api.w.org\/{rel}","templated":true}]}}