{"id":1752,"date":"2026-01-05T12:28:03","date_gmt":"2026-01-05T12:28:03","guid":{"rendered":"https:\/\/noticiasdeescobar.online\/?p=1752"},"modified":"2026-01-05T12:28:04","modified_gmt":"2026-01-05T12:28:04","slug":"dos-heridos-tras-un-choque-entre-un-camion-y-un-auto-en-la-panamericana","status":"publish","type":"post","link":"https:\/\/noticiasdeescobar.online\/?p=1752","title":{"rendered":"Dos heridos tras un choque entre un cami\u00f3n y un auto en la Panamericana"},"content":{"rendered":"\n<p>Un accidente de tr\u00e1nsito ocurrido en la noche del domingo sobre la autopista Panamericana dej\u00f3 como saldo dos personas heridas, que debieron ser trasladadas a un centro de salud por personal del SAME.<\/p>\n\n\n\n<!--more-->\n\n\n\n<p>El siniestro se registr\u00f3 alrededor de las 22 horas a la altura del kil\u00f3metro 50,5, en sentido hacia la provincia, e involucr\u00f3 a un cami\u00f3n y un autom\u00f3vil. Seg\u00fan informaron los Bomberos Voluntarios de Escobar, el veh\u00edculo de menor porte impact\u00f3 contra la parte trasera del cami\u00f3n, por causas que a\u00fan se encuentran bajo investigaci\u00f3n.<\/p>\n\n\n\n<p>Como consecuencia de la colisi\u00f3n, dos personas resultaron con politraumatismos de diversa consideraci\u00f3n y fueron asistidas en el lugar antes de ser derivadas por ambulancias del SAME para una evaluaci\u00f3n m\u00e9dica m\u00e1s exhaustiva.<\/p>\n\n\n<div class=\"wp-block-image\">\n<figure class=\"aligncenter size-large\"><img loading=\"lazy\" decoding=\"async\" width=\"818\" height=\"1024\" src=\"https:\/\/noticiasdeescobar.online\/wp-content\/uploads\/2026\/01\/611268353_899550029396558_5818801505704327637_n-818x1024.jpg\" alt=\"\" class=\"wp-image-1754\" srcset=\"https:\/\/noticiasdeescobar.online\/wp-content\/uploads\/2026\/01\/611268353_899550029396558_5818801505704327637_n-818x1024.jpg 818w, https:\/\/noticiasdeescobar.online\/wp-content\/uploads\/2026\/01\/611268353_899550029396558_5818801505704327637_n-240x300.jpg 240w, https:\/\/noticiasdeescobar.online\/wp-content\/uploads\/2026\/01\/611268353_899550029396558_5818801505704327637_n-768x961.jpg 768w, https:\/\/noticiasdeescobar.online\/wp-content\/uploads\/2026\/01\/611268353_899550029396558_5818801505704327637_n.jpg 1179w\" sizes=\"auto, (max-width: 818px) 100vw, 818px\" \/><\/figure><\/div>\n\n\n<p>En el operativo intervinieron dotaciones de los Bomberos Voluntarios de Escobar, a cargo del Subcomandante \u00c1lvarez B., con el m\u00f3vil A-32, y del Oficial Jukoska J., a bordo del m\u00f3vil A-5. El trabajo permiti\u00f3 asegurar la zona y asistir a las v\u00edctimas, mientras se normalizaba la circulaci\u00f3n en ese tramo de la autopista.<\/p>\n\n\n\n<p>Las autoridades reiteraron la importancia de extremar las medidas de precauci\u00f3n al circular, especialmente durante la noche y en rutas de alto tr\u00e1nsito como la Panamericana.<\/p>\n","protected":false},"excerpt":{"rendered":"<p>Un accidente de tr\u00e1nsito ocurrido en la noche del domingo sobre la autopista Panamericana dej\u00f3 como saldo dos personas heridas,&hellip;<\/p>\n","protected":false},"author":1,"featured_media":1753,"comment_status":"open","ping_status":"open","sticky":false,"template":"","format":"standard","meta":{"_monsterinsights_skip_tracking":false,"_monsterinsights_sitenote_active":false,"_monsterinsights_sitenote_note":"","_monsterinsights_sitenote_category":0,"footnotes":""},"categories":[2],"tags":[26,64,71],"class_list":["post-1752","post","type-post","status-publish","format-standard","has-post-thumbnail","hentry","category-policiales","tag-accidente","tag-camion","tag-panamericana"],"yoast_head":"<!-- This site is optimized with the Yoast SEO plugin v25.3.1 - https:\/\/yoast.com\/wordpress\/plugins\/seo\/ -->\n<title>Dos heridos tras un choque entre un cami\u00f3n y un auto en la Panamericana - Noticias de Escobar<\/title>\n<meta name=\"description\" content=\"Como consecuencia de la colisi\u00f3n, dos personas resultaron con politraumatismos de diversa consideraci\u00f3n y fueron asistidas en el lugar antes de ser derivadas por ambulancias del SAME para una evaluaci\u00f3n m\u00e9dica m\u00e1s exhaustiva.\" \/>\n<meta name=\"robots\" content=\"index, follow, max-snippet:-1, max-image-preview:large, max-video-preview:-1\" \/>\n<link rel=\"canonical\" href=\"https:\/\/noticiasdeescobar.online\/?p=1752\" \/>\n<meta property=\"og:locale\" content=\"es_ES\" \/>\n<meta property=\"og:type\" content=\"article\" \/>\n<meta property=\"og:title\" content=\"Dos heridos tras un choque entre un cami\u00f3n y un auto en la Panamericana\" \/>\n<meta property=\"og:description\" content=\"Como consecuencia de la colisi\u00f3n, dos personas resultaron con politraumatismos de diversa consideraci\u00f3n y fueron asistidas en el lugar antes de ser derivadas por ambulancias del SAME para una evaluaci\u00f3n m\u00e9dica m\u00e1s exhaustiva.\" \/>\n<meta property=\"og:url\" content=\"https:\/\/noticiasdeescobar.online\/?p=1752\" \/>\n<meta property=\"og:site_name\" content=\"Noticias de Escobar\" \/>\n<meta property=\"article:published_time\" content=\"2026-01-05T12:28:03+00:00\" \/>\n<meta property=\"article:modified_time\" content=\"2026-01-05T12:28:04+00:00\" \/>\n<meta property=\"og:image\" content=\"https:\/\/noticiasdeescobar.online\/wp-content\/uploads\/2026\/01\/612210857_899550049396556_4039097748484623537_n-e1767616039186.jpg\" \/>\n\t<meta property=\"og:image:width\" content=\"1178\" \/>\n\t<meta property=\"og:image:height\" content=\"926\" \/>\n\t<meta property=\"og:image:type\" content=\"image\/jpeg\" \/>\n<meta name=\"author\" content=\"Redacci\u00f3n\" \/>\n<meta name=\"twitter:card\" content=\"summary_large_image\" \/>\n<meta name=\"twitter:label1\" content=\"Escrito por\" \/>\n\t<meta name=\"twitter:data1\" content=\"Redacci\u00f3n\" \/>\n\t<meta name=\"twitter:label2\" content=\"Tiempo de lectura\" \/>\n\t<meta name=\"twitter:data2\" content=\"2 minutos\" \/>\n<script type=\"application\/ld+json\" class=\"yoast-schema-graph\">{\"@context\":\"https:\/\/schema.org\",\"@graph\":[{\"@type\":\"WebPage\",\"@id\":\"https:\/\/noticiasdeescobar.online\/?p=1752\",\"url\":\"https:\/\/noticiasdeescobar.online\/?p=1752\",\"name\":\"Dos heridos tras un choque entre un cami\u00f3n y un auto en la Panamericana - Noticias de Escobar\",\"isPartOf\":{\"@id\":\"https:\/\/noticiasdeescobar.online\/#website\"},\"primaryImageOfPage\":{\"@id\":\"https:\/\/noticiasdeescobar.online\/?p=1752#primaryimage\"},\"image\":{\"@id\":\"https:\/\/noticiasdeescobar.online\/?p=1752#primaryimage\"},\"thumbnailUrl\":\"https:\/\/noticiasdeescobar.online\/wp-content\/uploads\/2026\/01\/612210857_899550049396556_4039097748484623537_n-e1767616039186.jpg\",\"datePublished\":\"2026-01-05T12:28:03+00:00\",\"dateModified\":\"2026-01-05T12:28:04+00:00\",\"author\":{\"@id\":\"https:\/\/noticiasdeescobar.online\/#\/schema\/person\/c80a19151f9337b50a779fe1f512ca6a\"},\"description\":\"Como consecuencia de la colisi\u00f3n, dos personas resultaron con politraumatismos de diversa consideraci\u00f3n y fueron asistidas en el lugar antes de ser derivadas por ambulancias del SAME para una evaluaci\u00f3n m\u00e9dica m\u00e1s exhaustiva.\",\"breadcrumb\":{\"@id\":\"https:\/\/noticiasdeescobar.online\/?p=1752#breadcrumb\"},\"inLanguage\":\"es-AR\",\"potentialAction\":[{\"@type\":\"ReadAction\",\"target\":[\"https:\/\/noticiasdeescobar.online\/?p=1752\"]}]},{\"@type\":\"ImageObject\",\"inLanguage\":\"es-AR\",\"@id\":\"https:\/\/noticiasdeescobar.online\/?p=1752#primaryimage\",\"url\":\"https:\/\/noticiasdeescobar.online\/wp-content\/uploads\/2026\/01\/612210857_899550049396556_4039097748484623537_n-e1767616039186.jpg\",\"contentUrl\":\"https:\/\/noticiasdeescobar.online\/wp-content\/uploads\/2026\/01\/612210857_899550049396556_4039097748484623537_n-e1767616039186.jpg\",\"width\":1178,\"height\":926},{\"@type\":\"BreadcrumbList\",\"@id\":\"https:\/\/noticiasdeescobar.online\/?p=1752#breadcrumb\",\"itemListElement\":[{\"@type\":\"ListItem\",\"position\":1,\"name\":\"Inicio\",\"item\":\"https:\/\/noticiasdeescobar.online\/\"},{\"@type\":\"ListItem\",\"position\":2,\"name\":\"Dos heridos tras un choque entre un cami\u00f3n y un auto en la Panamericana\"}]},{\"@type\":\"WebSite\",\"@id\":\"https:\/\/noticiasdeescobar.online\/#website\",\"url\":\"https:\/\/noticiasdeescobar.online\/\",\"name\":\"Noticias de Escobar\",\"description\":\"Noticias 24\/7\",\"potentialAction\":[{\"@type\":\"SearchAction\",\"target\":{\"@type\":\"EntryPoint\",\"urlTemplate\":\"https:\/\/noticiasdeescobar.online\/?s={search_term_string}\"},\"query-input\":{\"@type\":\"PropertyValueSpecification\",\"valueRequired\":true,\"valueName\":\"search_term_string\"}}],\"inLanguage\":\"es-AR\"},{\"@type\":\"Person\",\"@id\":\"https:\/\/noticiasdeescobar.online\/#\/schema\/person\/c80a19151f9337b50a779fe1f512ca6a\",\"name\":\"Redacci\u00f3n\",\"image\":{\"@type\":\"ImageObject\",\"inLanguage\":\"es-AR\",\"@id\":\"https:\/\/noticiasdeescobar.online\/#\/schema\/person\/image\/\",\"url\":\"https:\/\/secure.gravatar.com\/avatar\/1db77a0acc41b20b8cbce542c0459eb4?s=96&d=mm&r=g\",\"contentUrl\":\"https:\/\/secure.gravatar.com\/avatar\/1db77a0acc41b20b8cbce542c0459eb4?s=96&d=mm&r=g\",\"caption\":\"Redacci\u00f3n\"},\"sameAs\":[\"http:\/\/noticiasdeescobar.online\"],\"url\":\"https:\/\/noticiasdeescobar.online\/?author=1\"}]}<\/script>\n<!-- \/ Yoast SEO plugin. -->","yoast_head_json":{"title":"Dos heridos tras un choque entre un cami\u00f3n y un auto en la Panamericana - Noticias de Escobar","description":"Como consecuencia de la colisi\u00f3n, dos personas resultaron con politraumatismos de diversa consideraci\u00f3n y fueron asistidas en el lugar antes de ser derivadas por ambulancias del SAME para una evaluaci\u00f3n m\u00e9dica m\u00e1s exhaustiva.","robots":{"index":"index","follow":"follow","max-snippet":"max-snippet:-1","max-image-preview":"max-image-preview:large","max-video-preview":"max-video-preview:-1"},"canonical":"https:\/\/noticiasdeescobar.online\/?p=1752","og_locale":"es_ES","og_type":"article","og_title":"Dos heridos tras un choque entre un cami\u00f3n y un auto en la Panamericana","og_description":"Como consecuencia de la colisi\u00f3n, dos personas resultaron con politraumatismos de diversa consideraci\u00f3n y fueron asistidas en el lugar antes de ser derivadas por ambulancias del SAME para una evaluaci\u00f3n m\u00e9dica m\u00e1s exhaustiva.","og_url":"https:\/\/noticiasdeescobar.online\/?p=1752","og_site_name":"Noticias de Escobar","article_published_time":"2026-01-05T12:28:03+00:00","article_modified_time":"2026-01-05T12:28:04+00:00","og_image":[{"width":1178,"height":926,"url":"https:\/\/noticiasdeescobar.online\/wp-content\/uploads\/2026\/01\/612210857_899550049396556_4039097748484623537_n-e1767616039186.jpg","type":"image\/jpeg"}],"author":"Redacci\u00f3n","twitter_card":"summary_large_image","twitter_misc":{"Escrito por":"Redacci\u00f3n","Tiempo de lectura":"2 minutos"},"schema":{"@context":"https:\/\/schema.org","@graph":[{"@type":"WebPage","@id":"https:\/\/noticiasdeescobar.online\/?p=1752","url":"https:\/\/noticiasdeescobar.online\/?p=1752","name":"Dos heridos tras un choque entre un cami\u00f3n y un auto en la Panamericana - Noticias de Escobar","isPartOf":{"@id":"https:\/\/noticiasdeescobar.online\/#website"},"primaryImageOfPage":{"@id":"https:\/\/noticiasdeescobar.online\/?p=1752#primaryimage"},"image":{"@id":"https:\/\/noticiasdeescobar.online\/?p=1752#primaryimage"},"thumbnailUrl":"https:\/\/noticiasdeescobar.online\/wp-content\/uploads\/2026\/01\/612210857_899550049396556_4039097748484623537_n-e1767616039186.jpg","datePublished":"2026-01-05T12:28:03+00:00","dateModified":"2026-01-05T12:28:04+00:00","author":{"@id":"https:\/\/noticiasdeescobar.online\/#\/schema\/person\/c80a19151f9337b50a779fe1f512ca6a"},"description":"Como consecuencia de la colisi\u00f3n, dos personas resultaron con politraumatismos de diversa consideraci\u00f3n y fueron asistidas en el lugar antes de ser derivadas por ambulancias del SAME para una evaluaci\u00f3n m\u00e9dica m\u00e1s exhaustiva.","breadcrumb":{"@id":"https:\/\/noticiasdeescobar.online\/?p=1752#breadcrumb"},"inLanguage":"es-AR","potentialAction":[{"@type":"ReadAction","target":["https:\/\/noticiasdeescobar.online\/?p=1752"]}]},{"@type":"ImageObject","inLanguage":"es-AR","@id":"https:\/\/noticiasdeescobar.online\/?p=1752#primaryimage","url":"https:\/\/noticiasdeescobar.online\/wp-content\/uploads\/2026\/01\/612210857_899550049396556_4039097748484623537_n-e1767616039186.jpg","contentUrl":"https:\/\/noticiasdeescobar.online\/wp-content\/uploads\/2026\/01\/612210857_899550049396556_4039097748484623537_n-e1767616039186.jpg","width":1178,"height":926},{"@type":"BreadcrumbList","@id":"https:\/\/noticiasdeescobar.online\/?p=1752#breadcrumb","itemListElement":[{"@type":"ListItem","position":1,"name":"Inicio","item":"https:\/\/noticiasdeescobar.online\/"},{"@type":"ListItem","position":2,"name":"Dos heridos tras un choque entre un cami\u00f3n y un auto en la Panamericana"}]},{"@type":"WebSite","@id":"https:\/\/noticiasdeescobar.online\/#website","url":"https:\/\/noticiasdeescobar.online\/","name":"Noticias de Escobar","description":"Noticias 24\/7","potentialAction":[{"@type":"SearchAction","target":{"@type":"EntryPoint","urlTemplate":"https:\/\/noticiasdeescobar.online\/?s={search_term_string}"},"query-input":{"@type":"PropertyValueSpecification","valueRequired":true,"valueName":"search_term_string"}}],"inLanguage":"es-AR"},{"@type":"Person","@id":"https:\/\/noticiasdeescobar.online\/#\/schema\/person\/c80a19151f9337b50a779fe1f512ca6a","name":"Redacci\u00f3n","image":{"@type":"ImageObject","inLanguage":"es-AR","@id":"https:\/\/noticiasdeescobar.online\/#\/schema\/person\/image\/","url":"https:\/\/secure.gravatar.com\/avatar\/1db77a0acc41b20b8cbce542c0459eb4?s=96&d=mm&r=g","contentUrl":"https:\/\/secure.gravatar.com\/avatar\/1db77a0acc41b20b8cbce542c0459eb4?s=96&d=mm&r=g","caption":"Redacci\u00f3n"},"sameAs":["http:\/\/noticiasdeescobar.online"],"url":"https:\/\/noticiasdeescobar.online\/?author=1"}]}},"_links":{"self":[{"href":"https:\/\/noticiasdeescobar.online\/index.php?rest_route=\/wp\/v2\/posts\/1752","targetHints":{"allow":["GET"]}}],"collection":[{"href":"https:\/\/noticiasdeescobar.online\/index.php?rest_route=\/wp\/v2\/posts"}],"about":[{"href":"https:\/\/noticiasdeescobar.online\/index.php?rest_route=\/wp\/v2\/types\/post"}],"author":[{"embeddable":true,"href":"https:\/\/noticiasdeescobar.online\/index.php?rest_route=\/wp\/v2\/users\/1"}],"replies":[{"embeddable":true,"href":"https:\/\/noticiasdeescobar.online\/index.php?rest_route=%2Fwp%2Fv2%2Fcomments&post=1752"}],"version-history":[{"count":1,"href":"https:\/\/noticiasdeescobar.online\/index.php?rest_route=\/wp\/v2\/posts\/1752\/revisions"}],"predecessor-version":[{"id":1755,"href":"https:\/\/noticiasdeescobar.online\/index.php?rest_route=\/wp\/v2\/posts\/1752\/revisions\/1755"}],"wp:featuredmedia":[{"embeddable":true,"href":"https:\/\/noticiasdeescobar.online\/index.php?rest_route=\/wp\/v2\/media\/1753"}],"wp:attachment":[{"href":"https:\/\/noticiasdeescobar.online\/index.php?rest_route=%2Fwp%2Fv2%2Fmedia&parent=1752"}],"wp:term":[{"taxonomy":"category","embeddable":true,"href":"https:\/\/noticiasdeescobar.online\/index.php?rest_route=%2Fwp%2Fv2%2Fcategories&post=1752"},{"taxonomy":"post_tag","embeddable":true,"href":"https:\/\/noticiasdeescobar.online\/index.php?rest_route=%2Fwp%2Fv2%2Ftags&post=1752"}],"curies":[{"name":"wp","href":"https:\/\/api.w.org\/{rel}","templated":true}]}}