{"id":1778,"date":"2026-01-16T18:16:03","date_gmt":"2026-01-16T18:16:03","guid":{"rendered":"https:\/\/noticiasdeescobar.online\/?p=1778"},"modified":"2026-01-16T18:16:03","modified_gmt":"2026-01-16T18:16:03","slug":"temaiken-lanzo-planeta-vida-una-experiencia-inmersiva-de-ultima-generacion-para-concientizar-sobre-el-cuidado-del-planeta","status":"publish","type":"post","link":"https:\/\/noticiasdeescobar.online\/?p=1778","title":{"rendered":"Temaik\u00e8n lanz\u00f3 \u201cPlaneta Vida\u201d, una experiencia inmersiva de \u00faltima generaci\u00f3n para concientizar sobre el cuidado del planeta"},"content":{"rendered":"\n<p>En el marco de la celebraci\u00f3n por sus 25 a\u00f1os, la Fundaci\u00f3n Temaik\u00e8n present\u00f3 oficialmente <em>Planeta Vida<\/em>, una propuesta innovadora que combina fantas\u00eda, tecnolog\u00eda de \u00faltima generaci\u00f3n y un fuerte mensaje ambiental. El lanzamiento cont\u00f3 con la presencia de invitados especiales, entre ellos <em>Noticias de Escobar<\/em>, que pudo ser parte de la experiencia antes de su apertura al p\u00fablico general.<\/p>\n\n\n\n<!--more-->\n\n\n<div class=\"wp-block-image\">\n<figure class=\"aligncenter size-large\"><img loading=\"lazy\" decoding=\"async\" width=\"1024\" height=\"768\" src=\"https:\/\/noticiasdeescobar.online\/wp-content\/uploads\/2026\/01\/da3cf1f2-9908-4ba2-a7bc-5a8cabd23e9e-1024x768.jpg\" alt=\"\" class=\"wp-image-1783\" srcset=\"https:\/\/noticiasdeescobar.online\/wp-content\/uploads\/2026\/01\/da3cf1f2-9908-4ba2-a7bc-5a8cabd23e9e-1024x768.jpg 1024w, https:\/\/noticiasdeescobar.online\/wp-content\/uploads\/2026\/01\/da3cf1f2-9908-4ba2-a7bc-5a8cabd23e9e-300x225.jpg 300w, https:\/\/noticiasdeescobar.online\/wp-content\/uploads\/2026\/01\/da3cf1f2-9908-4ba2-a7bc-5a8cabd23e9e-768x576.jpg 768w, https:\/\/noticiasdeescobar.online\/wp-content\/uploads\/2026\/01\/da3cf1f2-9908-4ba2-a7bc-5a8cabd23e9e-1536x1152.jpg 1536w, https:\/\/noticiasdeescobar.online\/wp-content\/uploads\/2026\/01\/da3cf1f2-9908-4ba2-a7bc-5a8cabd23e9e.jpg 1600w\" sizes=\"auto, (max-width: 1024px) 100vw, 1024px\" \/><\/figure><\/div>\n\n\n<p>La nueva atracci\u00f3n, ubicada dentro del Bioparque Temaik\u00e8n, propone un recorrido sensorial 360\u00b0 con tecnolog\u00eda 5D inmersiva y resoluci\u00f3n Ultra 12K, que transporta a los visitantes a distintos rincones del planeta para descubrir su belleza, su fragilidad y el rol clave que tiene cada persona en su protecci\u00f3n.<\/p>\n\n\n<div class=\"wp-block-image\">\n<figure class=\"aligncenter size-large\"><img loading=\"lazy\" decoding=\"async\" width=\"1024\" height=\"768\" src=\"https:\/\/noticiasdeescobar.online\/wp-content\/uploads\/2026\/01\/77ca3c78-296f-4875-a598-9218c639bc7f-1024x768.jpg\" alt=\"\" class=\"wp-image-1780\" srcset=\"https:\/\/noticiasdeescobar.online\/wp-content\/uploads\/2026\/01\/77ca3c78-296f-4875-a598-9218c639bc7f-1024x768.jpg 1024w, https:\/\/noticiasdeescobar.online\/wp-content\/uploads\/2026\/01\/77ca3c78-296f-4875-a598-9218c639bc7f-300x225.jpg 300w, https:\/\/noticiasdeescobar.online\/wp-content\/uploads\/2026\/01\/77ca3c78-296f-4875-a598-9218c639bc7f-768x576.jpg 768w, https:\/\/noticiasdeescobar.online\/wp-content\/uploads\/2026\/01\/77ca3c78-296f-4875-a598-9218c639bc7f-1536x1152.jpg 1536w, https:\/\/noticiasdeescobar.online\/wp-content\/uploads\/2026\/01\/77ca3c78-296f-4875-a598-9218c639bc7f.jpg 1600w\" sizes=\"auto, (max-width: 1024px) 100vw, 1024px\" \/><\/figure><\/div>\n\n\n<p>Desde el primer momento, <em>Planeta Vida<\/em> impacta por su dise\u00f1o. Tanto su exterior como su interior remiten a una verdadera nave espacial, con una cuidada ambientaci\u00f3n escenogr\u00e1fica y paisaj\u00edstica que sumerge al visitante en una historia que invita a convertirse en \u201ctripulante\u201d de una misi\u00f3n crucial: cuidar la Tierra. La experiencia comienza incluso antes de ingresar, con un entorno que despierta curiosidad y anticipa un viaje fuera de lo com\u00fan.<\/p>\n\n\n\n<p>Durante la presentaci\u00f3n, desde la Fundaci\u00f3n remarcaron que el objetivo central de la propuesta es transformar la emoci\u00f3n en compromiso. En ese sentido, Paula Gonz\u00e1lez Ciccia, directora del \u00e1rea de Educaci\u00f3n, Conservaci\u00f3n y Ciencia de la Fundaci\u00f3n Temaik\u00e8n, destac\u00f3 que la experiencia busca que los visitantes \u201cse maravillen con la naturaleza, se emocionen y se unan en esta misi\u00f3n como guardianes del planeta Tierra\u201d.<\/p>\n\n\n\n<p>M\u00e1s que un espect\u00e1culo tecnol\u00f3gico, <em>Planeta Vida<\/em> se plantea como un llamado a la acci\u00f3n. A trav\u00e9s de im\u00e1genes impactantes, sonido envolvente y una narrativa inmersiva, la atracci\u00f3n invita a reflexionar sobre la importancia del cuidado del medio ambiente y a comprender que peque\u00f1as acciones individuales pueden generar grandes cambios colectivos.<\/p>\n\n\n<div class=\"wp-block-image\">\n<figure class=\"aligncenter size-large\"><img loading=\"lazy\" decoding=\"async\" width=\"1024\" height=\"768\" src=\"https:\/\/noticiasdeescobar.online\/wp-content\/uploads\/2026\/01\/888dbce1-36ce-415d-8186-5152beee4555-1024x768.jpg\" alt=\"\" class=\"wp-image-1782\" srcset=\"https:\/\/noticiasdeescobar.online\/wp-content\/uploads\/2026\/01\/888dbce1-36ce-415d-8186-5152beee4555-1024x768.jpg 1024w, https:\/\/noticiasdeescobar.online\/wp-content\/uploads\/2026\/01\/888dbce1-36ce-415d-8186-5152beee4555-300x225.jpg 300w, https:\/\/noticiasdeescobar.online\/wp-content\/uploads\/2026\/01\/888dbce1-36ce-415d-8186-5152beee4555-768x576.jpg 768w, https:\/\/noticiasdeescobar.online\/wp-content\/uploads\/2026\/01\/888dbce1-36ce-415d-8186-5152beee4555-1536x1152.jpg 1536w, https:\/\/noticiasdeescobar.online\/wp-content\/uploads\/2026\/01\/888dbce1-36ce-415d-8186-5152beee4555.jpg 1600w\" sizes=\"auto, (max-width: 1024px) 100vw, 1024px\" \/><\/figure><\/div>\n\n\n<p>La experiencia ya se encuentra disponible para todos los visitantes del Bioparque Temaik\u00e8n, sin costo adicional a la entrada, y puede disfrutarse todos los d\u00edas de 10 a 19 horas durante la temporada de verano 2026.<\/p>\n\n\n\n<p>Con esta propuesta, Temaik\u00e8n refuerza su compromiso con la educaci\u00f3n ambiental y la conservaci\u00f3n, apostando a la tecnolog\u00eda como una herramienta clave para generar conciencia y construir una relaci\u00f3n m\u00e1s responsable con la naturaleza.<\/p>\n","protected":false},"excerpt":{"rendered":"<p>En el marco de la celebraci\u00f3n por sus 25 a\u00f1os, la Fundaci\u00f3n Temaik\u00e8n present\u00f3 oficialmente Planeta Vida, una propuesta innovadora&hellip;<\/p>\n","protected":false},"author":1,"featured_media":1781,"comment_status":"open","ping_status":"open","sticky":false,"template":"","format":"standard","meta":{"_monsterinsights_skip_tracking":false,"_monsterinsights_sitenote_active":false,"_monsterinsights_sitenote_note":"","_monsterinsights_sitenote_category":0,"footnotes":""},"categories":[27],"tags":[238,257],"class_list":["post-1778","post","type-post","status-publish","format-standard","has-post-thumbnail","hentry","category-comercios","tag-fundacion-temaiken","tag-planeta-vida"],"yoast_head":"<!-- This site is optimized with the Yoast SEO plugin v25.3.1 - https:\/\/yoast.com\/wordpress\/plugins\/seo\/ -->\n<title>Temaik\u00e8n lanz\u00f3 \u201cPlaneta Vida\u201d, una experiencia inmersiva de \u00faltima generaci\u00f3n para concientizar sobre el cuidado del planeta - Noticias de Escobar<\/title>\n<meta name=\"description\" content=\"El lanzamiento cont\u00f3 con la presencia de invitados especiales, entre ellos Noticias de Escobar, que pudo ser parte de la experiencia antes de su apertura al p\u00fablico general.\" \/>\n<meta name=\"robots\" content=\"index, follow, max-snippet:-1, max-image-preview:large, max-video-preview:-1\" \/>\n<link rel=\"canonical\" href=\"https:\/\/noticiasdeescobar.online\/?p=1778\" \/>\n<meta property=\"og:locale\" content=\"es_ES\" \/>\n<meta property=\"og:type\" content=\"article\" \/>\n<meta property=\"og:title\" content=\"Temaik\u00e8n lanz\u00f3 \u201cPlaneta Vida\u201d, una experiencia inmersiva de \u00faltima generaci\u00f3n para concientizar sobre el cuidado del planeta\" \/>\n<meta property=\"og:description\" content=\"El lanzamiento cont\u00f3 con la presencia de invitados especiales, entre ellos Noticias de Escobar, que pudo ser parte de la experiencia antes de su apertura al p\u00fablico general.\" \/>\n<meta property=\"og:url\" content=\"https:\/\/noticiasdeescobar.online\/?p=1778\" \/>\n<meta property=\"og:site_name\" content=\"Noticias de Escobar\" \/>\n<meta property=\"article:published_time\" content=\"2026-01-16T18:16:03+00:00\" \/>\n<meta property=\"og:image\" content=\"https:\/\/noticiasdeescobar.online\/wp-content\/uploads\/2026\/01\/da3cf1f2-9908-4ba2-a7bc-5a8cabd23e9e.jpg\" \/>\n\t<meta property=\"og:image:width\" content=\"1600\" \/>\n\t<meta property=\"og:image:height\" content=\"1200\" \/>\n\t<meta property=\"og:image:type\" content=\"image\/jpeg\" \/>\n<meta name=\"author\" content=\"Redacci\u00f3n\" \/>\n<meta name=\"twitter:card\" content=\"summary_large_image\" \/>\n<meta name=\"twitter:label1\" content=\"Escrito por\" \/>\n\t<meta name=\"twitter:data1\" content=\"Redacci\u00f3n\" \/>\n\t<meta name=\"twitter:label2\" content=\"Tiempo de lectura\" \/>\n\t<meta name=\"twitter:data2\" content=\"3 minutos\" \/>\n<script type=\"application\/ld+json\" class=\"yoast-schema-graph\">{\"@context\":\"https:\/\/schema.org\",\"@graph\":[{\"@type\":\"WebPage\",\"@id\":\"https:\/\/noticiasdeescobar.online\/?p=1778\",\"url\":\"https:\/\/noticiasdeescobar.online\/?p=1778\",\"name\":\"Temaik\u00e8n lanz\u00f3 \u201cPlaneta Vida\u201d, una experiencia inmersiva de \u00faltima generaci\u00f3n para concientizar sobre el cuidado del planeta - Noticias de Escobar\",\"isPartOf\":{\"@id\":\"https:\/\/noticiasdeescobar.online\/#website\"},\"primaryImageOfPage\":{\"@id\":\"https:\/\/noticiasdeescobar.online\/?p=1778#primaryimage\"},\"image\":{\"@id\":\"https:\/\/noticiasdeescobar.online\/?p=1778#primaryimage\"},\"thumbnailUrl\":\"https:\/\/noticiasdeescobar.online\/wp-content\/uploads\/2026\/01\/657a4935-33e2-4129-a075-d240e1c141ec.jpg\",\"datePublished\":\"2026-01-16T18:16:03+00:00\",\"author\":{\"@id\":\"https:\/\/noticiasdeescobar.online\/#\/schema\/person\/c80a19151f9337b50a779fe1f512ca6a\"},\"description\":\"El lanzamiento cont\u00f3 con la presencia de invitados especiales, entre ellos Noticias de Escobar, que pudo ser parte de la experiencia antes de su apertura al p\u00fablico general.\",\"breadcrumb\":{\"@id\":\"https:\/\/noticiasdeescobar.online\/?p=1778#breadcrumb\"},\"inLanguage\":\"es-AR\",\"potentialAction\":[{\"@type\":\"ReadAction\",\"target\":[\"https:\/\/noticiasdeescobar.online\/?p=1778\"]}]},{\"@type\":\"ImageObject\",\"inLanguage\":\"es-AR\",\"@id\":\"https:\/\/noticiasdeescobar.online\/?p=1778#primaryimage\",\"url\":\"https:\/\/noticiasdeescobar.online\/wp-content\/uploads\/2026\/01\/657a4935-33e2-4129-a075-d240e1c141ec.jpg\",\"contentUrl\":\"https:\/\/noticiasdeescobar.online\/wp-content\/uploads\/2026\/01\/657a4935-33e2-4129-a075-d240e1c141ec.jpg\",\"width\":1288,\"height\":966},{\"@type\":\"BreadcrumbList\",\"@id\":\"https:\/\/noticiasdeescobar.online\/?p=1778#breadcrumb\",\"itemListElement\":[{\"@type\":\"ListItem\",\"position\":1,\"name\":\"Inicio\",\"item\":\"https:\/\/noticiasdeescobar.online\/\"},{\"@type\":\"ListItem\",\"position\":2,\"name\":\"Temaik\u00e8n lanz\u00f3 \u201cPlaneta Vida\u201d, una experiencia inmersiva de \u00faltima generaci\u00f3n para concientizar sobre el cuidado del planeta\"}]},{\"@type\":\"WebSite\",\"@id\":\"https:\/\/noticiasdeescobar.online\/#website\",\"url\":\"https:\/\/noticiasdeescobar.online\/\",\"name\":\"Noticias de Escobar\",\"description\":\"Noticias 24\/7\",\"potentialAction\":[{\"@type\":\"SearchAction\",\"target\":{\"@type\":\"EntryPoint\",\"urlTemplate\":\"https:\/\/noticiasdeescobar.online\/?s={search_term_string}\"},\"query-input\":{\"@type\":\"PropertyValueSpecification\",\"valueRequired\":true,\"valueName\":\"search_term_string\"}}],\"inLanguage\":\"es-AR\"},{\"@type\":\"Person\",\"@id\":\"https:\/\/noticiasdeescobar.online\/#\/schema\/person\/c80a19151f9337b50a779fe1f512ca6a\",\"name\":\"Redacci\u00f3n\",\"image\":{\"@type\":\"ImageObject\",\"inLanguage\":\"es-AR\",\"@id\":\"https:\/\/noticiasdeescobar.online\/#\/schema\/person\/image\/\",\"url\":\"https:\/\/secure.gravatar.com\/avatar\/1db77a0acc41b20b8cbce542c0459eb4?s=96&d=mm&r=g\",\"contentUrl\":\"https:\/\/secure.gravatar.com\/avatar\/1db77a0acc41b20b8cbce542c0459eb4?s=96&d=mm&r=g\",\"caption\":\"Redacci\u00f3n\"},\"sameAs\":[\"http:\/\/noticiasdeescobar.online\"],\"url\":\"https:\/\/noticiasdeescobar.online\/?author=1\"}]}<\/script>\n<!-- \/ Yoast SEO plugin. -->","yoast_head_json":{"title":"Temaik\u00e8n lanz\u00f3 \u201cPlaneta Vida\u201d, una experiencia inmersiva de \u00faltima generaci\u00f3n para concientizar sobre el cuidado del planeta - Noticias de Escobar","description":"El lanzamiento cont\u00f3 con la presencia de invitados especiales, entre ellos Noticias de Escobar, que pudo ser parte de la experiencia antes de su apertura al p\u00fablico general.","robots":{"index":"index","follow":"follow","max-snippet":"max-snippet:-1","max-image-preview":"max-image-preview:large","max-video-preview":"max-video-preview:-1"},"canonical":"https:\/\/noticiasdeescobar.online\/?p=1778","og_locale":"es_ES","og_type":"article","og_title":"Temaik\u00e8n lanz\u00f3 \u201cPlaneta Vida\u201d, una experiencia inmersiva de \u00faltima generaci\u00f3n para concientizar sobre el cuidado del planeta","og_description":"El lanzamiento cont\u00f3 con la presencia de invitados especiales, entre ellos Noticias de Escobar, que pudo ser parte de la experiencia antes de su apertura al p\u00fablico general.","og_url":"https:\/\/noticiasdeescobar.online\/?p=1778","og_site_name":"Noticias de Escobar","article_published_time":"2026-01-16T18:16:03+00:00","og_image":[{"width":1600,"height":1200,"url":"https:\/\/noticiasdeescobar.online\/wp-content\/uploads\/2026\/01\/da3cf1f2-9908-4ba2-a7bc-5a8cabd23e9e.jpg","type":"image\/jpeg"}],"author":"Redacci\u00f3n","twitter_card":"summary_large_image","twitter_misc":{"Escrito por":"Redacci\u00f3n","Tiempo de lectura":"3 minutos"},"schema":{"@context":"https:\/\/schema.org","@graph":[{"@type":"WebPage","@id":"https:\/\/noticiasdeescobar.online\/?p=1778","url":"https:\/\/noticiasdeescobar.online\/?p=1778","name":"Temaik\u00e8n lanz\u00f3 \u201cPlaneta Vida\u201d, una experiencia inmersiva de \u00faltima generaci\u00f3n para concientizar sobre el cuidado del planeta - Noticias de Escobar","isPartOf":{"@id":"https:\/\/noticiasdeescobar.online\/#website"},"primaryImageOfPage":{"@id":"https:\/\/noticiasdeescobar.online\/?p=1778#primaryimage"},"image":{"@id":"https:\/\/noticiasdeescobar.online\/?p=1778#primaryimage"},"thumbnailUrl":"https:\/\/noticiasdeescobar.online\/wp-content\/uploads\/2026\/01\/657a4935-33e2-4129-a075-d240e1c141ec.jpg","datePublished":"2026-01-16T18:16:03+00:00","author":{"@id":"https:\/\/noticiasdeescobar.online\/#\/schema\/person\/c80a19151f9337b50a779fe1f512ca6a"},"description":"El lanzamiento cont\u00f3 con la presencia de invitados especiales, entre ellos Noticias de Escobar, que pudo ser parte de la experiencia antes de su apertura al p\u00fablico general.","breadcrumb":{"@id":"https:\/\/noticiasdeescobar.online\/?p=1778#breadcrumb"},"inLanguage":"es-AR","potentialAction":[{"@type":"ReadAction","target":["https:\/\/noticiasdeescobar.online\/?p=1778"]}]},{"@type":"ImageObject","inLanguage":"es-AR","@id":"https:\/\/noticiasdeescobar.online\/?p=1778#primaryimage","url":"https:\/\/noticiasdeescobar.online\/wp-content\/uploads\/2026\/01\/657a4935-33e2-4129-a075-d240e1c141ec.jpg","contentUrl":"https:\/\/noticiasdeescobar.online\/wp-content\/uploads\/2026\/01\/657a4935-33e2-4129-a075-d240e1c141ec.jpg","width":1288,"height":966},{"@type":"BreadcrumbList","@id":"https:\/\/noticiasdeescobar.online\/?p=1778#breadcrumb","itemListElement":[{"@type":"ListItem","position":1,"name":"Inicio","item":"https:\/\/noticiasdeescobar.online\/"},{"@type":"ListItem","position":2,"name":"Temaik\u00e8n lanz\u00f3 \u201cPlaneta Vida\u201d, una experiencia inmersiva de \u00faltima generaci\u00f3n para concientizar sobre el cuidado del planeta"}]},{"@type":"WebSite","@id":"https:\/\/noticiasdeescobar.online\/#website","url":"https:\/\/noticiasdeescobar.online\/","name":"Noticias de Escobar","description":"Noticias 24\/7","potentialAction":[{"@type":"SearchAction","target":{"@type":"EntryPoint","urlTemplate":"https:\/\/noticiasdeescobar.online\/?s={search_term_string}"},"query-input":{"@type":"PropertyValueSpecification","valueRequired":true,"valueName":"search_term_string"}}],"inLanguage":"es-AR"},{"@type":"Person","@id":"https:\/\/noticiasdeescobar.online\/#\/schema\/person\/c80a19151f9337b50a779fe1f512ca6a","name":"Redacci\u00f3n","image":{"@type":"ImageObject","inLanguage":"es-AR","@id":"https:\/\/noticiasdeescobar.online\/#\/schema\/person\/image\/","url":"https:\/\/secure.gravatar.com\/avatar\/1db77a0acc41b20b8cbce542c0459eb4?s=96&d=mm&r=g","contentUrl":"https:\/\/secure.gravatar.com\/avatar\/1db77a0acc41b20b8cbce542c0459eb4?s=96&d=mm&r=g","caption":"Redacci\u00f3n"},"sameAs":["http:\/\/noticiasdeescobar.online"],"url":"https:\/\/noticiasdeescobar.online\/?author=1"}]}},"_links":{"self":[{"href":"https:\/\/noticiasdeescobar.online\/index.php?rest_route=\/wp\/v2\/posts\/1778","targetHints":{"allow":["GET"]}}],"collection":[{"href":"https:\/\/noticiasdeescobar.online\/index.php?rest_route=\/wp\/v2\/posts"}],"about":[{"href":"https:\/\/noticiasdeescobar.online\/index.php?rest_route=\/wp\/v2\/types\/post"}],"author":[{"embeddable":true,"href":"https:\/\/noticiasdeescobar.online\/index.php?rest_route=\/wp\/v2\/users\/1"}],"replies":[{"embeddable":true,"href":"https:\/\/noticiasdeescobar.online\/index.php?rest_route=%2Fwp%2Fv2%2Fcomments&post=1778"}],"version-history":[{"count":1,"href":"https:\/\/noticiasdeescobar.online\/index.php?rest_route=\/wp\/v2\/posts\/1778\/revisions"}],"predecessor-version":[{"id":1784,"href":"https:\/\/noticiasdeescobar.online\/index.php?rest_route=\/wp\/v2\/posts\/1778\/revisions\/1784"}],"wp:featuredmedia":[{"embeddable":true,"href":"https:\/\/noticiasdeescobar.online\/index.php?rest_route=\/wp\/v2\/media\/1781"}],"wp:attachment":[{"href":"https:\/\/noticiasdeescobar.online\/index.php?rest_route=%2Fwp%2Fv2%2Fmedia&parent=1778"}],"wp:term":[{"taxonomy":"category","embeddable":true,"href":"https:\/\/noticiasdeescobar.online\/index.php?rest_route=%2Fwp%2Fv2%2Fcategories&post=1778"},{"taxonomy":"post_tag","embeddable":true,"href":"https:\/\/noticiasdeescobar.online\/index.php?rest_route=%2Fwp%2Fv2%2Ftags&post=1778"}],"curies":[{"name":"wp","href":"https:\/\/api.w.org\/{rel}","templated":true}]}}