{"id":1786,"date":"2026-01-18T00:59:07","date_gmt":"2026-01-18T00:59:07","guid":{"rendered":"https:\/\/noticiasdeescobar.online\/?p=1786"},"modified":"2026-01-20T02:13:00","modified_gmt":"2026-01-20T02:13:00","slug":"crimen-en-maquinista-savio-un-adolescente-de-16-anos-fue-asesinado-por-su-padrastro","status":"publish","type":"post","link":"https:\/\/noticiasdeescobar.online\/?p=1786","title":{"rendered":"Crimen en Maquinista Savio: un adolescente de 16 a\u00f1os fue asesinado por su padrastro"},"content":{"rendered":"\n<p>Un hecho que conmocion\u00f3 a la comunidad sacudi\u00f3 ayer a Maquinista Savio: un adolescente de 16 a\u00f1os fue asesinado a pu\u00f1aladas por su padrastro, en lo que, seg\u00fan la investigaci\u00f3n preliminar, fue una discusi\u00f3n familiar que termin\u00f3 en tragedia. <\/p>\n\n\n\n<!--more-->\n\n\n\n<p>El crimen se registr\u00f3 en una vivienda de la calle Orqu\u00eddeas, donde se desat\u00f3 una pelea entre el adolescente, identificado por fuentes policiales como Juan Cruz, y su padrastro, Iv\u00e1n Casta\u00f1eira, de 34 a\u00f1os. <\/p>\n\n\n\n<p>En el marco del conflicto, Casta\u00f1eira tom\u00f3 un arma blanca y, tras una discusi\u00f3n que escal\u00f3 r\u00e1pidamente, apu\u00f1al\u00f3 al joven en varias oportunidades. El menor muri\u00f3 en el lugar como consecuencia de las heridas. <\/p>\n\n\n\n<p><strong>El hallazgo y la intervenci\u00f3n policial<\/strong><\/p>\n\n\n\n<p>Al recibir un llamado al 911 alertando sobre un conflicto familiar, los efectivos del Comando de Patrullas de Escobar llegaron al domicilio, donde encontraron al agresor con m\u00faltiples heridas cortantes, indicativas de la pelea previa al homicidio. A pocos metros, en el patio de la casa, yac\u00eda sin vida el cuerpo del adolescente. <\/p>\n\n\n\n<p>Frente a la escena, los vecinos de la zona reaccionaron con indignaci\u00f3n. Al intentar retirar al acusado del lugar, una multitud se aglomer\u00f3 frente a la vivienda y comenz\u00f3 a arrojar objetos contra los efectivos y el propio aprehendido, generando una fuerte tensi\u00f3n en el barrio. <\/p>\n\n\n\n<p><strong>Tensi\u00f3n con los vecinos y detenciones<\/strong><\/p>\n\n\n\n<p>La situaci\u00f3n oblig\u00f3 a la polic\u00eda a solicitar refuerzos. Intervino el Grupo de Apoyo Departamental (GAD) de Escobar y Pilar, que trabaj\u00f3 para contener a la multitud y restablecer el orden. Durante los incidentes, tres mujeres fueron detenidas por su actitud violenta contra los agentes mientras intentaban impedir el traslado del detenido.<\/p>\n\n\n\n<p>Finalmente, Casta\u00f1eira fue trasladado al Hospital de Escobar bajo custodia para recibir atenci\u00f3n m\u00e9dica por las lesiones sufridas durante el enfrentamiento. La causa qued\u00f3 a cargo de la Fiscal\u00eda de Escobar, que ya orden\u00f3 medidas para recolectar testimonios y avanzar en la reconstrucci\u00f3n del hecho.<\/p>\n","protected":false},"excerpt":{"rendered":"<p>Un hecho que conmocion\u00f3 a la comunidad sacudi\u00f3 ayer a Maquinista Savio: un adolescente de 16 a\u00f1os fue asesinado a&hellip;<\/p>\n","protected":false},"author":1,"featured_media":1788,"comment_status":"open","ping_status":"open","sticky":false,"template":"","format":"standard","meta":{"_monsterinsights_skip_tracking":false,"_monsterinsights_sitenote_active":false,"_monsterinsights_sitenote_note":"","_monsterinsights_sitenote_category":0,"footnotes":""},"categories":[2],"tags":[60,47,262],"class_list":["post-1786","post","type-post","status-publish","format-standard","has-post-thumbnail","hentry","category-policiales","tag-crimen","tag-maquinista-savio","tag-padrastro"],"yoast_head":"<!-- This site is optimized with the Yoast SEO plugin v25.3.1 - https:\/\/yoast.com\/wordpress\/plugins\/seo\/ -->\n<title>Crimen en Maquinista Savio: un adolescente de 16 a\u00f1os fue asesinado por su padrastro - Noticias de Escobar<\/title>\n<meta name=\"description\" content=\"Los vecinos atacaron al asesino. Qued\u00f3 internado.\" \/>\n<meta name=\"robots\" content=\"index, follow, max-snippet:-1, max-image-preview:large, max-video-preview:-1\" \/>\n<link rel=\"canonical\" href=\"https:\/\/noticiasdeescobar.online\/?p=1786\" \/>\n<meta property=\"og:locale\" content=\"es_ES\" \/>\n<meta property=\"og:type\" content=\"article\" \/>\n<meta property=\"og:title\" content=\"Crimen en Maquinista Savio: un adolescente de 16 a\u00f1os fue asesinado por su padrastro\" \/>\n<meta property=\"og:description\" content=\"Los vecinos atacaron al asesino. Qued\u00f3 internado.\" \/>\n<meta property=\"og:url\" content=\"https:\/\/noticiasdeescobar.online\/?p=1786\" \/>\n<meta property=\"og:site_name\" content=\"Noticias de Escobar\" \/>\n<meta property=\"article:published_time\" content=\"2026-01-18T00:59:07+00:00\" \/>\n<meta property=\"article:modified_time\" content=\"2026-01-20T02:13:00+00:00\" \/>\n<meta property=\"og:image\" content=\"https:\/\/noticiasdeescobar.online\/wp-content\/uploads\/2026\/01\/FB_IMG_17686980060872.jpg\" \/>\n\t<meta property=\"og:image:width\" content=\"1350\" \/>\n\t<meta property=\"og:image:height\" content=\"994\" \/>\n\t<meta property=\"og:image:type\" content=\"image\/jpeg\" \/>\n<meta name=\"author\" content=\"Redacci\u00f3n\" \/>\n<meta name=\"twitter:card\" content=\"summary_large_image\" \/>\n<meta name=\"twitter:label1\" content=\"Escrito por\" \/>\n\t<meta name=\"twitter:data1\" content=\"Redacci\u00f3n\" \/>\n\t<meta name=\"twitter:label2\" content=\"Tiempo de lectura\" \/>\n\t<meta name=\"twitter:data2\" content=\"2 minutos\" \/>\n<script type=\"application\/ld+json\" class=\"yoast-schema-graph\">{\"@context\":\"https:\/\/schema.org\",\"@graph\":[{\"@type\":\"WebPage\",\"@id\":\"https:\/\/noticiasdeescobar.online\/?p=1786\",\"url\":\"https:\/\/noticiasdeescobar.online\/?p=1786\",\"name\":\"Crimen en Maquinista Savio: un adolescente de 16 a\u00f1os fue asesinado por su padrastro - Noticias de Escobar\",\"isPartOf\":{\"@id\":\"https:\/\/noticiasdeescobar.online\/#website\"},\"primaryImageOfPage\":{\"@id\":\"https:\/\/noticiasdeescobar.online\/?p=1786#primaryimage\"},\"image\":{\"@id\":\"https:\/\/noticiasdeescobar.online\/?p=1786#primaryimage\"},\"thumbnailUrl\":\"https:\/\/noticiasdeescobar.online\/wp-content\/uploads\/2026\/01\/FB_IMG_17686980060872.jpg\",\"datePublished\":\"2026-01-18T00:59:07+00:00\",\"dateModified\":\"2026-01-20T02:13:00+00:00\",\"author\":{\"@id\":\"https:\/\/noticiasdeescobar.online\/#\/schema\/person\/c80a19151f9337b50a779fe1f512ca6a\"},\"description\":\"Los vecinos atacaron al asesino. Qued\u00f3 internado.\",\"breadcrumb\":{\"@id\":\"https:\/\/noticiasdeescobar.online\/?p=1786#breadcrumb\"},\"inLanguage\":\"es-AR\",\"potentialAction\":[{\"@type\":\"ReadAction\",\"target\":[\"https:\/\/noticiasdeescobar.online\/?p=1786\"]}]},{\"@type\":\"ImageObject\",\"inLanguage\":\"es-AR\",\"@id\":\"https:\/\/noticiasdeescobar.online\/?p=1786#primaryimage\",\"url\":\"https:\/\/noticiasdeescobar.online\/wp-content\/uploads\/2026\/01\/FB_IMG_17686980060872.jpg\",\"contentUrl\":\"https:\/\/noticiasdeescobar.online\/wp-content\/uploads\/2026\/01\/FB_IMG_17686980060872.jpg\",\"width\":1350,\"height\":994},{\"@type\":\"BreadcrumbList\",\"@id\":\"https:\/\/noticiasdeescobar.online\/?p=1786#breadcrumb\",\"itemListElement\":[{\"@type\":\"ListItem\",\"position\":1,\"name\":\"Inicio\",\"item\":\"https:\/\/noticiasdeescobar.online\/\"},{\"@type\":\"ListItem\",\"position\":2,\"name\":\"Crimen en Maquinista Savio: un adolescente de 16 a\u00f1os fue asesinado por su padrastro\"}]},{\"@type\":\"WebSite\",\"@id\":\"https:\/\/noticiasdeescobar.online\/#website\",\"url\":\"https:\/\/noticiasdeescobar.online\/\",\"name\":\"Noticias de Escobar\",\"description\":\"Noticias 24\/7\",\"potentialAction\":[{\"@type\":\"SearchAction\",\"target\":{\"@type\":\"EntryPoint\",\"urlTemplate\":\"https:\/\/noticiasdeescobar.online\/?s={search_term_string}\"},\"query-input\":{\"@type\":\"PropertyValueSpecification\",\"valueRequired\":true,\"valueName\":\"search_term_string\"}}],\"inLanguage\":\"es-AR\"},{\"@type\":\"Person\",\"@id\":\"https:\/\/noticiasdeescobar.online\/#\/schema\/person\/c80a19151f9337b50a779fe1f512ca6a\",\"name\":\"Redacci\u00f3n\",\"image\":{\"@type\":\"ImageObject\",\"inLanguage\":\"es-AR\",\"@id\":\"https:\/\/noticiasdeescobar.online\/#\/schema\/person\/image\/\",\"url\":\"https:\/\/secure.gravatar.com\/avatar\/1db77a0acc41b20b8cbce542c0459eb4?s=96&d=mm&r=g\",\"contentUrl\":\"https:\/\/secure.gravatar.com\/avatar\/1db77a0acc41b20b8cbce542c0459eb4?s=96&d=mm&r=g\",\"caption\":\"Redacci\u00f3n\"},\"sameAs\":[\"http:\/\/noticiasdeescobar.online\"],\"url\":\"https:\/\/noticiasdeescobar.online\/?author=1\"}]}<\/script>\n<!-- \/ Yoast SEO plugin. -->","yoast_head_json":{"title":"Crimen en Maquinista Savio: un adolescente de 16 a\u00f1os fue asesinado por su padrastro - Noticias de Escobar","description":"Los vecinos atacaron al asesino. Qued\u00f3 internado.","robots":{"index":"index","follow":"follow","max-snippet":"max-snippet:-1","max-image-preview":"max-image-preview:large","max-video-preview":"max-video-preview:-1"},"canonical":"https:\/\/noticiasdeescobar.online\/?p=1786","og_locale":"es_ES","og_type":"article","og_title":"Crimen en Maquinista Savio: un adolescente de 16 a\u00f1os fue asesinado por su padrastro","og_description":"Los vecinos atacaron al asesino. Qued\u00f3 internado.","og_url":"https:\/\/noticiasdeescobar.online\/?p=1786","og_site_name":"Noticias de Escobar","article_published_time":"2026-01-18T00:59:07+00:00","article_modified_time":"2026-01-20T02:13:00+00:00","og_image":[{"width":1350,"height":994,"url":"https:\/\/noticiasdeescobar.online\/wp-content\/uploads\/2026\/01\/FB_IMG_17686980060872.jpg","type":"image\/jpeg"}],"author":"Redacci\u00f3n","twitter_card":"summary_large_image","twitter_misc":{"Escrito por":"Redacci\u00f3n","Tiempo de lectura":"2 minutos"},"schema":{"@context":"https:\/\/schema.org","@graph":[{"@type":"WebPage","@id":"https:\/\/noticiasdeescobar.online\/?p=1786","url":"https:\/\/noticiasdeescobar.online\/?p=1786","name":"Crimen en Maquinista Savio: un adolescente de 16 a\u00f1os fue asesinado por su padrastro - Noticias de Escobar","isPartOf":{"@id":"https:\/\/noticiasdeescobar.online\/#website"},"primaryImageOfPage":{"@id":"https:\/\/noticiasdeescobar.online\/?p=1786#primaryimage"},"image":{"@id":"https:\/\/noticiasdeescobar.online\/?p=1786#primaryimage"},"thumbnailUrl":"https:\/\/noticiasdeescobar.online\/wp-content\/uploads\/2026\/01\/FB_IMG_17686980060872.jpg","datePublished":"2026-01-18T00:59:07+00:00","dateModified":"2026-01-20T02:13:00+00:00","author":{"@id":"https:\/\/noticiasdeescobar.online\/#\/schema\/person\/c80a19151f9337b50a779fe1f512ca6a"},"description":"Los vecinos atacaron al asesino. Qued\u00f3 internado.","breadcrumb":{"@id":"https:\/\/noticiasdeescobar.online\/?p=1786#breadcrumb"},"inLanguage":"es-AR","potentialAction":[{"@type":"ReadAction","target":["https:\/\/noticiasdeescobar.online\/?p=1786"]}]},{"@type":"ImageObject","inLanguage":"es-AR","@id":"https:\/\/noticiasdeescobar.online\/?p=1786#primaryimage","url":"https:\/\/noticiasdeescobar.online\/wp-content\/uploads\/2026\/01\/FB_IMG_17686980060872.jpg","contentUrl":"https:\/\/noticiasdeescobar.online\/wp-content\/uploads\/2026\/01\/FB_IMG_17686980060872.jpg","width":1350,"height":994},{"@type":"BreadcrumbList","@id":"https:\/\/noticiasdeescobar.online\/?p=1786#breadcrumb","itemListElement":[{"@type":"ListItem","position":1,"name":"Inicio","item":"https:\/\/noticiasdeescobar.online\/"},{"@type":"ListItem","position":2,"name":"Crimen en Maquinista Savio: un adolescente de 16 a\u00f1os fue asesinado por su padrastro"}]},{"@type":"WebSite","@id":"https:\/\/noticiasdeescobar.online\/#website","url":"https:\/\/noticiasdeescobar.online\/","name":"Noticias de Escobar","description":"Noticias 24\/7","potentialAction":[{"@type":"SearchAction","target":{"@type":"EntryPoint","urlTemplate":"https:\/\/noticiasdeescobar.online\/?s={search_term_string}"},"query-input":{"@type":"PropertyValueSpecification","valueRequired":true,"valueName":"search_term_string"}}],"inLanguage":"es-AR"},{"@type":"Person","@id":"https:\/\/noticiasdeescobar.online\/#\/schema\/person\/c80a19151f9337b50a779fe1f512ca6a","name":"Redacci\u00f3n","image":{"@type":"ImageObject","inLanguage":"es-AR","@id":"https:\/\/noticiasdeescobar.online\/#\/schema\/person\/image\/","url":"https:\/\/secure.gravatar.com\/avatar\/1db77a0acc41b20b8cbce542c0459eb4?s=96&d=mm&r=g","contentUrl":"https:\/\/secure.gravatar.com\/avatar\/1db77a0acc41b20b8cbce542c0459eb4?s=96&d=mm&r=g","caption":"Redacci\u00f3n"},"sameAs":["http:\/\/noticiasdeescobar.online"],"url":"https:\/\/noticiasdeescobar.online\/?author=1"}]}},"_links":{"self":[{"href":"https:\/\/noticiasdeescobar.online\/index.php?rest_route=\/wp\/v2\/posts\/1786","targetHints":{"allow":["GET"]}}],"collection":[{"href":"https:\/\/noticiasdeescobar.online\/index.php?rest_route=\/wp\/v2\/posts"}],"about":[{"href":"https:\/\/noticiasdeescobar.online\/index.php?rest_route=\/wp\/v2\/types\/post"}],"author":[{"embeddable":true,"href":"https:\/\/noticiasdeescobar.online\/index.php?rest_route=\/wp\/v2\/users\/1"}],"replies":[{"embeddable":true,"href":"https:\/\/noticiasdeescobar.online\/index.php?rest_route=%2Fwp%2Fv2%2Fcomments&post=1786"}],"version-history":[{"count":2,"href":"https:\/\/noticiasdeescobar.online\/index.php?rest_route=\/wp\/v2\/posts\/1786\/revisions"}],"predecessor-version":[{"id":1790,"href":"https:\/\/noticiasdeescobar.online\/index.php?rest_route=\/wp\/v2\/posts\/1786\/revisions\/1790"}],"wp:featuredmedia":[{"embeddable":true,"href":"https:\/\/noticiasdeescobar.online\/index.php?rest_route=\/wp\/v2\/media\/1788"}],"wp:attachment":[{"href":"https:\/\/noticiasdeescobar.online\/index.php?rest_route=%2Fwp%2Fv2%2Fmedia&parent=1786"}],"wp:term":[{"taxonomy":"category","embeddable":true,"href":"https:\/\/noticiasdeescobar.online\/index.php?rest_route=%2Fwp%2Fv2%2Fcategories&post=1786"},{"taxonomy":"post_tag","embeddable":true,"href":"https:\/\/noticiasdeescobar.online\/index.php?rest_route=%2Fwp%2Fv2%2Ftags&post=1786"}],"curies":[{"name":"wp","href":"https:\/\/api.w.org\/{rel}","templated":true}]}}