{"id":1895,"date":"2026-02-16T12:03:14","date_gmt":"2026-02-16T12:03:14","guid":{"rendered":"https:\/\/noticiasdeescobar.online\/?p=1895"},"modified":"2026-02-16T12:31:53","modified_gmt":"2026-02-16T12:31:53","slug":"menos-nacimientos-el-cambio-silencioso-que-ya-atraviesa-a-escobar","status":"publish","type":"post","link":"https:\/\/noticiasdeescobar.online\/?p=1895","title":{"rendered":"Menos nacimientos: el cambio silencioso que ya atraviesa a Escobar"},"content":{"rendered":"\n<h4 class=\"wp-block-heading has-vivid-red-color has-text-color has-link-color wp-elements-24db2872bd73a8ecc45e679b023f439d\"><em>La ca\u00edda sostenida de la natalidad en la Argentina dej\u00f3 de ser un fen\u00f3meno privado para convertirse en un dato pol\u00edtico de primer orden. En el partido de Escobar, los n\u00fameros de los \u00faltimos a\u00f1os revelan una transformaci\u00f3n profunda que interpela al Estado, a la planificaci\u00f3n p\u00fablica y, de manera particular, al sistema educativo.<\/em> <em>Por Fernando Bonforti <strong>(*)<\/strong>.<\/em><\/h4>\n\n\n\n<!--more-->\n\n\n\n<p>En los \u00faltimos a\u00f1os, la natalidad se transform\u00f3 en una de las se\u00f1ales m\u00e1s elocuentes de un cambio de \u00e9poca. En Argentina nacen cada vez menos chicos, y esa tendencia ya no puede explicarse \u00fanicamente desde decisiones individuales. No se trata solo de elecciones personales ni de cambios culturales aislados, sino del resultado de un entramado complejo donde se combinan condiciones econ\u00f3micas inestables, transformaciones en los proyectos de vida y un Estado que, en muchos casos, llega tarde o de manera fragmentada a acompa\u00f1ar los procesos de crianza.<\/p>\n\n\n\n<p>Durante d\u00e9cadas, el crecimiento poblacional funcion\u00f3 como un supuesto incuestionable sobre el cual se planificaron escuelas, hospitales, infraestructura y pol\u00edticas sociales. Hoy ese supuesto se rompe. La cantidad de nacimientos cay\u00f3 de forma abrupta y sostenida, marcando un quiebre hist\u00f3rico. Tener hijos dej\u00f3 de ser un paso natural del ciclo vital y pas\u00f3 a convertirse en una decisi\u00f3n cada vez m\u00e1s costosa, evaluada y, en muchos casos, postergada indefinidamente.<\/p>\n\n\n\n<p>Ese escenario nacional tiene un correlato claro en Escobar. Los registros locales muestran una baja persistente de nacimientos que no admite lecturas livianas. En 2020 se contabilizaban m\u00e1s de 2.400 nacimientos en el distrito. Desde entonces, la curva fue descendente: alrededor de 2.300 en 2021, poco m\u00e1s de 2.200 en 2022, cerca de 2.000 en 2023 y menos de 1.900 en 2024. En apenas cuatro a\u00f1os, Escobar perdi\u00f3 m\u00e1s de quinientos nacimientos anuales. No es una oscilaci\u00f3n estad\u00edstica: es una tendencia estructural.<\/p>\n\n\n\n<p>La paradoja es evidente. Escobar sigue creciendo en poblaci\u00f3n total, supera los 250 mil habitantes y contin\u00faa expandi\u00e9ndose territorialmente. Se multiplican los desarrollos inmobiliarios y el distrito se consolida como una opci\u00f3n residencial para miles de familias. Sin embargo, ese crecimiento no se traduce en m\u00e1s nacimientos. Hay m\u00e1s habitantes, pero menos beb\u00e9s. M\u00e1s hogares, pero familias m\u00e1s peque\u00f1as. El crecimiento existe, pero el recambio generacional se debilita.<\/p>\n\n\n\n<p>Este cambio silencioso ya empieza a impactar de lleno en el sistema educativo. La menor cantidad de nacimientos se traduce, <strong>a\u00f1os despu\u00e9s<\/strong>, en una baja de la matr\u00edcula en los niveles inicial, primario y secundario, obligando a revisar l\u00f3gicas hist\u00f3ricas de expansi\u00f3n. Lo que durante d\u00e9cadas fue sin\u00f3nimo de crecimiento sostenido hoy empieza a mostrar se\u00f1ales de estancamiento e incluso de retroceso, un escenario para el cual el sistema educativo no siempre est\u00e1 preparado.<\/p>\n\n\n\n<p>Aqu\u00ed aparece una discusi\u00f3n inc\u00f3moda pero central: menos alumnos no garantizan autom\u00e1ticamente una mejor educaci\u00f3n. Sin planificaci\u00f3n, la baja de la matr\u00edcula puede derivar en cierres de secciones, reordenamientos improvisados y tensiones laborales que terminan deteriorando las condiciones de ense\u00f1anza. Al mismo tiempo, tambi\u00e9n abre una oportunidad que rara vez se aprovecha: repensar la calidad educativa, el tama\u00f1o de las aulas, el acompa\u00f1amiento pedag\u00f3gico y el rol de la escuela como espacio de cuidado, inclusi\u00f3n y construcci\u00f3n de igualdad.<\/p>\n\n\n\n<p>En distritos como Escobar, donde conviven realidades sociales profundamente desiguales, el desaf\u00edo educativo es doble. Por un lado, anticipar el impacto demogr\u00e1fico en la organizaci\u00f3n del sistema; por otro, evitar que la ca\u00edda de la natalidad profundice brechas entre escuelas y territorios. La pregunta ya no es solo cu\u00e1ntos chicos habr\u00e1 en las aulas, sino qu\u00e9 tipo de escuela se construye para quienes efectivamente llegan a ellas y qu\u00e9 lugar ocupa la educaci\u00f3n en un proyecto de desarrollo local de largo plazo.<\/p>\n\n\n\n<p>Al mismo tiempo, la baja de los nacimientos convive con mejoras en indicadores sensibles como la mortalidad infantil, lo que muestra avances en el acceso a la salud y en la calidad de la atenci\u00f3n durante el embarazo y la primera infancia. Menos nacimientos, pero con mejores condiciones, es una lectura posible. Sin embargo, ese dato positivo no alcanza para neutralizar el interrogante de fondo: \u00bfqu\u00e9 condiciones reales ofrece hoy una ciudad para criar, educar y proyectar una familia sin que eso implique resignar bienestar?<\/p>\n\n\n\n<p>Aqu\u00ed la cuesti\u00f3n deja de ser demogr\u00e1fica y se vuelve abiertamente pol\u00edtica. Porque la natalidad no cae en el vac\u00edo. Cae en contextos donde el acceso a la vivienda es limitado, la estabilidad laboral es fr\u00e1gil, los sistemas de cuidado son insuficientes y la escuela &#8211; en lugar de ser fortalecida como pilar social &#8211; muchas veces es pensada solo como un gasto a recortar. No es que las personas no quieran hijos; es que el entramado social y estatal, cada vez m\u00e1s, no acompa\u00f1a.<\/p>\n\n\n\n<p>Cuando una sociedad empieza a tener menos hijos, lo que se expresa no es solo un cambio cultural, sino una p\u00e9rdida de confianza en el futuro. La natalidad funciona como un term\u00f3metro social: mide expectativas, horizontes posibles y la capacidad colectiva de imaginar un ma\u00f1ana mejor. Ninguna pol\u00edtica p\u00fablica puede obligar a nadie a tener hijos, pero s\u00ed puede crear &#8211; o destruir &#8211; las condiciones que hagan posible desearlos sin miedo.<\/p>\n\n\n\n<p>El verdadero riesgo no est\u00e1 en tener menos nacimientos, sino en naturalizar esa ca\u00edda sin debate ni planificaci\u00f3n. En aceptar los n\u00fameros como un dato inevitable y no como una advertencia. Porque cuando el Estado se limita a registrar la baja de la natalidad sin traducirla en pol\u00edticas educativas, sociales y de cuidado, lo que se consolida no es solo un cambio demogr\u00e1fico, sino una renuncia silenciosa a pensar el largo plazo.<\/p>\n\n\n\n<p>Escobar ya est\u00e1 atravesando ese cambio. Los datos son claros y la tendencia es consistente. La pregunta no es cu\u00e1ntos chicos nacer\u00e1n ma\u00f1ana, sino qu\u00e9 decisiones se toman hoy para que el futuro no quede librado a la inercia. La natalidad no es solo una cuesti\u00f3n privada. Es una se\u00f1al pol\u00edtica. Y mirar para otro lado tambi\u00e9n es una forma de decidir.<\/p>\n\n\n\n<p><strong>(*)<\/strong> <strong>Fernando Bonforti<\/strong><\/p>\n\n\n\n<p>Especialista en Educaci\u00f3n, Gesti\u00f3n y Pol\u00edticas P\u00fablicas.<\/p>\n\n\n\n<p>Director de FB Educaci\u00f3n &amp; Gesti\u00f3n \u2013<\/p>\n\n\n\n<p>Instagram: fb.educacion.gestion<\/p>\n","protected":false},"excerpt":{"rendered":"<p>La ca\u00edda sostenida de la natalidad en la Argentina dej\u00f3 de ser un fen\u00f3meno privado para convertirse en un dato&hellip;<\/p>\n","protected":false},"author":1,"featured_media":446,"comment_status":"open","ping_status":"open","sticky":false,"template":"","format":"standard","meta":{"_monsterinsights_skip_tracking":false,"_monsterinsights_sitenote_active":false,"_monsterinsights_sitenote_note":"","_monsterinsights_sitenote_category":0,"footnotes":""},"categories":[279],"tags":[281,59,280],"class_list":["post-1895","post","type-post","status-publish","format-standard","has-post-thumbnail","hentry","category-opinion","tag-fernando-bonfarti","tag-nacimientos","tag-natalidad"],"yoast_head":"<!-- This site is optimized with the Yoast SEO plugin v25.3.1 - https:\/\/yoast.com\/wordpress\/plugins\/seo\/ -->\n<title>Menos nacimientos: el cambio silencioso que ya atraviesa a Escobar - Noticias de Escobar<\/title>\n<meta name=\"description\" content=\"En el partido de Escobar, los n\u00fameros de los \u00faltimos a\u00f1os revelan una transformaci\u00f3n profunda que interpela al Estado, a la planificaci\u00f3n p\u00fablica y, de manera particular, al sistema educativo.\" \/>\n<meta name=\"robots\" content=\"index, follow, max-snippet:-1, max-image-preview:large, max-video-preview:-1\" \/>\n<link rel=\"canonical\" href=\"https:\/\/noticiasdeescobar.online\/?p=1895\" \/>\n<meta property=\"og:locale\" content=\"es_ES\" \/>\n<meta property=\"og:type\" content=\"article\" \/>\n<meta property=\"og:title\" content=\"Menos nacimientos: el cambio silencioso que ya atraviesa a Escobar\" \/>\n<meta property=\"og:description\" content=\"En el partido de Escobar, los n\u00fameros de los \u00faltimos a\u00f1os revelan una transformaci\u00f3n profunda que interpela al Estado, a la planificaci\u00f3n p\u00fablica y, de manera particular, al sistema educativo.\" \/>\n<meta property=\"og:url\" content=\"https:\/\/noticiasdeescobar.online\/?p=1895\" \/>\n<meta property=\"og:site_name\" content=\"Noticias de Escobar\" \/>\n<meta property=\"article:published_time\" content=\"2026-02-16T12:03:14+00:00\" \/>\n<meta property=\"article:modified_time\" content=\"2026-02-16T12:31:53+00:00\" \/>\n<meta property=\"og:image\" content=\"https:\/\/noticiasdeescobar.online\/wp-content\/uploads\/2025\/01\/erill-frente.jpg\" \/>\n\t<meta property=\"og:image:width\" content=\"2048\" \/>\n\t<meta property=\"og:image:height\" content=\"1280\" \/>\n\t<meta property=\"og:image:type\" content=\"image\/jpeg\" \/>\n<meta name=\"author\" content=\"Redacci\u00f3n\" \/>\n<meta name=\"twitter:card\" content=\"summary_large_image\" \/>\n<meta name=\"twitter:label1\" content=\"Escrito por\" \/>\n\t<meta name=\"twitter:data1\" content=\"Redacci\u00f3n\" \/>\n\t<meta name=\"twitter:label2\" content=\"Tiempo de lectura\" \/>\n\t<meta name=\"twitter:data2\" content=\"5 minutos\" \/>\n<script type=\"application\/ld+json\" class=\"yoast-schema-graph\">{\"@context\":\"https:\/\/schema.org\",\"@graph\":[{\"@type\":\"WebPage\",\"@id\":\"https:\/\/noticiasdeescobar.online\/?p=1895\",\"url\":\"https:\/\/noticiasdeescobar.online\/?p=1895\",\"name\":\"Menos nacimientos: el cambio silencioso que ya atraviesa a Escobar - Noticias de Escobar\",\"isPartOf\":{\"@id\":\"https:\/\/noticiasdeescobar.online\/#website\"},\"primaryImageOfPage\":{\"@id\":\"https:\/\/noticiasdeescobar.online\/?p=1895#primaryimage\"},\"image\":{\"@id\":\"https:\/\/noticiasdeescobar.online\/?p=1895#primaryimage\"},\"thumbnailUrl\":\"https:\/\/noticiasdeescobar.online\/wp-content\/uploads\/2025\/01\/erill-frente.jpg\",\"datePublished\":\"2026-02-16T12:03:14+00:00\",\"dateModified\":\"2026-02-16T12:31:53+00:00\",\"author\":{\"@id\":\"https:\/\/noticiasdeescobar.online\/#\/schema\/person\/c80a19151f9337b50a779fe1f512ca6a\"},\"description\":\"En el partido de Escobar, los n\u00fameros de los \u00faltimos a\u00f1os revelan una transformaci\u00f3n profunda que interpela al Estado, a la planificaci\u00f3n p\u00fablica y, de manera particular, al sistema educativo.\",\"breadcrumb\":{\"@id\":\"https:\/\/noticiasdeescobar.online\/?p=1895#breadcrumb\"},\"inLanguage\":\"es-AR\",\"potentialAction\":[{\"@type\":\"ReadAction\",\"target\":[\"https:\/\/noticiasdeescobar.online\/?p=1895\"]}]},{\"@type\":\"ImageObject\",\"inLanguage\":\"es-AR\",\"@id\":\"https:\/\/noticiasdeescobar.online\/?p=1895#primaryimage\",\"url\":\"https:\/\/noticiasdeescobar.online\/wp-content\/uploads\/2025\/01\/erill-frente.jpg\",\"contentUrl\":\"https:\/\/noticiasdeescobar.online\/wp-content\/uploads\/2025\/01\/erill-frente.jpg\",\"width\":2048,\"height\":1280},{\"@type\":\"BreadcrumbList\",\"@id\":\"https:\/\/noticiasdeescobar.online\/?p=1895#breadcrumb\",\"itemListElement\":[{\"@type\":\"ListItem\",\"position\":1,\"name\":\"Inicio\",\"item\":\"https:\/\/noticiasdeescobar.online\/\"},{\"@type\":\"ListItem\",\"position\":2,\"name\":\"Menos nacimientos: el cambio silencioso que ya atraviesa a Escobar\"}]},{\"@type\":\"WebSite\",\"@id\":\"https:\/\/noticiasdeescobar.online\/#website\",\"url\":\"https:\/\/noticiasdeescobar.online\/\",\"name\":\"Noticias de Escobar\",\"description\":\"Noticias 24\/7\",\"potentialAction\":[{\"@type\":\"SearchAction\",\"target\":{\"@type\":\"EntryPoint\",\"urlTemplate\":\"https:\/\/noticiasdeescobar.online\/?s={search_term_string}\"},\"query-input\":{\"@type\":\"PropertyValueSpecification\",\"valueRequired\":true,\"valueName\":\"search_term_string\"}}],\"inLanguage\":\"es-AR\"},{\"@type\":\"Person\",\"@id\":\"https:\/\/noticiasdeescobar.online\/#\/schema\/person\/c80a19151f9337b50a779fe1f512ca6a\",\"name\":\"Redacci\u00f3n\",\"image\":{\"@type\":\"ImageObject\",\"inLanguage\":\"es-AR\",\"@id\":\"https:\/\/noticiasdeescobar.online\/#\/schema\/person\/image\/\",\"url\":\"https:\/\/secure.gravatar.com\/avatar\/1db77a0acc41b20b8cbce542c0459eb4?s=96&d=mm&r=g\",\"contentUrl\":\"https:\/\/secure.gravatar.com\/avatar\/1db77a0acc41b20b8cbce542c0459eb4?s=96&d=mm&r=g\",\"caption\":\"Redacci\u00f3n\"},\"sameAs\":[\"http:\/\/noticiasdeescobar.online\"],\"url\":\"https:\/\/noticiasdeescobar.online\/?author=1\"}]}<\/script>\n<!-- \/ Yoast SEO plugin. -->","yoast_head_json":{"title":"Menos nacimientos: el cambio silencioso que ya atraviesa a Escobar - Noticias de Escobar","description":"En el partido de Escobar, los n\u00fameros de los \u00faltimos a\u00f1os revelan una transformaci\u00f3n profunda que interpela al Estado, a la planificaci\u00f3n p\u00fablica y, de manera particular, al sistema educativo.","robots":{"index":"index","follow":"follow","max-snippet":"max-snippet:-1","max-image-preview":"max-image-preview:large","max-video-preview":"max-video-preview:-1"},"canonical":"https:\/\/noticiasdeescobar.online\/?p=1895","og_locale":"es_ES","og_type":"article","og_title":"Menos nacimientos: el cambio silencioso que ya atraviesa a Escobar","og_description":"En el partido de Escobar, los n\u00fameros de los \u00faltimos a\u00f1os revelan una transformaci\u00f3n profunda que interpela al Estado, a la planificaci\u00f3n p\u00fablica y, de manera particular, al sistema educativo.","og_url":"https:\/\/noticiasdeescobar.online\/?p=1895","og_site_name":"Noticias de Escobar","article_published_time":"2026-02-16T12:03:14+00:00","article_modified_time":"2026-02-16T12:31:53+00:00","og_image":[{"width":2048,"height":1280,"url":"https:\/\/noticiasdeescobar.online\/wp-content\/uploads\/2025\/01\/erill-frente.jpg","type":"image\/jpeg"}],"author":"Redacci\u00f3n","twitter_card":"summary_large_image","twitter_misc":{"Escrito por":"Redacci\u00f3n","Tiempo de lectura":"5 minutos"},"schema":{"@context":"https:\/\/schema.org","@graph":[{"@type":"WebPage","@id":"https:\/\/noticiasdeescobar.online\/?p=1895","url":"https:\/\/noticiasdeescobar.online\/?p=1895","name":"Menos nacimientos: el cambio silencioso que ya atraviesa a Escobar - Noticias de Escobar","isPartOf":{"@id":"https:\/\/noticiasdeescobar.online\/#website"},"primaryImageOfPage":{"@id":"https:\/\/noticiasdeescobar.online\/?p=1895#primaryimage"},"image":{"@id":"https:\/\/noticiasdeescobar.online\/?p=1895#primaryimage"},"thumbnailUrl":"https:\/\/noticiasdeescobar.online\/wp-content\/uploads\/2025\/01\/erill-frente.jpg","datePublished":"2026-02-16T12:03:14+00:00","dateModified":"2026-02-16T12:31:53+00:00","author":{"@id":"https:\/\/noticiasdeescobar.online\/#\/schema\/person\/c80a19151f9337b50a779fe1f512ca6a"},"description":"En el partido de Escobar, los n\u00fameros de los \u00faltimos a\u00f1os revelan una transformaci\u00f3n profunda que interpela al Estado, a la planificaci\u00f3n p\u00fablica y, de manera particular, al sistema educativo.","breadcrumb":{"@id":"https:\/\/noticiasdeescobar.online\/?p=1895#breadcrumb"},"inLanguage":"es-AR","potentialAction":[{"@type":"ReadAction","target":["https:\/\/noticiasdeescobar.online\/?p=1895"]}]},{"@type":"ImageObject","inLanguage":"es-AR","@id":"https:\/\/noticiasdeescobar.online\/?p=1895#primaryimage","url":"https:\/\/noticiasdeescobar.online\/wp-content\/uploads\/2025\/01\/erill-frente.jpg","contentUrl":"https:\/\/noticiasdeescobar.online\/wp-content\/uploads\/2025\/01\/erill-frente.jpg","width":2048,"height":1280},{"@type":"BreadcrumbList","@id":"https:\/\/noticiasdeescobar.online\/?p=1895#breadcrumb","itemListElement":[{"@type":"ListItem","position":1,"name":"Inicio","item":"https:\/\/noticiasdeescobar.online\/"},{"@type":"ListItem","position":2,"name":"Menos nacimientos: el cambio silencioso que ya atraviesa a Escobar"}]},{"@type":"WebSite","@id":"https:\/\/noticiasdeescobar.online\/#website","url":"https:\/\/noticiasdeescobar.online\/","name":"Noticias de Escobar","description":"Noticias 24\/7","potentialAction":[{"@type":"SearchAction","target":{"@type":"EntryPoint","urlTemplate":"https:\/\/noticiasdeescobar.online\/?s={search_term_string}"},"query-input":{"@type":"PropertyValueSpecification","valueRequired":true,"valueName":"search_term_string"}}],"inLanguage":"es-AR"},{"@type":"Person","@id":"https:\/\/noticiasdeescobar.online\/#\/schema\/person\/c80a19151f9337b50a779fe1f512ca6a","name":"Redacci\u00f3n","image":{"@type":"ImageObject","inLanguage":"es-AR","@id":"https:\/\/noticiasdeescobar.online\/#\/schema\/person\/image\/","url":"https:\/\/secure.gravatar.com\/avatar\/1db77a0acc41b20b8cbce542c0459eb4?s=96&d=mm&r=g","contentUrl":"https:\/\/secure.gravatar.com\/avatar\/1db77a0acc41b20b8cbce542c0459eb4?s=96&d=mm&r=g","caption":"Redacci\u00f3n"},"sameAs":["http:\/\/noticiasdeescobar.online"],"url":"https:\/\/noticiasdeescobar.online\/?author=1"}]}},"_links":{"self":[{"href":"https:\/\/noticiasdeescobar.online\/index.php?rest_route=\/wp\/v2\/posts\/1895","targetHints":{"allow":["GET"]}}],"collection":[{"href":"https:\/\/noticiasdeescobar.online\/index.php?rest_route=\/wp\/v2\/posts"}],"about":[{"href":"https:\/\/noticiasdeescobar.online\/index.php?rest_route=\/wp\/v2\/types\/post"}],"author":[{"embeddable":true,"href":"https:\/\/noticiasdeescobar.online\/index.php?rest_route=\/wp\/v2\/users\/1"}],"replies":[{"embeddable":true,"href":"https:\/\/noticiasdeescobar.online\/index.php?rest_route=%2Fwp%2Fv2%2Fcomments&post=1895"}],"version-history":[{"count":3,"href":"https:\/\/noticiasdeescobar.online\/index.php?rest_route=\/wp\/v2\/posts\/1895\/revisions"}],"predecessor-version":[{"id":1901,"href":"https:\/\/noticiasdeescobar.online\/index.php?rest_route=\/wp\/v2\/posts\/1895\/revisions\/1901"}],"wp:featuredmedia":[{"embeddable":true,"href":"https:\/\/noticiasdeescobar.online\/index.php?rest_route=\/wp\/v2\/media\/446"}],"wp:attachment":[{"href":"https:\/\/noticiasdeescobar.online\/index.php?rest_route=%2Fwp%2Fv2%2Fmedia&parent=1895"}],"wp:term":[{"taxonomy":"category","embeddable":true,"href":"https:\/\/noticiasdeescobar.online\/index.php?rest_route=%2Fwp%2Fv2%2Fcategories&post=1895"},{"taxonomy":"post_tag","embeddable":true,"href":"https:\/\/noticiasdeescobar.online\/index.php?rest_route=%2Fwp%2Fv2%2Ftags&post=1895"}],"curies":[{"name":"wp","href":"https:\/\/api.w.org\/{rel}","templated":true}]}}