{"id":1950,"date":"2026-03-13T12:11:19","date_gmt":"2026-03-13T12:11:19","guid":{"rendered":"https:\/\/noticiasdeescobar.online\/?p=1950"},"modified":"2026-03-13T12:13:18","modified_gmt":"2026-03-13T12:13:18","slug":"convocatoria-a-artistas-por-los-50-anos-del-golpe-de-estado","status":"publish","type":"post","link":"https:\/\/noticiasdeescobar.online\/?p=1950","title":{"rendered":"Convocatoria a artistas por los 50 a\u00f1os del golpe de Estado"},"content":{"rendered":"\n<p>El Honorable Concejo Deliberante de Escobar lanz\u00f3 una convocatoria dirigida a artistas para participar de la propuesta colectiva \u201cLa memoria en pie\u201d, una iniciativa cultural que se desarrollar\u00e1 en el marco de los 50 a\u00f1os del golpe de Estado en Argentina.<\/p>\n\n\n\n<!--more-->\n\n\n\n<p>La propuesta busca construir una intervenci\u00f3n urbana que estar\u00e1 acompa\u00f1ada por una exposici\u00f3n art\u00edstica, generando un recorrido simb\u00f3lico entre la Plaza de la Memoria y el edificio del HCD de Escobar. <\/p>\n\n\n\n<p>El objetivo es promover la reflexi\u00f3n colectiva sobre la memoria hist\u00f3rica a trav\u00e9s del arte y el espacio p\u00fablico.<\/p>\n\n\n\n<p>Desde el Concejo Deliberante destacaron que la iniciativa est\u00e1 abierta a distintas expresiones art\u00edsticas, invitando a creadores y creadoras a presentar proyectos que dialoguen con la tem\u00e1tica de la memoria, los derechos humanos y la historia reciente del pa\u00eds.<\/p>\n\n\n\n<p>Las personas interesadas en participar deber\u00e1n enviar sus propuestas por correo electr\u00f3nico a cultura@hcdecobar.gob.ar antes del 20 de marzo.<\/p>\n\n\n\n<p>La actividad se enmarca dentro de las acciones conmemorativas que se realizar\u00e1n durante el a\u00f1o por el aniversario n\u00famero 50 del golpe de Estado de 1976, una fecha que contin\u00faa convocando a la reflexi\u00f3n y al compromiso con la memoria colectiva.<\/p>\n","protected":false},"excerpt":{"rendered":"<p>El Honorable Concejo Deliberante de Escobar lanz\u00f3 una convocatoria dirigida a artistas para participar de la propuesta colectiva \u201cLa memoria&hellip;<\/p>\n","protected":false},"author":1,"featured_media":1951,"comment_status":"open","ping_status":"open","sticky":false,"template":"","format":"standard","meta":{"_monsterinsights_skip_tracking":false,"_monsterinsights_sitenote_active":false,"_monsterinsights_sitenote_note":"","_monsterinsights_sitenote_category":0,"footnotes":""},"categories":[282],"tags":[],"class_list":["post-1950","post","type-post","status-publish","format-standard","has-post-thumbnail","hentry","category-legislativas"],"yoast_head":"<!-- This site is optimized with the Yoast SEO plugin v25.3.1 - https:\/\/yoast.com\/wordpress\/plugins\/seo\/ -->\n<title>Convocatoria a artistas por los 50 a\u00f1os del golpe de Estado - Noticias de Escobar<\/title>\n<meta name=\"description\" content=\"El objetivo es promover la reflexi\u00f3n colectiva sobre la memoria hist\u00f3rica a trav\u00e9s del arte y el espacio p\u00fablico.\" \/>\n<meta name=\"robots\" content=\"index, follow, max-snippet:-1, max-image-preview:large, max-video-preview:-1\" \/>\n<link rel=\"canonical\" href=\"https:\/\/noticiasdeescobar.online\/?p=1950\" \/>\n<meta property=\"og:locale\" content=\"es_ES\" \/>\n<meta property=\"og:type\" content=\"article\" \/>\n<meta property=\"og:title\" content=\"Convocatoria a artistas por los 50 a\u00f1os del golpe de Estado\" \/>\n<meta property=\"og:description\" content=\"El objetivo es promover la reflexi\u00f3n colectiva sobre la memoria hist\u00f3rica a trav\u00e9s del arte y el espacio p\u00fablico.\" \/>\n<meta property=\"og:url\" content=\"https:\/\/noticiasdeescobar.online\/?p=1950\" \/>\n<meta property=\"og:site_name\" content=\"Noticias de Escobar\" \/>\n<meta property=\"article:published_time\" content=\"2026-03-13T12:11:19+00:00\" \/>\n<meta property=\"article:modified_time\" content=\"2026-03-13T12:13:18+00:00\" \/>\n<meta property=\"og:image\" content=\"https:\/\/noticiasdeescobar.online\/wp-content\/uploads\/2026\/03\/dia-de-la-memoria-verdad-y-justicia_862x485.webp\" \/>\n\t<meta property=\"og:image:width\" content=\"862\" \/>\n\t<meta property=\"og:image:height\" content=\"484\" \/>\n\t<meta property=\"og:image:type\" content=\"image\/webp\" \/>\n<meta name=\"author\" content=\"Redacci\u00f3n\" \/>\n<meta name=\"twitter:card\" content=\"summary_large_image\" \/>\n<meta name=\"twitter:label1\" content=\"Escrito por\" \/>\n\t<meta name=\"twitter:data1\" content=\"Redacci\u00f3n\" \/>\n\t<meta name=\"twitter:label2\" content=\"Tiempo de lectura\" \/>\n\t<meta name=\"twitter:data2\" content=\"2 minutos\" \/>\n<script type=\"application\/ld+json\" class=\"yoast-schema-graph\">{\"@context\":\"https:\/\/schema.org\",\"@graph\":[{\"@type\":\"WebPage\",\"@id\":\"https:\/\/noticiasdeescobar.online\/?p=1950\",\"url\":\"https:\/\/noticiasdeescobar.online\/?p=1950\",\"name\":\"Convocatoria a artistas por los 50 a\u00f1os del golpe de Estado - Noticias de Escobar\",\"isPartOf\":{\"@id\":\"https:\/\/noticiasdeescobar.online\/#website\"},\"primaryImageOfPage\":{\"@id\":\"https:\/\/noticiasdeescobar.online\/?p=1950#primaryimage\"},\"image\":{\"@id\":\"https:\/\/noticiasdeescobar.online\/?p=1950#primaryimage\"},\"thumbnailUrl\":\"https:\/\/noticiasdeescobar.online\/wp-content\/uploads\/2026\/03\/dia-de-la-memoria-verdad-y-justicia_862x485.webp\",\"datePublished\":\"2026-03-13T12:11:19+00:00\",\"dateModified\":\"2026-03-13T12:13:18+00:00\",\"author\":{\"@id\":\"https:\/\/noticiasdeescobar.online\/#\/schema\/person\/c80a19151f9337b50a779fe1f512ca6a\"},\"description\":\"El objetivo es promover la reflexi\u00f3n colectiva sobre la memoria hist\u00f3rica a trav\u00e9s del arte y el espacio p\u00fablico.\",\"breadcrumb\":{\"@id\":\"https:\/\/noticiasdeescobar.online\/?p=1950#breadcrumb\"},\"inLanguage\":\"es-AR\",\"potentialAction\":[{\"@type\":\"ReadAction\",\"target\":[\"https:\/\/noticiasdeescobar.online\/?p=1950\"]}]},{\"@type\":\"ImageObject\",\"inLanguage\":\"es-AR\",\"@id\":\"https:\/\/noticiasdeescobar.online\/?p=1950#primaryimage\",\"url\":\"https:\/\/noticiasdeescobar.online\/wp-content\/uploads\/2026\/03\/dia-de-la-memoria-verdad-y-justicia_862x485.webp\",\"contentUrl\":\"https:\/\/noticiasdeescobar.online\/wp-content\/uploads\/2026\/03\/dia-de-la-memoria-verdad-y-justicia_862x485.webp\",\"width\":862,\"height\":484},{\"@type\":\"BreadcrumbList\",\"@id\":\"https:\/\/noticiasdeescobar.online\/?p=1950#breadcrumb\",\"itemListElement\":[{\"@type\":\"ListItem\",\"position\":1,\"name\":\"Inicio\",\"item\":\"https:\/\/noticiasdeescobar.online\/\"},{\"@type\":\"ListItem\",\"position\":2,\"name\":\"Convocatoria a artistas por los 50 a\u00f1os del golpe de Estado\"}]},{\"@type\":\"WebSite\",\"@id\":\"https:\/\/noticiasdeescobar.online\/#website\",\"url\":\"https:\/\/noticiasdeescobar.online\/\",\"name\":\"Noticias de Escobar\",\"description\":\"Noticias 24\/7\",\"potentialAction\":[{\"@type\":\"SearchAction\",\"target\":{\"@type\":\"EntryPoint\",\"urlTemplate\":\"https:\/\/noticiasdeescobar.online\/?s={search_term_string}\"},\"query-input\":{\"@type\":\"PropertyValueSpecification\",\"valueRequired\":true,\"valueName\":\"search_term_string\"}}],\"inLanguage\":\"es-AR\"},{\"@type\":\"Person\",\"@id\":\"https:\/\/noticiasdeescobar.online\/#\/schema\/person\/c80a19151f9337b50a779fe1f512ca6a\",\"name\":\"Redacci\u00f3n\",\"image\":{\"@type\":\"ImageObject\",\"inLanguage\":\"es-AR\",\"@id\":\"https:\/\/noticiasdeescobar.online\/#\/schema\/person\/image\/\",\"url\":\"https:\/\/secure.gravatar.com\/avatar\/1db77a0acc41b20b8cbce542c0459eb4?s=96&d=mm&r=g\",\"contentUrl\":\"https:\/\/secure.gravatar.com\/avatar\/1db77a0acc41b20b8cbce542c0459eb4?s=96&d=mm&r=g\",\"caption\":\"Redacci\u00f3n\"},\"sameAs\":[\"http:\/\/noticiasdeescobar.online\"],\"url\":\"https:\/\/noticiasdeescobar.online\/?author=1\"}]}<\/script>\n<!-- \/ Yoast SEO plugin. -->","yoast_head_json":{"title":"Convocatoria a artistas por los 50 a\u00f1os del golpe de Estado - Noticias de Escobar","description":"El objetivo es promover la reflexi\u00f3n colectiva sobre la memoria hist\u00f3rica a trav\u00e9s del arte y el espacio p\u00fablico.","robots":{"index":"index","follow":"follow","max-snippet":"max-snippet:-1","max-image-preview":"max-image-preview:large","max-video-preview":"max-video-preview:-1"},"canonical":"https:\/\/noticiasdeescobar.online\/?p=1950","og_locale":"es_ES","og_type":"article","og_title":"Convocatoria a artistas por los 50 a\u00f1os del golpe de Estado","og_description":"El objetivo es promover la reflexi\u00f3n colectiva sobre la memoria hist\u00f3rica a trav\u00e9s del arte y el espacio p\u00fablico.","og_url":"https:\/\/noticiasdeescobar.online\/?p=1950","og_site_name":"Noticias de Escobar","article_published_time":"2026-03-13T12:11:19+00:00","article_modified_time":"2026-03-13T12:13:18+00:00","og_image":[{"width":862,"height":484,"url":"https:\/\/noticiasdeescobar.online\/wp-content\/uploads\/2026\/03\/dia-de-la-memoria-verdad-y-justicia_862x485.webp","type":"image\/webp"}],"author":"Redacci\u00f3n","twitter_card":"summary_large_image","twitter_misc":{"Escrito por":"Redacci\u00f3n","Tiempo de lectura":"2 minutos"},"schema":{"@context":"https:\/\/schema.org","@graph":[{"@type":"WebPage","@id":"https:\/\/noticiasdeescobar.online\/?p=1950","url":"https:\/\/noticiasdeescobar.online\/?p=1950","name":"Convocatoria a artistas por los 50 a\u00f1os del golpe de Estado - Noticias de Escobar","isPartOf":{"@id":"https:\/\/noticiasdeescobar.online\/#website"},"primaryImageOfPage":{"@id":"https:\/\/noticiasdeescobar.online\/?p=1950#primaryimage"},"image":{"@id":"https:\/\/noticiasdeescobar.online\/?p=1950#primaryimage"},"thumbnailUrl":"https:\/\/noticiasdeescobar.online\/wp-content\/uploads\/2026\/03\/dia-de-la-memoria-verdad-y-justicia_862x485.webp","datePublished":"2026-03-13T12:11:19+00:00","dateModified":"2026-03-13T12:13:18+00:00","author":{"@id":"https:\/\/noticiasdeescobar.online\/#\/schema\/person\/c80a19151f9337b50a779fe1f512ca6a"},"description":"El objetivo es promover la reflexi\u00f3n colectiva sobre la memoria hist\u00f3rica a trav\u00e9s del arte y el espacio p\u00fablico.","breadcrumb":{"@id":"https:\/\/noticiasdeescobar.online\/?p=1950#breadcrumb"},"inLanguage":"es-AR","potentialAction":[{"@type":"ReadAction","target":["https:\/\/noticiasdeescobar.online\/?p=1950"]}]},{"@type":"ImageObject","inLanguage":"es-AR","@id":"https:\/\/noticiasdeescobar.online\/?p=1950#primaryimage","url":"https:\/\/noticiasdeescobar.online\/wp-content\/uploads\/2026\/03\/dia-de-la-memoria-verdad-y-justicia_862x485.webp","contentUrl":"https:\/\/noticiasdeescobar.online\/wp-content\/uploads\/2026\/03\/dia-de-la-memoria-verdad-y-justicia_862x485.webp","width":862,"height":484},{"@type":"BreadcrumbList","@id":"https:\/\/noticiasdeescobar.online\/?p=1950#breadcrumb","itemListElement":[{"@type":"ListItem","position":1,"name":"Inicio","item":"https:\/\/noticiasdeescobar.online\/"},{"@type":"ListItem","position":2,"name":"Convocatoria a artistas por los 50 a\u00f1os del golpe de Estado"}]},{"@type":"WebSite","@id":"https:\/\/noticiasdeescobar.online\/#website","url":"https:\/\/noticiasdeescobar.online\/","name":"Noticias de Escobar","description":"Noticias 24\/7","potentialAction":[{"@type":"SearchAction","target":{"@type":"EntryPoint","urlTemplate":"https:\/\/noticiasdeescobar.online\/?s={search_term_string}"},"query-input":{"@type":"PropertyValueSpecification","valueRequired":true,"valueName":"search_term_string"}}],"inLanguage":"es-AR"},{"@type":"Person","@id":"https:\/\/noticiasdeescobar.online\/#\/schema\/person\/c80a19151f9337b50a779fe1f512ca6a","name":"Redacci\u00f3n","image":{"@type":"ImageObject","inLanguage":"es-AR","@id":"https:\/\/noticiasdeescobar.online\/#\/schema\/person\/image\/","url":"https:\/\/secure.gravatar.com\/avatar\/1db77a0acc41b20b8cbce542c0459eb4?s=96&d=mm&r=g","contentUrl":"https:\/\/secure.gravatar.com\/avatar\/1db77a0acc41b20b8cbce542c0459eb4?s=96&d=mm&r=g","caption":"Redacci\u00f3n"},"sameAs":["http:\/\/noticiasdeescobar.online"],"url":"https:\/\/noticiasdeescobar.online\/?author=1"}]}},"_links":{"self":[{"href":"https:\/\/noticiasdeescobar.online\/index.php?rest_route=\/wp\/v2\/posts\/1950","targetHints":{"allow":["GET"]}}],"collection":[{"href":"https:\/\/noticiasdeescobar.online\/index.php?rest_route=\/wp\/v2\/posts"}],"about":[{"href":"https:\/\/noticiasdeescobar.online\/index.php?rest_route=\/wp\/v2\/types\/post"}],"author":[{"embeddable":true,"href":"https:\/\/noticiasdeescobar.online\/index.php?rest_route=\/wp\/v2\/users\/1"}],"replies":[{"embeddable":true,"href":"https:\/\/noticiasdeescobar.online\/index.php?rest_route=%2Fwp%2Fv2%2Fcomments&post=1950"}],"version-history":[{"count":3,"href":"https:\/\/noticiasdeescobar.online\/index.php?rest_route=\/wp\/v2\/posts\/1950\/revisions"}],"predecessor-version":[{"id":1955,"href":"https:\/\/noticiasdeescobar.online\/index.php?rest_route=\/wp\/v2\/posts\/1950\/revisions\/1955"}],"wp:featuredmedia":[{"embeddable":true,"href":"https:\/\/noticiasdeescobar.online\/index.php?rest_route=\/wp\/v2\/media\/1951"}],"wp:attachment":[{"href":"https:\/\/noticiasdeescobar.online\/index.php?rest_route=%2Fwp%2Fv2%2Fmedia&parent=1950"}],"wp:term":[{"taxonomy":"category","embeddable":true,"href":"https:\/\/noticiasdeescobar.online\/index.php?rest_route=%2Fwp%2Fv2%2Fcategories&post=1950"},{"taxonomy":"post_tag","embeddable":true,"href":"https:\/\/noticiasdeescobar.online\/index.php?rest_route=%2Fwp%2Fv2%2Ftags&post=1950"}],"curies":[{"name":"wp","href":"https:\/\/api.w.org\/{rel}","templated":true}]}}