{"id":1960,"date":"2026-03-14T18:25:39","date_gmt":"2026-03-14T18:25:39","guid":{"rendered":"https:\/\/noticiasdeescobar.online\/?p=1960"},"modified":"2026-03-14T18:37:10","modified_gmt":"2026-03-14T18:37:10","slug":"el-bondi-cumple-15-anos-una-celebracion-colectiva-en-el-antiguo-cine-del-pueblo","status":"publish","type":"post","link":"https:\/\/noticiasdeescobar.online\/?p=1960","title":{"rendered":"El Bondi cumple 15 a\u00f1os: Una celebraci\u00f3n colectiva en el antiguo cine del pueblo"},"content":{"rendered":"\n<p>El s\u00e1bado 21 de marzo desde las 21 hs, el Centro Cultural y Comunitario El Bondi celebrar\u00e1 sus quince a\u00f1os de historia con una gran fiesta abierta a la comunidad en Ingeniero Maschwitz.<\/p>\n\n\n\n<!--more-->\n\n\n\n<p>El espacio funciona en el antiguo cine del pueblo, un edificio hist\u00f3rico que fue hotel, sala de baile, cine y posteriormente una f\u00e1brica algodonera. <\/p>\n\n\n\n<p>Tras permanecer abandonado durante m\u00e1s de cuarenta a\u00f1os, fue recuperado por vecinos y vecinas el 20 de marzo de 2011, cuando un grupo de integrantes del Colectivo Cultural decidi\u00f3 abrir sus puertas y comenzar a transformarlo en un centro cultural comunitario.<\/p>\n\n\n\n<p>Desde entonces, El Bondi se consolid\u00f3 como uno de los espacios culturales autogestivos m\u00e1s activos de la zona. All\u00ed funcionan durante el a\u00f1o entre veinte y treinta talleres, las tardes de apoyo escolar, un bachi popular,  la radio FM RadioActiva 96.9, adem\u00e1s de una agenda permanente de eventos, ferias,<\/p>\n","protected":false},"excerpt":{"rendered":"<p>El s\u00e1bado 21 de marzo desde las 21 hs, el Centro Cultural y Comunitario El Bondi celebrar\u00e1 sus quince a\u00f1os&hellip;<\/p>\n","protected":false},"author":1,"featured_media":1964,"comment_status":"open","ping_status":"open","sticky":false,"template":"","format":"standard","meta":{"_monsterinsights_skip_tracking":false,"_monsterinsights_sitenote_active":false,"_monsterinsights_sitenote_note":"","_monsterinsights_sitenote_category":0,"footnotes":""},"categories":[75],"tags":[283,284,214],"class_list":["post-1960","post","type-post","status-publish","format-standard","has-post-thumbnail","hentry","category-cultura","tag-15-anos","tag-aniversario","tag-el-bondi"],"yoast_head":"<!-- This site is optimized with the Yoast SEO plugin v25.3.1 - https:\/\/yoast.com\/wordpress\/plugins\/seo\/ -->\n<title>El Bondi cumple 15 a\u00f1os: Una celebraci\u00f3n colectiva en el antiguo cine del pueblo - Noticias de Escobar<\/title>\n<meta name=\"description\" content=\"El s\u00e1bado 21 de marzo desde las 21 hs, el Centro Cultural y Comunitario El Bondi celebrar\u00e1 sus quince a\u00f1os de historia con una gran fiesta abierta a la comunidad en Ingeniero Maschwitz.\" \/>\n<meta name=\"robots\" content=\"index, follow, max-snippet:-1, max-image-preview:large, max-video-preview:-1\" \/>\n<link rel=\"canonical\" href=\"https:\/\/noticiasdeescobar.online\/?p=1960\" \/>\n<meta property=\"og:locale\" content=\"es_ES\" \/>\n<meta property=\"og:type\" content=\"article\" \/>\n<meta property=\"og:title\" content=\"El Bondi cumple 15 a\u00f1os: Una celebraci\u00f3n colectiva en el antiguo cine del pueblo\" \/>\n<meta property=\"og:description\" content=\"El s\u00e1bado 21 de marzo desde las 21 hs, el Centro Cultural y Comunitario El Bondi celebrar\u00e1 sus quince a\u00f1os de historia con una gran fiesta abierta a la comunidad en Ingeniero Maschwitz.\" \/>\n<meta property=\"og:url\" content=\"https:\/\/noticiasdeescobar.online\/?p=1960\" \/>\n<meta property=\"og:site_name\" content=\"Noticias de Escobar\" \/>\n<meta property=\"article:published_time\" content=\"2026-03-14T18:25:39+00:00\" \/>\n<meta property=\"article:modified_time\" content=\"2026-03-14T18:37:10+00:00\" \/>\n<meta property=\"og:image\" content=\"https:\/\/noticiasdeescobar.online\/wp-content\/uploads\/2026\/03\/Screenshot_20260314_153055_Facebook.jpg\" \/>\n\t<meta property=\"og:image:width\" content=\"1080\" \/>\n\t<meta property=\"og:image:height\" content=\"720\" \/>\n\t<meta property=\"og:image:type\" content=\"image\/jpeg\" \/>\n<meta name=\"author\" content=\"Redacci\u00f3n\" \/>\n<meta name=\"twitter:card\" content=\"summary_large_image\" \/>\n<meta name=\"twitter:label1\" content=\"Escrito por\" \/>\n\t<meta name=\"twitter:data1\" content=\"Redacci\u00f3n\" \/>\n\t<meta name=\"twitter:label2\" content=\"Tiempo de lectura\" \/>\n\t<meta name=\"twitter:data2\" content=\"1 minuto\" \/>\n<script type=\"application\/ld+json\" class=\"yoast-schema-graph\">{\"@context\":\"https:\/\/schema.org\",\"@graph\":[{\"@type\":\"WebPage\",\"@id\":\"https:\/\/noticiasdeescobar.online\/?p=1960\",\"url\":\"https:\/\/noticiasdeescobar.online\/?p=1960\",\"name\":\"El Bondi cumple 15 a\u00f1os: Una celebraci\u00f3n colectiva en el antiguo cine del pueblo - Noticias de Escobar\",\"isPartOf\":{\"@id\":\"https:\/\/noticiasdeescobar.online\/#website\"},\"primaryImageOfPage\":{\"@id\":\"https:\/\/noticiasdeescobar.online\/?p=1960#primaryimage\"},\"image\":{\"@id\":\"https:\/\/noticiasdeescobar.online\/?p=1960#primaryimage\"},\"thumbnailUrl\":\"https:\/\/noticiasdeescobar.online\/wp-content\/uploads\/2026\/03\/Screenshot_20260314_153055_Facebook.jpg\",\"datePublished\":\"2026-03-14T18:25:39+00:00\",\"dateModified\":\"2026-03-14T18:37:10+00:00\",\"author\":{\"@id\":\"https:\/\/noticiasdeescobar.online\/#\/schema\/person\/c80a19151f9337b50a779fe1f512ca6a\"},\"description\":\"El s\u00e1bado 21 de marzo desde las 21 hs, el Centro Cultural y Comunitario El Bondi celebrar\u00e1 sus quince a\u00f1os de historia con una gran fiesta abierta a la comunidad en Ingeniero Maschwitz.\",\"breadcrumb\":{\"@id\":\"https:\/\/noticiasdeescobar.online\/?p=1960#breadcrumb\"},\"inLanguage\":\"es-AR\",\"potentialAction\":[{\"@type\":\"ReadAction\",\"target\":[\"https:\/\/noticiasdeescobar.online\/?p=1960\"]}]},{\"@type\":\"ImageObject\",\"inLanguage\":\"es-AR\",\"@id\":\"https:\/\/noticiasdeescobar.online\/?p=1960#primaryimage\",\"url\":\"https:\/\/noticiasdeescobar.online\/wp-content\/uploads\/2026\/03\/Screenshot_20260314_153055_Facebook.jpg\",\"contentUrl\":\"https:\/\/noticiasdeescobar.online\/wp-content\/uploads\/2026\/03\/Screenshot_20260314_153055_Facebook.jpg\",\"width\":1080,\"height\":720},{\"@type\":\"BreadcrumbList\",\"@id\":\"https:\/\/noticiasdeescobar.online\/?p=1960#breadcrumb\",\"itemListElement\":[{\"@type\":\"ListItem\",\"position\":1,\"name\":\"Inicio\",\"item\":\"https:\/\/noticiasdeescobar.online\/\"},{\"@type\":\"ListItem\",\"position\":2,\"name\":\"El Bondi cumple 15 a\u00f1os: Una celebraci\u00f3n colectiva en el antiguo cine del pueblo\"}]},{\"@type\":\"WebSite\",\"@id\":\"https:\/\/noticiasdeescobar.online\/#website\",\"url\":\"https:\/\/noticiasdeescobar.online\/\",\"name\":\"Noticias de Escobar\",\"description\":\"Noticias 24\/7\",\"potentialAction\":[{\"@type\":\"SearchAction\",\"target\":{\"@type\":\"EntryPoint\",\"urlTemplate\":\"https:\/\/noticiasdeescobar.online\/?s={search_term_string}\"},\"query-input\":{\"@type\":\"PropertyValueSpecification\",\"valueRequired\":true,\"valueName\":\"search_term_string\"}}],\"inLanguage\":\"es-AR\"},{\"@type\":\"Person\",\"@id\":\"https:\/\/noticiasdeescobar.online\/#\/schema\/person\/c80a19151f9337b50a779fe1f512ca6a\",\"name\":\"Redacci\u00f3n\",\"image\":{\"@type\":\"ImageObject\",\"inLanguage\":\"es-AR\",\"@id\":\"https:\/\/noticiasdeescobar.online\/#\/schema\/person\/image\/\",\"url\":\"https:\/\/secure.gravatar.com\/avatar\/1db77a0acc41b20b8cbce542c0459eb4?s=96&d=mm&r=g\",\"contentUrl\":\"https:\/\/secure.gravatar.com\/avatar\/1db77a0acc41b20b8cbce542c0459eb4?s=96&d=mm&r=g\",\"caption\":\"Redacci\u00f3n\"},\"sameAs\":[\"http:\/\/noticiasdeescobar.online\"],\"url\":\"https:\/\/noticiasdeescobar.online\/?author=1\"}]}<\/script>\n<!-- \/ Yoast SEO plugin. -->","yoast_head_json":{"title":"El Bondi cumple 15 a\u00f1os: Una celebraci\u00f3n colectiva en el antiguo cine del pueblo - Noticias de Escobar","description":"El s\u00e1bado 21 de marzo desde las 21 hs, el Centro Cultural y Comunitario El Bondi celebrar\u00e1 sus quince a\u00f1os de historia con una gran fiesta abierta a la comunidad en Ingeniero Maschwitz.","robots":{"index":"index","follow":"follow","max-snippet":"max-snippet:-1","max-image-preview":"max-image-preview:large","max-video-preview":"max-video-preview:-1"},"canonical":"https:\/\/noticiasdeescobar.online\/?p=1960","og_locale":"es_ES","og_type":"article","og_title":"El Bondi cumple 15 a\u00f1os: Una celebraci\u00f3n colectiva en el antiguo cine del pueblo","og_description":"El s\u00e1bado 21 de marzo desde las 21 hs, el Centro Cultural y Comunitario El Bondi celebrar\u00e1 sus quince a\u00f1os de historia con una gran fiesta abierta a la comunidad en Ingeniero Maschwitz.","og_url":"https:\/\/noticiasdeescobar.online\/?p=1960","og_site_name":"Noticias de Escobar","article_published_time":"2026-03-14T18:25:39+00:00","article_modified_time":"2026-03-14T18:37:10+00:00","og_image":[{"width":1080,"height":720,"url":"https:\/\/noticiasdeescobar.online\/wp-content\/uploads\/2026\/03\/Screenshot_20260314_153055_Facebook.jpg","type":"image\/jpeg"}],"author":"Redacci\u00f3n","twitter_card":"summary_large_image","twitter_misc":{"Escrito por":"Redacci\u00f3n","Tiempo de lectura":"1 minuto"},"schema":{"@context":"https:\/\/schema.org","@graph":[{"@type":"WebPage","@id":"https:\/\/noticiasdeescobar.online\/?p=1960","url":"https:\/\/noticiasdeescobar.online\/?p=1960","name":"El Bondi cumple 15 a\u00f1os: Una celebraci\u00f3n colectiva en el antiguo cine del pueblo - Noticias de Escobar","isPartOf":{"@id":"https:\/\/noticiasdeescobar.online\/#website"},"primaryImageOfPage":{"@id":"https:\/\/noticiasdeescobar.online\/?p=1960#primaryimage"},"image":{"@id":"https:\/\/noticiasdeescobar.online\/?p=1960#primaryimage"},"thumbnailUrl":"https:\/\/noticiasdeescobar.online\/wp-content\/uploads\/2026\/03\/Screenshot_20260314_153055_Facebook.jpg","datePublished":"2026-03-14T18:25:39+00:00","dateModified":"2026-03-14T18:37:10+00:00","author":{"@id":"https:\/\/noticiasdeescobar.online\/#\/schema\/person\/c80a19151f9337b50a779fe1f512ca6a"},"description":"El s\u00e1bado 21 de marzo desde las 21 hs, el Centro Cultural y Comunitario El Bondi celebrar\u00e1 sus quince a\u00f1os de historia con una gran fiesta abierta a la comunidad en Ingeniero Maschwitz.","breadcrumb":{"@id":"https:\/\/noticiasdeescobar.online\/?p=1960#breadcrumb"},"inLanguage":"es-AR","potentialAction":[{"@type":"ReadAction","target":["https:\/\/noticiasdeescobar.online\/?p=1960"]}]},{"@type":"ImageObject","inLanguage":"es-AR","@id":"https:\/\/noticiasdeescobar.online\/?p=1960#primaryimage","url":"https:\/\/noticiasdeescobar.online\/wp-content\/uploads\/2026\/03\/Screenshot_20260314_153055_Facebook.jpg","contentUrl":"https:\/\/noticiasdeescobar.online\/wp-content\/uploads\/2026\/03\/Screenshot_20260314_153055_Facebook.jpg","width":1080,"height":720},{"@type":"BreadcrumbList","@id":"https:\/\/noticiasdeescobar.online\/?p=1960#breadcrumb","itemListElement":[{"@type":"ListItem","position":1,"name":"Inicio","item":"https:\/\/noticiasdeescobar.online\/"},{"@type":"ListItem","position":2,"name":"El Bondi cumple 15 a\u00f1os: Una celebraci\u00f3n colectiva en el antiguo cine del pueblo"}]},{"@type":"WebSite","@id":"https:\/\/noticiasdeescobar.online\/#website","url":"https:\/\/noticiasdeescobar.online\/","name":"Noticias de Escobar","description":"Noticias 24\/7","potentialAction":[{"@type":"SearchAction","target":{"@type":"EntryPoint","urlTemplate":"https:\/\/noticiasdeescobar.online\/?s={search_term_string}"},"query-input":{"@type":"PropertyValueSpecification","valueRequired":true,"valueName":"search_term_string"}}],"inLanguage":"es-AR"},{"@type":"Person","@id":"https:\/\/noticiasdeescobar.online\/#\/schema\/person\/c80a19151f9337b50a779fe1f512ca6a","name":"Redacci\u00f3n","image":{"@type":"ImageObject","inLanguage":"es-AR","@id":"https:\/\/noticiasdeescobar.online\/#\/schema\/person\/image\/","url":"https:\/\/secure.gravatar.com\/avatar\/1db77a0acc41b20b8cbce542c0459eb4?s=96&d=mm&r=g","contentUrl":"https:\/\/secure.gravatar.com\/avatar\/1db77a0acc41b20b8cbce542c0459eb4?s=96&d=mm&r=g","caption":"Redacci\u00f3n"},"sameAs":["http:\/\/noticiasdeescobar.online"],"url":"https:\/\/noticiasdeescobar.online\/?author=1"}]}},"_links":{"self":[{"href":"https:\/\/noticiasdeescobar.online\/index.php?rest_route=\/wp\/v2\/posts\/1960","targetHints":{"allow":["GET"]}}],"collection":[{"href":"https:\/\/noticiasdeescobar.online\/index.php?rest_route=\/wp\/v2\/posts"}],"about":[{"href":"https:\/\/noticiasdeescobar.online\/index.php?rest_route=\/wp\/v2\/types\/post"}],"author":[{"embeddable":true,"href":"https:\/\/noticiasdeescobar.online\/index.php?rest_route=\/wp\/v2\/users\/1"}],"replies":[{"embeddable":true,"href":"https:\/\/noticiasdeescobar.online\/index.php?rest_route=%2Fwp%2Fv2%2Fcomments&post=1960"}],"version-history":[{"count":3,"href":"https:\/\/noticiasdeescobar.online\/index.php?rest_route=\/wp\/v2\/posts\/1960\/revisions"}],"predecessor-version":[{"id":1965,"href":"https:\/\/noticiasdeescobar.online\/index.php?rest_route=\/wp\/v2\/posts\/1960\/revisions\/1965"}],"wp:featuredmedia":[{"embeddable":true,"href":"https:\/\/noticiasdeescobar.online\/index.php?rest_route=\/wp\/v2\/media\/1964"}],"wp:attachment":[{"href":"https:\/\/noticiasdeescobar.online\/index.php?rest_route=%2Fwp%2Fv2%2Fmedia&parent=1960"}],"wp:term":[{"taxonomy":"category","embeddable":true,"href":"https:\/\/noticiasdeescobar.online\/index.php?rest_route=%2Fwp%2Fv2%2Fcategories&post=1960"},{"taxonomy":"post_tag","embeddable":true,"href":"https:\/\/noticiasdeescobar.online\/index.php?rest_route=%2Fwp%2Fv2%2Ftags&post=1960"}],"curies":[{"name":"wp","href":"https:\/\/api.w.org\/{rel}","templated":true}]}}