{"id":227,"date":"2024-12-20T20:11:08","date_gmt":"2024-12-20T20:11:08","guid":{"rendered":"https:\/\/noticiasdeescobar.online\/?p=227"},"modified":"2024-12-20T20:11:09","modified_gmt":"2024-12-20T20:11:09","slug":"los-dos-patronazgos-del-templo-parroquial-de-belen","status":"publish","type":"post","link":"https:\/\/noticiasdeescobar.online\/?p=227","title":{"rendered":"Los dos patronazgos del Templo Parroquial de Bel\u00e9n"},"content":{"rendered":"\n<p>Algo que pocas veces hemos comentado, es lo relacionado con los dos Patronazgos que tuvo el Templo Parroquial de Bel\u00e9n de Escobar, a lo largo de su historia. Por Alfredo Melidore (*).<\/p>\n\n\n\n<!--more-->\n\n\n\n<p><a><\/a>Sabido es, que cuando en 1887 se libr\u00f3 al servicio p\u00fablico la primera capilla de madera &#8211; ver dibujo &#8211; , la advocaci\u00f3n inicial se puso bajo la guarda de \u201cNuestra Se\u00f1ora de Bel\u00e9n\u201d ( 1 ). Una festividad que la Iglesia la conmemoraba, por esas \u00e9pocas, dentro del mes de enero.<\/p>\n\n\n<div class=\"wp-block-image\">\n<figure class=\"aligncenter size-large\"><img loading=\"lazy\" decoding=\"async\" width=\"625\" height=\"1024\" src=\"https:\/\/noticiasdeescobar.online\/wp-content\/uploads\/2024\/12\/471133571_3773032066282917_3485711510317602373_n-625x1024.jpg\" alt=\"\" class=\"wp-image-230\" srcset=\"https:\/\/noticiasdeescobar.online\/wp-content\/uploads\/2024\/12\/471133571_3773032066282917_3485711510317602373_n-625x1024.jpg 625w, https:\/\/noticiasdeescobar.online\/wp-content\/uploads\/2024\/12\/471133571_3773032066282917_3485711510317602373_n-183x300.jpg 183w, https:\/\/noticiasdeescobar.online\/wp-content\/uploads\/2024\/12\/471133571_3773032066282917_3485711510317602373_n-768x1258.jpg 768w, https:\/\/noticiasdeescobar.online\/wp-content\/uploads\/2024\/12\/471133571_3773032066282917_3485711510317602373_n.jpg 921w\" sizes=\"auto, (max-width: 625px) 100vw, 625px\" \/><\/figure><\/div>\n\n\n<p>Pero la feligres\u00eda de Bel\u00e9n, s\u00f3lo espor\u00e1dicamente la celebr\u00f3 en esos d\u00edas, ya que por lo general, las Fiestas Patronales se llevaban a cabo el d\u00eda de Navidad.<\/p>\n\n\n\n<p>Baste recordar, que la bendici\u00f3n del mencionado edificio, por parte del Arzobispo de Buenos Aires, Monse\u00f1or Federico Le\u00f3n Aneiros, tuvo lugar un 25 de diciembre, el de 1887.<\/p>\n\n\n<div class=\"wp-block-image\">\n<figure class=\"aligncenter size-full\"><img loading=\"lazy\" decoding=\"async\" width=\"400\" height=\"371\" src=\"https:\/\/noticiasdeescobar.online\/wp-content\/uploads\/2024\/12\/470235475_3773032269616230_7654932261270355910_n.jpg\" alt=\"\" class=\"wp-image-231\" srcset=\"https:\/\/noticiasdeescobar.online\/wp-content\/uploads\/2024\/12\/470235475_3773032269616230_7654932261270355910_n.jpg 400w, https:\/\/noticiasdeescobar.online\/wp-content\/uploads\/2024\/12\/470235475_3773032269616230_7654932261270355910_n-300x278.jpg 300w\" sizes=\"auto, (max-width: 400px) 100vw, 400px\" \/><\/figure><\/div>\n\n\n<p>Pocos a\u00f1os despu\u00e9s, la capilla fue elevada a la categor\u00eda de Parroquia.<\/p>\n\n\n\n<p>Reci\u00e9n a comienzos de diciembre de 1896, el Arzobispado de Buenos Aires comenz\u00f3 a poner orden lo relacionado a las fiestas patronales escobarenses, y lo hizo cursando una nota al cura y vicario de Bel\u00e9n, presb\u00edtero Francisco Lettieri, a quien entre otras cosas se le informaba que:<\/p>\n\n\n\n<p>\u201c&#8230; Como resultado de las constancias existentes, que la Parroquia de Bel\u00e9n tuvo su origen en una capilla dedicada al Nacimiento de Nuestro Se\u00f1or Jesucristo y que s\u00f3lo por un error, se expidi\u00f3 el primer t\u00edtulo llam\u00e1ndolo de Nuestra Se\u00f1ora de Bel\u00e9n, debe considerarse como patrono principal y titular de la Parroquia de Bel\u00e9n en el pueblo de Escobar, el Nacimiento de Nuestro Se\u00f1or Jesucristo, sin perjuicio y a\u00fan con recomendaci\u00f3n, de que se celebre con la solemnidad posible la Fiesta de Nuestra Se\u00f1ora de Bel\u00e9n, que cae en la cuarta Dominica despu\u00e9s de Reyes&#8230;\u201d<\/p>\n\n\n\n<p>A partir de all\u00ed y hasta nuestros d\u00edas, el Patrono del Templo Parroquial es la \u201cNatividad del Se\u00f1or\u201d, habiendo quedado un poco en el olvido, lamentablemente, aquella primitiva advocaci\u00f3n de \u201cNuestra Se\u00f1ora de Bel\u00e9n\u201d, elegida oportunamente, por la piadosa donante de la primera capilla, do\u00f1a Eugenia Tapia de Cruz.<\/p>\n\n\n<div class=\"wp-block-image\">\n<figure class=\"aligncenter size-full\"><img loading=\"lazy\" decoding=\"async\" width=\"697\" height=\"692\" src=\"https:\/\/noticiasdeescobar.online\/wp-content\/uploads\/2024\/12\/470692770_3773032476282876_5234709729248680873_n.jpg\" alt=\"\" class=\"wp-image-229\" srcset=\"https:\/\/noticiasdeescobar.online\/wp-content\/uploads\/2024\/12\/470692770_3773032476282876_5234709729248680873_n.jpg 697w, https:\/\/noticiasdeescobar.online\/wp-content\/uploads\/2024\/12\/470692770_3773032476282876_5234709729248680873_n-300x298.jpg 300w, https:\/\/noticiasdeescobar.online\/wp-content\/uploads\/2024\/12\/470692770_3773032476282876_5234709729248680873_n-150x150.jpg 150w\" sizes=\"auto, (max-width: 697px) 100vw, 697px\" \/><\/figure><\/div>\n\n\n<p>( 1 ) \u201cNuestra Se\u00f1ora de Bel\u00e9n\u201d &#8211; Actualmente la festividad de Nuestra Se\u00f1ora de Bel\u00e9n (ver imagen) se celebra el d\u00eda 4 de enero y seg\u00fan el Santoral, se recuerdan las circunstancias que hicieron que Jes\u00fas naciera en la ciudad de David, como lo hab\u00eda predicho el profeta Miqueas, a pesar de que Mar\u00eda y Jos\u00e9 viv\u00edan en Nazaret, a unos 100 kil\u00f3metros de Bel\u00e9n.<\/p>\n\n\n\n<p>Como punto final, cabe acotar que seg\u00fan los estudiosos cat\u00f3licos, la de Nuestra Se\u00f1ora de Bel\u00e9n, ser\u00eda una de las m\u00e1s antiguas advocaciones a la Sant\u00edsima Virgen Mar\u00eda.<\/p>\n\n\n\n<p><\/p>\n\n\n\n<p>* historiandoescobar@hotmail.com<\/p>\n","protected":false},"excerpt":{"rendered":"<p>Algo que pocas veces hemos comentado, es lo relacionado con los dos Patronazgos que tuvo el Templo Parroquial de Bel\u00e9n&hellip;<\/p>\n","protected":false},"author":1,"featured_media":228,"comment_status":"open","ping_status":"open","sticky":false,"template":"","format":"standard","meta":{"_monsterinsights_skip_tracking":false,"_monsterinsights_sitenote_active":false,"_monsterinsights_sitenote_note":"","_monsterinsights_sitenote_category":0,"footnotes":""},"categories":[8],"tags":[9],"class_list":["post-227","post","type-post","status-publish","format-standard","has-post-thumbnail","hentry","category-historia","tag-alfredo-melidore"],"yoast_head":"<!-- This site is optimized with the Yoast SEO plugin v25.3.1 - https:\/\/yoast.com\/wordpress\/plugins\/seo\/ -->\n<title>Los dos patronazgos del Templo Parroquial de Bel\u00e9n - Noticias de Escobar<\/title>\n<meta name=\"robots\" content=\"index, follow, max-snippet:-1, max-image-preview:large, max-video-preview:-1\" \/>\n<link rel=\"canonical\" href=\"https:\/\/noticiasdeescobar.online\/?p=227\" \/>\n<meta property=\"og:locale\" content=\"es_ES\" \/>\n<meta property=\"og:type\" content=\"article\" \/>\n<meta property=\"og:title\" content=\"Los dos patronazgos del Templo Parroquial de Bel\u00e9n - Noticias de Escobar\" \/>\n<meta property=\"og:description\" content=\"Algo que pocas veces hemos comentado, es lo relacionado con los dos Patronazgos que tuvo el Templo Parroquial de Bel\u00e9n&hellip;\" \/>\n<meta property=\"og:url\" content=\"https:\/\/noticiasdeescobar.online\/?p=227\" \/>\n<meta property=\"og:site_name\" content=\"Noticias de Escobar\" \/>\n<meta property=\"article:published_time\" content=\"2024-12-20T20:11:08+00:00\" \/>\n<meta property=\"article:modified_time\" content=\"2024-12-20T20:11:09+00:00\" \/>\n<meta property=\"og:image\" content=\"https:\/\/noticiasdeescobar.online\/wp-content\/uploads\/2024\/12\/470682062_3773032952949495_5227652190007155786_n.jpg\" \/>\n\t<meta property=\"og:image:width\" content=\"2048\" \/>\n\t<meta property=\"og:image:height\" content=\"1876\" \/>\n\t<meta property=\"og:image:type\" content=\"image\/jpeg\" \/>\n<meta name=\"author\" content=\"Redacci\u00f3n\" \/>\n<meta name=\"twitter:card\" content=\"summary_large_image\" \/>\n<meta name=\"twitter:label1\" content=\"Escrito por\" \/>\n\t<meta name=\"twitter:data1\" content=\"Redacci\u00f3n\" \/>\n\t<meta name=\"twitter:label2\" content=\"Tiempo de lectura\" \/>\n\t<meta name=\"twitter:data2\" content=\"2 minutos\" \/>\n<script type=\"application\/ld+json\" class=\"yoast-schema-graph\">{\"@context\":\"https:\/\/schema.org\",\"@graph\":[{\"@type\":\"WebPage\",\"@id\":\"https:\/\/noticiasdeescobar.online\/?p=227\",\"url\":\"https:\/\/noticiasdeescobar.online\/?p=227\",\"name\":\"Los dos patronazgos del Templo Parroquial de Bel\u00e9n - Noticias de Escobar\",\"isPartOf\":{\"@id\":\"https:\/\/noticiasdeescobar.online\/#website\"},\"primaryImageOfPage\":{\"@id\":\"https:\/\/noticiasdeescobar.online\/?p=227#primaryimage\"},\"image\":{\"@id\":\"https:\/\/noticiasdeescobar.online\/?p=227#primaryimage\"},\"thumbnailUrl\":\"https:\/\/noticiasdeescobar.online\/wp-content\/uploads\/2024\/12\/470682062_3773032952949495_5227652190007155786_n.jpg\",\"datePublished\":\"2024-12-20T20:11:08+00:00\",\"dateModified\":\"2024-12-20T20:11:09+00:00\",\"author\":{\"@id\":\"https:\/\/noticiasdeescobar.online\/#\/schema\/person\/c80a19151f9337b50a779fe1f512ca6a\"},\"breadcrumb\":{\"@id\":\"https:\/\/noticiasdeescobar.online\/?p=227#breadcrumb\"},\"inLanguage\":\"es-AR\",\"potentialAction\":[{\"@type\":\"ReadAction\",\"target\":[\"https:\/\/noticiasdeescobar.online\/?p=227\"]}]},{\"@type\":\"ImageObject\",\"inLanguage\":\"es-AR\",\"@id\":\"https:\/\/noticiasdeescobar.online\/?p=227#primaryimage\",\"url\":\"https:\/\/noticiasdeescobar.online\/wp-content\/uploads\/2024\/12\/470682062_3773032952949495_5227652190007155786_n.jpg\",\"contentUrl\":\"https:\/\/noticiasdeescobar.online\/wp-content\/uploads\/2024\/12\/470682062_3773032952949495_5227652190007155786_n.jpg\",\"width\":2048,\"height\":1876},{\"@type\":\"BreadcrumbList\",\"@id\":\"https:\/\/noticiasdeescobar.online\/?p=227#breadcrumb\",\"itemListElement\":[{\"@type\":\"ListItem\",\"position\":1,\"name\":\"Inicio\",\"item\":\"https:\/\/noticiasdeescobar.online\/\"},{\"@type\":\"ListItem\",\"position\":2,\"name\":\"Los dos patronazgos del Templo Parroquial de Bel\u00e9n\"}]},{\"@type\":\"WebSite\",\"@id\":\"https:\/\/noticiasdeescobar.online\/#website\",\"url\":\"https:\/\/noticiasdeescobar.online\/\",\"name\":\"Noticias de Escobar\",\"description\":\"Noticias 24\/7\",\"potentialAction\":[{\"@type\":\"SearchAction\",\"target\":{\"@type\":\"EntryPoint\",\"urlTemplate\":\"https:\/\/noticiasdeescobar.online\/?s={search_term_string}\"},\"query-input\":{\"@type\":\"PropertyValueSpecification\",\"valueRequired\":true,\"valueName\":\"search_term_string\"}}],\"inLanguage\":\"es-AR\"},{\"@type\":\"Person\",\"@id\":\"https:\/\/noticiasdeescobar.online\/#\/schema\/person\/c80a19151f9337b50a779fe1f512ca6a\",\"name\":\"Redacci\u00f3n\",\"image\":{\"@type\":\"ImageObject\",\"inLanguage\":\"es-AR\",\"@id\":\"https:\/\/noticiasdeescobar.online\/#\/schema\/person\/image\/\",\"url\":\"https:\/\/secure.gravatar.com\/avatar\/1db77a0acc41b20b8cbce542c0459eb4?s=96&d=mm&r=g\",\"contentUrl\":\"https:\/\/secure.gravatar.com\/avatar\/1db77a0acc41b20b8cbce542c0459eb4?s=96&d=mm&r=g\",\"caption\":\"Redacci\u00f3n\"},\"sameAs\":[\"http:\/\/noticiasdeescobar.online\"],\"url\":\"https:\/\/noticiasdeescobar.online\/?author=1\"}]}<\/script>\n<!-- \/ Yoast SEO plugin. -->","yoast_head_json":{"title":"Los dos patronazgos del Templo Parroquial de Bel\u00e9n - Noticias de Escobar","robots":{"index":"index","follow":"follow","max-snippet":"max-snippet:-1","max-image-preview":"max-image-preview:large","max-video-preview":"max-video-preview:-1"},"canonical":"https:\/\/noticiasdeescobar.online\/?p=227","og_locale":"es_ES","og_type":"article","og_title":"Los dos patronazgos del Templo Parroquial de Bel\u00e9n - Noticias de Escobar","og_description":"Algo que pocas veces hemos comentado, es lo relacionado con los dos Patronazgos que tuvo el Templo Parroquial de Bel\u00e9n&hellip;","og_url":"https:\/\/noticiasdeescobar.online\/?p=227","og_site_name":"Noticias de Escobar","article_published_time":"2024-12-20T20:11:08+00:00","article_modified_time":"2024-12-20T20:11:09+00:00","og_image":[{"width":2048,"height":1876,"url":"https:\/\/noticiasdeescobar.online\/wp-content\/uploads\/2024\/12\/470682062_3773032952949495_5227652190007155786_n.jpg","type":"image\/jpeg"}],"author":"Redacci\u00f3n","twitter_card":"summary_large_image","twitter_misc":{"Escrito por":"Redacci\u00f3n","Tiempo de lectura":"2 minutos"},"schema":{"@context":"https:\/\/schema.org","@graph":[{"@type":"WebPage","@id":"https:\/\/noticiasdeescobar.online\/?p=227","url":"https:\/\/noticiasdeescobar.online\/?p=227","name":"Los dos patronazgos del Templo Parroquial de Bel\u00e9n - Noticias de Escobar","isPartOf":{"@id":"https:\/\/noticiasdeescobar.online\/#website"},"primaryImageOfPage":{"@id":"https:\/\/noticiasdeescobar.online\/?p=227#primaryimage"},"image":{"@id":"https:\/\/noticiasdeescobar.online\/?p=227#primaryimage"},"thumbnailUrl":"https:\/\/noticiasdeescobar.online\/wp-content\/uploads\/2024\/12\/470682062_3773032952949495_5227652190007155786_n.jpg","datePublished":"2024-12-20T20:11:08+00:00","dateModified":"2024-12-20T20:11:09+00:00","author":{"@id":"https:\/\/noticiasdeescobar.online\/#\/schema\/person\/c80a19151f9337b50a779fe1f512ca6a"},"breadcrumb":{"@id":"https:\/\/noticiasdeescobar.online\/?p=227#breadcrumb"},"inLanguage":"es-AR","potentialAction":[{"@type":"ReadAction","target":["https:\/\/noticiasdeescobar.online\/?p=227"]}]},{"@type":"ImageObject","inLanguage":"es-AR","@id":"https:\/\/noticiasdeescobar.online\/?p=227#primaryimage","url":"https:\/\/noticiasdeescobar.online\/wp-content\/uploads\/2024\/12\/470682062_3773032952949495_5227652190007155786_n.jpg","contentUrl":"https:\/\/noticiasdeescobar.online\/wp-content\/uploads\/2024\/12\/470682062_3773032952949495_5227652190007155786_n.jpg","width":2048,"height":1876},{"@type":"BreadcrumbList","@id":"https:\/\/noticiasdeescobar.online\/?p=227#breadcrumb","itemListElement":[{"@type":"ListItem","position":1,"name":"Inicio","item":"https:\/\/noticiasdeescobar.online\/"},{"@type":"ListItem","position":2,"name":"Los dos patronazgos del Templo Parroquial de Bel\u00e9n"}]},{"@type":"WebSite","@id":"https:\/\/noticiasdeescobar.online\/#website","url":"https:\/\/noticiasdeescobar.online\/","name":"Noticias de Escobar","description":"Noticias 24\/7","potentialAction":[{"@type":"SearchAction","target":{"@type":"EntryPoint","urlTemplate":"https:\/\/noticiasdeescobar.online\/?s={search_term_string}"},"query-input":{"@type":"PropertyValueSpecification","valueRequired":true,"valueName":"search_term_string"}}],"inLanguage":"es-AR"},{"@type":"Person","@id":"https:\/\/noticiasdeescobar.online\/#\/schema\/person\/c80a19151f9337b50a779fe1f512ca6a","name":"Redacci\u00f3n","image":{"@type":"ImageObject","inLanguage":"es-AR","@id":"https:\/\/noticiasdeescobar.online\/#\/schema\/person\/image\/","url":"https:\/\/secure.gravatar.com\/avatar\/1db77a0acc41b20b8cbce542c0459eb4?s=96&d=mm&r=g","contentUrl":"https:\/\/secure.gravatar.com\/avatar\/1db77a0acc41b20b8cbce542c0459eb4?s=96&d=mm&r=g","caption":"Redacci\u00f3n"},"sameAs":["http:\/\/noticiasdeescobar.online"],"url":"https:\/\/noticiasdeescobar.online\/?author=1"}]}},"_links":{"self":[{"href":"https:\/\/noticiasdeescobar.online\/index.php?rest_route=\/wp\/v2\/posts\/227","targetHints":{"allow":["GET"]}}],"collection":[{"href":"https:\/\/noticiasdeescobar.online\/index.php?rest_route=\/wp\/v2\/posts"}],"about":[{"href":"https:\/\/noticiasdeescobar.online\/index.php?rest_route=\/wp\/v2\/types\/post"}],"author":[{"embeddable":true,"href":"https:\/\/noticiasdeescobar.online\/index.php?rest_route=\/wp\/v2\/users\/1"}],"replies":[{"embeddable":true,"href":"https:\/\/noticiasdeescobar.online\/index.php?rest_route=%2Fwp%2Fv2%2Fcomments&post=227"}],"version-history":[{"count":1,"href":"https:\/\/noticiasdeescobar.online\/index.php?rest_route=\/wp\/v2\/posts\/227\/revisions"}],"predecessor-version":[{"id":232,"href":"https:\/\/noticiasdeescobar.online\/index.php?rest_route=\/wp\/v2\/posts\/227\/revisions\/232"}],"wp:featuredmedia":[{"embeddable":true,"href":"https:\/\/noticiasdeescobar.online\/index.php?rest_route=\/wp\/v2\/media\/228"}],"wp:attachment":[{"href":"https:\/\/noticiasdeescobar.online\/index.php?rest_route=%2Fwp%2Fv2%2Fmedia&parent=227"}],"wp:term":[{"taxonomy":"category","embeddable":true,"href":"https:\/\/noticiasdeescobar.online\/index.php?rest_route=%2Fwp%2Fv2%2Fcategories&post=227"},{"taxonomy":"post_tag","embeddable":true,"href":"https:\/\/noticiasdeescobar.online\/index.php?rest_route=%2Fwp%2Fv2%2Ftags&post=227"}],"curies":[{"name":"wp","href":"https:\/\/api.w.org\/{rel}","templated":true}]}}