{"id":243,"date":"2024-12-22T16:21:31","date_gmt":"2024-12-22T16:21:31","guid":{"rendered":"https:\/\/noticiasdeescobar.online\/?p=243"},"modified":"2024-12-22T16:21:32","modified_gmt":"2024-12-22T16:21:32","slug":"en-navidad-se-cumpliran-137-anos-de-la-solemne-inauguracion-de-la-primera-capilla-del-pueblo-de-belen-estacion-escobar","status":"publish","type":"post","link":"https:\/\/noticiasdeescobar.online\/?p=243","title":{"rendered":"En Navidad se cumplir\u00e1n 137 a\u00f1os de la solemne inauguraci\u00f3n de la primera capilla del Pueblo de Bel\u00e9n &#8211; Estaci\u00f3n Escobar"},"content":{"rendered":"\n<p>La iglesia \u201cNatividad del Se\u00f1or\u201d de Bel\u00e9n de Escobar, tiene a lo largo de sus casi 137 a\u00f1os de vida, una gama de matices hist\u00f3ricos m\u00e1s que interesantes, desde sus inicios y m\u00e1s a\u00fan, antes de su creaci\u00f3n, como capilla de \u201cNuestra Se\u00f1ora de Bel\u00e9n\u201d( ver imagen ), all\u00e1 por la Navidad de 1887. Alfredo Melidore (*).<\/p>\n\n\n\n<!--more-->\n\n\n\n<p>Esto <a><\/a>se daba, por la manifiesta devoci\u00f3n cristiana que do\u00f1a Eugenia Tapia de Cruz ( ver foto ) profesaba hac\u00eda el \u201cNi\u00f1o Jes\u00fas\u201d, y se hab\u00eda extendido a muchos vecinos de la zona, que acompa\u00f1aban a la benem\u00e9rita matrona, en el rezo del Santo Rosario y en otros actos piadosos que eran habituales en ella.<\/p>\n\n\n<div class=\"wp-block-image\">\n<figure class=\"aligncenter size-full\"><img loading=\"lazy\" decoding=\"async\" width=\"395\" height=\"659\" src=\"https:\/\/noticiasdeescobar.online\/wp-content\/uploads\/2024\/12\/470702331_3771544646431659_3603877903917336643_n.jpg\" alt=\"\" class=\"wp-image-244\" srcset=\"https:\/\/noticiasdeescobar.online\/wp-content\/uploads\/2024\/12\/470702331_3771544646431659_3603877903917336643_n.jpg 395w, https:\/\/noticiasdeescobar.online\/wp-content\/uploads\/2024\/12\/470702331_3771544646431659_3603877903917336643_n-180x300.jpg 180w\" sizes=\"auto, (max-width: 395px) 100vw, 395px\" \/><\/figure><\/div>\n\n\n<p>Luego del remate inicial del pueblo de \u201cBel\u00e9n\u201d, llevado a cabo por exclusiva iniciativa de do\u00f1a Eugenia Tapia, a partir del domingo 4 de marzo de 1877, y con el asentamiento paulatino en \u00e9l, de las primeras familias, se fue haciendo evidente la necesidad de contar en el paraje con un templo.<\/p>\n\n\n\n<p>T\u00e9ngase en cuenta que por entonces, los nuevos vecinos, como as\u00ed los antiguos pobladores de la rica campa\u00f1a circundante, para cumplir con los deberes religiosos, ten\u00edan obligatoriamente que trasladarse hasta el pueblo de Pilar, cabecera del partido del mismo nombre, al cual pertenec\u00eda \u201cBel\u00e9n\u201d, situado a algo m\u00e1s de tres leguas de la estaci\u00f3n Escobar.<\/p>\n\n\n\n<p>Los eventuales viajes hasta la parroquia de Pilar, se hac\u00edan muy complicados en \u00e9pocas de lluvias abundantes, cuando ese \u00fanico camino existente (hoy Ruta Provincial N\u00ba 25), se convert\u00eda en un verdadero lodazal, con el agravante de diversos pantanos que se diseminaban en el trayecto aludido.<\/p>\n\n\n\n<p>Por todo lo expuesto, fue que germin\u00f3 en algunos habitantes de la regi\u00f3n, la idea de realizar una reuni\u00f3n para intercambiar inquietudes, respecto a la posibilidad de lograr la autorizaci\u00f3n eclesi\u00e1stica &#8211; que fue exitosa -, para la creaci\u00f3n de una capilla, la que se erigir\u00eda en terrenos que, con anterioridad, hab\u00eda donado para tal fin do\u00f1a Eugenia Tapia de Cruz, quien a la vez, pag\u00f3 de su peculio la primera capilla de madera y su colocaci\u00f3n, sobre la calle Real y frente a la plaza del pueblo.<\/p>\n\n\n<div class=\"wp-block-image\">\n<figure class=\"aligncenter size-full\"><img loading=\"lazy\" decoding=\"async\" width=\"390\" height=\"475\" src=\"https:\/\/noticiasdeescobar.online\/wp-content\/uploads\/2024\/12\/470586195_3771547206431403_477834659681977580_n.jpg\" alt=\"\" class=\"wp-image-245\" srcset=\"https:\/\/noticiasdeescobar.online\/wp-content\/uploads\/2024\/12\/470586195_3771547206431403_477834659681977580_n.jpg 390w, https:\/\/noticiasdeescobar.online\/wp-content\/uploads\/2024\/12\/470586195_3771547206431403_477834659681977580_n-246x300.jpg 246w\" sizes=\"auto, (max-width: 390px) 100vw, 390px\" \/><\/figure><\/div>\n\n\n<p>Ese primer templo escobarense, que como ya dijimos, fue inicialmente puesto bajo la advocaci\u00f3n de \u201cNuestra Se\u00f1ora de Bel\u00e9n\u201d, fue bendecido solemnemente el 25 de diciembre de 1887, por el arzobispo de Buenos Aires, monse\u00f1or Federico Le\u00f3n Aneiros ( ver foto ), quien seg\u00fan antiguas cr\u00f3nicas:<\/p>\n\n\n\n<p>\u201c&#8230;.Ese inolvidable d\u00eda de Navidad, luego de la inauguraci\u00f3n, se dirigi\u00f3 a la casa de la piadosa donante, para agradecer su generosidad en pro de los intereses religiosos del poblado y para felicitarla por haber elegido por patrono del pueblo, al \u201cDivino Ni\u00f1o de Bel\u00e9n &#8230;\u201d<\/p>\n\n\n\n<p><\/p>\n\n\n\n<p>* historiandoescobar@hotmail.com<\/p>\n","protected":false},"excerpt":{"rendered":"<p>La iglesia \u201cNatividad del Se\u00f1or\u201d de Bel\u00e9n de Escobar, tiene a lo largo de sus casi 137 a\u00f1os de vida,&hellip;<\/p>\n","protected":false},"author":1,"featured_media":246,"comment_status":"open","ping_status":"open","sticky":false,"template":"","format":"standard","meta":{"_monsterinsights_skip_tracking":false,"_monsterinsights_sitenote_active":false,"_monsterinsights_sitenote_note":"","_monsterinsights_sitenote_category":0,"footnotes":""},"categories":[8],"tags":[9,52],"class_list":["post-243","post","type-post","status-publish","format-standard","has-post-thumbnail","hentry","category-historia","tag-alfredo-melidore","tag-primera-capilla"],"yoast_head":"<!-- This site is optimized with the Yoast SEO plugin v25.3.1 - https:\/\/yoast.com\/wordpress\/plugins\/seo\/ -->\n<title>En Navidad se cumplir\u00e1n 137 a\u00f1os de la solemne inauguraci\u00f3n de la primera capilla del Pueblo de Bel\u00e9n - Estaci\u00f3n Escobar - Noticias de Escobar<\/title>\n<meta name=\"robots\" content=\"index, follow, max-snippet:-1, max-image-preview:large, max-video-preview:-1\" \/>\n<link rel=\"canonical\" href=\"https:\/\/noticiasdeescobar.online\/?p=243\" \/>\n<meta property=\"og:locale\" content=\"es_ES\" \/>\n<meta property=\"og:type\" content=\"article\" \/>\n<meta property=\"og:title\" content=\"En Navidad se cumplir\u00e1n 137 a\u00f1os de la solemne inauguraci\u00f3n de la primera capilla del Pueblo de Bel\u00e9n - Estaci\u00f3n Escobar - Noticias de Escobar\" \/>\n<meta property=\"og:description\" content=\"La iglesia \u201cNatividad del Se\u00f1or\u201d de Bel\u00e9n de Escobar, tiene a lo largo de sus casi 137 a\u00f1os de vida,&hellip;\" \/>\n<meta property=\"og:url\" content=\"https:\/\/noticiasdeescobar.online\/?p=243\" \/>\n<meta property=\"og:site_name\" content=\"Noticias de Escobar\" \/>\n<meta property=\"article:published_time\" content=\"2024-12-22T16:21:31+00:00\" \/>\n<meta property=\"article:modified_time\" content=\"2024-12-22T16:21:32+00:00\" \/>\n<meta property=\"og:image\" content=\"https:\/\/noticiasdeescobar.online\/wp-content\/uploads\/2024\/12\/470229311_3771543936431730_2044234428854658877_n-e1734884485360.jpg\" \/>\n\t<meta property=\"og:image:width\" content=\"604\" \/>\n\t<meta property=\"og:image:height\" content=\"570\" \/>\n\t<meta property=\"og:image:type\" content=\"image\/jpeg\" \/>\n<meta name=\"author\" content=\"Redacci\u00f3n\" \/>\n<meta name=\"twitter:card\" content=\"summary_large_image\" \/>\n<meta name=\"twitter:label1\" content=\"Escrito por\" \/>\n\t<meta name=\"twitter:data1\" content=\"Redacci\u00f3n\" \/>\n\t<meta name=\"twitter:label2\" content=\"Tiempo de lectura\" \/>\n\t<meta name=\"twitter:data2\" content=\"2 minutos\" \/>\n<script type=\"application\/ld+json\" class=\"yoast-schema-graph\">{\"@context\":\"https:\/\/schema.org\",\"@graph\":[{\"@type\":\"WebPage\",\"@id\":\"https:\/\/noticiasdeescobar.online\/?p=243\",\"url\":\"https:\/\/noticiasdeescobar.online\/?p=243\",\"name\":\"En Navidad se cumplir\u00e1n 137 a\u00f1os de la solemne inauguraci\u00f3n de la primera capilla del Pueblo de Bel\u00e9n - Estaci\u00f3n Escobar - Noticias de Escobar\",\"isPartOf\":{\"@id\":\"https:\/\/noticiasdeescobar.online\/#website\"},\"primaryImageOfPage\":{\"@id\":\"https:\/\/noticiasdeescobar.online\/?p=243#primaryimage\"},\"image\":{\"@id\":\"https:\/\/noticiasdeescobar.online\/?p=243#primaryimage\"},\"thumbnailUrl\":\"https:\/\/noticiasdeescobar.online\/wp-content\/uploads\/2024\/12\/470229311_3771543936431730_2044234428854658877_n-e1734884485360.jpg\",\"datePublished\":\"2024-12-22T16:21:31+00:00\",\"dateModified\":\"2024-12-22T16:21:32+00:00\",\"author\":{\"@id\":\"https:\/\/noticiasdeescobar.online\/#\/schema\/person\/c80a19151f9337b50a779fe1f512ca6a\"},\"breadcrumb\":{\"@id\":\"https:\/\/noticiasdeescobar.online\/?p=243#breadcrumb\"},\"inLanguage\":\"es-AR\",\"potentialAction\":[{\"@type\":\"ReadAction\",\"target\":[\"https:\/\/noticiasdeescobar.online\/?p=243\"]}]},{\"@type\":\"ImageObject\",\"inLanguage\":\"es-AR\",\"@id\":\"https:\/\/noticiasdeescobar.online\/?p=243#primaryimage\",\"url\":\"https:\/\/noticiasdeescobar.online\/wp-content\/uploads\/2024\/12\/470229311_3771543936431730_2044234428854658877_n-e1734884485360.jpg\",\"contentUrl\":\"https:\/\/noticiasdeescobar.online\/wp-content\/uploads\/2024\/12\/470229311_3771543936431730_2044234428854658877_n-e1734884485360.jpg\",\"width\":604,\"height\":570},{\"@type\":\"BreadcrumbList\",\"@id\":\"https:\/\/noticiasdeescobar.online\/?p=243#breadcrumb\",\"itemListElement\":[{\"@type\":\"ListItem\",\"position\":1,\"name\":\"Inicio\",\"item\":\"https:\/\/noticiasdeescobar.online\/\"},{\"@type\":\"ListItem\",\"position\":2,\"name\":\"En Navidad se cumplir\u00e1n 137 a\u00f1os de la solemne inauguraci\u00f3n de la primera capilla del Pueblo de Bel\u00e9n &#8211; Estaci\u00f3n Escobar\"}]},{\"@type\":\"WebSite\",\"@id\":\"https:\/\/noticiasdeescobar.online\/#website\",\"url\":\"https:\/\/noticiasdeescobar.online\/\",\"name\":\"Noticias de Escobar\",\"description\":\"Noticias 24\/7\",\"potentialAction\":[{\"@type\":\"SearchAction\",\"target\":{\"@type\":\"EntryPoint\",\"urlTemplate\":\"https:\/\/noticiasdeescobar.online\/?s={search_term_string}\"},\"query-input\":{\"@type\":\"PropertyValueSpecification\",\"valueRequired\":true,\"valueName\":\"search_term_string\"}}],\"inLanguage\":\"es-AR\"},{\"@type\":\"Person\",\"@id\":\"https:\/\/noticiasdeescobar.online\/#\/schema\/person\/c80a19151f9337b50a779fe1f512ca6a\",\"name\":\"Redacci\u00f3n\",\"image\":{\"@type\":\"ImageObject\",\"inLanguage\":\"es-AR\",\"@id\":\"https:\/\/noticiasdeescobar.online\/#\/schema\/person\/image\/\",\"url\":\"https:\/\/secure.gravatar.com\/avatar\/1db77a0acc41b20b8cbce542c0459eb4?s=96&d=mm&r=g\",\"contentUrl\":\"https:\/\/secure.gravatar.com\/avatar\/1db77a0acc41b20b8cbce542c0459eb4?s=96&d=mm&r=g\",\"caption\":\"Redacci\u00f3n\"},\"sameAs\":[\"http:\/\/noticiasdeescobar.online\"],\"url\":\"https:\/\/noticiasdeescobar.online\/?author=1\"}]}<\/script>\n<!-- \/ Yoast SEO plugin. -->","yoast_head_json":{"title":"En Navidad se cumplir\u00e1n 137 a\u00f1os de la solemne inauguraci\u00f3n de la primera capilla del Pueblo de Bel\u00e9n - Estaci\u00f3n Escobar - Noticias de Escobar","robots":{"index":"index","follow":"follow","max-snippet":"max-snippet:-1","max-image-preview":"max-image-preview:large","max-video-preview":"max-video-preview:-1"},"canonical":"https:\/\/noticiasdeescobar.online\/?p=243","og_locale":"es_ES","og_type":"article","og_title":"En Navidad se cumplir\u00e1n 137 a\u00f1os de la solemne inauguraci\u00f3n de la primera capilla del Pueblo de Bel\u00e9n - Estaci\u00f3n Escobar - Noticias de Escobar","og_description":"La iglesia \u201cNatividad del Se\u00f1or\u201d de Bel\u00e9n de Escobar, tiene a lo largo de sus casi 137 a\u00f1os de vida,&hellip;","og_url":"https:\/\/noticiasdeescobar.online\/?p=243","og_site_name":"Noticias de Escobar","article_published_time":"2024-12-22T16:21:31+00:00","article_modified_time":"2024-12-22T16:21:32+00:00","og_image":[{"width":604,"height":570,"url":"https:\/\/noticiasdeescobar.online\/wp-content\/uploads\/2024\/12\/470229311_3771543936431730_2044234428854658877_n-e1734884485360.jpg","type":"image\/jpeg"}],"author":"Redacci\u00f3n","twitter_card":"summary_large_image","twitter_misc":{"Escrito por":"Redacci\u00f3n","Tiempo de lectura":"2 minutos"},"schema":{"@context":"https:\/\/schema.org","@graph":[{"@type":"WebPage","@id":"https:\/\/noticiasdeescobar.online\/?p=243","url":"https:\/\/noticiasdeescobar.online\/?p=243","name":"En Navidad se cumplir\u00e1n 137 a\u00f1os de la solemne inauguraci\u00f3n de la primera capilla del Pueblo de Bel\u00e9n - Estaci\u00f3n Escobar - Noticias de Escobar","isPartOf":{"@id":"https:\/\/noticiasdeescobar.online\/#website"},"primaryImageOfPage":{"@id":"https:\/\/noticiasdeescobar.online\/?p=243#primaryimage"},"image":{"@id":"https:\/\/noticiasdeescobar.online\/?p=243#primaryimage"},"thumbnailUrl":"https:\/\/noticiasdeescobar.online\/wp-content\/uploads\/2024\/12\/470229311_3771543936431730_2044234428854658877_n-e1734884485360.jpg","datePublished":"2024-12-22T16:21:31+00:00","dateModified":"2024-12-22T16:21:32+00:00","author":{"@id":"https:\/\/noticiasdeescobar.online\/#\/schema\/person\/c80a19151f9337b50a779fe1f512ca6a"},"breadcrumb":{"@id":"https:\/\/noticiasdeescobar.online\/?p=243#breadcrumb"},"inLanguage":"es-AR","potentialAction":[{"@type":"ReadAction","target":["https:\/\/noticiasdeescobar.online\/?p=243"]}]},{"@type":"ImageObject","inLanguage":"es-AR","@id":"https:\/\/noticiasdeescobar.online\/?p=243#primaryimage","url":"https:\/\/noticiasdeescobar.online\/wp-content\/uploads\/2024\/12\/470229311_3771543936431730_2044234428854658877_n-e1734884485360.jpg","contentUrl":"https:\/\/noticiasdeescobar.online\/wp-content\/uploads\/2024\/12\/470229311_3771543936431730_2044234428854658877_n-e1734884485360.jpg","width":604,"height":570},{"@type":"BreadcrumbList","@id":"https:\/\/noticiasdeescobar.online\/?p=243#breadcrumb","itemListElement":[{"@type":"ListItem","position":1,"name":"Inicio","item":"https:\/\/noticiasdeescobar.online\/"},{"@type":"ListItem","position":2,"name":"En Navidad se cumplir\u00e1n 137 a\u00f1os de la solemne inauguraci\u00f3n de la primera capilla del Pueblo de Bel\u00e9n &#8211; Estaci\u00f3n Escobar"}]},{"@type":"WebSite","@id":"https:\/\/noticiasdeescobar.online\/#website","url":"https:\/\/noticiasdeescobar.online\/","name":"Noticias de Escobar","description":"Noticias 24\/7","potentialAction":[{"@type":"SearchAction","target":{"@type":"EntryPoint","urlTemplate":"https:\/\/noticiasdeescobar.online\/?s={search_term_string}"},"query-input":{"@type":"PropertyValueSpecification","valueRequired":true,"valueName":"search_term_string"}}],"inLanguage":"es-AR"},{"@type":"Person","@id":"https:\/\/noticiasdeescobar.online\/#\/schema\/person\/c80a19151f9337b50a779fe1f512ca6a","name":"Redacci\u00f3n","image":{"@type":"ImageObject","inLanguage":"es-AR","@id":"https:\/\/noticiasdeescobar.online\/#\/schema\/person\/image\/","url":"https:\/\/secure.gravatar.com\/avatar\/1db77a0acc41b20b8cbce542c0459eb4?s=96&d=mm&r=g","contentUrl":"https:\/\/secure.gravatar.com\/avatar\/1db77a0acc41b20b8cbce542c0459eb4?s=96&d=mm&r=g","caption":"Redacci\u00f3n"},"sameAs":["http:\/\/noticiasdeescobar.online"],"url":"https:\/\/noticiasdeescobar.online\/?author=1"}]}},"_links":{"self":[{"href":"https:\/\/noticiasdeescobar.online\/index.php?rest_route=\/wp\/v2\/posts\/243","targetHints":{"allow":["GET"]}}],"collection":[{"href":"https:\/\/noticiasdeescobar.online\/index.php?rest_route=\/wp\/v2\/posts"}],"about":[{"href":"https:\/\/noticiasdeescobar.online\/index.php?rest_route=\/wp\/v2\/types\/post"}],"author":[{"embeddable":true,"href":"https:\/\/noticiasdeescobar.online\/index.php?rest_route=\/wp\/v2\/users\/1"}],"replies":[{"embeddable":true,"href":"https:\/\/noticiasdeescobar.online\/index.php?rest_route=%2Fwp%2Fv2%2Fcomments&post=243"}],"version-history":[{"count":1,"href":"https:\/\/noticiasdeescobar.online\/index.php?rest_route=\/wp\/v2\/posts\/243\/revisions"}],"predecessor-version":[{"id":247,"href":"https:\/\/noticiasdeescobar.online\/index.php?rest_route=\/wp\/v2\/posts\/243\/revisions\/247"}],"wp:featuredmedia":[{"embeddable":true,"href":"https:\/\/noticiasdeescobar.online\/index.php?rest_route=\/wp\/v2\/media\/246"}],"wp:attachment":[{"href":"https:\/\/noticiasdeescobar.online\/index.php?rest_route=%2Fwp%2Fv2%2Fmedia&parent=243"}],"wp:term":[{"taxonomy":"category","embeddable":true,"href":"https:\/\/noticiasdeescobar.online\/index.php?rest_route=%2Fwp%2Fv2%2Fcategories&post=243"},{"taxonomy":"post_tag","embeddable":true,"href":"https:\/\/noticiasdeescobar.online\/index.php?rest_route=%2Fwp%2Fv2%2Ftags&post=243"}],"curies":[{"name":"wp","href":"https:\/\/api.w.org\/{rel}","templated":true}]}}