{"id":324,"date":"2025-01-05T13:58:09","date_gmt":"2025-01-05T13:58:09","guid":{"rendered":"https:\/\/noticiasdeescobar.online\/?p=324"},"modified":"2025-01-05T13:58:14","modified_gmt":"2025-01-05T13:58:14","slug":"armado-recorria-techos-por-el-barrio-fue-detenido","status":"publish","type":"post","link":"https:\/\/noticiasdeescobar.online\/?p=324","title":{"rendered":"Armado, recorr\u00eda techos por el barrio: fue detenido"},"content":{"rendered":"\n<p class=\"has-vivid-cyan-blue-color has-text-color has-link-color wp-elements-9cb1a8c73a49fcb7c1c0d3a3a2b47973\"><strong><em>Ocurri\u00f3 este fin de semana en el barrio Do\u00f1a Justa. Contaba con un rev\u00f3lver marca Browning.<\/em><\/strong><\/p>\n\n\n\n<!--more-->\n\n\n\n<p><\/p>\n\n\n\n<p>Momentos de tensi\u00f3n en Ingeniero Maschwitz. Es que andaba circulando por la tarde del s\u00e1bado un sujeto armado por los techos. Varios fueron los llamados y la polic\u00eda finalmente logr\u00f3 detenerlo.<\/p>\n\n\n\n<p>El sujeto estaba haciendo disturbios con un arma de fuego. Al llegar los uniformados hicieron un cerrojo entre los m\u00f3viles del C.P y GTO Maschwitz porque estaba saltando los techos, hasta que lo ven ingresar a un domicilio, donde finalmente fue aprehendido incaut\u00e1ndole un rev\u00f3lver marca Browning.<\/p>\n\n\n<div class=\"wp-block-image\">\n<figure class=\"aligncenter size-large\"><img loading=\"lazy\" decoding=\"async\" width=\"1024\" height=\"770\" src=\"https:\/\/noticiasdeescobar.online\/wp-content\/uploads\/2025\/01\/48e03df8-9df2-40b7-bc53-cd11b316efab-1024x770.jpg\" alt=\"\" class=\"wp-image-326\" srcset=\"https:\/\/noticiasdeescobar.online\/wp-content\/uploads\/2025\/01\/48e03df8-9df2-40b7-bc53-cd11b316efab-1024x770.jpg 1024w, https:\/\/noticiasdeescobar.online\/wp-content\/uploads\/2025\/01\/48e03df8-9df2-40b7-bc53-cd11b316efab-300x226.jpg 300w, https:\/\/noticiasdeescobar.online\/wp-content\/uploads\/2025\/01\/48e03df8-9df2-40b7-bc53-cd11b316efab-768x578.jpg 768w, https:\/\/noticiasdeescobar.online\/wp-content\/uploads\/2025\/01\/48e03df8-9df2-40b7-bc53-cd11b316efab.jpg 1280w\" sizes=\"auto, (max-width: 1024px) 100vw, 1024px\" \/><\/figure><\/div>\n\n\n<p>La aprehensi\u00f3n se dio en una casa de Nahuel Huapi, entre Jos\u00e9 Hern\u00e1ndez y Guti\u00e9rrez, barrio Dola Justa.<\/p>\n","protected":false},"excerpt":{"rendered":"<p>Ocurri\u00f3 este fin de semana en el barrio Do\u00f1a Justa. Contaba con un rev\u00f3lver marca Browning.<\/p>\n","protected":false},"author":1,"featured_media":325,"comment_status":"open","ping_status":"open","sticky":false,"template":"","format":"standard","meta":{"_monsterinsights_skip_tracking":false,"_monsterinsights_sitenote_active":false,"_monsterinsights_sitenote_note":"","_monsterinsights_sitenote_category":0,"footnotes":""},"categories":[2],"tags":[],"class_list":["post-324","post","type-post","status-publish","format-standard","has-post-thumbnail","hentry","category-policiales"],"yoast_head":"<!-- This site is optimized with the Yoast SEO plugin v25.3.1 - https:\/\/yoast.com\/wordpress\/plugins\/seo\/ -->\n<title>Armado, recorr\u00eda techos por el barrio: fue detenido - Noticias de Escobar<\/title>\n<meta name=\"robots\" content=\"index, follow, max-snippet:-1, max-image-preview:large, max-video-preview:-1\" \/>\n<link rel=\"canonical\" href=\"https:\/\/noticiasdeescobar.online\/?p=324\" \/>\n<meta property=\"og:locale\" content=\"es_ES\" \/>\n<meta property=\"og:type\" content=\"article\" \/>\n<meta property=\"og:title\" content=\"Armado, recorr\u00eda techos por el barrio: fue detenido - Noticias de Escobar\" \/>\n<meta property=\"og:description\" content=\"Ocurri\u00f3 este fin de semana en el barrio Do\u00f1a Justa. Contaba con un rev\u00f3lver marca Browning.\" \/>\n<meta property=\"og:url\" content=\"https:\/\/noticiasdeescobar.online\/?p=324\" \/>\n<meta property=\"og:site_name\" content=\"Noticias de Escobar\" \/>\n<meta property=\"article:published_time\" content=\"2025-01-05T13:58:09+00:00\" \/>\n<meta property=\"article:modified_time\" content=\"2025-01-05T13:58:14+00:00\" \/>\n<meta property=\"og:image\" content=\"https:\/\/noticiasdeescobar.online\/wp-content\/uploads\/2025\/01\/7f2bc62e-a190-4bcb-9c38-f0e413ff4bfe.jpg\" \/>\n\t<meta property=\"og:image:width\" content=\"720\" \/>\n\t<meta property=\"og:image:height\" content=\"691\" \/>\n\t<meta property=\"og:image:type\" content=\"image\/jpeg\" \/>\n<meta name=\"author\" content=\"Redacci\u00f3n\" \/>\n<meta name=\"twitter:card\" content=\"summary_large_image\" \/>\n<meta name=\"twitter:label1\" content=\"Escrito por\" \/>\n\t<meta name=\"twitter:data1\" content=\"Redacci\u00f3n\" \/>\n\t<meta name=\"twitter:label2\" content=\"Tiempo de lectura\" \/>\n\t<meta name=\"twitter:data2\" content=\"1 minuto\" \/>\n<script type=\"application\/ld+json\" class=\"yoast-schema-graph\">{\"@context\":\"https:\/\/schema.org\",\"@graph\":[{\"@type\":\"WebPage\",\"@id\":\"https:\/\/noticiasdeescobar.online\/?p=324\",\"url\":\"https:\/\/noticiasdeescobar.online\/?p=324\",\"name\":\"Armado, recorr\u00eda techos por el barrio: fue detenido - Noticias de Escobar\",\"isPartOf\":{\"@id\":\"https:\/\/noticiasdeescobar.online\/#website\"},\"primaryImageOfPage\":{\"@id\":\"https:\/\/noticiasdeescobar.online\/?p=324#primaryimage\"},\"image\":{\"@id\":\"https:\/\/noticiasdeescobar.online\/?p=324#primaryimage\"},\"thumbnailUrl\":\"https:\/\/noticiasdeescobar.online\/wp-content\/uploads\/2025\/01\/7f2bc62e-a190-4bcb-9c38-f0e413ff4bfe.jpg\",\"datePublished\":\"2025-01-05T13:58:09+00:00\",\"dateModified\":\"2025-01-05T13:58:14+00:00\",\"author\":{\"@id\":\"https:\/\/noticiasdeescobar.online\/#\/schema\/person\/c80a19151f9337b50a779fe1f512ca6a\"},\"breadcrumb\":{\"@id\":\"https:\/\/noticiasdeescobar.online\/?p=324#breadcrumb\"},\"inLanguage\":\"es-AR\",\"potentialAction\":[{\"@type\":\"ReadAction\",\"target\":[\"https:\/\/noticiasdeescobar.online\/?p=324\"]}]},{\"@type\":\"ImageObject\",\"inLanguage\":\"es-AR\",\"@id\":\"https:\/\/noticiasdeescobar.online\/?p=324#primaryimage\",\"url\":\"https:\/\/noticiasdeescobar.online\/wp-content\/uploads\/2025\/01\/7f2bc62e-a190-4bcb-9c38-f0e413ff4bfe.jpg\",\"contentUrl\":\"https:\/\/noticiasdeescobar.online\/wp-content\/uploads\/2025\/01\/7f2bc62e-a190-4bcb-9c38-f0e413ff4bfe.jpg\",\"width\":720,\"height\":691},{\"@type\":\"BreadcrumbList\",\"@id\":\"https:\/\/noticiasdeescobar.online\/?p=324#breadcrumb\",\"itemListElement\":[{\"@type\":\"ListItem\",\"position\":1,\"name\":\"Inicio\",\"item\":\"https:\/\/noticiasdeescobar.online\/\"},{\"@type\":\"ListItem\",\"position\":2,\"name\":\"Armado, recorr\u00eda techos por el barrio: fue detenido\"}]},{\"@type\":\"WebSite\",\"@id\":\"https:\/\/noticiasdeescobar.online\/#website\",\"url\":\"https:\/\/noticiasdeescobar.online\/\",\"name\":\"Noticias de Escobar\",\"description\":\"Noticias 24\/7\",\"potentialAction\":[{\"@type\":\"SearchAction\",\"target\":{\"@type\":\"EntryPoint\",\"urlTemplate\":\"https:\/\/noticiasdeescobar.online\/?s={search_term_string}\"},\"query-input\":{\"@type\":\"PropertyValueSpecification\",\"valueRequired\":true,\"valueName\":\"search_term_string\"}}],\"inLanguage\":\"es-AR\"},{\"@type\":\"Person\",\"@id\":\"https:\/\/noticiasdeescobar.online\/#\/schema\/person\/c80a19151f9337b50a779fe1f512ca6a\",\"name\":\"Redacci\u00f3n\",\"image\":{\"@type\":\"ImageObject\",\"inLanguage\":\"es-AR\",\"@id\":\"https:\/\/noticiasdeescobar.online\/#\/schema\/person\/image\/\",\"url\":\"https:\/\/secure.gravatar.com\/avatar\/1db77a0acc41b20b8cbce542c0459eb4?s=96&d=mm&r=g\",\"contentUrl\":\"https:\/\/secure.gravatar.com\/avatar\/1db77a0acc41b20b8cbce542c0459eb4?s=96&d=mm&r=g\",\"caption\":\"Redacci\u00f3n\"},\"sameAs\":[\"http:\/\/noticiasdeescobar.online\"],\"url\":\"https:\/\/noticiasdeescobar.online\/?author=1\"}]}<\/script>\n<!-- \/ Yoast SEO plugin. -->","yoast_head_json":{"title":"Armado, recorr\u00eda techos por el barrio: fue detenido - Noticias de Escobar","robots":{"index":"index","follow":"follow","max-snippet":"max-snippet:-1","max-image-preview":"max-image-preview:large","max-video-preview":"max-video-preview:-1"},"canonical":"https:\/\/noticiasdeescobar.online\/?p=324","og_locale":"es_ES","og_type":"article","og_title":"Armado, recorr\u00eda techos por el barrio: fue detenido - Noticias de Escobar","og_description":"Ocurri\u00f3 este fin de semana en el barrio Do\u00f1a Justa. Contaba con un rev\u00f3lver marca Browning.","og_url":"https:\/\/noticiasdeescobar.online\/?p=324","og_site_name":"Noticias de Escobar","article_published_time":"2025-01-05T13:58:09+00:00","article_modified_time":"2025-01-05T13:58:14+00:00","og_image":[{"width":720,"height":691,"url":"https:\/\/noticiasdeescobar.online\/wp-content\/uploads\/2025\/01\/7f2bc62e-a190-4bcb-9c38-f0e413ff4bfe.jpg","type":"image\/jpeg"}],"author":"Redacci\u00f3n","twitter_card":"summary_large_image","twitter_misc":{"Escrito por":"Redacci\u00f3n","Tiempo de lectura":"1 minuto"},"schema":{"@context":"https:\/\/schema.org","@graph":[{"@type":"WebPage","@id":"https:\/\/noticiasdeescobar.online\/?p=324","url":"https:\/\/noticiasdeescobar.online\/?p=324","name":"Armado, recorr\u00eda techos por el barrio: fue detenido - Noticias de Escobar","isPartOf":{"@id":"https:\/\/noticiasdeescobar.online\/#website"},"primaryImageOfPage":{"@id":"https:\/\/noticiasdeescobar.online\/?p=324#primaryimage"},"image":{"@id":"https:\/\/noticiasdeescobar.online\/?p=324#primaryimage"},"thumbnailUrl":"https:\/\/noticiasdeescobar.online\/wp-content\/uploads\/2025\/01\/7f2bc62e-a190-4bcb-9c38-f0e413ff4bfe.jpg","datePublished":"2025-01-05T13:58:09+00:00","dateModified":"2025-01-05T13:58:14+00:00","author":{"@id":"https:\/\/noticiasdeescobar.online\/#\/schema\/person\/c80a19151f9337b50a779fe1f512ca6a"},"breadcrumb":{"@id":"https:\/\/noticiasdeescobar.online\/?p=324#breadcrumb"},"inLanguage":"es-AR","potentialAction":[{"@type":"ReadAction","target":["https:\/\/noticiasdeescobar.online\/?p=324"]}]},{"@type":"ImageObject","inLanguage":"es-AR","@id":"https:\/\/noticiasdeescobar.online\/?p=324#primaryimage","url":"https:\/\/noticiasdeescobar.online\/wp-content\/uploads\/2025\/01\/7f2bc62e-a190-4bcb-9c38-f0e413ff4bfe.jpg","contentUrl":"https:\/\/noticiasdeescobar.online\/wp-content\/uploads\/2025\/01\/7f2bc62e-a190-4bcb-9c38-f0e413ff4bfe.jpg","width":720,"height":691},{"@type":"BreadcrumbList","@id":"https:\/\/noticiasdeescobar.online\/?p=324#breadcrumb","itemListElement":[{"@type":"ListItem","position":1,"name":"Inicio","item":"https:\/\/noticiasdeescobar.online\/"},{"@type":"ListItem","position":2,"name":"Armado, recorr\u00eda techos por el barrio: fue detenido"}]},{"@type":"WebSite","@id":"https:\/\/noticiasdeescobar.online\/#website","url":"https:\/\/noticiasdeescobar.online\/","name":"Noticias de Escobar","description":"Noticias 24\/7","potentialAction":[{"@type":"SearchAction","target":{"@type":"EntryPoint","urlTemplate":"https:\/\/noticiasdeescobar.online\/?s={search_term_string}"},"query-input":{"@type":"PropertyValueSpecification","valueRequired":true,"valueName":"search_term_string"}}],"inLanguage":"es-AR"},{"@type":"Person","@id":"https:\/\/noticiasdeescobar.online\/#\/schema\/person\/c80a19151f9337b50a779fe1f512ca6a","name":"Redacci\u00f3n","image":{"@type":"ImageObject","inLanguage":"es-AR","@id":"https:\/\/noticiasdeescobar.online\/#\/schema\/person\/image\/","url":"https:\/\/secure.gravatar.com\/avatar\/1db77a0acc41b20b8cbce542c0459eb4?s=96&d=mm&r=g","contentUrl":"https:\/\/secure.gravatar.com\/avatar\/1db77a0acc41b20b8cbce542c0459eb4?s=96&d=mm&r=g","caption":"Redacci\u00f3n"},"sameAs":["http:\/\/noticiasdeescobar.online"],"url":"https:\/\/noticiasdeescobar.online\/?author=1"}]}},"_links":{"self":[{"href":"https:\/\/noticiasdeescobar.online\/index.php?rest_route=\/wp\/v2\/posts\/324","targetHints":{"allow":["GET"]}}],"collection":[{"href":"https:\/\/noticiasdeescobar.online\/index.php?rest_route=\/wp\/v2\/posts"}],"about":[{"href":"https:\/\/noticiasdeescobar.online\/index.php?rest_route=\/wp\/v2\/types\/post"}],"author":[{"embeddable":true,"href":"https:\/\/noticiasdeescobar.online\/index.php?rest_route=\/wp\/v2\/users\/1"}],"replies":[{"embeddable":true,"href":"https:\/\/noticiasdeescobar.online\/index.php?rest_route=%2Fwp%2Fv2%2Fcomments&post=324"}],"version-history":[{"count":1,"href":"https:\/\/noticiasdeescobar.online\/index.php?rest_route=\/wp\/v2\/posts\/324\/revisions"}],"predecessor-version":[{"id":327,"href":"https:\/\/noticiasdeescobar.online\/index.php?rest_route=\/wp\/v2\/posts\/324\/revisions\/327"}],"wp:featuredmedia":[{"embeddable":true,"href":"https:\/\/noticiasdeescobar.online\/index.php?rest_route=\/wp\/v2\/media\/325"}],"wp:attachment":[{"href":"https:\/\/noticiasdeescobar.online\/index.php?rest_route=%2Fwp%2Fv2%2Fmedia&parent=324"}],"wp:term":[{"taxonomy":"category","embeddable":true,"href":"https:\/\/noticiasdeescobar.online\/index.php?rest_route=%2Fwp%2Fv2%2Fcategories&post=324"},{"taxonomy":"post_tag","embeddable":true,"href":"https:\/\/noticiasdeescobar.online\/index.php?rest_route=%2Fwp%2Fv2%2Ftags&post=324"}],"curies":[{"name":"wp","href":"https:\/\/api.w.org\/{rel}","templated":true}]}}