{"id":356,"date":"2025-01-13T19:26:26","date_gmt":"2025-01-13T19:26:26","guid":{"rendered":"https:\/\/noticiasdeescobar.online\/?p=356"},"modified":"2025-01-13T19:26:27","modified_gmt":"2025-01-13T19:26:27","slug":"se-incendio-un-auto-dentro-de-una-casa","status":"publish","type":"post","link":"https:\/\/noticiasdeescobar.online\/?p=356","title":{"rendered":"Se incendi\u00f3 un auto dentro de una casa"},"content":{"rendered":"\n<p class=\"has-vivid-cyan-blue-color has-text-color has-link-color wp-elements-e4b8391ed64e0eae2be3e2fec3f9c085\"><strong><em>No se trat\u00f3, como ocurre con frecuencia, en la v\u00eda p\u00fablica sino dentro de una propiedad en Loma Verde.<\/em><\/strong><\/p>\n\n\n\n<!--more-->\n\n\n\n<p><\/p>\n\n\n\n<p>Esta ma\u00f1ana, un incendio de un veh\u00edculo dentro de una vivienda conmocion\u00f3 a los habitantes de Los Laureles y Los Cipreses, en la localidad de Loma Verde. El siniestro, que se origin\u00f3 en el interior de la casa, moviliz\u00f3 a los Bomberos Voluntarios de Escobar, quienes acudieron r\u00e1pidamente al lugar para controlar las llamas y evitar que el fuego se propagara a otras partes de la vivienda.<\/p>\n\n\n\n<p>Seg\u00fan los primeros reportes, el fuego habr\u00eda comenzado dentro de la cochera, donde se encontraba el autom\u00f3vil, aunque las causas exactas del incendio a\u00fan se encuentran bajo investigaci\u00f3n. El intenso humo y las llamas r\u00e1pidamente tomaron fuerza, lo que gener\u00f3 preocupaci\u00f3n entre los vecinos de la zona, quienes alertaron a los servicios de emergencia.<\/p>\n\n\n<div class=\"wp-block-image\">\n<figure class=\"aligncenter size-full\"><img loading=\"lazy\" decoding=\"async\" width=\"768\" height=\"960\" src=\"https:\/\/noticiasdeescobar.online\/wp-content\/uploads\/2025\/01\/473557450_622227670462130_1787764507101142099_n.jpg\" alt=\"\" class=\"wp-image-358\" srcset=\"https:\/\/noticiasdeescobar.online\/wp-content\/uploads\/2025\/01\/473557450_622227670462130_1787764507101142099_n.jpg 768w, https:\/\/noticiasdeescobar.online\/wp-content\/uploads\/2025\/01\/473557450_622227670462130_1787764507101142099_n-240x300.jpg 240w\" sizes=\"auto, (max-width: 768px) 100vw, 768px\" \/><\/figure><\/div>\n\n\n<p>Los Bomberos Voluntarios de Escobar, que acudieron con el m\u00f3vil A4 a cargo del suboficial C\u00e9sar Rivas  lograron controlar la situaci\u00f3n en pocos minutos, evitando que el fuego afectara las estructuras cercanas. Afortunadamente, no se registraron v\u00edctimas ni personas heridas, aunque los da\u00f1os materiales en el veh\u00edculo y parte de la cochera fueron considerables.<\/p>\n\n\n\n<p>A pesar de la rapidez con la que se actu\u00f3, el incidente resalta la importancia de la prevenci\u00f3n y la pronta reacci\u00f3n ante situaciones de emergencia. Las autoridades locales han instado a la comunidad a revisar y mantener en buen estado los sistemas el\u00e9ctricos y de combustible de los veh\u00edculos para evitar posibles riesgos.<\/p>\n\n\n\n<p>Los bomberos continuar\u00e1n con la investigaci\u00f3n para determinar las causas exactas del incendio, mientras que la familia afectada ha expresado su agradecimiento a los equipos de rescate por su valiosa intervenci\u00f3n.<\/p>\n\n\n\n<p>Este tipo de eventos, aunque controlados r\u00e1pidamente, dejan en evidencia la fragilidad de las viviendas ante situaciones inesperadas y la necesidad de estar siempre preparados para enfrentar emergencias.<\/p>\n\n\n\n<p><\/p>\n","protected":false},"excerpt":{"rendered":"<p>No se trat\u00f3, como ocurre con frecuencia, en la v\u00eda p\u00fablica sino dentro de una propiedad en Loma Verde.<\/p>\n","protected":false},"author":1,"featured_media":357,"comment_status":"open","ping_status":"open","sticky":false,"template":"","format":"standard","meta":{"_monsterinsights_skip_tracking":false,"_monsterinsights_sitenote_active":false,"_monsterinsights_sitenote_note":"","_monsterinsights_sitenote_category":0,"footnotes":""},"categories":[2],"tags":[25],"class_list":["post-356","post","type-post","status-publish","format-standard","has-post-thumbnail","hentry","category-policiales","tag-incendio"],"yoast_head":"<!-- This site is optimized with the Yoast SEO plugin v25.3.1 - https:\/\/yoast.com\/wordpress\/plugins\/seo\/ -->\n<title>Se incendi\u00f3 un auto dentro de una casa - Noticias de Escobar<\/title>\n<meta name=\"robots\" content=\"index, follow, max-snippet:-1, max-image-preview:large, max-video-preview:-1\" \/>\n<link rel=\"canonical\" href=\"https:\/\/noticiasdeescobar.online\/?p=356\" \/>\n<meta property=\"og:locale\" content=\"es_ES\" \/>\n<meta property=\"og:type\" content=\"article\" \/>\n<meta property=\"og:title\" content=\"Se incendi\u00f3 un auto dentro de una casa - Noticias de Escobar\" \/>\n<meta property=\"og:description\" content=\"No se trat\u00f3, como ocurre con frecuencia, en la v\u00eda p\u00fablica sino dentro de una propiedad en Loma Verde.\" \/>\n<meta property=\"og:url\" content=\"https:\/\/noticiasdeescobar.online\/?p=356\" \/>\n<meta property=\"og:site_name\" content=\"Noticias de Escobar\" \/>\n<meta property=\"article:published_time\" content=\"2025-01-13T19:26:26+00:00\" \/>\n<meta property=\"article:modified_time\" content=\"2025-01-13T19:26:27+00:00\" \/>\n<meta property=\"og:image\" content=\"https:\/\/noticiasdeescobar.online\/wp-content\/uploads\/2025\/01\/473622678_622227740462123_6359328978632246381_n-e1736796199623.jpg\" \/>\n\t<meta property=\"og:image:width\" content=\"768\" \/>\n\t<meta property=\"og:image:height\" content=\"722\" \/>\n\t<meta property=\"og:image:type\" content=\"image\/jpeg\" \/>\n<meta name=\"author\" content=\"Redacci\u00f3n\" \/>\n<meta name=\"twitter:card\" content=\"summary_large_image\" \/>\n<meta name=\"twitter:label1\" content=\"Escrito por\" \/>\n\t<meta name=\"twitter:data1\" content=\"Redacci\u00f3n\" \/>\n\t<meta name=\"twitter:label2\" content=\"Tiempo de lectura\" \/>\n\t<meta name=\"twitter:data2\" content=\"2 minutos\" \/>\n<script type=\"application\/ld+json\" class=\"yoast-schema-graph\">{\"@context\":\"https:\/\/schema.org\",\"@graph\":[{\"@type\":\"WebPage\",\"@id\":\"https:\/\/noticiasdeescobar.online\/?p=356\",\"url\":\"https:\/\/noticiasdeescobar.online\/?p=356\",\"name\":\"Se incendi\u00f3 un auto dentro de una casa - Noticias de Escobar\",\"isPartOf\":{\"@id\":\"https:\/\/noticiasdeescobar.online\/#website\"},\"primaryImageOfPage\":{\"@id\":\"https:\/\/noticiasdeescobar.online\/?p=356#primaryimage\"},\"image\":{\"@id\":\"https:\/\/noticiasdeescobar.online\/?p=356#primaryimage\"},\"thumbnailUrl\":\"https:\/\/noticiasdeescobar.online\/wp-content\/uploads\/2025\/01\/473622678_622227740462123_6359328978632246381_n-e1736796199623.jpg\",\"datePublished\":\"2025-01-13T19:26:26+00:00\",\"dateModified\":\"2025-01-13T19:26:27+00:00\",\"author\":{\"@id\":\"https:\/\/noticiasdeescobar.online\/#\/schema\/person\/c80a19151f9337b50a779fe1f512ca6a\"},\"breadcrumb\":{\"@id\":\"https:\/\/noticiasdeescobar.online\/?p=356#breadcrumb\"},\"inLanguage\":\"es-AR\",\"potentialAction\":[{\"@type\":\"ReadAction\",\"target\":[\"https:\/\/noticiasdeescobar.online\/?p=356\"]}]},{\"@type\":\"ImageObject\",\"inLanguage\":\"es-AR\",\"@id\":\"https:\/\/noticiasdeescobar.online\/?p=356#primaryimage\",\"url\":\"https:\/\/noticiasdeescobar.online\/wp-content\/uploads\/2025\/01\/473622678_622227740462123_6359328978632246381_n-e1736796199623.jpg\",\"contentUrl\":\"https:\/\/noticiasdeescobar.online\/wp-content\/uploads\/2025\/01\/473622678_622227740462123_6359328978632246381_n-e1736796199623.jpg\",\"width\":768,\"height\":722},{\"@type\":\"BreadcrumbList\",\"@id\":\"https:\/\/noticiasdeescobar.online\/?p=356#breadcrumb\",\"itemListElement\":[{\"@type\":\"ListItem\",\"position\":1,\"name\":\"Inicio\",\"item\":\"https:\/\/noticiasdeescobar.online\/\"},{\"@type\":\"ListItem\",\"position\":2,\"name\":\"Se incendi\u00f3 un auto dentro de una casa\"}]},{\"@type\":\"WebSite\",\"@id\":\"https:\/\/noticiasdeescobar.online\/#website\",\"url\":\"https:\/\/noticiasdeescobar.online\/\",\"name\":\"Noticias de Escobar\",\"description\":\"Noticias 24\/7\",\"potentialAction\":[{\"@type\":\"SearchAction\",\"target\":{\"@type\":\"EntryPoint\",\"urlTemplate\":\"https:\/\/noticiasdeescobar.online\/?s={search_term_string}\"},\"query-input\":{\"@type\":\"PropertyValueSpecification\",\"valueRequired\":true,\"valueName\":\"search_term_string\"}}],\"inLanguage\":\"es-AR\"},{\"@type\":\"Person\",\"@id\":\"https:\/\/noticiasdeescobar.online\/#\/schema\/person\/c80a19151f9337b50a779fe1f512ca6a\",\"name\":\"Redacci\u00f3n\",\"image\":{\"@type\":\"ImageObject\",\"inLanguage\":\"es-AR\",\"@id\":\"https:\/\/noticiasdeescobar.online\/#\/schema\/person\/image\/\",\"url\":\"https:\/\/secure.gravatar.com\/avatar\/1db77a0acc41b20b8cbce542c0459eb4?s=96&d=mm&r=g\",\"contentUrl\":\"https:\/\/secure.gravatar.com\/avatar\/1db77a0acc41b20b8cbce542c0459eb4?s=96&d=mm&r=g\",\"caption\":\"Redacci\u00f3n\"},\"sameAs\":[\"http:\/\/noticiasdeescobar.online\"],\"url\":\"https:\/\/noticiasdeescobar.online\/?author=1\"}]}<\/script>\n<!-- \/ Yoast SEO plugin. -->","yoast_head_json":{"title":"Se incendi\u00f3 un auto dentro de una casa - Noticias de Escobar","robots":{"index":"index","follow":"follow","max-snippet":"max-snippet:-1","max-image-preview":"max-image-preview:large","max-video-preview":"max-video-preview:-1"},"canonical":"https:\/\/noticiasdeescobar.online\/?p=356","og_locale":"es_ES","og_type":"article","og_title":"Se incendi\u00f3 un auto dentro de una casa - Noticias de Escobar","og_description":"No se trat\u00f3, como ocurre con frecuencia, en la v\u00eda p\u00fablica sino dentro de una propiedad en Loma Verde.","og_url":"https:\/\/noticiasdeescobar.online\/?p=356","og_site_name":"Noticias de Escobar","article_published_time":"2025-01-13T19:26:26+00:00","article_modified_time":"2025-01-13T19:26:27+00:00","og_image":[{"width":768,"height":722,"url":"https:\/\/noticiasdeescobar.online\/wp-content\/uploads\/2025\/01\/473622678_622227740462123_6359328978632246381_n-e1736796199623.jpg","type":"image\/jpeg"}],"author":"Redacci\u00f3n","twitter_card":"summary_large_image","twitter_misc":{"Escrito por":"Redacci\u00f3n","Tiempo de lectura":"2 minutos"},"schema":{"@context":"https:\/\/schema.org","@graph":[{"@type":"WebPage","@id":"https:\/\/noticiasdeescobar.online\/?p=356","url":"https:\/\/noticiasdeescobar.online\/?p=356","name":"Se incendi\u00f3 un auto dentro de una casa - Noticias de Escobar","isPartOf":{"@id":"https:\/\/noticiasdeescobar.online\/#website"},"primaryImageOfPage":{"@id":"https:\/\/noticiasdeescobar.online\/?p=356#primaryimage"},"image":{"@id":"https:\/\/noticiasdeescobar.online\/?p=356#primaryimage"},"thumbnailUrl":"https:\/\/noticiasdeescobar.online\/wp-content\/uploads\/2025\/01\/473622678_622227740462123_6359328978632246381_n-e1736796199623.jpg","datePublished":"2025-01-13T19:26:26+00:00","dateModified":"2025-01-13T19:26:27+00:00","author":{"@id":"https:\/\/noticiasdeescobar.online\/#\/schema\/person\/c80a19151f9337b50a779fe1f512ca6a"},"breadcrumb":{"@id":"https:\/\/noticiasdeescobar.online\/?p=356#breadcrumb"},"inLanguage":"es-AR","potentialAction":[{"@type":"ReadAction","target":["https:\/\/noticiasdeescobar.online\/?p=356"]}]},{"@type":"ImageObject","inLanguage":"es-AR","@id":"https:\/\/noticiasdeescobar.online\/?p=356#primaryimage","url":"https:\/\/noticiasdeescobar.online\/wp-content\/uploads\/2025\/01\/473622678_622227740462123_6359328978632246381_n-e1736796199623.jpg","contentUrl":"https:\/\/noticiasdeescobar.online\/wp-content\/uploads\/2025\/01\/473622678_622227740462123_6359328978632246381_n-e1736796199623.jpg","width":768,"height":722},{"@type":"BreadcrumbList","@id":"https:\/\/noticiasdeescobar.online\/?p=356#breadcrumb","itemListElement":[{"@type":"ListItem","position":1,"name":"Inicio","item":"https:\/\/noticiasdeescobar.online\/"},{"@type":"ListItem","position":2,"name":"Se incendi\u00f3 un auto dentro de una casa"}]},{"@type":"WebSite","@id":"https:\/\/noticiasdeescobar.online\/#website","url":"https:\/\/noticiasdeescobar.online\/","name":"Noticias de Escobar","description":"Noticias 24\/7","potentialAction":[{"@type":"SearchAction","target":{"@type":"EntryPoint","urlTemplate":"https:\/\/noticiasdeescobar.online\/?s={search_term_string}"},"query-input":{"@type":"PropertyValueSpecification","valueRequired":true,"valueName":"search_term_string"}}],"inLanguage":"es-AR"},{"@type":"Person","@id":"https:\/\/noticiasdeescobar.online\/#\/schema\/person\/c80a19151f9337b50a779fe1f512ca6a","name":"Redacci\u00f3n","image":{"@type":"ImageObject","inLanguage":"es-AR","@id":"https:\/\/noticiasdeescobar.online\/#\/schema\/person\/image\/","url":"https:\/\/secure.gravatar.com\/avatar\/1db77a0acc41b20b8cbce542c0459eb4?s=96&d=mm&r=g","contentUrl":"https:\/\/secure.gravatar.com\/avatar\/1db77a0acc41b20b8cbce542c0459eb4?s=96&d=mm&r=g","caption":"Redacci\u00f3n"},"sameAs":["http:\/\/noticiasdeescobar.online"],"url":"https:\/\/noticiasdeescobar.online\/?author=1"}]}},"_links":{"self":[{"href":"https:\/\/noticiasdeescobar.online\/index.php?rest_route=\/wp\/v2\/posts\/356","targetHints":{"allow":["GET"]}}],"collection":[{"href":"https:\/\/noticiasdeescobar.online\/index.php?rest_route=\/wp\/v2\/posts"}],"about":[{"href":"https:\/\/noticiasdeescobar.online\/index.php?rest_route=\/wp\/v2\/types\/post"}],"author":[{"embeddable":true,"href":"https:\/\/noticiasdeescobar.online\/index.php?rest_route=\/wp\/v2\/users\/1"}],"replies":[{"embeddable":true,"href":"https:\/\/noticiasdeescobar.online\/index.php?rest_route=%2Fwp%2Fv2%2Fcomments&post=356"}],"version-history":[{"count":1,"href":"https:\/\/noticiasdeescobar.online\/index.php?rest_route=\/wp\/v2\/posts\/356\/revisions"}],"predecessor-version":[{"id":359,"href":"https:\/\/noticiasdeescobar.online\/index.php?rest_route=\/wp\/v2\/posts\/356\/revisions\/359"}],"wp:featuredmedia":[{"embeddable":true,"href":"https:\/\/noticiasdeescobar.online\/index.php?rest_route=\/wp\/v2\/media\/357"}],"wp:attachment":[{"href":"https:\/\/noticiasdeescobar.online\/index.php?rest_route=%2Fwp%2Fv2%2Fmedia&parent=356"}],"wp:term":[{"taxonomy":"category","embeddable":true,"href":"https:\/\/noticiasdeescobar.online\/index.php?rest_route=%2Fwp%2Fv2%2Fcategories&post=356"},{"taxonomy":"post_tag","embeddable":true,"href":"https:\/\/noticiasdeescobar.online\/index.php?rest_route=%2Fwp%2Fv2%2Ftags&post=356"}],"curies":[{"name":"wp","href":"https:\/\/api.w.org\/{rel}","templated":true}]}}