{"id":405,"date":"2025-01-20T15:49:29","date_gmt":"2025-01-20T15:49:29","guid":{"rendered":"https:\/\/noticiasdeescobar.online\/?p=405"},"modified":"2025-01-20T15:54:21","modified_gmt":"2025-01-20T15:54:21","slug":"el-caminito-de-savio-vuelve-con-una-nueva-edicion-una-fiesta-gastronomica-y-artistica-en-la-plaza-la-madre-y-el-nino","status":"publish","type":"post","link":"https:\/\/noticiasdeescobar.online\/?p=405","title":{"rendered":"El Caminito de Savio vuelve con una nueva edici\u00f3n: una fiesta gastron\u00f3mica y art\u00edstica en la Plaza La Madre y el Ni\u00f1o\u00a0"},"content":{"rendered":"\n<p>Este fin de semana, la ciudad se prepara para recibir una nueva edici\u00f3n de <em>El Caminito de Savio<\/em>, la feria gastron\u00f3mica que ha ganado popularidad como uno de los eventos m\u00e1s esperados del a\u00f1o. Desde el viernes hasta el domingo, la Plaza La Madre y el Ni\u00f1o ser\u00e1 el epicentro de una celebraci\u00f3n culinaria que promete deleitar a los amantes de la buena comida, la cultura local y el ambiente festivo.\u00a0<\/p>\n\n\n\n<!--more-->\n\n\n\n<figure class=\"wp-block-image size-large\"><img loading=\"lazy\" decoding=\"async\" width=\"1022\" height=\"1024\" src=\"https:\/\/noticiasdeescobar.online\/wp-content\/uploads\/2025\/01\/FB_IMG_1737387508238-1022x1024.jpg\" alt=\"\" class=\"wp-image-404\" srcset=\"https:\/\/noticiasdeescobar.online\/wp-content\/uploads\/2025\/01\/FB_IMG_1737387508238-1022x1024.jpg 1022w, https:\/\/noticiasdeescobar.online\/wp-content\/uploads\/2025\/01\/FB_IMG_1737387508238-300x300.jpg 300w, https:\/\/noticiasdeescobar.online\/wp-content\/uploads\/2025\/01\/FB_IMG_1737387508238-150x150.jpg 150w, https:\/\/noticiasdeescobar.online\/wp-content\/uploads\/2025\/01\/FB_IMG_1737387508238-768x769.jpg 768w, https:\/\/noticiasdeescobar.online\/wp-content\/uploads\/2025\/01\/FB_IMG_1737387508238.jpg 1080w\" sizes=\"auto, (max-width: 1022px) 100vw, 1022px\" \/><\/figure>\n\n\n\n<p>La feria, que en su edici\u00f3n anterior cautiv\u00f3 a miles de visitantes con su propuesta regresa este fin de semana con una variada oferta de puestos de comida, espect\u00e1culos y actividades para toda la familia. Este a\u00f1o, los organizadores han apostado por una selecci\u00f3n a\u00fan m\u00e1s amplia de propuestas, con un enfoque en los productos locales y las recetas aut\u00f3ctonas que resaltan los sabores m\u00e1s aut\u00e9nticos de la regi\u00f3n.&nbsp;<\/p>\n\n\n\n<p><strong>Un recorrido gastron\u00f3mico \u00fanico<\/strong>&nbsp;<\/p>\n\n\n\n<p>El Caminito de Savio se ha consolidado como un punto de encuentro entre los sabores tradicionales y las nuevas tendencias culinarias. Durante los tres d\u00edas de feria, los asistentes podr\u00e1n disfrutar de una amplia variedad de platos en food trucks que van desde las cl\u00e1sicas empanadas y choripanes, parrilla, pizzas, tragos y m\u00e1s, brindando una excelente oportunidad para apoyar la econom\u00eda local y conocer los productos que hacen \u00fanica a la gastronom\u00eda de la zona.&nbsp;<\/p>\n\n\n\n<p><strong>Un evento para toda la familia<\/strong>&nbsp;<\/p>\n\n\n\n<p>El Caminito de Savio no es solo una feria gastron\u00f3mica, sino tambi\u00e9n un espacio para el disfrute de toda la familia. A lo largo del fin de semana, se llevar\u00e1n a cabo diversas actividades y espect\u00e1culos en vivo, como m\u00fasica folcl\u00f3rica, shows para ni\u00f1os y presentaciones de artistas locales. La Plaza La Madre y el Ni\u00f1o se transformar\u00e1 en un escenario vibrante, ideal para pasar un d\u00eda al aire libre con amigos y familiares.&nbsp;<\/p>\n\n\n<div class=\"wp-block-image\">\n<figure class=\"aligncenter size-large\"><img loading=\"lazy\" decoding=\"async\" width=\"1024\" height=\"1024\" src=\"https:\/\/noticiasdeescobar.online\/wp-content\/uploads\/2025\/01\/FB_IMG_1737387518964-1024x1024.jpg\" alt=\"\" class=\"wp-image-402\" srcset=\"https:\/\/noticiasdeescobar.online\/wp-content\/uploads\/2025\/01\/FB_IMG_1737387518964-1024x1024.jpg 1024w, https:\/\/noticiasdeescobar.online\/wp-content\/uploads\/2025\/01\/FB_IMG_1737387518964-300x300.jpg 300w, https:\/\/noticiasdeescobar.online\/wp-content\/uploads\/2025\/01\/FB_IMG_1737387518964-150x150.jpg 150w, https:\/\/noticiasdeescobar.online\/wp-content\/uploads\/2025\/01\/FB_IMG_1737387518964-768x768.jpg 768w, https:\/\/noticiasdeescobar.online\/wp-content\/uploads\/2025\/01\/FB_IMG_1737387518964.jpg 1080w\" sizes=\"auto, (max-width: 1024px) 100vw, 1024px\" \/><\/figure><\/div>\n\n\n<p>Los organizadores han garantizado que la experiencia ser\u00e1 a\u00fan m\u00e1s interactiva, con talleres de cocina, degustaciones y charlas sobre la historia de los platos tradicionales que caracterizan la regi\u00f3n. <\/p>\n\n\n\n<figure class=\"wp-block-image size-large\"><img loading=\"lazy\" decoding=\"async\" width=\"1024\" height=\"657\" src=\"https:\/\/noticiasdeescobar.online\/wp-content\/uploads\/2025\/01\/468604989_1104667901032079_4119148466940750160_n-1024x657.jpg\" alt=\"\" class=\"wp-image-407\" srcset=\"https:\/\/noticiasdeescobar.online\/wp-content\/uploads\/2025\/01\/468604989_1104667901032079_4119148466940750160_n-1024x657.jpg 1024w, https:\/\/noticiasdeescobar.online\/wp-content\/uploads\/2025\/01\/468604989_1104667901032079_4119148466940750160_n-300x192.jpg 300w, https:\/\/noticiasdeescobar.online\/wp-content\/uploads\/2025\/01\/468604989_1104667901032079_4119148466940750160_n-768x493.jpg 768w, https:\/\/noticiasdeescobar.online\/wp-content\/uploads\/2025\/01\/468604989_1104667901032079_4119148466940750160_n.jpg 1079w\" sizes=\"auto, (max-width: 1024px) 100vw, 1024px\" \/><figcaption class=\"wp-element-caption\"><em>Viru Kumbieron cerrar\u00e1 la noche del s\u00e1bado.<\/em><\/figcaption><\/figure>\n\n\n\n<p>De esta forma, los visitantes no solo podr\u00e1n disfrutar de la comida, sino tambi\u00e9n aprender sobre las t\u00e9cnicas culinarias y los productos que la hacen posible.\u00a0<\/p>\n\n\n\n<p><strong>Medidas de seguridad y accesibilidad<\/strong>&nbsp;<\/p>\n\n\n\n<p>Con la finalidad de garantizar la comodidad y seguridad de todos los asistentes, El Caminito de Savio implementar\u00e1 diversas medidas de seguridad, incluyendo la presencia de personal capacitado para la orientaci\u00f3n y asistencia de los visitantes. El predio cuenta con ba\u00f1os qu\u00edmicos, personal de Tr\u00e1nsito, Prevenci\u00f3n Comunitaria y polic\u00eda.<\/p>\n\n\n\n<p><strong>Una invitaci\u00f3n a saborear la cultura local<\/strong>&nbsp;<\/p>\n\n\n\n<p>Sin dudas, esta nueva edici\u00f3n de <em>El Caminito de Savio<\/em> se perfila como una celebraci\u00f3n que va m\u00e1s all\u00e1 de la gastronom\u00eda. Es una invitaci\u00f3n a conocer y valorar los productos aut\u00f3ctonos, a disfrutar de la m\u00fasica y la cultura local, y a compartir momentos inolvidables en un ambiente de alegr\u00eda y confraternidad.&nbsp;<\/p>\n\n\n<div class=\"wp-block-image\">\n<figure class=\"aligncenter size-large\"><img loading=\"lazy\" decoding=\"async\" width=\"1024\" height=\"1024\" src=\"https:\/\/noticiasdeescobar.online\/wp-content\/uploads\/2025\/01\/FB_IMG_1737387513337-1024x1024.jpg\" alt=\"\" class=\"wp-image-403\" srcset=\"https:\/\/noticiasdeescobar.online\/wp-content\/uploads\/2025\/01\/FB_IMG_1737387513337-1024x1024.jpg 1024w, https:\/\/noticiasdeescobar.online\/wp-content\/uploads\/2025\/01\/FB_IMG_1737387513337-300x300.jpg 300w, https:\/\/noticiasdeescobar.online\/wp-content\/uploads\/2025\/01\/FB_IMG_1737387513337-150x150.jpg 150w, https:\/\/noticiasdeescobar.online\/wp-content\/uploads\/2025\/01\/FB_IMG_1737387513337-768x768.jpg 768w, https:\/\/noticiasdeescobar.online\/wp-content\/uploads\/2025\/01\/FB_IMG_1737387513337.jpg 1080w\" sizes=\"auto, (max-width: 1024px) 100vw, 1024px\" \/><\/figure><\/div>\n\n\n<p>Los organizadores han asegurado que cada rinc\u00f3n de la Plaza La Madre y el Ni\u00f1o estar\u00e1 lleno de sorpresas, y esperan que este evento se convierta, una vez m\u00e1s, en un referente de la identidad gastron\u00f3mica de la regi\u00f3n.&nbsp;<\/p>\n\n\n\n<p>El viernes ser\u00e1 el turno del chamam\u00e9, con la presentaci\u00f3n del Ballet Llama Eterna, Alfredo Hern\u00e1ndez El Camba, Chacho Lezcano el m\u00fasico del pueblo y Cristian Leguiza.&nbsp;<\/p>\n\n\n\n<p>El s\u00e1bado por la noche es el turno de la cumbia colombiana con Viru Kumbieron, mientras que el domingo actuar\u00e1n Los Moros. En cada jornada dem\u00e1s habr\u00e1 artistas locales.&nbsp;<\/p>\n\n\n<div class=\"wp-block-image\">\n<figure class=\"aligncenter size-full\"><img loading=\"lazy\" decoding=\"async\" width=\"720\" height=\"642\" src=\"https:\/\/noticiasdeescobar.online\/wp-content\/uploads\/2025\/01\/c3333545-6dab-4ea5-9601-fe68b6c01543.jpg\" alt=\"\" class=\"wp-image-406\" srcset=\"https:\/\/noticiasdeescobar.online\/wp-content\/uploads\/2025\/01\/c3333545-6dab-4ea5-9601-fe68b6c01543.jpg 720w, https:\/\/noticiasdeescobar.online\/wp-content\/uploads\/2025\/01\/c3333545-6dab-4ea5-9601-fe68b6c01543-300x268.jpg 300w\" sizes=\"auto, (max-width: 720px) 100vw, 720px\" \/><figcaption class=\"wp-element-caption\"><em>Los Moros actuar\u00e1n el domingo 26.<\/em><\/figcaption><\/figure><\/div>\n\n\n<p>As\u00ed que, si sos&nbsp;un amante de la buena comida y la cultura, no te puedes perder esta nueva edici\u00f3n de <em>El Caminito de Savio<\/em>. \u00a1Nos vemos en la Plaza La Madre y el Ni\u00f1o este fin de semana para disfrutar juntos de un fest\u00edn de sabores, m\u00fasica y buena compa\u00f1\u00eda<\/p>\n","protected":false},"excerpt":{"rendered":"<p>Este fin de semana, la ciudad se prepara para recibir una nueva edici\u00f3n de El Caminito de Savio, la feria&hellip;<\/p>\n","protected":false},"author":1,"featured_media":401,"comment_status":"open","ping_status":"open","sticky":false,"template":"","format":"standard","meta":{"_monsterinsights_skip_tracking":false,"_monsterinsights_sitenote_active":false,"_monsterinsights_sitenote_note":"","_monsterinsights_sitenote_category":0,"footnotes":""},"categories":[6],"tags":[74],"class_list":["post-405","post","type-post","status-publish","format-standard","has-post-thumbnail","hentry","category-interes-general","tag-el-caminito-de-savio"],"yoast_head":"<!-- This site is optimized with the Yoast SEO plugin v25.3.1 - https:\/\/yoast.com\/wordpress\/plugins\/seo\/ -->\n<title>El Caminito de Savio vuelve con una nueva edici\u00f3n: una fiesta gastron\u00f3mica y art\u00edstica en la Plaza La Madre y el Ni\u00f1o\u00a0 - Noticias de Escobar<\/title>\n<meta name=\"robots\" content=\"index, follow, max-snippet:-1, max-image-preview:large, max-video-preview:-1\" \/>\n<link rel=\"canonical\" href=\"https:\/\/noticiasdeescobar.online\/?p=405\" \/>\n<meta property=\"og:locale\" content=\"es_ES\" \/>\n<meta property=\"og:type\" content=\"article\" \/>\n<meta property=\"og:title\" content=\"El Caminito de Savio vuelve con una nueva edici\u00f3n: una fiesta gastron\u00f3mica y art\u00edstica en la Plaza La Madre y el Ni\u00f1o\u00a0 - Noticias de Escobar\" \/>\n<meta property=\"og:description\" content=\"Este fin de semana, la ciudad se prepara para recibir una nueva edici\u00f3n de El Caminito de Savio, la feria&hellip;\" \/>\n<meta property=\"og:url\" content=\"https:\/\/noticiasdeescobar.online\/?p=405\" \/>\n<meta property=\"og:site_name\" content=\"Noticias de Escobar\" \/>\n<meta property=\"article:published_time\" content=\"2025-01-20T15:49:29+00:00\" \/>\n<meta property=\"article:modified_time\" content=\"2025-01-20T15:54:21+00:00\" \/>\n<meta property=\"og:image\" content=\"https:\/\/noticiasdeescobar.online\/wp-content\/uploads\/2025\/01\/FB_IMG_1737387521560.jpg\" \/>\n\t<meta property=\"og:image:width\" content=\"1080\" \/>\n\t<meta property=\"og:image:height\" content=\"1080\" \/>\n\t<meta property=\"og:image:type\" content=\"image\/jpeg\" \/>\n<meta name=\"author\" content=\"Redacci\u00f3n\" \/>\n<meta name=\"twitter:card\" content=\"summary_large_image\" \/>\n<meta name=\"twitter:label1\" content=\"Escrito por\" \/>\n\t<meta name=\"twitter:data1\" content=\"Redacci\u00f3n\" \/>\n\t<meta name=\"twitter:label2\" content=\"Tiempo de lectura\" \/>\n\t<meta name=\"twitter:data2\" content=\"4 minutos\" \/>\n<script type=\"application\/ld+json\" class=\"yoast-schema-graph\">{\"@context\":\"https:\/\/schema.org\",\"@graph\":[{\"@type\":\"WebPage\",\"@id\":\"https:\/\/noticiasdeescobar.online\/?p=405\",\"url\":\"https:\/\/noticiasdeescobar.online\/?p=405\",\"name\":\"El Caminito de Savio vuelve con una nueva edici\u00f3n: una fiesta gastron\u00f3mica y art\u00edstica en la Plaza La Madre y el Ni\u00f1o\u00a0 - Noticias de Escobar\",\"isPartOf\":{\"@id\":\"https:\/\/noticiasdeescobar.online\/#website\"},\"primaryImageOfPage\":{\"@id\":\"https:\/\/noticiasdeescobar.online\/?p=405#primaryimage\"},\"image\":{\"@id\":\"https:\/\/noticiasdeescobar.online\/?p=405#primaryimage\"},\"thumbnailUrl\":\"https:\/\/noticiasdeescobar.online\/wp-content\/uploads\/2025\/01\/FB_IMG_1737387521560.jpg\",\"datePublished\":\"2025-01-20T15:49:29+00:00\",\"dateModified\":\"2025-01-20T15:54:21+00:00\",\"author\":{\"@id\":\"https:\/\/noticiasdeescobar.online\/#\/schema\/person\/c80a19151f9337b50a779fe1f512ca6a\"},\"breadcrumb\":{\"@id\":\"https:\/\/noticiasdeescobar.online\/?p=405#breadcrumb\"},\"inLanguage\":\"es-AR\",\"potentialAction\":[{\"@type\":\"ReadAction\",\"target\":[\"https:\/\/noticiasdeescobar.online\/?p=405\"]}]},{\"@type\":\"ImageObject\",\"inLanguage\":\"es-AR\",\"@id\":\"https:\/\/noticiasdeescobar.online\/?p=405#primaryimage\",\"url\":\"https:\/\/noticiasdeescobar.online\/wp-content\/uploads\/2025\/01\/FB_IMG_1737387521560.jpg\",\"contentUrl\":\"https:\/\/noticiasdeescobar.online\/wp-content\/uploads\/2025\/01\/FB_IMG_1737387521560.jpg\",\"width\":1080,\"height\":1080},{\"@type\":\"BreadcrumbList\",\"@id\":\"https:\/\/noticiasdeescobar.online\/?p=405#breadcrumb\",\"itemListElement\":[{\"@type\":\"ListItem\",\"position\":1,\"name\":\"Inicio\",\"item\":\"https:\/\/noticiasdeescobar.online\/\"},{\"@type\":\"ListItem\",\"position\":2,\"name\":\"El Caminito de Savio vuelve con una nueva edici\u00f3n: una fiesta gastron\u00f3mica y art\u00edstica en la Plaza La Madre y el Ni\u00f1o\u00a0\"}]},{\"@type\":\"WebSite\",\"@id\":\"https:\/\/noticiasdeescobar.online\/#website\",\"url\":\"https:\/\/noticiasdeescobar.online\/\",\"name\":\"Noticias de Escobar\",\"description\":\"Noticias 24\/7\",\"potentialAction\":[{\"@type\":\"SearchAction\",\"target\":{\"@type\":\"EntryPoint\",\"urlTemplate\":\"https:\/\/noticiasdeescobar.online\/?s={search_term_string}\"},\"query-input\":{\"@type\":\"PropertyValueSpecification\",\"valueRequired\":true,\"valueName\":\"search_term_string\"}}],\"inLanguage\":\"es-AR\"},{\"@type\":\"Person\",\"@id\":\"https:\/\/noticiasdeescobar.online\/#\/schema\/person\/c80a19151f9337b50a779fe1f512ca6a\",\"name\":\"Redacci\u00f3n\",\"image\":{\"@type\":\"ImageObject\",\"inLanguage\":\"es-AR\",\"@id\":\"https:\/\/noticiasdeescobar.online\/#\/schema\/person\/image\/\",\"url\":\"https:\/\/secure.gravatar.com\/avatar\/1db77a0acc41b20b8cbce542c0459eb4?s=96&d=mm&r=g\",\"contentUrl\":\"https:\/\/secure.gravatar.com\/avatar\/1db77a0acc41b20b8cbce542c0459eb4?s=96&d=mm&r=g\",\"caption\":\"Redacci\u00f3n\"},\"sameAs\":[\"http:\/\/noticiasdeescobar.online\"],\"url\":\"https:\/\/noticiasdeescobar.online\/?author=1\"}]}<\/script>\n<!-- \/ Yoast SEO plugin. -->","yoast_head_json":{"title":"El Caminito de Savio vuelve con una nueva edici\u00f3n: una fiesta gastron\u00f3mica y art\u00edstica en la Plaza La Madre y el Ni\u00f1o\u00a0 - Noticias de Escobar","robots":{"index":"index","follow":"follow","max-snippet":"max-snippet:-1","max-image-preview":"max-image-preview:large","max-video-preview":"max-video-preview:-1"},"canonical":"https:\/\/noticiasdeescobar.online\/?p=405","og_locale":"es_ES","og_type":"article","og_title":"El Caminito de Savio vuelve con una nueva edici\u00f3n: una fiesta gastron\u00f3mica y art\u00edstica en la Plaza La Madre y el Ni\u00f1o\u00a0 - Noticias de Escobar","og_description":"Este fin de semana, la ciudad se prepara para recibir una nueva edici\u00f3n de El Caminito de Savio, la feria&hellip;","og_url":"https:\/\/noticiasdeescobar.online\/?p=405","og_site_name":"Noticias de Escobar","article_published_time":"2025-01-20T15:49:29+00:00","article_modified_time":"2025-01-20T15:54:21+00:00","og_image":[{"width":1080,"height":1080,"url":"https:\/\/noticiasdeescobar.online\/wp-content\/uploads\/2025\/01\/FB_IMG_1737387521560.jpg","type":"image\/jpeg"}],"author":"Redacci\u00f3n","twitter_card":"summary_large_image","twitter_misc":{"Escrito por":"Redacci\u00f3n","Tiempo de lectura":"4 minutos"},"schema":{"@context":"https:\/\/schema.org","@graph":[{"@type":"WebPage","@id":"https:\/\/noticiasdeescobar.online\/?p=405","url":"https:\/\/noticiasdeescobar.online\/?p=405","name":"El Caminito de Savio vuelve con una nueva edici\u00f3n: una fiesta gastron\u00f3mica y art\u00edstica en la Plaza La Madre y el Ni\u00f1o\u00a0 - Noticias de Escobar","isPartOf":{"@id":"https:\/\/noticiasdeescobar.online\/#website"},"primaryImageOfPage":{"@id":"https:\/\/noticiasdeescobar.online\/?p=405#primaryimage"},"image":{"@id":"https:\/\/noticiasdeescobar.online\/?p=405#primaryimage"},"thumbnailUrl":"https:\/\/noticiasdeescobar.online\/wp-content\/uploads\/2025\/01\/FB_IMG_1737387521560.jpg","datePublished":"2025-01-20T15:49:29+00:00","dateModified":"2025-01-20T15:54:21+00:00","author":{"@id":"https:\/\/noticiasdeescobar.online\/#\/schema\/person\/c80a19151f9337b50a779fe1f512ca6a"},"breadcrumb":{"@id":"https:\/\/noticiasdeescobar.online\/?p=405#breadcrumb"},"inLanguage":"es-AR","potentialAction":[{"@type":"ReadAction","target":["https:\/\/noticiasdeescobar.online\/?p=405"]}]},{"@type":"ImageObject","inLanguage":"es-AR","@id":"https:\/\/noticiasdeescobar.online\/?p=405#primaryimage","url":"https:\/\/noticiasdeescobar.online\/wp-content\/uploads\/2025\/01\/FB_IMG_1737387521560.jpg","contentUrl":"https:\/\/noticiasdeescobar.online\/wp-content\/uploads\/2025\/01\/FB_IMG_1737387521560.jpg","width":1080,"height":1080},{"@type":"BreadcrumbList","@id":"https:\/\/noticiasdeescobar.online\/?p=405#breadcrumb","itemListElement":[{"@type":"ListItem","position":1,"name":"Inicio","item":"https:\/\/noticiasdeescobar.online\/"},{"@type":"ListItem","position":2,"name":"El Caminito de Savio vuelve con una nueva edici\u00f3n: una fiesta gastron\u00f3mica y art\u00edstica en la Plaza La Madre y el Ni\u00f1o\u00a0"}]},{"@type":"WebSite","@id":"https:\/\/noticiasdeescobar.online\/#website","url":"https:\/\/noticiasdeescobar.online\/","name":"Noticias de Escobar","description":"Noticias 24\/7","potentialAction":[{"@type":"SearchAction","target":{"@type":"EntryPoint","urlTemplate":"https:\/\/noticiasdeescobar.online\/?s={search_term_string}"},"query-input":{"@type":"PropertyValueSpecification","valueRequired":true,"valueName":"search_term_string"}}],"inLanguage":"es-AR"},{"@type":"Person","@id":"https:\/\/noticiasdeescobar.online\/#\/schema\/person\/c80a19151f9337b50a779fe1f512ca6a","name":"Redacci\u00f3n","image":{"@type":"ImageObject","inLanguage":"es-AR","@id":"https:\/\/noticiasdeescobar.online\/#\/schema\/person\/image\/","url":"https:\/\/secure.gravatar.com\/avatar\/1db77a0acc41b20b8cbce542c0459eb4?s=96&d=mm&r=g","contentUrl":"https:\/\/secure.gravatar.com\/avatar\/1db77a0acc41b20b8cbce542c0459eb4?s=96&d=mm&r=g","caption":"Redacci\u00f3n"},"sameAs":["http:\/\/noticiasdeescobar.online"],"url":"https:\/\/noticiasdeescobar.online\/?author=1"}]}},"_links":{"self":[{"href":"https:\/\/noticiasdeescobar.online\/index.php?rest_route=\/wp\/v2\/posts\/405","targetHints":{"allow":["GET"]}}],"collection":[{"href":"https:\/\/noticiasdeescobar.online\/index.php?rest_route=\/wp\/v2\/posts"}],"about":[{"href":"https:\/\/noticiasdeescobar.online\/index.php?rest_route=\/wp\/v2\/types\/post"}],"author":[{"embeddable":true,"href":"https:\/\/noticiasdeescobar.online\/index.php?rest_route=\/wp\/v2\/users\/1"}],"replies":[{"embeddable":true,"href":"https:\/\/noticiasdeescobar.online\/index.php?rest_route=%2Fwp%2Fv2%2Fcomments&post=405"}],"version-history":[{"count":3,"href":"https:\/\/noticiasdeescobar.online\/index.php?rest_route=\/wp\/v2\/posts\/405\/revisions"}],"predecessor-version":[{"id":411,"href":"https:\/\/noticiasdeescobar.online\/index.php?rest_route=\/wp\/v2\/posts\/405\/revisions\/411"}],"wp:featuredmedia":[{"embeddable":true,"href":"https:\/\/noticiasdeescobar.online\/index.php?rest_route=\/wp\/v2\/media\/401"}],"wp:attachment":[{"href":"https:\/\/noticiasdeescobar.online\/index.php?rest_route=%2Fwp%2Fv2%2Fmedia&parent=405"}],"wp:term":[{"taxonomy":"category","embeddable":true,"href":"https:\/\/noticiasdeescobar.online\/index.php?rest_route=%2Fwp%2Fv2%2Fcategories&post=405"},{"taxonomy":"post_tag","embeddable":true,"href":"https:\/\/noticiasdeescobar.online\/index.php?rest_route=%2Fwp%2Fv2%2Ftags&post=405"}],"curies":[{"name":"wp","href":"https:\/\/api.w.org\/{rel}","templated":true}]}}