{"id":419,"date":"2025-01-21T18:09:36","date_gmt":"2025-01-21T18:09:36","guid":{"rendered":"https:\/\/noticiasdeescobar.online\/?p=419"},"modified":"2025-01-22T02:16:16","modified_gmt":"2025-01-22T02:16:16","slug":"federico-pecchia-lleva-su-guitarra-y-poesia-a-la-costa","status":"publish","type":"post","link":"https:\/\/noticiasdeescobar.online\/?p=419","title":{"rendered":"Federico Pecchia lleva su guitarra y poes\u00eda a la costa"},"content":{"rendered":"\n<p class=\"has-vivid-cyan-blue-color has-text-color has-link-color wp-elements-04fdca17767b04c8bc6602045f355273\"><strong><em>El garinense tiene una agenda cargada para el segundo mes del a\u00f1o. &#8220;Presentar\u00e9 shows diferentes en relaci\u00f3n a mis canciones y al cancionero argentino&#8221;, augur\u00f3.<\/em><\/strong><\/p>\n\n\n\n<!--more-->\n\n\n\n<p><\/p>\n\n\n\n<p>Federico Pecchia actuar\u00e1 el mes pr\u00f3ximo en distintos puntos de la costa atl\u00e1ntica, presentado su \u00faltimo disco y canciones anteriores.<\/p>\n\n\n\n<p>&#8220;Con felicidad les comparto que en febrero arrancamos el a\u00f1o art\u00edstico con una gira por la Costa Atl\u00e1ntica Argentina y zonas aleda\u00f1as. Con seis shows en esa regi\u00f3n que amo tanto y en ciudades que son todas muy especiales para m\u00ed&#8221;, resalt\u00f3 el artista oriundo de Gar\u00edn.<\/p>\n\n\n\n<p>El 4 de febrero estar\u00e1 actuando en Che Borges de Necochea, al d\u00eda siguiente se presentar\u00e1 en Balcarce, m\u00e1s precisamente en el Centro Tradicionalista General Balcarce. En tanto, el 6\/2 cantar\u00e1 en el Patio Pe\u00f1ero  de Maip\u00fa y el 7 en Chapadmalal.<\/p>\n\n<iframe loading=\"lazy\" width=\"560\" height=\"315\" src=\"https:\/\/www.youtube.com\/embed\/deyfPHBxaHk?si=PyV0--fLqWnl9QTR\" title=\"YouTube video player\" frameborder=\"0\" allow=\"accelerometer; autoplay; clipboard-write; encrypted-media; gyroscope; picture-in-picture; web-share\" referrerpolicy=\"strict-origin-when-cross-origin\" allowfullscreen><\/iframe>\n\n<p>La gira contin\u00faa en la Casa de Williams de Mar del Plata. Ser\u00e1 el 8 de febrero, seg\u00fan la grilla oficial de Pecchia. Al d\u00eda siguiente, tambi\u00e9n en la Feliz, actuar\u00e1 en Membrillo, El Faro.<\/p>\n\n\n\n<p>&#8220;Presentar\u00e9 shows diferentes en relaci\u00f3n a mis canciones y al cancionero argentino. \u00a1Gracias por acompa\u00f1arme, nos encontramos en cualquier estaci\u00f3n! Gracias a los productores y amigos que me acompa\u00f1an en este camino. \u00a1Que viva la m\u00fasica!&#8221;, poste\u00f3 en redes.  <\/p>\n","protected":false},"excerpt":{"rendered":"<p>El garinense tiene una agenda cargada para el segundo mes del a\u00f1o. &#8220;Presentar\u00e9 shows diferentes en relaci\u00f3n a mis canciones&hellip;<\/p>\n","protected":false},"author":1,"featured_media":420,"comment_status":"open","ping_status":"open","sticky":false,"template":"","format":"standard","meta":{"_monsterinsights_skip_tracking":false,"_monsterinsights_sitenote_active":false,"_monsterinsights_sitenote_note":"","_monsterinsights_sitenote_category":0,"footnotes":""},"categories":[75],"tags":[],"class_list":["post-419","post","type-post","status-publish","format-standard","has-post-thumbnail","hentry","category-cultura"],"yoast_head":"<!-- This site is optimized with the Yoast SEO plugin v25.3.1 - https:\/\/yoast.com\/wordpress\/plugins\/seo\/ -->\n<title>Federico Pecchia lleva su guitarra y poes\u00eda a la costa - Noticias de Escobar<\/title>\n<meta name=\"robots\" content=\"index, follow, max-snippet:-1, max-image-preview:large, max-video-preview:-1\" \/>\n<link rel=\"canonical\" href=\"https:\/\/noticiasdeescobar.online\/?p=419\" \/>\n<meta property=\"og:locale\" content=\"es_ES\" \/>\n<meta property=\"og:type\" content=\"article\" \/>\n<meta property=\"og:title\" content=\"Federico Pecchia lleva su guitarra y poes\u00eda a la costa - Noticias de Escobar\" \/>\n<meta property=\"og:description\" content=\"El garinense tiene una agenda cargada para el segundo mes del a\u00f1o. &#8220;Presentar\u00e9 shows diferentes en relaci\u00f3n a mis canciones&hellip;\" \/>\n<meta property=\"og:url\" content=\"https:\/\/noticiasdeescobar.online\/?p=419\" \/>\n<meta property=\"og:site_name\" content=\"Noticias de Escobar\" \/>\n<meta property=\"article:published_time\" content=\"2025-01-21T18:09:36+00:00\" \/>\n<meta property=\"article:modified_time\" content=\"2025-01-22T02:16:16+00:00\" \/>\n<meta property=\"og:image\" content=\"https:\/\/noticiasdeescobar.online\/wp-content\/uploads\/2025\/01\/pecchia-e1737482868514.jpg\" \/>\n\t<meta property=\"og:image:width\" content=\"1440\" \/>\n\t<meta property=\"og:image:height\" content=\"1610\" \/>\n\t<meta property=\"og:image:type\" content=\"image\/jpeg\" \/>\n<meta name=\"author\" content=\"Redacci\u00f3n\" \/>\n<meta name=\"twitter:card\" content=\"summary_large_image\" \/>\n<meta name=\"twitter:label1\" content=\"Escrito por\" \/>\n\t<meta name=\"twitter:data1\" content=\"Redacci\u00f3n\" \/>\n\t<meta name=\"twitter:label2\" content=\"Tiempo de lectura\" \/>\n\t<meta name=\"twitter:data2\" content=\"1 minuto\" \/>\n<script type=\"application\/ld+json\" class=\"yoast-schema-graph\">{\"@context\":\"https:\/\/schema.org\",\"@graph\":[{\"@type\":\"WebPage\",\"@id\":\"https:\/\/noticiasdeescobar.online\/?p=419\",\"url\":\"https:\/\/noticiasdeescobar.online\/?p=419\",\"name\":\"Federico Pecchia lleva su guitarra y poes\u00eda a la costa - Noticias de Escobar\",\"isPartOf\":{\"@id\":\"https:\/\/noticiasdeescobar.online\/#website\"},\"primaryImageOfPage\":{\"@id\":\"https:\/\/noticiasdeescobar.online\/?p=419#primaryimage\"},\"image\":{\"@id\":\"https:\/\/noticiasdeescobar.online\/?p=419#primaryimage\"},\"thumbnailUrl\":\"https:\/\/noticiasdeescobar.online\/wp-content\/uploads\/2025\/01\/pecchia-e1737482868514.jpg\",\"datePublished\":\"2025-01-21T18:09:36+00:00\",\"dateModified\":\"2025-01-22T02:16:16+00:00\",\"author\":{\"@id\":\"https:\/\/noticiasdeescobar.online\/#\/schema\/person\/c80a19151f9337b50a779fe1f512ca6a\"},\"breadcrumb\":{\"@id\":\"https:\/\/noticiasdeescobar.online\/?p=419#breadcrumb\"},\"inLanguage\":\"es-AR\",\"potentialAction\":[{\"@type\":\"ReadAction\",\"target\":[\"https:\/\/noticiasdeescobar.online\/?p=419\"]}]},{\"@type\":\"ImageObject\",\"inLanguage\":\"es-AR\",\"@id\":\"https:\/\/noticiasdeescobar.online\/?p=419#primaryimage\",\"url\":\"https:\/\/noticiasdeescobar.online\/wp-content\/uploads\/2025\/01\/pecchia-e1737482868514.jpg\",\"contentUrl\":\"https:\/\/noticiasdeescobar.online\/wp-content\/uploads\/2025\/01\/pecchia-e1737482868514.jpg\",\"width\":1440,\"height\":1610},{\"@type\":\"BreadcrumbList\",\"@id\":\"https:\/\/noticiasdeescobar.online\/?p=419#breadcrumb\",\"itemListElement\":[{\"@type\":\"ListItem\",\"position\":1,\"name\":\"Inicio\",\"item\":\"https:\/\/noticiasdeescobar.online\/\"},{\"@type\":\"ListItem\",\"position\":2,\"name\":\"Federico Pecchia lleva su guitarra y poes\u00eda a la costa\"}]},{\"@type\":\"WebSite\",\"@id\":\"https:\/\/noticiasdeescobar.online\/#website\",\"url\":\"https:\/\/noticiasdeescobar.online\/\",\"name\":\"Noticias de Escobar\",\"description\":\"Noticias 24\/7\",\"potentialAction\":[{\"@type\":\"SearchAction\",\"target\":{\"@type\":\"EntryPoint\",\"urlTemplate\":\"https:\/\/noticiasdeescobar.online\/?s={search_term_string}\"},\"query-input\":{\"@type\":\"PropertyValueSpecification\",\"valueRequired\":true,\"valueName\":\"search_term_string\"}}],\"inLanguage\":\"es-AR\"},{\"@type\":\"Person\",\"@id\":\"https:\/\/noticiasdeescobar.online\/#\/schema\/person\/c80a19151f9337b50a779fe1f512ca6a\",\"name\":\"Redacci\u00f3n\",\"image\":{\"@type\":\"ImageObject\",\"inLanguage\":\"es-AR\",\"@id\":\"https:\/\/noticiasdeescobar.online\/#\/schema\/person\/image\/\",\"url\":\"https:\/\/secure.gravatar.com\/avatar\/1db77a0acc41b20b8cbce542c0459eb4?s=96&d=mm&r=g\",\"contentUrl\":\"https:\/\/secure.gravatar.com\/avatar\/1db77a0acc41b20b8cbce542c0459eb4?s=96&d=mm&r=g\",\"caption\":\"Redacci\u00f3n\"},\"sameAs\":[\"http:\/\/noticiasdeescobar.online\"],\"url\":\"https:\/\/noticiasdeescobar.online\/?author=1\"}]}<\/script>\n<!-- \/ Yoast SEO plugin. -->","yoast_head_json":{"title":"Federico Pecchia lleva su guitarra y poes\u00eda a la costa - Noticias de Escobar","robots":{"index":"index","follow":"follow","max-snippet":"max-snippet:-1","max-image-preview":"max-image-preview:large","max-video-preview":"max-video-preview:-1"},"canonical":"https:\/\/noticiasdeescobar.online\/?p=419","og_locale":"es_ES","og_type":"article","og_title":"Federico Pecchia lleva su guitarra y poes\u00eda a la costa - Noticias de Escobar","og_description":"El garinense tiene una agenda cargada para el segundo mes del a\u00f1o. &#8220;Presentar\u00e9 shows diferentes en relaci\u00f3n a mis canciones&hellip;","og_url":"https:\/\/noticiasdeescobar.online\/?p=419","og_site_name":"Noticias de Escobar","article_published_time":"2025-01-21T18:09:36+00:00","article_modified_time":"2025-01-22T02:16:16+00:00","og_image":[{"width":1440,"height":1610,"url":"https:\/\/noticiasdeescobar.online\/wp-content\/uploads\/2025\/01\/pecchia-e1737482868514.jpg","type":"image\/jpeg"}],"author":"Redacci\u00f3n","twitter_card":"summary_large_image","twitter_misc":{"Escrito por":"Redacci\u00f3n","Tiempo de lectura":"1 minuto"},"schema":{"@context":"https:\/\/schema.org","@graph":[{"@type":"WebPage","@id":"https:\/\/noticiasdeescobar.online\/?p=419","url":"https:\/\/noticiasdeescobar.online\/?p=419","name":"Federico Pecchia lleva su guitarra y poes\u00eda a la costa - Noticias de Escobar","isPartOf":{"@id":"https:\/\/noticiasdeescobar.online\/#website"},"primaryImageOfPage":{"@id":"https:\/\/noticiasdeescobar.online\/?p=419#primaryimage"},"image":{"@id":"https:\/\/noticiasdeescobar.online\/?p=419#primaryimage"},"thumbnailUrl":"https:\/\/noticiasdeescobar.online\/wp-content\/uploads\/2025\/01\/pecchia-e1737482868514.jpg","datePublished":"2025-01-21T18:09:36+00:00","dateModified":"2025-01-22T02:16:16+00:00","author":{"@id":"https:\/\/noticiasdeescobar.online\/#\/schema\/person\/c80a19151f9337b50a779fe1f512ca6a"},"breadcrumb":{"@id":"https:\/\/noticiasdeescobar.online\/?p=419#breadcrumb"},"inLanguage":"es-AR","potentialAction":[{"@type":"ReadAction","target":["https:\/\/noticiasdeescobar.online\/?p=419"]}]},{"@type":"ImageObject","inLanguage":"es-AR","@id":"https:\/\/noticiasdeescobar.online\/?p=419#primaryimage","url":"https:\/\/noticiasdeescobar.online\/wp-content\/uploads\/2025\/01\/pecchia-e1737482868514.jpg","contentUrl":"https:\/\/noticiasdeescobar.online\/wp-content\/uploads\/2025\/01\/pecchia-e1737482868514.jpg","width":1440,"height":1610},{"@type":"BreadcrumbList","@id":"https:\/\/noticiasdeescobar.online\/?p=419#breadcrumb","itemListElement":[{"@type":"ListItem","position":1,"name":"Inicio","item":"https:\/\/noticiasdeescobar.online\/"},{"@type":"ListItem","position":2,"name":"Federico Pecchia lleva su guitarra y poes\u00eda a la costa"}]},{"@type":"WebSite","@id":"https:\/\/noticiasdeescobar.online\/#website","url":"https:\/\/noticiasdeescobar.online\/","name":"Noticias de Escobar","description":"Noticias 24\/7","potentialAction":[{"@type":"SearchAction","target":{"@type":"EntryPoint","urlTemplate":"https:\/\/noticiasdeescobar.online\/?s={search_term_string}"},"query-input":{"@type":"PropertyValueSpecification","valueRequired":true,"valueName":"search_term_string"}}],"inLanguage":"es-AR"},{"@type":"Person","@id":"https:\/\/noticiasdeescobar.online\/#\/schema\/person\/c80a19151f9337b50a779fe1f512ca6a","name":"Redacci\u00f3n","image":{"@type":"ImageObject","inLanguage":"es-AR","@id":"https:\/\/noticiasdeescobar.online\/#\/schema\/person\/image\/","url":"https:\/\/secure.gravatar.com\/avatar\/1db77a0acc41b20b8cbce542c0459eb4?s=96&d=mm&r=g","contentUrl":"https:\/\/secure.gravatar.com\/avatar\/1db77a0acc41b20b8cbce542c0459eb4?s=96&d=mm&r=g","caption":"Redacci\u00f3n"},"sameAs":["http:\/\/noticiasdeescobar.online"],"url":"https:\/\/noticiasdeescobar.online\/?author=1"}]}},"_links":{"self":[{"href":"https:\/\/noticiasdeescobar.online\/index.php?rest_route=\/wp\/v2\/posts\/419","targetHints":{"allow":["GET"]}}],"collection":[{"href":"https:\/\/noticiasdeescobar.online\/index.php?rest_route=\/wp\/v2\/posts"}],"about":[{"href":"https:\/\/noticiasdeescobar.online\/index.php?rest_route=\/wp\/v2\/types\/post"}],"author":[{"embeddable":true,"href":"https:\/\/noticiasdeescobar.online\/index.php?rest_route=\/wp\/v2\/users\/1"}],"replies":[{"embeddable":true,"href":"https:\/\/noticiasdeescobar.online\/index.php?rest_route=%2Fwp%2Fv2%2Fcomments&post=419"}],"version-history":[{"count":1,"href":"https:\/\/noticiasdeescobar.online\/index.php?rest_route=\/wp\/v2\/posts\/419\/revisions"}],"predecessor-version":[{"id":421,"href":"https:\/\/noticiasdeescobar.online\/index.php?rest_route=\/wp\/v2\/posts\/419\/revisions\/421"}],"wp:featuredmedia":[{"embeddable":true,"href":"https:\/\/noticiasdeescobar.online\/index.php?rest_route=\/wp\/v2\/media\/420"}],"wp:attachment":[{"href":"https:\/\/noticiasdeescobar.online\/index.php?rest_route=%2Fwp%2Fv2%2Fmedia&parent=419"}],"wp:term":[{"taxonomy":"category","embeddable":true,"href":"https:\/\/noticiasdeescobar.online\/index.php?rest_route=%2Fwp%2Fv2%2Fcategories&post=419"},{"taxonomy":"post_tag","embeddable":true,"href":"https:\/\/noticiasdeescobar.online\/index.php?rest_route=%2Fwp%2Fv2%2Ftags&post=419"}],"curies":[{"name":"wp","href":"https:\/\/api.w.org\/{rel}","templated":true}]}}