{"id":425,"date":"2025-01-22T13:31:02","date_gmt":"2025-01-22T13:31:02","guid":{"rendered":"https:\/\/noticiasdeescobar.online\/?p=425"},"modified":"2025-01-22T13:31:03","modified_gmt":"2025-01-22T13:31:03","slug":"incendio-de-coche-en-la-panamericana","status":"publish","type":"post","link":"https:\/\/noticiasdeescobar.online\/?p=425","title":{"rendered":"Incendio de coche en la Panamericana"},"content":{"rendered":"\n<p>Un Mercedes Benz A 160 que circulaba en sentido a Provincia se incendi\u00f3 anoche en la autopista Panamericana, a la altura del kil\u00f3metro 39. El siniestro ocurri\u00f3 alrededor de las 23 horas, aunque a\u00fan se desconocen las causas que lo provocaron.<\/p>\n\n\n\n<!--more-->\n\n\n\n<p>El veh\u00edculo, manejado por un hombre de 48 a\u00f1os y acompa\u00f1ado por una mujer de 51, comenz\u00f3 a experimentar un fuerte olor a quemado mientras transitaba por la localidad de Manuel Alberti, ramal Pilar. Ante esta situaci\u00f3n, el conductor reaccion\u00f3 r\u00e1pidamente, fren\u00f3 y se detuvo en el \u00e1rea parquizada de la autopista. Ambos ocupantes abandonaron el veh\u00edculo de inmediato, poniendo en riesgo su integridad.<\/p>\n\n\n\n<p>El fuego, que comenz\u00f3 en el motor, se propag\u00f3 r\u00e1pidamente por todo el autom\u00f3vil, el cual fue consumido por las llamas en su totalidad. A los pocos minutos, una ambulancia del SAME (N\u00b0 9) lleg\u00f3 al lugar y verific\u00f3 que los ocupantes no hab\u00edan sufrido lesiones. Posteriormente, el personal de Bomberos Voluntarios de Del Viso logr\u00f3 sofocar las \u00faltimas llamas que a\u00fan consum\u00edan el veh\u00edculo.<\/p>\n\n\n\n<p>A pesar del siniestro, la circulaci\u00f3n por la autopista continu\u00f3 casi con normalidad, aunque a un ritmo m\u00e1s lento, sin que se bloqueara ninguno de los carriles de la v\u00eda.<\/p>\n","protected":false},"excerpt":{"rendered":"<p>Un Mercedes Benz A 160 que circulaba en sentido a Provincia se incendi\u00f3 anoche en la autopista Panamericana, a la&hellip;<\/p>\n","protected":false},"author":1,"featured_media":426,"comment_status":"open","ping_status":"open","sticky":false,"template":"","format":"standard","meta":{"_monsterinsights_skip_tracking":false,"_monsterinsights_sitenote_active":false,"_monsterinsights_sitenote_note":"","_monsterinsights_sitenote_category":0,"footnotes":""},"categories":[2],"tags":[],"class_list":["post-425","post","type-post","status-publish","format-standard","has-post-thumbnail","hentry","category-policiales"],"yoast_head":"<!-- This site is optimized with the Yoast SEO plugin v25.3.1 - https:\/\/yoast.com\/wordpress\/plugins\/seo\/ -->\n<title>Incendio de coche en la Panamericana - Noticias de Escobar<\/title>\n<meta name=\"robots\" content=\"index, follow, max-snippet:-1, max-image-preview:large, max-video-preview:-1\" \/>\n<link rel=\"canonical\" href=\"https:\/\/noticiasdeescobar.online\/?p=425\" \/>\n<meta property=\"og:locale\" content=\"es_ES\" \/>\n<meta property=\"og:type\" content=\"article\" \/>\n<meta property=\"og:title\" content=\"Incendio de coche en la Panamericana - Noticias de Escobar\" \/>\n<meta property=\"og:description\" content=\"Un Mercedes Benz A 160 que circulaba en sentido a Provincia se incendi\u00f3 anoche en la autopista Panamericana, a la&hellip;\" \/>\n<meta property=\"og:url\" content=\"https:\/\/noticiasdeescobar.online\/?p=425\" \/>\n<meta property=\"og:site_name\" content=\"Noticias de Escobar\" \/>\n<meta property=\"article:published_time\" content=\"2025-01-22T13:31:02+00:00\" \/>\n<meta property=\"article:modified_time\" content=\"2025-01-22T13:31:03+00:00\" \/>\n<meta property=\"og:image\" content=\"https:\/\/noticiasdeescobar.online\/wp-content\/uploads\/2025\/01\/auto-quemado.webp\" \/>\n\t<meta property=\"og:image:width\" content=\"790\" \/>\n\t<meta property=\"og:image:height\" content=\"530\" \/>\n\t<meta property=\"og:image:type\" content=\"image\/webp\" \/>\n<meta name=\"author\" content=\"Redacci\u00f3n\" \/>\n<meta name=\"twitter:card\" content=\"summary_large_image\" \/>\n<meta name=\"twitter:label1\" content=\"Escrito por\" \/>\n\t<meta name=\"twitter:data1\" content=\"Redacci\u00f3n\" \/>\n\t<meta name=\"twitter:label2\" content=\"Tiempo de lectura\" \/>\n\t<meta name=\"twitter:data2\" content=\"1 minuto\" \/>\n<script type=\"application\/ld+json\" class=\"yoast-schema-graph\">{\"@context\":\"https:\/\/schema.org\",\"@graph\":[{\"@type\":\"WebPage\",\"@id\":\"https:\/\/noticiasdeescobar.online\/?p=425\",\"url\":\"https:\/\/noticiasdeescobar.online\/?p=425\",\"name\":\"Incendio de coche en la Panamericana - Noticias de Escobar\",\"isPartOf\":{\"@id\":\"https:\/\/noticiasdeescobar.online\/#website\"},\"primaryImageOfPage\":{\"@id\":\"https:\/\/noticiasdeescobar.online\/?p=425#primaryimage\"},\"image\":{\"@id\":\"https:\/\/noticiasdeescobar.online\/?p=425#primaryimage\"},\"thumbnailUrl\":\"https:\/\/noticiasdeescobar.online\/wp-content\/uploads\/2025\/01\/auto-quemado.webp\",\"datePublished\":\"2025-01-22T13:31:02+00:00\",\"dateModified\":\"2025-01-22T13:31:03+00:00\",\"author\":{\"@id\":\"https:\/\/noticiasdeescobar.online\/#\/schema\/person\/c80a19151f9337b50a779fe1f512ca6a\"},\"breadcrumb\":{\"@id\":\"https:\/\/noticiasdeescobar.online\/?p=425#breadcrumb\"},\"inLanguage\":\"es-AR\",\"potentialAction\":[{\"@type\":\"ReadAction\",\"target\":[\"https:\/\/noticiasdeescobar.online\/?p=425\"]}]},{\"@type\":\"ImageObject\",\"inLanguage\":\"es-AR\",\"@id\":\"https:\/\/noticiasdeescobar.online\/?p=425#primaryimage\",\"url\":\"https:\/\/noticiasdeescobar.online\/wp-content\/uploads\/2025\/01\/auto-quemado.webp\",\"contentUrl\":\"https:\/\/noticiasdeescobar.online\/wp-content\/uploads\/2025\/01\/auto-quemado.webp\",\"width\":790,\"height\":530},{\"@type\":\"BreadcrumbList\",\"@id\":\"https:\/\/noticiasdeescobar.online\/?p=425#breadcrumb\",\"itemListElement\":[{\"@type\":\"ListItem\",\"position\":1,\"name\":\"Inicio\",\"item\":\"https:\/\/noticiasdeescobar.online\/\"},{\"@type\":\"ListItem\",\"position\":2,\"name\":\"Incendio de coche en la Panamericana\"}]},{\"@type\":\"WebSite\",\"@id\":\"https:\/\/noticiasdeescobar.online\/#website\",\"url\":\"https:\/\/noticiasdeescobar.online\/\",\"name\":\"Noticias de Escobar\",\"description\":\"Noticias 24\/7\",\"potentialAction\":[{\"@type\":\"SearchAction\",\"target\":{\"@type\":\"EntryPoint\",\"urlTemplate\":\"https:\/\/noticiasdeescobar.online\/?s={search_term_string}\"},\"query-input\":{\"@type\":\"PropertyValueSpecification\",\"valueRequired\":true,\"valueName\":\"search_term_string\"}}],\"inLanguage\":\"es-AR\"},{\"@type\":\"Person\",\"@id\":\"https:\/\/noticiasdeescobar.online\/#\/schema\/person\/c80a19151f9337b50a779fe1f512ca6a\",\"name\":\"Redacci\u00f3n\",\"image\":{\"@type\":\"ImageObject\",\"inLanguage\":\"es-AR\",\"@id\":\"https:\/\/noticiasdeescobar.online\/#\/schema\/person\/image\/\",\"url\":\"https:\/\/secure.gravatar.com\/avatar\/1db77a0acc41b20b8cbce542c0459eb4?s=96&d=mm&r=g\",\"contentUrl\":\"https:\/\/secure.gravatar.com\/avatar\/1db77a0acc41b20b8cbce542c0459eb4?s=96&d=mm&r=g\",\"caption\":\"Redacci\u00f3n\"},\"sameAs\":[\"http:\/\/noticiasdeescobar.online\"],\"url\":\"https:\/\/noticiasdeescobar.online\/?author=1\"}]}<\/script>\n<!-- \/ Yoast SEO plugin. -->","yoast_head_json":{"title":"Incendio de coche en la Panamericana - Noticias de Escobar","robots":{"index":"index","follow":"follow","max-snippet":"max-snippet:-1","max-image-preview":"max-image-preview:large","max-video-preview":"max-video-preview:-1"},"canonical":"https:\/\/noticiasdeescobar.online\/?p=425","og_locale":"es_ES","og_type":"article","og_title":"Incendio de coche en la Panamericana - Noticias de Escobar","og_description":"Un Mercedes Benz A 160 que circulaba en sentido a Provincia se incendi\u00f3 anoche en la autopista Panamericana, a la&hellip;","og_url":"https:\/\/noticiasdeescobar.online\/?p=425","og_site_name":"Noticias de Escobar","article_published_time":"2025-01-22T13:31:02+00:00","article_modified_time":"2025-01-22T13:31:03+00:00","og_image":[{"width":790,"height":530,"url":"https:\/\/noticiasdeescobar.online\/wp-content\/uploads\/2025\/01\/auto-quemado.webp","type":"image\/webp"}],"author":"Redacci\u00f3n","twitter_card":"summary_large_image","twitter_misc":{"Escrito por":"Redacci\u00f3n","Tiempo de lectura":"1 minuto"},"schema":{"@context":"https:\/\/schema.org","@graph":[{"@type":"WebPage","@id":"https:\/\/noticiasdeescobar.online\/?p=425","url":"https:\/\/noticiasdeescobar.online\/?p=425","name":"Incendio de coche en la Panamericana - Noticias de Escobar","isPartOf":{"@id":"https:\/\/noticiasdeescobar.online\/#website"},"primaryImageOfPage":{"@id":"https:\/\/noticiasdeescobar.online\/?p=425#primaryimage"},"image":{"@id":"https:\/\/noticiasdeescobar.online\/?p=425#primaryimage"},"thumbnailUrl":"https:\/\/noticiasdeescobar.online\/wp-content\/uploads\/2025\/01\/auto-quemado.webp","datePublished":"2025-01-22T13:31:02+00:00","dateModified":"2025-01-22T13:31:03+00:00","author":{"@id":"https:\/\/noticiasdeescobar.online\/#\/schema\/person\/c80a19151f9337b50a779fe1f512ca6a"},"breadcrumb":{"@id":"https:\/\/noticiasdeescobar.online\/?p=425#breadcrumb"},"inLanguage":"es-AR","potentialAction":[{"@type":"ReadAction","target":["https:\/\/noticiasdeescobar.online\/?p=425"]}]},{"@type":"ImageObject","inLanguage":"es-AR","@id":"https:\/\/noticiasdeescobar.online\/?p=425#primaryimage","url":"https:\/\/noticiasdeescobar.online\/wp-content\/uploads\/2025\/01\/auto-quemado.webp","contentUrl":"https:\/\/noticiasdeescobar.online\/wp-content\/uploads\/2025\/01\/auto-quemado.webp","width":790,"height":530},{"@type":"BreadcrumbList","@id":"https:\/\/noticiasdeescobar.online\/?p=425#breadcrumb","itemListElement":[{"@type":"ListItem","position":1,"name":"Inicio","item":"https:\/\/noticiasdeescobar.online\/"},{"@type":"ListItem","position":2,"name":"Incendio de coche en la Panamericana"}]},{"@type":"WebSite","@id":"https:\/\/noticiasdeescobar.online\/#website","url":"https:\/\/noticiasdeescobar.online\/","name":"Noticias de Escobar","description":"Noticias 24\/7","potentialAction":[{"@type":"SearchAction","target":{"@type":"EntryPoint","urlTemplate":"https:\/\/noticiasdeescobar.online\/?s={search_term_string}"},"query-input":{"@type":"PropertyValueSpecification","valueRequired":true,"valueName":"search_term_string"}}],"inLanguage":"es-AR"},{"@type":"Person","@id":"https:\/\/noticiasdeescobar.online\/#\/schema\/person\/c80a19151f9337b50a779fe1f512ca6a","name":"Redacci\u00f3n","image":{"@type":"ImageObject","inLanguage":"es-AR","@id":"https:\/\/noticiasdeescobar.online\/#\/schema\/person\/image\/","url":"https:\/\/secure.gravatar.com\/avatar\/1db77a0acc41b20b8cbce542c0459eb4?s=96&d=mm&r=g","contentUrl":"https:\/\/secure.gravatar.com\/avatar\/1db77a0acc41b20b8cbce542c0459eb4?s=96&d=mm&r=g","caption":"Redacci\u00f3n"},"sameAs":["http:\/\/noticiasdeescobar.online"],"url":"https:\/\/noticiasdeescobar.online\/?author=1"}]}},"_links":{"self":[{"href":"https:\/\/noticiasdeescobar.online\/index.php?rest_route=\/wp\/v2\/posts\/425","targetHints":{"allow":["GET"]}}],"collection":[{"href":"https:\/\/noticiasdeescobar.online\/index.php?rest_route=\/wp\/v2\/posts"}],"about":[{"href":"https:\/\/noticiasdeescobar.online\/index.php?rest_route=\/wp\/v2\/types\/post"}],"author":[{"embeddable":true,"href":"https:\/\/noticiasdeescobar.online\/index.php?rest_route=\/wp\/v2\/users\/1"}],"replies":[{"embeddable":true,"href":"https:\/\/noticiasdeescobar.online\/index.php?rest_route=%2Fwp%2Fv2%2Fcomments&post=425"}],"version-history":[{"count":1,"href":"https:\/\/noticiasdeescobar.online\/index.php?rest_route=\/wp\/v2\/posts\/425\/revisions"}],"predecessor-version":[{"id":427,"href":"https:\/\/noticiasdeescobar.online\/index.php?rest_route=\/wp\/v2\/posts\/425\/revisions\/427"}],"wp:featuredmedia":[{"embeddable":true,"href":"https:\/\/noticiasdeescobar.online\/index.php?rest_route=\/wp\/v2\/media\/426"}],"wp:attachment":[{"href":"https:\/\/noticiasdeescobar.online\/index.php?rest_route=%2Fwp%2Fv2%2Fmedia&parent=425"}],"wp:term":[{"taxonomy":"category","embeddable":true,"href":"https:\/\/noticiasdeescobar.online\/index.php?rest_route=%2Fwp%2Fv2%2Fcategories&post=425"},{"taxonomy":"post_tag","embeddable":true,"href":"https:\/\/noticiasdeescobar.online\/index.php?rest_route=%2Fwp%2Fv2%2Ftags&post=425"}],"curies":[{"name":"wp","href":"https:\/\/api.w.org\/{rel}","templated":true}]}}