{"id":445,"date":"2025-01-29T20:16:04","date_gmt":"2025-01-29T20:16:04","guid":{"rendered":"https:\/\/noticiasdeescobar.online\/?p=445"},"modified":"2025-01-29T20:16:05","modified_gmt":"2025-01-29T20:16:05","slug":"un-preso-se-escapo-esposado-del-hospital-erill-y-lo-detuvieron-a-ocho-kilometros-de-ahi","status":"publish","type":"post","link":"https:\/\/noticiasdeescobar.online\/?p=445","title":{"rendered":"Un preso se escap\u00f3 esposado del hospital Erill y lo detuvieron a ocho kil\u00f3metros de ah\u00ed"},"content":{"rendered":"\n<p class=\"has-vivid-cyan-blue-color has-text-color has-link-color wp-elements-86c4006051803fedec0357a74a4ec1c2\"><strong><em>Hizo desmanes y se fue por una ventana sin rejas. Semanas atr\u00e1s hab\u00eda asaltado a una pareja de ancianos en Ingeniero Maschwitz. Tiene importantes antecedentes delictivos.<\/em><\/strong><\/p>\n\n\n\n<!--more-->\n\n\n\n<p><\/p>\n\n\n\n<p>Un sujeto de 27 a\u00f1os fue detenido este mi\u00e9rcoles luego de haberse escapado del Hospital Erill, a donde hab\u00edan llevado para unas curaciones. Pese a estar esposado, logr\u00f3 &#8220;romper todo&#8221; y &#8220;escapar por una ventana sin rejas&#8221;, expresaron fuentes allegadas al caso.<\/p>\n\n\n\n<p>De all\u00ed subi\u00f3 a un colectivo que se dirig\u00eda hacia Ingeniero Maschwitz. De hecho, cuando estaba cerca del Country Maschwitz, sobre Colectora Oeste, el veh\u00edculo de la l\u00ednea 228 fue abordado por la polic\u00eda, donde fue recapturado.<\/p>\n\n\n<div class=\"wp-block-image\">\n<figure class=\"aligncenter size-full\"><img loading=\"lazy\" decoding=\"async\" width=\"1000\" height=\"1000\" src=\"https:\/\/noticiasdeescobar.online\/wp-content\/uploads\/2025\/01\/ex-convicto.webp\" alt=\"\" class=\"wp-image-447\" srcset=\"https:\/\/noticiasdeescobar.online\/wp-content\/uploads\/2025\/01\/ex-convicto.webp 1000w, https:\/\/noticiasdeescobar.online\/wp-content\/uploads\/2025\/01\/ex-convicto-300x300.webp 300w, https:\/\/noticiasdeescobar.online\/wp-content\/uploads\/2025\/01\/ex-convicto-150x150.webp 150w, https:\/\/noticiasdeescobar.online\/wp-content\/uploads\/2025\/01\/ex-convicto-768x768.webp 768w\" sizes=\"auto, (max-width: 1000px) 100vw, 1000px\" \/><\/figure><\/div>\n\n\n<p>El delincuente en cuesti\u00f3n hab\u00eda sido detenido hace una semana en el barrio San Miguel, horas despu\u00e9s de haber asaltado a una pareja en una casa de la calle Corrientes, en el casco c\u00e9ntrico de Maschwitz. Ese d\u00eda, para ser atrapado, fue herido en un gl\u00fateo cuando intent\u00f3 escapar.<\/p>\n\n\n\n<p>Se trata de Mat\u00edas Ezequiel Zarza, quien sali\u00f3 la c\u00e1rcel al iniciar el a\u00f1o, volviendo r\u00e1pidamente al hampa. Es que en mayo de 2023 fue noticia por haber disparado a un colectivero en Bel\u00e9n de Escobar. Quiso escapar a pie pero, tras ser seguido por las c\u00e1maras de seguridad, fue detenido cerca del t\u00fanel Pablo Podest\u00e1.<\/p>\n\n\n\n<p> <\/p>\n\n\n\n<p><\/p>\n\n\n\n<p><\/p>\n","protected":false},"excerpt":{"rendered":"<p>Hizo desmanes y se fue por una ventana sin rejas. Semanas atr\u00e1s hab\u00eda asaltado a una pareja de ancianos en&hellip;<\/p>\n","protected":false},"author":1,"featured_media":446,"comment_status":"open","ping_status":"open","sticky":false,"template":"","format":"standard","meta":{"_monsterinsights_skip_tracking":false,"_monsterinsights_sitenote_active":false,"_monsterinsights_sitenote_note":"","_monsterinsights_sitenote_category":0,"footnotes":""},"categories":[2],"tags":[],"class_list":["post-445","post","type-post","status-publish","format-standard","has-post-thumbnail","hentry","category-policiales"],"yoast_head":"<!-- This site is optimized with the Yoast SEO plugin v25.3.1 - https:\/\/yoast.com\/wordpress\/plugins\/seo\/ -->\n<title>Un preso se escap\u00f3 esposado del hospital Erill y lo detuvieron a ocho kil\u00f3metros de ah\u00ed - Noticias de Escobar<\/title>\n<meta name=\"robots\" content=\"index, follow, max-snippet:-1, max-image-preview:large, max-video-preview:-1\" \/>\n<link rel=\"canonical\" href=\"https:\/\/noticiasdeescobar.online\/?p=445\" \/>\n<meta property=\"og:locale\" content=\"es_ES\" \/>\n<meta property=\"og:type\" content=\"article\" \/>\n<meta property=\"og:title\" content=\"Un preso se escap\u00f3 esposado del hospital Erill y lo detuvieron a ocho kil\u00f3metros de ah\u00ed - Noticias de Escobar\" \/>\n<meta property=\"og:description\" content=\"Hizo desmanes y se fue por una ventana sin rejas. Semanas atr\u00e1s hab\u00eda asaltado a una pareja de ancianos en&hellip;\" \/>\n<meta property=\"og:url\" content=\"https:\/\/noticiasdeescobar.online\/?p=445\" \/>\n<meta property=\"og:site_name\" content=\"Noticias de Escobar\" \/>\n<meta property=\"article:published_time\" content=\"2025-01-29T20:16:04+00:00\" \/>\n<meta property=\"article:modified_time\" content=\"2025-01-29T20:16:05+00:00\" \/>\n<meta property=\"og:image\" content=\"https:\/\/noticiasdeescobar.online\/wp-content\/uploads\/2025\/01\/erill-frente.jpg\" \/>\n\t<meta property=\"og:image:width\" content=\"2048\" \/>\n\t<meta property=\"og:image:height\" content=\"1280\" \/>\n\t<meta property=\"og:image:type\" content=\"image\/jpeg\" \/>\n<meta name=\"author\" content=\"Redacci\u00f3n\" \/>\n<meta name=\"twitter:card\" content=\"summary_large_image\" \/>\n<meta name=\"twitter:label1\" content=\"Escrito por\" \/>\n\t<meta name=\"twitter:data1\" content=\"Redacci\u00f3n\" \/>\n\t<meta name=\"twitter:label2\" content=\"Tiempo de lectura\" \/>\n\t<meta name=\"twitter:data2\" content=\"1 minuto\" \/>\n<script type=\"application\/ld+json\" class=\"yoast-schema-graph\">{\"@context\":\"https:\/\/schema.org\",\"@graph\":[{\"@type\":\"WebPage\",\"@id\":\"https:\/\/noticiasdeescobar.online\/?p=445\",\"url\":\"https:\/\/noticiasdeescobar.online\/?p=445\",\"name\":\"Un preso se escap\u00f3 esposado del hospital Erill y lo detuvieron a ocho kil\u00f3metros de ah\u00ed - Noticias de Escobar\",\"isPartOf\":{\"@id\":\"https:\/\/noticiasdeescobar.online\/#website\"},\"primaryImageOfPage\":{\"@id\":\"https:\/\/noticiasdeescobar.online\/?p=445#primaryimage\"},\"image\":{\"@id\":\"https:\/\/noticiasdeescobar.online\/?p=445#primaryimage\"},\"thumbnailUrl\":\"https:\/\/noticiasdeescobar.online\/wp-content\/uploads\/2025\/01\/erill-frente.jpg\",\"datePublished\":\"2025-01-29T20:16:04+00:00\",\"dateModified\":\"2025-01-29T20:16:05+00:00\",\"author\":{\"@id\":\"https:\/\/noticiasdeescobar.online\/#\/schema\/person\/c80a19151f9337b50a779fe1f512ca6a\"},\"breadcrumb\":{\"@id\":\"https:\/\/noticiasdeescobar.online\/?p=445#breadcrumb\"},\"inLanguage\":\"es-AR\",\"potentialAction\":[{\"@type\":\"ReadAction\",\"target\":[\"https:\/\/noticiasdeescobar.online\/?p=445\"]}]},{\"@type\":\"ImageObject\",\"inLanguage\":\"es-AR\",\"@id\":\"https:\/\/noticiasdeescobar.online\/?p=445#primaryimage\",\"url\":\"https:\/\/noticiasdeescobar.online\/wp-content\/uploads\/2025\/01\/erill-frente.jpg\",\"contentUrl\":\"https:\/\/noticiasdeescobar.online\/wp-content\/uploads\/2025\/01\/erill-frente.jpg\",\"width\":2048,\"height\":1280},{\"@type\":\"BreadcrumbList\",\"@id\":\"https:\/\/noticiasdeescobar.online\/?p=445#breadcrumb\",\"itemListElement\":[{\"@type\":\"ListItem\",\"position\":1,\"name\":\"Inicio\",\"item\":\"https:\/\/noticiasdeescobar.online\/\"},{\"@type\":\"ListItem\",\"position\":2,\"name\":\"Un preso se escap\u00f3 esposado del hospital Erill y lo detuvieron a ocho kil\u00f3metros de ah\u00ed\"}]},{\"@type\":\"WebSite\",\"@id\":\"https:\/\/noticiasdeescobar.online\/#website\",\"url\":\"https:\/\/noticiasdeescobar.online\/\",\"name\":\"Noticias de Escobar\",\"description\":\"Noticias 24\/7\",\"potentialAction\":[{\"@type\":\"SearchAction\",\"target\":{\"@type\":\"EntryPoint\",\"urlTemplate\":\"https:\/\/noticiasdeescobar.online\/?s={search_term_string}\"},\"query-input\":{\"@type\":\"PropertyValueSpecification\",\"valueRequired\":true,\"valueName\":\"search_term_string\"}}],\"inLanguage\":\"es-AR\"},{\"@type\":\"Person\",\"@id\":\"https:\/\/noticiasdeescobar.online\/#\/schema\/person\/c80a19151f9337b50a779fe1f512ca6a\",\"name\":\"Redacci\u00f3n\",\"image\":{\"@type\":\"ImageObject\",\"inLanguage\":\"es-AR\",\"@id\":\"https:\/\/noticiasdeescobar.online\/#\/schema\/person\/image\/\",\"url\":\"https:\/\/secure.gravatar.com\/avatar\/1db77a0acc41b20b8cbce542c0459eb4?s=96&d=mm&r=g\",\"contentUrl\":\"https:\/\/secure.gravatar.com\/avatar\/1db77a0acc41b20b8cbce542c0459eb4?s=96&d=mm&r=g\",\"caption\":\"Redacci\u00f3n\"},\"sameAs\":[\"http:\/\/noticiasdeescobar.online\"],\"url\":\"https:\/\/noticiasdeescobar.online\/?author=1\"}]}<\/script>\n<!-- \/ Yoast SEO plugin. -->","yoast_head_json":{"title":"Un preso se escap\u00f3 esposado del hospital Erill y lo detuvieron a ocho kil\u00f3metros de ah\u00ed - Noticias de Escobar","robots":{"index":"index","follow":"follow","max-snippet":"max-snippet:-1","max-image-preview":"max-image-preview:large","max-video-preview":"max-video-preview:-1"},"canonical":"https:\/\/noticiasdeescobar.online\/?p=445","og_locale":"es_ES","og_type":"article","og_title":"Un preso se escap\u00f3 esposado del hospital Erill y lo detuvieron a ocho kil\u00f3metros de ah\u00ed - Noticias de Escobar","og_description":"Hizo desmanes y se fue por una ventana sin rejas. Semanas atr\u00e1s hab\u00eda asaltado a una pareja de ancianos en&hellip;","og_url":"https:\/\/noticiasdeescobar.online\/?p=445","og_site_name":"Noticias de Escobar","article_published_time":"2025-01-29T20:16:04+00:00","article_modified_time":"2025-01-29T20:16:05+00:00","og_image":[{"width":2048,"height":1280,"url":"https:\/\/noticiasdeescobar.online\/wp-content\/uploads\/2025\/01\/erill-frente.jpg","type":"image\/jpeg"}],"author":"Redacci\u00f3n","twitter_card":"summary_large_image","twitter_misc":{"Escrito por":"Redacci\u00f3n","Tiempo de lectura":"1 minuto"},"schema":{"@context":"https:\/\/schema.org","@graph":[{"@type":"WebPage","@id":"https:\/\/noticiasdeescobar.online\/?p=445","url":"https:\/\/noticiasdeescobar.online\/?p=445","name":"Un preso se escap\u00f3 esposado del hospital Erill y lo detuvieron a ocho kil\u00f3metros de ah\u00ed - Noticias de Escobar","isPartOf":{"@id":"https:\/\/noticiasdeescobar.online\/#website"},"primaryImageOfPage":{"@id":"https:\/\/noticiasdeescobar.online\/?p=445#primaryimage"},"image":{"@id":"https:\/\/noticiasdeescobar.online\/?p=445#primaryimage"},"thumbnailUrl":"https:\/\/noticiasdeescobar.online\/wp-content\/uploads\/2025\/01\/erill-frente.jpg","datePublished":"2025-01-29T20:16:04+00:00","dateModified":"2025-01-29T20:16:05+00:00","author":{"@id":"https:\/\/noticiasdeescobar.online\/#\/schema\/person\/c80a19151f9337b50a779fe1f512ca6a"},"breadcrumb":{"@id":"https:\/\/noticiasdeescobar.online\/?p=445#breadcrumb"},"inLanguage":"es-AR","potentialAction":[{"@type":"ReadAction","target":["https:\/\/noticiasdeescobar.online\/?p=445"]}]},{"@type":"ImageObject","inLanguage":"es-AR","@id":"https:\/\/noticiasdeescobar.online\/?p=445#primaryimage","url":"https:\/\/noticiasdeescobar.online\/wp-content\/uploads\/2025\/01\/erill-frente.jpg","contentUrl":"https:\/\/noticiasdeescobar.online\/wp-content\/uploads\/2025\/01\/erill-frente.jpg","width":2048,"height":1280},{"@type":"BreadcrumbList","@id":"https:\/\/noticiasdeescobar.online\/?p=445#breadcrumb","itemListElement":[{"@type":"ListItem","position":1,"name":"Inicio","item":"https:\/\/noticiasdeescobar.online\/"},{"@type":"ListItem","position":2,"name":"Un preso se escap\u00f3 esposado del hospital Erill y lo detuvieron a ocho kil\u00f3metros de ah\u00ed"}]},{"@type":"WebSite","@id":"https:\/\/noticiasdeescobar.online\/#website","url":"https:\/\/noticiasdeescobar.online\/","name":"Noticias de Escobar","description":"Noticias 24\/7","potentialAction":[{"@type":"SearchAction","target":{"@type":"EntryPoint","urlTemplate":"https:\/\/noticiasdeescobar.online\/?s={search_term_string}"},"query-input":{"@type":"PropertyValueSpecification","valueRequired":true,"valueName":"search_term_string"}}],"inLanguage":"es-AR"},{"@type":"Person","@id":"https:\/\/noticiasdeescobar.online\/#\/schema\/person\/c80a19151f9337b50a779fe1f512ca6a","name":"Redacci\u00f3n","image":{"@type":"ImageObject","inLanguage":"es-AR","@id":"https:\/\/noticiasdeescobar.online\/#\/schema\/person\/image\/","url":"https:\/\/secure.gravatar.com\/avatar\/1db77a0acc41b20b8cbce542c0459eb4?s=96&d=mm&r=g","contentUrl":"https:\/\/secure.gravatar.com\/avatar\/1db77a0acc41b20b8cbce542c0459eb4?s=96&d=mm&r=g","caption":"Redacci\u00f3n"},"sameAs":["http:\/\/noticiasdeescobar.online"],"url":"https:\/\/noticiasdeescobar.online\/?author=1"}]}},"_links":{"self":[{"href":"https:\/\/noticiasdeescobar.online\/index.php?rest_route=\/wp\/v2\/posts\/445","targetHints":{"allow":["GET"]}}],"collection":[{"href":"https:\/\/noticiasdeescobar.online\/index.php?rest_route=\/wp\/v2\/posts"}],"about":[{"href":"https:\/\/noticiasdeescobar.online\/index.php?rest_route=\/wp\/v2\/types\/post"}],"author":[{"embeddable":true,"href":"https:\/\/noticiasdeescobar.online\/index.php?rest_route=\/wp\/v2\/users\/1"}],"replies":[{"embeddable":true,"href":"https:\/\/noticiasdeescobar.online\/index.php?rest_route=%2Fwp%2Fv2%2Fcomments&post=445"}],"version-history":[{"count":1,"href":"https:\/\/noticiasdeescobar.online\/index.php?rest_route=\/wp\/v2\/posts\/445\/revisions"}],"predecessor-version":[{"id":448,"href":"https:\/\/noticiasdeescobar.online\/index.php?rest_route=\/wp\/v2\/posts\/445\/revisions\/448"}],"wp:featuredmedia":[{"embeddable":true,"href":"https:\/\/noticiasdeescobar.online\/index.php?rest_route=\/wp\/v2\/media\/446"}],"wp:attachment":[{"href":"https:\/\/noticiasdeescobar.online\/index.php?rest_route=%2Fwp%2Fv2%2Fmedia&parent=445"}],"wp:term":[{"taxonomy":"category","embeddable":true,"href":"https:\/\/noticiasdeescobar.online\/index.php?rest_route=%2Fwp%2Fv2%2Fcategories&post=445"},{"taxonomy":"post_tag","embeddable":true,"href":"https:\/\/noticiasdeescobar.online\/index.php?rest_route=%2Fwp%2Fv2%2Ftags&post=445"}],"curies":[{"name":"wp","href":"https:\/\/api.w.org\/{rel}","templated":true}]}}