{"id":456,"date":"2025-02-01T22:50:11","date_gmt":"2025-02-01T22:50:11","guid":{"rendered":"https:\/\/noticiasdeescobar.online\/?p=456"},"modified":"2025-02-01T22:50:12","modified_gmt":"2025-02-01T22:50:12","slug":"incendio-de-vehiculo-sobre-la-panamericana","status":"publish","type":"post","link":"https:\/\/noticiasdeescobar.online\/?p=456","title":{"rendered":"Incendio de veh\u00edculo sobre la Panamericana"},"content":{"rendered":"\n<p>Un incendio generalizado de veh\u00edculo ocurri\u00f3 este s\u00e1bado, alrededor de las 10:00 hs, en la Panamericana, a la altura del kil\u00f3metro 52, sentido Capital Federal.<\/p>\n\n\n\n<!--more-->\n\n\n\n<p>El incidente fue r\u00e1pidamente atendido por el m\u00f3vil A4 de Bomberos de Escobar, que se desplaz\u00f3 al lugar con la presencia del Oficial Auxiliar Agust\u00edn Bonin, quien lider\u00f3 la intervenci\u00f3n. El siniestro involucr\u00f3 un Ford Focus que, por causas a\u00fan desconocidas, comenz\u00f3 a arder en su totalidad, generando una columna de humo visible desde varios kil\u00f3metros de distancia.<\/p>\n\n\n\n<p>Afortunadamente, no se reportaron v\u00edctimas personales, ya que el conductor logr\u00f3 evacuar el veh\u00edculo a tiempo antes de que las llamas se propagaran por completo. Los bomberos trabajaron en el control del fuego durante varios minutos, evitando que el siniestro se extendiera a las zonas adyacentes. Adem\u00e1s, se realizaron tareas de seguridad para garantizar la circulaci\u00f3n vehicular, que se vio interrumpida moment\u00e1neamente mientras se controlaba la situaci\u00f3n.<\/p>\n\n\n\n<p>El tr\u00e1nsito en el sector se vio afectado durante algunas minutos debido a las tareas de extinci\u00f3n y la presencia de los equipos de emergencia. Sin embargo, el r\u00e1pido accionar de los Bomberos de Escobar permiti\u00f3 normalizar la situaci\u00f3n sin que el incidente provocara mayores complicaciones en la v\u00eda.<\/p>\n\n\n\n<p>El hecho destaca una vez m\u00e1s la eficiencia y la capacitaci\u00f3n de los bomberos locales ante situaciones de emergencia, y subraya la importancia de la pronta respuesta en este tipo de incidentes, los cuales requieren coordinaci\u00f3n, rapidez y dedicaci\u00f3n para minimizar los da\u00f1os y preservar la seguridad de los ciudadanos.<\/p>\n","protected":false},"excerpt":{"rendered":"<p>Un incendio generalizado de veh\u00edculo ocurri\u00f3 este s\u00e1bado, alrededor de las 10:00 hs, en la Panamericana, a la altura del&hellip;<\/p>\n","protected":false},"author":1,"featured_media":458,"comment_status":"open","ping_status":"open","sticky":false,"template":"","format":"standard","meta":{"_monsterinsights_skip_tracking":false,"_monsterinsights_sitenote_active":false,"_monsterinsights_sitenote_note":"","_monsterinsights_sitenote_category":0,"footnotes":""},"categories":[2],"tags":[80,71],"class_list":["post-456","post","type-post","status-publish","format-standard","has-post-thumbnail","hentry","category-policiales","tag-incendio-de-auto","tag-panamericana"],"yoast_head":"<!-- This site is optimized with the Yoast SEO plugin v25.3.1 - https:\/\/yoast.com\/wordpress\/plugins\/seo\/ -->\n<title>Incendio de veh\u00edculo sobre la Panamericana - Noticias de Escobar<\/title>\n<meta name=\"robots\" content=\"index, follow, max-snippet:-1, max-image-preview:large, max-video-preview:-1\" \/>\n<link rel=\"canonical\" href=\"https:\/\/noticiasdeescobar.online\/?p=456\" \/>\n<meta property=\"og:locale\" content=\"es_ES\" \/>\n<meta property=\"og:type\" content=\"article\" \/>\n<meta property=\"og:title\" content=\"Incendio de veh\u00edculo sobre la Panamericana - Noticias de Escobar\" \/>\n<meta property=\"og:description\" content=\"Un incendio generalizado de veh\u00edculo ocurri\u00f3 este s\u00e1bado, alrededor de las 10:00 hs, en la Panamericana, a la altura del&hellip;\" \/>\n<meta property=\"og:url\" content=\"https:\/\/noticiasdeescobar.online\/?p=456\" \/>\n<meta property=\"og:site_name\" content=\"Noticias de Escobar\" \/>\n<meta property=\"article:published_time\" content=\"2025-02-01T22:50:11+00:00\" \/>\n<meta property=\"article:modified_time\" content=\"2025-02-01T22:50:12+00:00\" \/>\n<meta property=\"og:image\" content=\"https:\/\/noticiasdeescobar.online\/wp-content\/uploads\/2025\/02\/focus.jpg\" \/>\n\t<meta property=\"og:image:width\" content=\"720\" \/>\n\t<meta property=\"og:image:height\" content=\"542\" \/>\n\t<meta property=\"og:image:type\" content=\"image\/jpeg\" \/>\n<meta name=\"author\" content=\"Redacci\u00f3n\" \/>\n<meta name=\"twitter:card\" content=\"summary_large_image\" \/>\n<meta name=\"twitter:label1\" content=\"Escrito por\" \/>\n\t<meta name=\"twitter:data1\" content=\"Redacci\u00f3n\" \/>\n\t<meta name=\"twitter:label2\" content=\"Tiempo de lectura\" \/>\n\t<meta name=\"twitter:data2\" content=\"1 minuto\" \/>\n<script type=\"application\/ld+json\" class=\"yoast-schema-graph\">{\"@context\":\"https:\/\/schema.org\",\"@graph\":[{\"@type\":\"WebPage\",\"@id\":\"https:\/\/noticiasdeescobar.online\/?p=456\",\"url\":\"https:\/\/noticiasdeescobar.online\/?p=456\",\"name\":\"Incendio de veh\u00edculo sobre la Panamericana - Noticias de Escobar\",\"isPartOf\":{\"@id\":\"https:\/\/noticiasdeescobar.online\/#website\"},\"primaryImageOfPage\":{\"@id\":\"https:\/\/noticiasdeescobar.online\/?p=456#primaryimage\"},\"image\":{\"@id\":\"https:\/\/noticiasdeescobar.online\/?p=456#primaryimage\"},\"thumbnailUrl\":\"https:\/\/noticiasdeescobar.online\/wp-content\/uploads\/2025\/02\/focus.jpg\",\"datePublished\":\"2025-02-01T22:50:11+00:00\",\"dateModified\":\"2025-02-01T22:50:12+00:00\",\"author\":{\"@id\":\"https:\/\/noticiasdeescobar.online\/#\/schema\/person\/c80a19151f9337b50a779fe1f512ca6a\"},\"breadcrumb\":{\"@id\":\"https:\/\/noticiasdeescobar.online\/?p=456#breadcrumb\"},\"inLanguage\":\"es-AR\",\"potentialAction\":[{\"@type\":\"ReadAction\",\"target\":[\"https:\/\/noticiasdeescobar.online\/?p=456\"]}]},{\"@type\":\"ImageObject\",\"inLanguage\":\"es-AR\",\"@id\":\"https:\/\/noticiasdeescobar.online\/?p=456#primaryimage\",\"url\":\"https:\/\/noticiasdeescobar.online\/wp-content\/uploads\/2025\/02\/focus.jpg\",\"contentUrl\":\"https:\/\/noticiasdeescobar.online\/wp-content\/uploads\/2025\/02\/focus.jpg\",\"width\":720,\"height\":542},{\"@type\":\"BreadcrumbList\",\"@id\":\"https:\/\/noticiasdeescobar.online\/?p=456#breadcrumb\",\"itemListElement\":[{\"@type\":\"ListItem\",\"position\":1,\"name\":\"Inicio\",\"item\":\"https:\/\/noticiasdeescobar.online\/\"},{\"@type\":\"ListItem\",\"position\":2,\"name\":\"Incendio de veh\u00edculo sobre la Panamericana\"}]},{\"@type\":\"WebSite\",\"@id\":\"https:\/\/noticiasdeescobar.online\/#website\",\"url\":\"https:\/\/noticiasdeescobar.online\/\",\"name\":\"Noticias de Escobar\",\"description\":\"Noticias 24\/7\",\"potentialAction\":[{\"@type\":\"SearchAction\",\"target\":{\"@type\":\"EntryPoint\",\"urlTemplate\":\"https:\/\/noticiasdeescobar.online\/?s={search_term_string}\"},\"query-input\":{\"@type\":\"PropertyValueSpecification\",\"valueRequired\":true,\"valueName\":\"search_term_string\"}}],\"inLanguage\":\"es-AR\"},{\"@type\":\"Person\",\"@id\":\"https:\/\/noticiasdeescobar.online\/#\/schema\/person\/c80a19151f9337b50a779fe1f512ca6a\",\"name\":\"Redacci\u00f3n\",\"image\":{\"@type\":\"ImageObject\",\"inLanguage\":\"es-AR\",\"@id\":\"https:\/\/noticiasdeescobar.online\/#\/schema\/person\/image\/\",\"url\":\"https:\/\/secure.gravatar.com\/avatar\/1db77a0acc41b20b8cbce542c0459eb4?s=96&d=mm&r=g\",\"contentUrl\":\"https:\/\/secure.gravatar.com\/avatar\/1db77a0acc41b20b8cbce542c0459eb4?s=96&d=mm&r=g\",\"caption\":\"Redacci\u00f3n\"},\"sameAs\":[\"http:\/\/noticiasdeescobar.online\"],\"url\":\"https:\/\/noticiasdeescobar.online\/?author=1\"}]}<\/script>\n<!-- \/ Yoast SEO plugin. -->","yoast_head_json":{"title":"Incendio de veh\u00edculo sobre la Panamericana - Noticias de Escobar","robots":{"index":"index","follow":"follow","max-snippet":"max-snippet:-1","max-image-preview":"max-image-preview:large","max-video-preview":"max-video-preview:-1"},"canonical":"https:\/\/noticiasdeescobar.online\/?p=456","og_locale":"es_ES","og_type":"article","og_title":"Incendio de veh\u00edculo sobre la Panamericana - Noticias de Escobar","og_description":"Un incendio generalizado de veh\u00edculo ocurri\u00f3 este s\u00e1bado, alrededor de las 10:00 hs, en la Panamericana, a la altura del&hellip;","og_url":"https:\/\/noticiasdeescobar.online\/?p=456","og_site_name":"Noticias de Escobar","article_published_time":"2025-02-01T22:50:11+00:00","article_modified_time":"2025-02-01T22:50:12+00:00","og_image":[{"width":720,"height":542,"url":"https:\/\/noticiasdeescobar.online\/wp-content\/uploads\/2025\/02\/focus.jpg","type":"image\/jpeg"}],"author":"Redacci\u00f3n","twitter_card":"summary_large_image","twitter_misc":{"Escrito por":"Redacci\u00f3n","Tiempo de lectura":"1 minuto"},"schema":{"@context":"https:\/\/schema.org","@graph":[{"@type":"WebPage","@id":"https:\/\/noticiasdeescobar.online\/?p=456","url":"https:\/\/noticiasdeescobar.online\/?p=456","name":"Incendio de veh\u00edculo sobre la Panamericana - Noticias de Escobar","isPartOf":{"@id":"https:\/\/noticiasdeescobar.online\/#website"},"primaryImageOfPage":{"@id":"https:\/\/noticiasdeescobar.online\/?p=456#primaryimage"},"image":{"@id":"https:\/\/noticiasdeescobar.online\/?p=456#primaryimage"},"thumbnailUrl":"https:\/\/noticiasdeescobar.online\/wp-content\/uploads\/2025\/02\/focus.jpg","datePublished":"2025-02-01T22:50:11+00:00","dateModified":"2025-02-01T22:50:12+00:00","author":{"@id":"https:\/\/noticiasdeescobar.online\/#\/schema\/person\/c80a19151f9337b50a779fe1f512ca6a"},"breadcrumb":{"@id":"https:\/\/noticiasdeescobar.online\/?p=456#breadcrumb"},"inLanguage":"es-AR","potentialAction":[{"@type":"ReadAction","target":["https:\/\/noticiasdeescobar.online\/?p=456"]}]},{"@type":"ImageObject","inLanguage":"es-AR","@id":"https:\/\/noticiasdeescobar.online\/?p=456#primaryimage","url":"https:\/\/noticiasdeescobar.online\/wp-content\/uploads\/2025\/02\/focus.jpg","contentUrl":"https:\/\/noticiasdeescobar.online\/wp-content\/uploads\/2025\/02\/focus.jpg","width":720,"height":542},{"@type":"BreadcrumbList","@id":"https:\/\/noticiasdeescobar.online\/?p=456#breadcrumb","itemListElement":[{"@type":"ListItem","position":1,"name":"Inicio","item":"https:\/\/noticiasdeescobar.online\/"},{"@type":"ListItem","position":2,"name":"Incendio de veh\u00edculo sobre la Panamericana"}]},{"@type":"WebSite","@id":"https:\/\/noticiasdeescobar.online\/#website","url":"https:\/\/noticiasdeescobar.online\/","name":"Noticias de Escobar","description":"Noticias 24\/7","potentialAction":[{"@type":"SearchAction","target":{"@type":"EntryPoint","urlTemplate":"https:\/\/noticiasdeescobar.online\/?s={search_term_string}"},"query-input":{"@type":"PropertyValueSpecification","valueRequired":true,"valueName":"search_term_string"}}],"inLanguage":"es-AR"},{"@type":"Person","@id":"https:\/\/noticiasdeescobar.online\/#\/schema\/person\/c80a19151f9337b50a779fe1f512ca6a","name":"Redacci\u00f3n","image":{"@type":"ImageObject","inLanguage":"es-AR","@id":"https:\/\/noticiasdeescobar.online\/#\/schema\/person\/image\/","url":"https:\/\/secure.gravatar.com\/avatar\/1db77a0acc41b20b8cbce542c0459eb4?s=96&d=mm&r=g","contentUrl":"https:\/\/secure.gravatar.com\/avatar\/1db77a0acc41b20b8cbce542c0459eb4?s=96&d=mm&r=g","caption":"Redacci\u00f3n"},"sameAs":["http:\/\/noticiasdeescobar.online"],"url":"https:\/\/noticiasdeescobar.online\/?author=1"}]}},"_links":{"self":[{"href":"https:\/\/noticiasdeescobar.online\/index.php?rest_route=\/wp\/v2\/posts\/456","targetHints":{"allow":["GET"]}}],"collection":[{"href":"https:\/\/noticiasdeescobar.online\/index.php?rest_route=\/wp\/v2\/posts"}],"about":[{"href":"https:\/\/noticiasdeescobar.online\/index.php?rest_route=\/wp\/v2\/types\/post"}],"author":[{"embeddable":true,"href":"https:\/\/noticiasdeescobar.online\/index.php?rest_route=\/wp\/v2\/users\/1"}],"replies":[{"embeddable":true,"href":"https:\/\/noticiasdeescobar.online\/index.php?rest_route=%2Fwp%2Fv2%2Fcomments&post=456"}],"version-history":[{"count":1,"href":"https:\/\/noticiasdeescobar.online\/index.php?rest_route=\/wp\/v2\/posts\/456\/revisions"}],"predecessor-version":[{"id":459,"href":"https:\/\/noticiasdeescobar.online\/index.php?rest_route=\/wp\/v2\/posts\/456\/revisions\/459"}],"wp:featuredmedia":[{"embeddable":true,"href":"https:\/\/noticiasdeescobar.online\/index.php?rest_route=\/wp\/v2\/media\/458"}],"wp:attachment":[{"href":"https:\/\/noticiasdeescobar.online\/index.php?rest_route=%2Fwp%2Fv2%2Fmedia&parent=456"}],"wp:term":[{"taxonomy":"category","embeddable":true,"href":"https:\/\/noticiasdeescobar.online\/index.php?rest_route=%2Fwp%2Fv2%2Fcategories&post=456"},{"taxonomy":"post_tag","embeddable":true,"href":"https:\/\/noticiasdeescobar.online\/index.php?rest_route=%2Fwp%2Fv2%2Ftags&post=456"}],"curies":[{"name":"wp","href":"https:\/\/api.w.org\/{rel}","templated":true}]}}