{"id":480,"date":"2025-02-06T02:27:48","date_gmt":"2025-02-06T02:27:48","guid":{"rendered":"https:\/\/noticiasdeescobar.online\/?p=480"},"modified":"2025-02-06T02:27:49","modified_gmt":"2025-02-06T02:27:49","slug":"motosierra-en-registro-del-automotor-zafaron-las-oficinas-de-escobar","status":"publish","type":"post","link":"https:\/\/noticiasdeescobar.online\/?p=480","title":{"rendered":"Motosierra en registro del automotor: zafaron las oficinas de Escobar\u00a0"},"content":{"rendered":"\n<p>Este mes se hizo efectivo el cierre de 155 sedes del Registro Automotor en el marco del\u00a0<strong>proceso de digitalizaci\u00f3n\u00a0<\/strong>del total de los expedientes de veh\u00edculos de circulaci\u00f3n.\u00a0<\/p>\n\n\n\n<!--more-->\n\n\n\n<p>La medida se hizo oficial mediante la publicaci\u00f3n en el<strong>&nbsp;Bolet\u00edn Oficial<\/strong>&nbsp;de la<strong>&nbsp;resoluci\u00f3n 19\/2025<\/strong>, en la que se establece cu\u00e1les son las sedes que ser\u00e1n suprimidas. Adem\u00e1s, se instruy\u00f3 a la<strong>&nbsp;Direcci\u00f3n Nacional de los Registros Nacionales de la Propiedad del Automotor y de Cr\u00e9ditos Prendarios<\/strong>, dependiente de la<strong>&nbsp;Secretar\u00eda de Asuntos Registrales<\/strong>, a que determine la forma y los plazos necesarios para avanzar con el cierre de cada uno de los puntos mencionados en el Anexo de la normativa.&nbsp;<\/p>\n\n\n\n<p>Desde el<strong>&nbsp;Ministerio de Justicia<\/strong>, indicaron que el objetivo de la decisi\u00f3n es \u201cel cierre de los Registros Seccionales que no se encuentren a cargo de un Encargado Titular sino que se encuentren intervenidos por personal externo designado por la autoridad competente\u201d. As\u00ed,<strong>&nbsp;el Gobierno ya cerr\u00f3 320 sedes desde que asumi\u00f3 la gesti\u00f3n en diciembre de 2023<\/strong>.&nbsp;<\/p>\n\n\n\n<p>En Escobar funcionan dos registros: el de Tapia de Cruz 440, en Bel\u00e9n, y el de Villanueva 1260, Ingeniero Maschwitz. Pese al cierre de 155 oficinas, por estos lares no pas\u00f3 la motosierra.&nbsp;<\/p>\n\n\n\n<p><strong>\u00bfCu\u00e1les cerraron?\u00a0<\/strong><\/p>\n\n\n\n<ol start=\"1\" class=\"wp-block-list\">\n<li>Registro Seccional de la Propiedad del Automotor de Am\u00e9rica (01002).\u00a0<\/li>\n<\/ol>\n\n\n\n<ol start=\"2\" class=\"wp-block-list\">\n<li>Registro Seccional de la Propiedad del Automotor con Competencia Exclusiva en Motoveh\u00edculos de Am\u00e9rica Letra \u201cA\u201d (25002).\u00a0<\/li>\n<\/ol>\n\n\n\n<ol start=\"3\" class=\"wp-block-list\">\n<li>Registro Seccional de la Propiedad del Automotor con Competencia Exclusiva sobre Maquinaria Agr\u00edcola, Vial o Industrial y de Cr\u00e9ditos Prendarios de Am\u00e9rica (51001).\u00a0<\/li>\n<\/ol>\n\n\n\n<ol start=\"4\" class=\"wp-block-list\">\n<li>Registro Seccional de la Propiedad del Automotor de Avellaneda No 1 (01004).\u00a0<\/li>\n<\/ol>\n\n\n\n<ol start=\"5\" class=\"wp-block-list\">\n<li>Registro Seccional de la Propiedad del Automotor de Avellaneda No 7 (01258).\u00a0<\/li>\n<\/ol>\n\n\n\n<ol start=\"6\" class=\"wp-block-list\">\n<li>Registro Seccional de la Propiedad del Automotor con Competencia Exclusiva en Motoveh\u00edculos de Avellaneda Letra \u201cA\u201d (25004).\u00a0<\/li>\n<\/ol>\n\n\n\n<ol start=\"7\" class=\"wp-block-list\">\n<li>Registro Seccional de la Propiedad del Automotor de Bah\u00eda Blanca N\u00b0 3 (01142).\u00a0<\/li>\n<\/ol>\n\n\n\n<ol start=\"8\" class=\"wp-block-list\">\n<li>Registro Seccional de la Propiedad del Automotor de Bah\u00eda Blanca N\u00b0 4 (01143).\u00a0<\/li>\n<\/ol>\n\n\n\n<ol start=\"9\" class=\"wp-block-list\">\n<li>Registro Seccional de la Propiedad del Automotor de Bah\u00eda Blanca N\u00b0 6 (01222).\u00a0<\/li>\n<\/ol>\n\n\n\n<ol start=\"10\" class=\"wp-block-list\">\n<li>Registro Seccional de la Propiedad del Automotor con Competencia Exclusiva en Motoveh\u00edculos de Bah\u00eda Blanca \u201cA\u201d (25007).\u00a0<\/li>\n<\/ol>\n\n\n\n<ol start=\"11\" class=\"wp-block-list\">\n<li>Registro Seccional de la Propiedad del Automotor de Bragado (01013).\u00a0<\/li>\n<\/ol>\n\n\n\n<ol start=\"12\" class=\"wp-block-list\">\n<li>Registro Seccional de la Propiedad del Automotor con Competencia Exclusiva en Motoveh\u00edculos de Bragado Letra \u201cA\u201d (25011).\u00a0<\/li>\n<\/ol>\n\n\n\n<ol start=\"13\" class=\"wp-block-list\">\n<li>Registro Seccional de la Propiedad del Automotor con Competencia Exclusiva sobre Maquinaria Agr\u00edcola, Vial o Industrial y de Cr\u00e9ditos Prendarios de Bragado (51009).\u00a0<\/li>\n<\/ol>\n\n\n\n<ol start=\"14\" class=\"wp-block-list\">\n<li>Registro Seccional de la Propiedad del Automotor de Brandsen (01014).\u00a0<\/li>\n<\/ol>\n\n\n\n<ol start=\"15\" class=\"wp-block-list\">\n<li>Registro Seccional de la Propiedad del Automotor con Competencia Exclusiva en Motoveh\u00edculos de Brandsen Letra \u201cA\u201d (25012).\u00a0<\/li>\n<\/ol>\n\n\n\n<ol start=\"16\" class=\"wp-block-list\">\n<li>Registro Seccional de la Propiedad del Automotor con Competencia Exclusiva sobre Maquinaria Agr\u00edcola, Vial o Industrial y de Cr\u00e9ditos Prendarios de Brandsen (51050).\u00a0<\/li>\n<\/ol>\n\n\n\n<ol start=\"17\" class=\"wp-block-list\">\n<li>Registro Seccional de la Propiedad del Automotor de Cafayate (17001).\u00a0<\/li>\n<\/ol>\n\n\n\n<ol start=\"18\" class=\"wp-block-list\">\n<li>Registro Seccional de la Propiedad del Automotor de Capital Federal No 4 (02004).\u00a0<\/li>\n<\/ol>\n\n\n\n<ol start=\"19\" class=\"wp-block-list\">\n<li>Registro Seccional de la Propiedad del Automotor de Capital Federal No 11 (02011).\u00a0<\/li>\n<\/ol>\n\n\n\n<ol start=\"20\" class=\"wp-block-list\">\n<li>Registro Seccional de la Propiedad del Automotor de Capital Federal No 16 (02016).\u00a0<\/li>\n<\/ol>\n\n\n\n<ol start=\"21\" class=\"wp-block-list\">\n<li>Registro Seccional de la Propiedad del Automotor de Capital Federal No 17 (02017).\u00a0<\/li>\n<\/ol>\n\n\n\n<ol start=\"22\" class=\"wp-block-list\">\n<li>Registro Seccional de la Propiedad del Automotor de Capital Federal No 56 (02056).\u00a0<\/li>\n<\/ol>\n\n\n\n<ol start=\"23\" class=\"wp-block-list\">\n<li>Registro Seccional de la Propiedad del Automotor de Capital Federal No 57 (02057).\u00a0<\/li>\n<\/ol>\n\n\n\n<ol start=\"24\" class=\"wp-block-list\">\n<li>Registro Seccional de la Propiedad del Automotor de Capital Federal No 85 (02085).\u00a0<\/li>\n<\/ol>\n\n\n\n<ol start=\"25\" class=\"wp-block-list\">\n<li>Registro Seccional de la Propiedad del Automotor de Capital Federal No 96 (02096).\u00a0<\/li>\n<\/ol>\n\n\n\n<ol start=\"26\" class=\"wp-block-list\">\n<li>Registro Seccional de la Propiedad del Automotor con Competencia Exclusiva en Motoveh\u00edculos de Capital Federal Letra \u201cA\u201d (26100).\u00a0<\/li>\n<\/ol>\n\n\n\n<ol start=\"27\" class=\"wp-block-list\">\n<li>Registro Seccional de la Propiedad del Automotor con Competencia Exclusiva en Motoveh\u00edculos de Capital Federal Letra \u201cB\u201d (26106).\u00a0<\/li>\n<\/ol>\n\n\n\n<ol start=\"28\" class=\"wp-block-list\">\n<li>Registro Seccional de la Propiedad del Automotor con Competencia Exclusiva en Motoveh\u00edculos de Capital Federal Letra \u201cD\u201d (26103).\u00a0<\/li>\n<\/ol>\n\n\n\n<ol start=\"29\" class=\"wp-block-list\">\n<li>Registro Seccional de la Propiedad del Automotor de Chajar\u00ed (08005).\u00a0<\/li>\n<\/ol>\n\n\n\n<ol start=\"30\" class=\"wp-block-list\">\n<li>Registro Seccional de la Propiedad del Automotor con Competencia Exclusiva en Motoveh\u00edculos de Chajar\u00ed Letra \u201cA\u201d (32005).\u00a0<\/li>\n<\/ol>\n\n\n\n<ol start=\"31\" class=\"wp-block-list\">\n<li>Registro Seccional de la Propiedad del Automotor y de Cr\u00e9ditos Prendarios de Chilecito (12002).\u00a0<\/li>\n<\/ol>\n\n\n\n<ol start=\"32\" class=\"wp-block-list\">\n<li>Registro Seccional de la Propiedad del Automotor con Competencia Exclusiva en Motoveh\u00edculos de Col\u00f3n Letra \u201cA\u201d (32002).\u00a0<\/li>\n<\/ol>\n\n\n\n<ol start=\"33\" class=\"wp-block-list\">\n<li>Registro Seccional de la Propiedad del Automotor con Competencia Exclusiva sobre Maquinaria Agr\u00edcola, Vial o Industrial y de Cr\u00e9ditos Prendarios de Col\u00f3n (58002).\u00a0<\/li>\n<\/ol>\n\n\n\n<ol start=\"34\" class=\"wp-block-list\">\n<li>Registro Seccional de la Propiedad del Automotor de Concepci\u00f3n del Uruguay No 2 (08022).\u00a0<\/li>\n<\/ol>\n\n\n\n<ol start=\"35\" class=\"wp-block-list\">\n<li>Registro Seccional de la Propiedad del Automotor de Concepci\u00f3n del Uruguay No 3 (08028).\u00a0<\/li>\n<\/ol>\n\n\n\n<ol start=\"36\" class=\"wp-block-list\">\n<li>Registro Seccional de la Propiedad del Automotor con Competencia Exclusiva en Motoveh\u00edculos de Concepci\u00f3n del Uruguay Letra \u201cA\u201d (32003).\u00a0<\/li>\n<\/ol>\n\n\n\n<ol start=\"37\" class=\"wp-block-list\">\n<li>Registro Seccional de la Propiedad del Automotor de Concordia No 3 (08023).\u00a0<\/li>\n<\/ol>\n\n\n\n<ol start=\"38\" class=\"wp-block-list\">\n<li>Registro Seccional de la Propiedad del Automotor con Competencia Exclusiva en Motoveh\u00edculos de Concordia Letra \u201cA\u201d (32004).\u00a0<\/li>\n<\/ol>\n\n\n\n<ol start=\"39\" class=\"wp-block-list\">\n<li>Registro Seccional de la Propiedad del Automotor de C\u00f3rdoba No 4 (04008).\u00a0<\/li>\n<\/ol>\n\n\n\n<ol start=\"40\" class=\"wp-block-list\">\n<li>Registro Seccional de la Propiedad del Automotor con Competencia Exclusiva en Motoveh\u00edculos de C\u00f3rdoba Letra \u201cA\u201d (28031).\u00a0<\/li>\n<\/ol>\n\n\n\n<ol start=\"41\" class=\"wp-block-list\">\n<li>Registro Seccional de la Propiedad del Automotor con Competencia Exclusiva en Motoveh\u00edculos de C\u00f3rdoba Letra \u201cB\u201d (28034).\u00a0<\/li>\n<\/ol>\n\n\n\n<ol start=\"42\" class=\"wp-block-list\">\n<li>Registro Seccional de la Propiedad del Automotor con Competencia Exclusiva en Motoveh\u00edculos de C\u00f3rdoba Letra \u201cC\u201d (28042).\u00a0<\/li>\n<\/ol>\n\n\n\n<ol start=\"43\" class=\"wp-block-list\">\n<li>Registro Seccional de la Propiedad del Automotor de El Calafate (20010).\u00a0<\/li>\n<\/ol>\n\n\n\n<ol start=\"44\" class=\"wp-block-list\">\n<li>Registro Seccional de la Propiedad del Automotor con Competencia Exclusiva en Motoveh\u00edculos de El Calafate Letra \u201cA\u201d (44009).\u00a0<\/li>\n<\/ol>\n\n\n\n<ol start=\"45\" class=\"wp-block-list\">\n<li>Registro Seccional de la Propiedad del Automotor de Esteban Echeverr\u00eda No 3 (01210).\u00a0<\/li>\n<\/ol>\n\n\n\n<ol start=\"46\" class=\"wp-block-list\">\n<li>Registro Seccional de la Propiedad del Automotor de Ezeiza No 1 (01223).\u00a0<\/li>\n<\/ol>\n\n\n\n<ol start=\"47\" class=\"wp-block-list\">\n<li>Registro Seccional de la Propiedad del Automotor con Competencia Exclusiva en Motoveh\u00edculos de Ezeiza Letra \u201cA\u201d (25155).\u00a0<\/li>\n<\/ol>\n\n\n\n<ol start=\"48\" class=\"wp-block-list\">\n<li>Registro Seccional de la Propiedad del Automotor de Formosa N\u00b0 1 (09003).\u00a0<\/li>\n<\/ol>\n\n\n\n<ol start=\"49\" class=\"wp-block-list\">\n<li>Registro Seccional de la Propiedad del Automotor de Formosa N\u00b0 2 (09004).\u00a0<\/li>\n<\/ol>\n\n\n\n<ol start=\"50\" class=\"wp-block-list\">\n<li>Registro Seccional de la Propiedad del Automotor con Competencia Exclusiva en Motoveh\u00edculos de G\u00e1lvez Letra \u201cA\u201d (45008).\u00a0<\/li>\n<\/ol>\n\n\n\n<ol start=\"51\" class=\"wp-block-list\">\n<li>Registro Seccional de la Propiedad del Automotor con Competencia Exclusiva sobre Maquinaria Agr\u00edcola, Vial o Industrial y de Cr\u00e9ditos Prendarios de G\u00e1lvez (71009).\u00a0<\/li>\n<\/ol>\n\n\n\n<ol start=\"52\" class=\"wp-block-list\">\n<li>Registro Seccional de la Propiedad del Automotor de General Pico No 1 (11002).\u00a0<\/li>\n<\/ol>\n\n\n\n<ol start=\"53\" class=\"wp-block-list\">\n<li>Registro Seccional de la Propiedad del Automotor de General Villegas (01037).\u00a0<\/li>\n<\/ol>\n\n\n\n<ol start=\"54\" class=\"wp-block-list\">\n<li>Registro Seccional de la Propiedad del Automotor con Competencia Exclusiva en Motoveh\u00edculos de General Pico Letra \u201cA\u201d (35002).\u00a0<\/li>\n<\/ol>\n\n\n\n<ol start=\"55\" class=\"wp-block-list\">\n<li>Registro Seccional de la Propiedad del Automotor de Guamin\u00ed (01039).\u00a0<\/li>\n<\/ol>\n\n\n\n<ol start=\"56\" class=\"wp-block-list\">\n<li>Registro Seccional de la Propiedad del Automotor con Competencia Exclusiva en Motoveh\u00edculos de Guamin\u00ed Letra \u201cA\u201d (25037).\u00a0<\/li>\n<\/ol>\n\n\n\n<ol start=\"57\" class=\"wp-block-list\">\n<li>Registro Seccional de la Propiedad del Automotor de Ituzaingo (05009).\u00a0<\/li>\n<\/ol>\n\n\n\n<ol start=\"58\" class=\"wp-block-list\">\n<li>Registro Seccional de la Propiedad del Automotor de Jes\u00fas Mar\u00eda No 1 (04016).\u00a0<\/li>\n<\/ol>\n\n\n\n<ol start=\"59\" class=\"wp-block-list\">\n<li>Registro Seccional de la Propiedad del Automotor con Competencia Exclusiva en Motoveh\u00edculos de Jes\u00fas Mar\u00eda Letra \u201cA\u201d (28012).\u00a0<\/li>\n<\/ol>\n\n\n\n<ol start=\"60\" class=\"wp-block-list\">\n<li>Registro Seccional de la Propiedad del Automotor de La Matanza No 7 (01174).\u00a0<\/li>\n<\/ol>\n\n\n\n<ol start=\"61\" class=\"wp-block-list\">\n<li>Registro Seccional de la Propiedad del Automotor de La Matanza No 8 (01178).\u00a0<\/li>\n<\/ol>\n\n\n\n<ol start=\"62\" class=\"wp-block-list\">\n<li>Registro Seccional de la Propiedad del Automotor de La Carlota (04019).\u00a0<\/li>\n<\/ol>\n\n\n\n<ol start=\"63\" class=\"wp-block-list\">\n<li>Registro Seccional de la Propiedad del Automotor con Competencia Exclusiva en Motoveh\u00edculos de La Carlota Letra \u201cA\u201d (28015).\u00a0<\/li>\n<\/ol>\n\n\n\n<ol start=\"64\" class=\"wp-block-list\">\n<li>Registro Seccional de la Propiedad del Automotor de La Quiaca (10001).\u00a0<\/li>\n<\/ol>\n\n\n\n<ol start=\"65\" class=\"wp-block-list\">\n<li>Registro Seccional de la Propiedad del Automotor de Lan\u00fas No 1 (01047).\u00a0<\/li>\n<\/ol>\n\n\n\n<ol start=\"66\" class=\"wp-block-list\">\n<li>Registro Seccional de la Propiedad del Automotor de Lan\u00fas No 6 (01199).\u00a0<\/li>\n<\/ol>\n\n\n\n<ol start=\"67\" class=\"wp-block-list\">\n<li>Registro Seccional de la Propiedad del Automotor de Lan\u00fas No 7 (01233).\u00a0<\/li>\n<\/ol>\n\n\n\n<ol start=\"68\" class=\"wp-block-list\">\n<li>Registro Seccional de la Propiedad del Automotor de Lan\u00fas No 8 (01251).\u00a0<\/li>\n<\/ol>\n\n\n\n<ol start=\"69\" class=\"wp-block-list\">\n<li>Registro Seccional de la Propiedad del Automotor de Lan\u00fas No 9 (01124).\u00a0<\/li>\n<\/ol>\n\n\n\n<ol start=\"70\" class=\"wp-block-list\">\n<li>Registro Seccional de la Propiedad del Automotor con Competencia Exclusiva en Motoveh\u00edculos de Lan\u00fas Letra \u201cB\u201d (25124).\u00a0<\/li>\n<\/ol>\n\n\n\n<ol start=\"71\" class=\"wp-block-list\">\n<li>Registro Seccional de la Propiedad del Automotor de Lomas de Zamora No 3 (01147).\u00a0<\/li>\n<\/ol>\n\n\n\n<ol start=\"72\" class=\"wp-block-list\">\n<li>Registro Seccional de la Propiedad del Automotor de Lomas de Zamora No 7 (01237).\u00a0<\/li>\n<\/ol>\n\n\n\n<ol start=\"73\" class=\"wp-block-list\">\n<li>Registro Seccional de la Propiedad del Automotor de Luj\u00e1n No 1 (01055).\u00a0<\/li>\n<\/ol>\n\n\n\n<ol start=\"74\" class=\"wp-block-list\">\n<li>Registro Seccional de la Propiedad del Automotor con Competencia Exclusiva en Motoveh\u00edculos de Luj\u00e1n Letra \u201cA\u201d (25048).\u00a0<\/li>\n<\/ol>\n\n\n\n<ol start=\"75\" class=\"wp-block-list\">\n<li>Registro Seccional de la Propiedad del Automotor de Mar del Plata No 3 (01121).\u00a0<\/li>\n<\/ol>\n\n\n\n<ol start=\"76\" class=\"wp-block-list\">\n<li>Registro Seccional de la Propiedad del Automotor de Mercedes No 1 (01061).\u00a0<\/li>\n<\/ol>\n\n\n\n<ol start=\"77\" class=\"wp-block-list\">\n<li>Registro Seccional de la Propiedad del Automotor con Competencia Exclusiva en Motoveh\u00edculos de Mercedes Letra \u201cA\u201d (25052).\u00a0<\/li>\n<\/ol>\n\n\n\n<ol start=\"78\" class=\"wp-block-list\">\n<li>Registro Seccional de la Propiedad del Automotor de Mercedes No 2 (01208).\u00a0<\/li>\n<\/ol>\n\n\n\n<ol start=\"79\" class=\"wp-block-list\">\n<li>Registro Seccional de la Propiedad del Automotor con Competencia Exclusiva en Motoveh\u00edculos de Mercedes Letra \u201cB\u201d (25129).\u00a0<\/li>\n<\/ol>\n\n\n\n<ol start=\"80\" class=\"wp-block-list\">\n<li>Registro Seccional de la Propiedad del Automotor con Competencia Exclusiva sobre Maquinaria Agr\u00edcola, Vial o Industrial y de Cr\u00e9ditos Prendarios de Mercedes (51047).\u00a0<\/li>\n<\/ol>\n\n\n\n<ol start=\"81\" class=\"wp-block-list\">\n<li>Registro Seccional de la Propiedad del Automotor de Mor\u00f3n No 1 (01115).\u00a0<\/li>\n<\/ol>\n\n\n\n<ol start=\"82\" class=\"wp-block-list\">\n<li>Registro Seccional de la Propiedad del Automotor de Mor\u00f3n No 4 (01218).\u00a0<\/li>\n<\/ol>\n\n\n\n<ol start=\"83\" class=\"wp-block-list\">\n<li>Registro Seccional de la Propiedad del Automotor de Mor\u00f3n No 7 (01192).\u00a0<\/li>\n<\/ol>\n\n\n\n<ol start=\"84\" class=\"wp-block-list\">\n<li>Registro Seccional de la Propiedad del Automotor con Competencia Exclusiva en Motoveh\u00edculos de Mor\u00f3n Letra \u201cA\u201d (25056).\u00a0<\/li>\n<\/ol>\n\n\n\n<ol start=\"85\" class=\"wp-block-list\">\n<li>Registro Seccional de la Propiedad del Automotor de Necochea No 2 (01170).\u00a0<\/li>\n<\/ol>\n\n\n\n<ol start=\"86\" class=\"wp-block-list\">\n<li>Registro Seccional de la Propiedad del Automotor con Competencia Exclusiva en Motoveh\u00edculos de Necochea Letra \u201cB\u201d (25115).\u00a0<\/li>\n<\/ol>\n\n\n\n<ol start=\"87\" class=\"wp-block-list\">\n<li>Registro Seccional de la Propiedad del Automotor de Neuqu\u00e9n No 3 (15006).\u00a0<\/li>\n<\/ol>\n\n\n\n<ol start=\"88\" class=\"wp-block-list\">\n<li>Registro Seccional de la Propiedad del Automotor con Competencia Exclusiva en Motoveh\u00edculos de Neuqu\u00e9n Letra \u201cA\u201d (39001).\u00a0<\/li>\n<\/ol>\n\n\n\n<ol start=\"89\" class=\"wp-block-list\">\n<li>Registro Seccional de la Propiedad del Automotor con Competencia Exclusiva en Motoveh\u00edculos de Neuqu\u00e9n Letra \u201cB\u201d (39004).\u00a0<\/li>\n<\/ol>\n\n\n\n<ol start=\"90\" class=\"wp-block-list\">\n<li>Registro Seccional de la Propiedad del Automotor de Nueve de Julio No 1 (01067).\u00a0<\/li>\n<\/ol>\n\n\n\n<ol start=\"91\" class=\"wp-block-list\">\n<li>Registro Seccional de la Propiedad del Automotor con Competencia Exclusiva en Motoveh\u00edculos de Nueve de Julio Letra \u201cA\u201d (25058).\u00a0<\/li>\n<\/ol>\n\n\n\n<ol start=\"92\" class=\"wp-block-list\">\n<li>Registro Seccional de la Propiedad del Automotor con Competencia Exclusiva sobre Maquinaria Agr\u00edcola, Vial o Industrial y de Cr\u00e9ditos Prendarios de Nueve de Julio (51054).\u00a0<\/li>\n<\/ol>\n\n\n\n<ol start=\"93\" class=\"wp-block-list\">\n<li>Registro Seccional de la Propiedad del Automotor de Ober\u00e1 No 1 (14003).\u00a0<\/li>\n<\/ol>\n\n\n\n<ol start=\"94\" class=\"wp-block-list\">\n<li>Registro Seccional de la Propiedad del Automotor con Competencia Exclusiva en Motoveh\u00edculos de Ober\u00e1 Letra \u201cA\u201d (38003).\u00a0<\/li>\n<\/ol>\n\n\n\n<ol start=\"95\" class=\"wp-block-list\">\n<li>Registro Seccional de la Propiedad del Automotor de Olavarr\u00eda No 1 (01068).\u00a0<\/li>\n<\/ol>\n\n\n\n<ol start=\"96\" class=\"wp-block-list\">\n<li>Registro Seccional de la Propiedad del Automotor con Competencia Exclusiva en Motoveh\u00edculos de Olavarr\u00eda Letra \u201cA\u201d (25059).\u00a0<\/li>\n<\/ol>\n\n\n\n<ol start=\"97\" class=\"wp-block-list\">\n<li>Registro Seccional de la Propiedad del Automotor con Competencia Exclusiva sobre Maquinaria Agr\u00edcola, Vial o Industrial y de Cr\u00e9ditos Prendarios de Olavarr\u00eda (51055).\u00a0<\/li>\n<\/ol>\n\n\n\n<ol start=\"98\" class=\"wp-block-list\">\n<li>Registro Seccional de la Propiedad del Automotor de Olivos No 6 (01183).\u00a0<\/li>\n<\/ol>\n\n\n\n<ol start=\"99\" class=\"wp-block-list\">\n<li>Registro Seccional de la Propiedad del Automotor de Olivos No 8 (01207).\u00a0<\/li>\n<\/ol>\n\n\n\n<ol start=\"100\" class=\"wp-block-list\">\n<li>Registro Seccional de la Propiedad del Automotor con Competencia Exclusiva en Motoveh\u00edculos de Olivos Letra \u201cA\u201d (25060).\u00a0<\/li>\n<\/ol>\n\n\n\n<ol start=\"101\" class=\"wp-block-list\">\n<li>Registro Seccional de la Propiedad del Automotor con Competencia Exclusiva en Motoveh\u00edculos de Olivos Letra \u201cB\u201d (25127).\u00a0<\/li>\n<\/ol>\n\n\n\n<ol start=\"102\" class=\"wp-block-list\">\n<li>Registro Seccional de la Propiedad del Automotor de Perico (10007).\u00a0<\/li>\n<\/ol>\n\n\n\n<ol start=\"103\" class=\"wp-block-list\">\n<li>Registro Seccional de la Propiedad del Automotor de Puerto Madryn N\u00b0 1 (07006).\u00a0<\/li>\n<\/ol>\n\n\n\n<ol start=\"104\" class=\"wp-block-list\">\n<li>Registro Seccional de la Propiedad del Automotor de Puerto Madryn N\u00b0 2 (07008).\u00a0<\/li>\n<\/ol>\n\n\n\n<ol start=\"105\" class=\"wp-block-list\">\n<li>Registro Seccional de la Propiedad del Automotor con Competencia Exclusiva en Motoveh\u00edculos de Puerto Madryn Letra \u201cA\u201d (31006).\u00a0<\/li>\n<\/ol>\n\n\n\n<ol start=\"106\" class=\"wp-block-list\">\n<li>Registro Seccional de la Propiedad del Automotor con Competencia Exclusiva en Motoveh\u00edculos de Puerto Madryn Letra \u201cB\u201d (31008).\u00a0<\/li>\n<\/ol>\n\n\n\n<ol start=\"107\" class=\"wp-block-list\">\n<li>Registro Seccional de la Propiedad del Automotor de Puerto Rico (14006).\u00a0<\/li>\n<\/ol>\n\n\n\n<ol start=\"108\" class=\"wp-block-list\">\n<li>Registro Seccional de la Propiedad del Automotor con Competencia Exclusiva en Motoveh\u00edculos de Puerto Rico Letra \u201cA\u201d (38006).\u00a0<\/li>\n<\/ol>\n\n\n\n<ol start=\"109\" class=\"wp-block-list\">\n<li>Registro Seccional de la Propiedad del Automotor con Competencia Exclusiva sobre Maquinaria Agr\u00edcola, Vial o Industrial y de Cr\u00e9ditos Prendarios de Puerto Rico (64005).\u00a0<\/li>\n<\/ol>\n\n\n\n<ol start=\"110\" class=\"wp-block-list\">\n<li>Registro Seccional de la Propiedad del Automotor de Punta Alta N\u00b0 2 (01297).\u00a0<\/li>\n<\/ol>\n\n\n\n<ol start=\"111\" class=\"wp-block-list\">\n<li>Registro Seccional de la Propiedad del Automotor de Quilmes No 7 (01216).\u00a0<\/li>\n<\/ol>\n\n\n\n<ol start=\"112\" class=\"wp-block-list\">\n<li>Registro Seccional de la Propiedad del Automotor de Quilmes No 8 (01239).\u00a0<\/li>\n<\/ol>\n\n\n\n<ol start=\"113\" class=\"wp-block-list\">\n<li>Registro Seccional de la Propiedad del Automotor con Competencia Exclusiva en Motoveh\u00edculos de Quilmes Letra \u201cA\u201d (25068).\u00a0<\/li>\n<\/ol>\n\n\n\n<ol start=\"114\" class=\"wp-block-list\">\n<li>Registro Seccional de la Propiedad del Automotor de Rio Gallegos No 1 (20002).\u00a0<\/li>\n<\/ol>\n\n\n\n<ol start=\"115\" class=\"wp-block-list\">\n<li>Registro Seccional de la Propiedad del Automotor con Competencia Exclusiva en Motoveh\u00edculos de Rio Gallegos Letra \u201cA\u201d (44002).\u00a0<\/li>\n<\/ol>\n\n\n\n<ol start=\"116\" class=\"wp-block-list\">\n<li>Registro Seccional de la Propiedad del Automotor de Rosario No 3 (21015).\u00a0<\/li>\n<\/ol>\n\n\n\n<ol start=\"117\" class=\"wp-block-list\">\n<li>Registro Seccional de la Propiedad del Automotor de Rosario No 12 (21050).\u00a0<\/li>\n<\/ol>\n\n\n\n<ol start=\"118\" class=\"wp-block-list\">\n<li>Registro Seccional de la Propiedad del Automotor con Competencia Exclusiva en Motoveh\u00edculos de Rosario Letra \u201cB\u201d (45033).\u00a0<\/li>\n<\/ol>\n\n\n\n<ol start=\"119\" class=\"wp-block-list\">\n<li>Registro Seccional de la Propiedad del Automotor con Competencia Exclusiva en Motoveh\u00edculos de Santa Fe Letra \u201cB\u201d (45043).\u00a0<\/li>\n<\/ol>\n\n\n\n<ol start=\"120\" class=\"wp-block-list\">\n<li>Registro Seccional de la Propiedad del Automotor de San Fernando No 4 (01235).\u00a0<\/li>\n<\/ol>\n\n\n\n<ol start=\"121\" class=\"wp-block-list\">\n<li>Registro Seccional de la Propiedad del Automotor de San Isidro No 9 (01248).\u00a0<\/li>\n<\/ol>\n\n\n\n<ol start=\"122\" class=\"wp-block-list\">\n<li>Registro Seccional de la Propiedad del Automotor de San Isidro No 9 (01248).\u00a0<\/li>\n<\/ol>\n\n\n\n<ol start=\"123\" class=\"wp-block-list\">\n<li>Registro Seccional de la Propiedad del Automotor de San Jorge No 2 (21064).\u00a0<\/li>\n<\/ol>\n\n\n\n<ol start=\"124\" class=\"wp-block-list\">\n<li>Registro Seccional de la Propiedad del Automotor con Competencia Exclusiva en Motoveh\u00edculos de San Isidro Letra \u201cC\u201d (25131).\u00a0<\/li>\n<\/ol>\n\n\n\n<ol start=\"125\" class=\"wp-block-list\">\n<li>Registro Seccional de la Propiedad del Automotor con Competencia Exclusiva en Motoveh\u00edculos de San Jorge Letra \u201cB\u201d (45042).\u00a0<\/li>\n<\/ol>\n\n\n\n<ol start=\"126\" class=\"wp-block-list\">\n<li>Registro Seccional de la Propiedad del Automotor con Competencia Exclusiva en Motoveh\u00edculos de Rio Gallegos Letra \u201cA\u201d (44002).\u00a0<\/li>\n<\/ol>\n\n\n\n<ol start=\"127\" class=\"wp-block-list\">\n<li>Registro Seccional de la Propiedad del Automotor de San Juan No 6 (18006).\u00a0<\/li>\n<\/ol>\n\n\n\n<ol start=\"128\" class=\"wp-block-list\">\n<li>Registro Seccional de la Propiedad del Automotor con Competencia Exclusiva en Motoveh\u00edculos de San Juan Letra \u201cA\u201d (42001).\u00a0<\/li>\n<\/ol>\n\n\n\n<ol start=\"129\" class=\"wp-block-list\">\n<li>Registro Seccional de la Propiedad del Automotor de San Martin No 8 (01259).\u00a0<\/li>\n<\/ol>\n\n\n\n<ol start=\"130\" class=\"wp-block-list\">\n<li>Registro Seccional de la Propiedad del Automotor de San Miguel No 3 (01133).\u00a0<\/li>\n<\/ol>\n\n\n\n<ol start=\"131\" class=\"wp-block-list\">\n<li>Registro Seccional de la Propiedad del Automotor con Competencia Exclusiva en Motoveh\u00edculos de San Miguel Letra \u201cA\u201d (25106).\u00a0<\/li>\n<\/ol>\n\n\n\n<ol start=\"132\" class=\"wp-block-list\">\n<li>Registro Seccional de la Propiedad del Automotor con Competencia Exclusiva sobre Maquinaria Agr\u00edcola, Vial o Industrial de San Miguel (51080).\u00a0<\/li>\n<\/ol>\n\n\n\n<ol start=\"133\" class=\"wp-block-list\">\n<li>Registro Seccional de la Propiedad del Automotor de San Nicol\u00e1s No 1 (01092).\u00a0<\/li>\n<\/ol>\n\n\n\n<ol start=\"134\" class=\"wp-block-list\">\n<li>Registro Seccional de la Propiedad del Automotor con Competencia Exclusiva en Motoveh\u00edculos de San Nicol\u00e1s Letra \u201cA\u201d (25080).\u00a0<\/li>\n<\/ol>\n\n\n\n<ol start=\"135\" class=\"wp-block-list\">\n<li>Registro Seccional de la Propiedad del Automotor de Santo Tom\u00e9 (21071).\u00a0<\/li>\n<\/ol>\n\n\n\n<ol start=\"136\" class=\"wp-block-list\">\n<li>Registro Seccional de la Propiedad del Automotor con Competencia Exclusiva en Motoveh\u00edculos de Tigre Letra \u201cA\u201d (25084).\u00a0<\/li>\n<\/ol>\n\n\n\n<ol start=\"137\" class=\"wp-block-list\">\n<li>Registro Seccional de la Propiedad del Automotor de Tigre No 2 (01141).\u00a0<\/li>\n<\/ol>\n\n\n\n<ol start=\"138\" class=\"wp-block-list\">\n<li>Registro Seccional de la Propiedad del Automotor de Trenque Lauquen No 1 (01098).\u00a0<\/li>\n<\/ol>\n\n\n\n<ol start=\"139\" class=\"wp-block-list\">\n<li>Registro Seccional de la Propiedad del Automotor con Competencia Exclusiva en Motoveh\u00edculos de Trenque Lauquen Letra \u201cA\u201d (25086).\u00a0<\/li>\n<\/ol>\n\n\n\n<ol start=\"140\" class=\"wp-block-list\">\n<li>Registro Seccional de la Propiedad del Automotor de Tres de Febrero No 2 (01117).\u00a0<\/li>\n<\/ol>\n\n\n\n<ol start=\"141\" class=\"wp-block-list\">\n<li>Registro Seccional de la Propiedad del Automotor de Tucum\u00e1n No 6 (23007).\u00a0<\/li>\n<\/ol>\n\n\n\n<ol start=\"142\" class=\"wp-block-list\">\n<li>Registro Seccional de la Propiedad del Automotor de Tucum\u00e1n No 8 (23010).\u00a0<\/li>\n<\/ol>\n\n\n\n<ol start=\"143\" class=\"wp-block-list\">\n<li>Registro Seccional de la Propiedad del Automotor con Competencia Exclusiva en Motoveh\u00edculos de Tucum\u00e1n Letra \u201cA\u201d (47002).\u00a0<\/li>\n<\/ol>\n\n\n\n<ol start=\"144\" class=\"wp-block-list\">\n<li>Registro Seccional de la Propiedad del Automotor con Competencia Exclusiva en Motoveh\u00edculos de Tucum\u00e1n Letra \u201cC\u201d (47006).\u00a0<\/li>\n<\/ol>\n\n\n\n<ol start=\"145\" class=\"wp-block-list\">\n<li>Registro Seccional de la Propiedad del Automotor de Tunuy\u00e1n (13005).\u00a0<\/li>\n<\/ol>\n\n\n\n<ol start=\"146\" class=\"wp-block-list\">\n<li>Registro Seccional de la Propiedad del Automotor con Competencia Exclusiva en Motoveh\u00edculos de Tunuy\u00e1n Letra \u201cA\u201d (37005).\u00a0<\/li>\n<\/ol>\n\n\n\n<ol start=\"147\" class=\"wp-block-list\">\n<li>Registro Seccional de la Propiedad del Automotor de Ucacha (04080).\u00a0<\/li>\n<\/ol>\n\n\n\n<ol start=\"148\" class=\"wp-block-list\">\n<li>Registro Seccional de la Propiedad del Automotor con Competencia Exclusiva en Motoveh\u00edculos de Ucacha Letra \u201cA\u201d (28051).\u00a0<\/li>\n<\/ol>\n\n\n\n<ol start=\"149\" class=\"wp-block-list\">\n<li>Registro Seccional de la Propiedad del Automotor con Competencia Exclusiva sobre Maquinaria Agr\u00edcola, Vial o Industrial y de Cr\u00e9ditos Prendarios de Ucacha (54018).\u00a0<\/li>\n<\/ol>\n\n\n\n<ol start=\"150\" class=\"wp-block-list\">\n<li>Registro Seccional de la Propiedad del Automotor de Viedma No 2 (16015).\u00a0<\/li>\n<\/ol>\n\n\n\n<ol start=\"151\" class=\"wp-block-list\">\n<li>Registro Seccional de la Propiedad del Automotor con Competencia Exclusiva sobre Maquinaria Agr\u00edcola, Vial o Industrial y de Cr\u00e9ditos Prendarios de Viedma (66009).\u00a0<\/li>\n<\/ol>\n\n\n\n<ol start=\"152\" class=\"wp-block-list\">\n<li>Registro Seccional de la Propiedad del Automotor con Competencia Exclusiva en Motoveh\u00edculos de Villa Carlos Paz Letra \u201cA\u201d (28038).\u00a0<\/li>\n<\/ol>\n\n\n\n<ol start=\"153\" class=\"wp-block-list\">\n<li>Registro Seccional de la Propiedad del Automotor con Competencia Exclusiva sobre Maquinaria Agr\u00edcola, Vial o Industrial y de Cr\u00e9ditos Prendarios de Villa Carlos Paz (54019).\u00a0<\/li>\n<\/ol>\n\n\n\n<ol start=\"154\" class=\"wp-block-list\">\n<li>Registro Seccional de la Propiedad del Automotor de Villa Mercedes N\u00b0 1 (19005).\u00a0<\/li>\n<\/ol>\n\n\n\n<ol start=\"155\" class=\"wp-block-list\">\n<li>Registro Seccional de la Propiedad del Automotor con Competencia Exclusiva en Motoveh\u00edculos de Villa Mercedes Letra \u201cA\u201d (43005).\u00a0<\/li>\n<\/ol>\n","protected":false},"excerpt":{"rendered":"<p>Este mes se hizo efectivo el cierre de 155 sedes del Registro Automotor en el marco del\u00a0proceso de digitalizaci\u00f3n\u00a0del total&hellip;<\/p>\n","protected":false},"author":1,"featured_media":481,"comment_status":"open","ping_status":"open","sticky":false,"template":"","format":"standard","meta":{"_monsterinsights_skip_tracking":false,"_monsterinsights_sitenote_active":false,"_monsterinsights_sitenote_note":"","_monsterinsights_sitenote_category":0,"footnotes":""},"categories":[6],"tags":[85],"class_list":["post-480","post","type-post","status-publish","format-standard","has-post-thumbnail","hentry","category-interes-general","tag-registro-del-automotor"],"yoast_head":"<!-- This site is optimized with the Yoast SEO plugin v25.3.1 - https:\/\/yoast.com\/wordpress\/plugins\/seo\/ -->\n<title>Motosierra en registro del automotor: zafaron las oficinas de Escobar\u00a0 - Noticias de Escobar<\/title>\n<meta name=\"robots\" content=\"index, follow, max-snippet:-1, max-image-preview:large, max-video-preview:-1\" \/>\n<link rel=\"canonical\" href=\"https:\/\/noticiasdeescobar.online\/?p=480\" \/>\n<meta property=\"og:locale\" content=\"es_ES\" \/>\n<meta property=\"og:type\" content=\"article\" \/>\n<meta property=\"og:title\" content=\"Motosierra en registro del automotor: zafaron las oficinas de Escobar\u00a0 - Noticias de Escobar\" \/>\n<meta property=\"og:description\" content=\"Este mes se hizo efectivo el cierre de 155 sedes del Registro Automotor en el marco del\u00a0proceso de digitalizaci\u00f3n\u00a0del total&hellip;\" \/>\n<meta property=\"og:url\" content=\"https:\/\/noticiasdeescobar.online\/?p=480\" \/>\n<meta property=\"og:site_name\" content=\"Noticias de Escobar\" \/>\n<meta property=\"article:published_time\" content=\"2025-02-06T02:27:48+00:00\" \/>\n<meta property=\"article:modified_time\" content=\"2025-02-06T02:27:49+00:00\" \/>\n<meta property=\"og:image\" content=\"https:\/\/noticiasdeescobar.online\/wp-content\/uploads\/2025\/02\/reg.jpg\" \/>\n\t<meta property=\"og:image:width\" content=\"993\" \/>\n\t<meta property=\"og:image:height\" content=\"503\" \/>\n\t<meta property=\"og:image:type\" content=\"image\/jpeg\" \/>\n<meta name=\"author\" content=\"Redacci\u00f3n\" \/>\n<meta name=\"twitter:card\" content=\"summary_large_image\" \/>\n<meta name=\"twitter:label1\" content=\"Escrito por\" \/>\n\t<meta name=\"twitter:data1\" content=\"Redacci\u00f3n\" \/>\n\t<meta name=\"twitter:label2\" content=\"Tiempo de lectura\" \/>\n\t<meta name=\"twitter:data2\" content=\"12 minutos\" \/>\n<script type=\"application\/ld+json\" class=\"yoast-schema-graph\">{\"@context\":\"https:\/\/schema.org\",\"@graph\":[{\"@type\":\"WebPage\",\"@id\":\"https:\/\/noticiasdeescobar.online\/?p=480\",\"url\":\"https:\/\/noticiasdeescobar.online\/?p=480\",\"name\":\"Motosierra en registro del automotor: zafaron las oficinas de Escobar\u00a0 - Noticias de Escobar\",\"isPartOf\":{\"@id\":\"https:\/\/noticiasdeescobar.online\/#website\"},\"primaryImageOfPage\":{\"@id\":\"https:\/\/noticiasdeescobar.online\/?p=480#primaryimage\"},\"image\":{\"@id\":\"https:\/\/noticiasdeescobar.online\/?p=480#primaryimage\"},\"thumbnailUrl\":\"https:\/\/noticiasdeescobar.online\/wp-content\/uploads\/2025\/02\/reg.jpg\",\"datePublished\":\"2025-02-06T02:27:48+00:00\",\"dateModified\":\"2025-02-06T02:27:49+00:00\",\"author\":{\"@id\":\"https:\/\/noticiasdeescobar.online\/#\/schema\/person\/c80a19151f9337b50a779fe1f512ca6a\"},\"breadcrumb\":{\"@id\":\"https:\/\/noticiasdeescobar.online\/?p=480#breadcrumb\"},\"inLanguage\":\"es-AR\",\"potentialAction\":[{\"@type\":\"ReadAction\",\"target\":[\"https:\/\/noticiasdeescobar.online\/?p=480\"]}]},{\"@type\":\"ImageObject\",\"inLanguage\":\"es-AR\",\"@id\":\"https:\/\/noticiasdeescobar.online\/?p=480#primaryimage\",\"url\":\"https:\/\/noticiasdeescobar.online\/wp-content\/uploads\/2025\/02\/reg.jpg\",\"contentUrl\":\"https:\/\/noticiasdeescobar.online\/wp-content\/uploads\/2025\/02\/reg.jpg\",\"width\":993,\"height\":503},{\"@type\":\"BreadcrumbList\",\"@id\":\"https:\/\/noticiasdeescobar.online\/?p=480#breadcrumb\",\"itemListElement\":[{\"@type\":\"ListItem\",\"position\":1,\"name\":\"Inicio\",\"item\":\"https:\/\/noticiasdeescobar.online\/\"},{\"@type\":\"ListItem\",\"position\":2,\"name\":\"Motosierra en registro del automotor: zafaron las oficinas de Escobar\u00a0\"}]},{\"@type\":\"WebSite\",\"@id\":\"https:\/\/noticiasdeescobar.online\/#website\",\"url\":\"https:\/\/noticiasdeescobar.online\/\",\"name\":\"Noticias de Escobar\",\"description\":\"Noticias 24\/7\",\"potentialAction\":[{\"@type\":\"SearchAction\",\"target\":{\"@type\":\"EntryPoint\",\"urlTemplate\":\"https:\/\/noticiasdeescobar.online\/?s={search_term_string}\"},\"query-input\":{\"@type\":\"PropertyValueSpecification\",\"valueRequired\":true,\"valueName\":\"search_term_string\"}}],\"inLanguage\":\"es-AR\"},{\"@type\":\"Person\",\"@id\":\"https:\/\/noticiasdeescobar.online\/#\/schema\/person\/c80a19151f9337b50a779fe1f512ca6a\",\"name\":\"Redacci\u00f3n\",\"image\":{\"@type\":\"ImageObject\",\"inLanguage\":\"es-AR\",\"@id\":\"https:\/\/noticiasdeescobar.online\/#\/schema\/person\/image\/\",\"url\":\"https:\/\/secure.gravatar.com\/avatar\/1db77a0acc41b20b8cbce542c0459eb4?s=96&d=mm&r=g\",\"contentUrl\":\"https:\/\/secure.gravatar.com\/avatar\/1db77a0acc41b20b8cbce542c0459eb4?s=96&d=mm&r=g\",\"caption\":\"Redacci\u00f3n\"},\"sameAs\":[\"http:\/\/noticiasdeescobar.online\"],\"url\":\"https:\/\/noticiasdeescobar.online\/?author=1\"}]}<\/script>\n<!-- \/ Yoast SEO plugin. -->","yoast_head_json":{"title":"Motosierra en registro del automotor: zafaron las oficinas de Escobar\u00a0 - Noticias de Escobar","robots":{"index":"index","follow":"follow","max-snippet":"max-snippet:-1","max-image-preview":"max-image-preview:large","max-video-preview":"max-video-preview:-1"},"canonical":"https:\/\/noticiasdeescobar.online\/?p=480","og_locale":"es_ES","og_type":"article","og_title":"Motosierra en registro del automotor: zafaron las oficinas de Escobar\u00a0 - Noticias de Escobar","og_description":"Este mes se hizo efectivo el cierre de 155 sedes del Registro Automotor en el marco del\u00a0proceso de digitalizaci\u00f3n\u00a0del total&hellip;","og_url":"https:\/\/noticiasdeescobar.online\/?p=480","og_site_name":"Noticias de Escobar","article_published_time":"2025-02-06T02:27:48+00:00","article_modified_time":"2025-02-06T02:27:49+00:00","og_image":[{"width":993,"height":503,"url":"https:\/\/noticiasdeescobar.online\/wp-content\/uploads\/2025\/02\/reg.jpg","type":"image\/jpeg"}],"author":"Redacci\u00f3n","twitter_card":"summary_large_image","twitter_misc":{"Escrito por":"Redacci\u00f3n","Tiempo de lectura":"12 minutos"},"schema":{"@context":"https:\/\/schema.org","@graph":[{"@type":"WebPage","@id":"https:\/\/noticiasdeescobar.online\/?p=480","url":"https:\/\/noticiasdeescobar.online\/?p=480","name":"Motosierra en registro del automotor: zafaron las oficinas de Escobar\u00a0 - Noticias de Escobar","isPartOf":{"@id":"https:\/\/noticiasdeescobar.online\/#website"},"primaryImageOfPage":{"@id":"https:\/\/noticiasdeescobar.online\/?p=480#primaryimage"},"image":{"@id":"https:\/\/noticiasdeescobar.online\/?p=480#primaryimage"},"thumbnailUrl":"https:\/\/noticiasdeescobar.online\/wp-content\/uploads\/2025\/02\/reg.jpg","datePublished":"2025-02-06T02:27:48+00:00","dateModified":"2025-02-06T02:27:49+00:00","author":{"@id":"https:\/\/noticiasdeescobar.online\/#\/schema\/person\/c80a19151f9337b50a779fe1f512ca6a"},"breadcrumb":{"@id":"https:\/\/noticiasdeescobar.online\/?p=480#breadcrumb"},"inLanguage":"es-AR","potentialAction":[{"@type":"ReadAction","target":["https:\/\/noticiasdeescobar.online\/?p=480"]}]},{"@type":"ImageObject","inLanguage":"es-AR","@id":"https:\/\/noticiasdeescobar.online\/?p=480#primaryimage","url":"https:\/\/noticiasdeescobar.online\/wp-content\/uploads\/2025\/02\/reg.jpg","contentUrl":"https:\/\/noticiasdeescobar.online\/wp-content\/uploads\/2025\/02\/reg.jpg","width":993,"height":503},{"@type":"BreadcrumbList","@id":"https:\/\/noticiasdeescobar.online\/?p=480#breadcrumb","itemListElement":[{"@type":"ListItem","position":1,"name":"Inicio","item":"https:\/\/noticiasdeescobar.online\/"},{"@type":"ListItem","position":2,"name":"Motosierra en registro del automotor: zafaron las oficinas de Escobar\u00a0"}]},{"@type":"WebSite","@id":"https:\/\/noticiasdeescobar.online\/#website","url":"https:\/\/noticiasdeescobar.online\/","name":"Noticias de Escobar","description":"Noticias 24\/7","potentialAction":[{"@type":"SearchAction","target":{"@type":"EntryPoint","urlTemplate":"https:\/\/noticiasdeescobar.online\/?s={search_term_string}"},"query-input":{"@type":"PropertyValueSpecification","valueRequired":true,"valueName":"search_term_string"}}],"inLanguage":"es-AR"},{"@type":"Person","@id":"https:\/\/noticiasdeescobar.online\/#\/schema\/person\/c80a19151f9337b50a779fe1f512ca6a","name":"Redacci\u00f3n","image":{"@type":"ImageObject","inLanguage":"es-AR","@id":"https:\/\/noticiasdeescobar.online\/#\/schema\/person\/image\/","url":"https:\/\/secure.gravatar.com\/avatar\/1db77a0acc41b20b8cbce542c0459eb4?s=96&d=mm&r=g","contentUrl":"https:\/\/secure.gravatar.com\/avatar\/1db77a0acc41b20b8cbce542c0459eb4?s=96&d=mm&r=g","caption":"Redacci\u00f3n"},"sameAs":["http:\/\/noticiasdeescobar.online"],"url":"https:\/\/noticiasdeescobar.online\/?author=1"}]}},"_links":{"self":[{"href":"https:\/\/noticiasdeescobar.online\/index.php?rest_route=\/wp\/v2\/posts\/480","targetHints":{"allow":["GET"]}}],"collection":[{"href":"https:\/\/noticiasdeescobar.online\/index.php?rest_route=\/wp\/v2\/posts"}],"about":[{"href":"https:\/\/noticiasdeescobar.online\/index.php?rest_route=\/wp\/v2\/types\/post"}],"author":[{"embeddable":true,"href":"https:\/\/noticiasdeescobar.online\/index.php?rest_route=\/wp\/v2\/users\/1"}],"replies":[{"embeddable":true,"href":"https:\/\/noticiasdeescobar.online\/index.php?rest_route=%2Fwp%2Fv2%2Fcomments&post=480"}],"version-history":[{"count":1,"href":"https:\/\/noticiasdeescobar.online\/index.php?rest_route=\/wp\/v2\/posts\/480\/revisions"}],"predecessor-version":[{"id":482,"href":"https:\/\/noticiasdeescobar.online\/index.php?rest_route=\/wp\/v2\/posts\/480\/revisions\/482"}],"wp:featuredmedia":[{"embeddable":true,"href":"https:\/\/noticiasdeescobar.online\/index.php?rest_route=\/wp\/v2\/media\/481"}],"wp:attachment":[{"href":"https:\/\/noticiasdeescobar.online\/index.php?rest_route=%2Fwp%2Fv2%2Fmedia&parent=480"}],"wp:term":[{"taxonomy":"category","embeddable":true,"href":"https:\/\/noticiasdeescobar.online\/index.php?rest_route=%2Fwp%2Fv2%2Fcategories&post=480"},{"taxonomy":"post_tag","embeddable":true,"href":"https:\/\/noticiasdeescobar.online\/index.php?rest_route=%2Fwp%2Fv2%2Ftags&post=480"}],"curies":[{"name":"wp","href":"https:\/\/api.w.org\/{rel}","templated":true}]}}