{"id":558,"date":"2025-02-28T22:03:41","date_gmt":"2025-02-28T22:03:41","guid":{"rendered":"https:\/\/noticiasdeescobar.online\/?p=558"},"modified":"2025-02-28T22:03:42","modified_gmt":"2025-02-28T22:03:42","slug":"incendio-de-casa-en-lambertuchi","status":"publish","type":"post","link":"https:\/\/noticiasdeescobar.online\/?p=558","title":{"rendered":"Incendio de casa en Lambertuchi"},"content":{"rendered":"\n<p>Esta tarde, los equipos de bomberos se movilizaron r\u00e1pidamente hacia un incendio en una vivienda ubicada en la calle Santa Fe 2511, pasando el predio de la colectividad boliviana. Seg\u00fan los primeros reportes, el siniestro afectaba una habitaci\u00f3n de la casa, la cual se encontraba completamente envuelta en llamas.<\/p>\n\n\n\n<!--more-->\n\n\n\n<p>El trabajo de los bomberos fue coordinado por dos unidades de intervenci\u00f3n. El m\u00f3vil A4, bajo la supervisi\u00f3n del Oficial Auxiliar Jorge Jukoska, y el m\u00f3vil A24, dirigido por el Oficial Auxiliar Agust\u00edn Bonin, se presentaron en el lugar para combatir el fuego y evitar que se propagara a otras \u00e1reas de la vivienda.<\/p>\n\n\n\n<p>Gracias a la r\u00e1pida respuesta de los efectivos, el incendio fue controlado a tiempo y no se registraron v\u00edctimas. Las autoridades informaron que las causas del incendio a\u00fan est\u00e1n siendo investigadas, aunque no se descarta que haya sido originado por un cortocircuito o alg\u00fan otro desperfecto el\u00e9ctrico.<\/p>\n\n\n\n<p>El esfuerzo de los bomberos fue clave para evitar que el fuego causara mayores da\u00f1os, y la pronta acci\u00f3n permiti\u00f3 que la situaci\u00f3n se resolviera sin v\u00edctimas fatales ni heridos graves.<\/p>\n\n\n\n<p>Este incidente resalta la importancia de mantener la preparaci\u00f3n ante situaciones de emergencia y la eficacia de los servicios de bomberos en la ciudad, quienes siguen demostrando su profesionalismo y dedicaci\u00f3n frente a cualquier eventualidad.<\/p>\n","protected":false},"excerpt":{"rendered":"<p>Esta tarde, los equipos de bomberos se movilizaron r\u00e1pidamente hacia un incendio en una vivienda ubicada en la calle Santa&hellip;<\/p>\n","protected":false},"author":1,"featured_media":559,"comment_status":"open","ping_status":"open","sticky":false,"template":"","format":"standard","meta":{"_monsterinsights_skip_tracking":false,"_monsterinsights_sitenote_active":false,"_monsterinsights_sitenote_note":"","_monsterinsights_sitenote_category":0,"footnotes":""},"categories":[2],"tags":[25,102],"class_list":["post-558","post","type-post","status-publish","format-standard","has-post-thumbnail","hentry","category-policiales","tag-incendio","tag-lambertuchi"],"yoast_head":"<!-- This site is optimized with the Yoast SEO plugin v25.3.1 - https:\/\/yoast.com\/wordpress\/plugins\/seo\/ -->\n<title>Incendio de casa en Lambertuchi - Noticias de Escobar<\/title>\n<meta name=\"robots\" content=\"index, follow, max-snippet:-1, max-image-preview:large, max-video-preview:-1\" \/>\n<link rel=\"canonical\" href=\"https:\/\/noticiasdeescobar.online\/?p=558\" \/>\n<meta property=\"og:locale\" content=\"es_ES\" \/>\n<meta property=\"og:type\" content=\"article\" \/>\n<meta property=\"og:title\" content=\"Incendio de casa en Lambertuchi - Noticias de Escobar\" \/>\n<meta property=\"og:description\" content=\"Esta tarde, los equipos de bomberos se movilizaron r\u00e1pidamente hacia un incendio en una vivienda ubicada en la calle Santa&hellip;\" \/>\n<meta property=\"og:url\" content=\"https:\/\/noticiasdeescobar.online\/?p=558\" \/>\n<meta property=\"og:site_name\" content=\"Noticias de Escobar\" \/>\n<meta property=\"article:published_time\" content=\"2025-02-28T22:03:41+00:00\" \/>\n<meta property=\"article:modified_time\" content=\"2025-02-28T22:03:42+00:00\" \/>\n<meta property=\"og:image\" content=\"https:\/\/noticiasdeescobar.online\/wp-content\/uploads\/2025\/02\/480919465_655625877122309_73419003965188144_n.jpg\" \/>\n\t<meta property=\"og:image:width\" content=\"960\" \/>\n\t<meta property=\"og:image:height\" content=\"720\" \/>\n\t<meta property=\"og:image:type\" content=\"image\/jpeg\" \/>\n<meta name=\"author\" content=\"Redacci\u00f3n\" \/>\n<meta name=\"twitter:card\" content=\"summary_large_image\" \/>\n<meta name=\"twitter:label1\" content=\"Escrito por\" \/>\n\t<meta name=\"twitter:data1\" content=\"Redacci\u00f3n\" \/>\n\t<meta name=\"twitter:label2\" content=\"Tiempo de lectura\" \/>\n\t<meta name=\"twitter:data2\" content=\"1 minuto\" \/>\n<script type=\"application\/ld+json\" class=\"yoast-schema-graph\">{\"@context\":\"https:\/\/schema.org\",\"@graph\":[{\"@type\":\"WebPage\",\"@id\":\"https:\/\/noticiasdeescobar.online\/?p=558\",\"url\":\"https:\/\/noticiasdeescobar.online\/?p=558\",\"name\":\"Incendio de casa en Lambertuchi - Noticias de Escobar\",\"isPartOf\":{\"@id\":\"https:\/\/noticiasdeescobar.online\/#website\"},\"primaryImageOfPage\":{\"@id\":\"https:\/\/noticiasdeescobar.online\/?p=558#primaryimage\"},\"image\":{\"@id\":\"https:\/\/noticiasdeescobar.online\/?p=558#primaryimage\"},\"thumbnailUrl\":\"https:\/\/noticiasdeescobar.online\/wp-content\/uploads\/2025\/02\/480919465_655625877122309_73419003965188144_n.jpg\",\"datePublished\":\"2025-02-28T22:03:41+00:00\",\"dateModified\":\"2025-02-28T22:03:42+00:00\",\"author\":{\"@id\":\"https:\/\/noticiasdeescobar.online\/#\/schema\/person\/c80a19151f9337b50a779fe1f512ca6a\"},\"breadcrumb\":{\"@id\":\"https:\/\/noticiasdeescobar.online\/?p=558#breadcrumb\"},\"inLanguage\":\"es-AR\",\"potentialAction\":[{\"@type\":\"ReadAction\",\"target\":[\"https:\/\/noticiasdeescobar.online\/?p=558\"]}]},{\"@type\":\"ImageObject\",\"inLanguage\":\"es-AR\",\"@id\":\"https:\/\/noticiasdeescobar.online\/?p=558#primaryimage\",\"url\":\"https:\/\/noticiasdeescobar.online\/wp-content\/uploads\/2025\/02\/480919465_655625877122309_73419003965188144_n.jpg\",\"contentUrl\":\"https:\/\/noticiasdeescobar.online\/wp-content\/uploads\/2025\/02\/480919465_655625877122309_73419003965188144_n.jpg\",\"width\":960,\"height\":720},{\"@type\":\"BreadcrumbList\",\"@id\":\"https:\/\/noticiasdeescobar.online\/?p=558#breadcrumb\",\"itemListElement\":[{\"@type\":\"ListItem\",\"position\":1,\"name\":\"Inicio\",\"item\":\"https:\/\/noticiasdeescobar.online\/\"},{\"@type\":\"ListItem\",\"position\":2,\"name\":\"Incendio de casa en Lambertuchi\"}]},{\"@type\":\"WebSite\",\"@id\":\"https:\/\/noticiasdeescobar.online\/#website\",\"url\":\"https:\/\/noticiasdeescobar.online\/\",\"name\":\"Noticias de Escobar\",\"description\":\"Noticias 24\/7\",\"potentialAction\":[{\"@type\":\"SearchAction\",\"target\":{\"@type\":\"EntryPoint\",\"urlTemplate\":\"https:\/\/noticiasdeescobar.online\/?s={search_term_string}\"},\"query-input\":{\"@type\":\"PropertyValueSpecification\",\"valueRequired\":true,\"valueName\":\"search_term_string\"}}],\"inLanguage\":\"es-AR\"},{\"@type\":\"Person\",\"@id\":\"https:\/\/noticiasdeescobar.online\/#\/schema\/person\/c80a19151f9337b50a779fe1f512ca6a\",\"name\":\"Redacci\u00f3n\",\"image\":{\"@type\":\"ImageObject\",\"inLanguage\":\"es-AR\",\"@id\":\"https:\/\/noticiasdeescobar.online\/#\/schema\/person\/image\/\",\"url\":\"https:\/\/secure.gravatar.com\/avatar\/1db77a0acc41b20b8cbce542c0459eb4?s=96&d=mm&r=g\",\"contentUrl\":\"https:\/\/secure.gravatar.com\/avatar\/1db77a0acc41b20b8cbce542c0459eb4?s=96&d=mm&r=g\",\"caption\":\"Redacci\u00f3n\"},\"sameAs\":[\"http:\/\/noticiasdeescobar.online\"],\"url\":\"https:\/\/noticiasdeescobar.online\/?author=1\"}]}<\/script>\n<!-- \/ Yoast SEO plugin. -->","yoast_head_json":{"title":"Incendio de casa en Lambertuchi - Noticias de Escobar","robots":{"index":"index","follow":"follow","max-snippet":"max-snippet:-1","max-image-preview":"max-image-preview:large","max-video-preview":"max-video-preview:-1"},"canonical":"https:\/\/noticiasdeescobar.online\/?p=558","og_locale":"es_ES","og_type":"article","og_title":"Incendio de casa en Lambertuchi - Noticias de Escobar","og_description":"Esta tarde, los equipos de bomberos se movilizaron r\u00e1pidamente hacia un incendio en una vivienda ubicada en la calle Santa&hellip;","og_url":"https:\/\/noticiasdeescobar.online\/?p=558","og_site_name":"Noticias de Escobar","article_published_time":"2025-02-28T22:03:41+00:00","article_modified_time":"2025-02-28T22:03:42+00:00","og_image":[{"width":960,"height":720,"url":"https:\/\/noticiasdeescobar.online\/wp-content\/uploads\/2025\/02\/480919465_655625877122309_73419003965188144_n.jpg","type":"image\/jpeg"}],"author":"Redacci\u00f3n","twitter_card":"summary_large_image","twitter_misc":{"Escrito por":"Redacci\u00f3n","Tiempo de lectura":"1 minuto"},"schema":{"@context":"https:\/\/schema.org","@graph":[{"@type":"WebPage","@id":"https:\/\/noticiasdeescobar.online\/?p=558","url":"https:\/\/noticiasdeescobar.online\/?p=558","name":"Incendio de casa en Lambertuchi - Noticias de Escobar","isPartOf":{"@id":"https:\/\/noticiasdeescobar.online\/#website"},"primaryImageOfPage":{"@id":"https:\/\/noticiasdeescobar.online\/?p=558#primaryimage"},"image":{"@id":"https:\/\/noticiasdeescobar.online\/?p=558#primaryimage"},"thumbnailUrl":"https:\/\/noticiasdeescobar.online\/wp-content\/uploads\/2025\/02\/480919465_655625877122309_73419003965188144_n.jpg","datePublished":"2025-02-28T22:03:41+00:00","dateModified":"2025-02-28T22:03:42+00:00","author":{"@id":"https:\/\/noticiasdeescobar.online\/#\/schema\/person\/c80a19151f9337b50a779fe1f512ca6a"},"breadcrumb":{"@id":"https:\/\/noticiasdeescobar.online\/?p=558#breadcrumb"},"inLanguage":"es-AR","potentialAction":[{"@type":"ReadAction","target":["https:\/\/noticiasdeescobar.online\/?p=558"]}]},{"@type":"ImageObject","inLanguage":"es-AR","@id":"https:\/\/noticiasdeescobar.online\/?p=558#primaryimage","url":"https:\/\/noticiasdeescobar.online\/wp-content\/uploads\/2025\/02\/480919465_655625877122309_73419003965188144_n.jpg","contentUrl":"https:\/\/noticiasdeescobar.online\/wp-content\/uploads\/2025\/02\/480919465_655625877122309_73419003965188144_n.jpg","width":960,"height":720},{"@type":"BreadcrumbList","@id":"https:\/\/noticiasdeescobar.online\/?p=558#breadcrumb","itemListElement":[{"@type":"ListItem","position":1,"name":"Inicio","item":"https:\/\/noticiasdeescobar.online\/"},{"@type":"ListItem","position":2,"name":"Incendio de casa en Lambertuchi"}]},{"@type":"WebSite","@id":"https:\/\/noticiasdeescobar.online\/#website","url":"https:\/\/noticiasdeescobar.online\/","name":"Noticias de Escobar","description":"Noticias 24\/7","potentialAction":[{"@type":"SearchAction","target":{"@type":"EntryPoint","urlTemplate":"https:\/\/noticiasdeescobar.online\/?s={search_term_string}"},"query-input":{"@type":"PropertyValueSpecification","valueRequired":true,"valueName":"search_term_string"}}],"inLanguage":"es-AR"},{"@type":"Person","@id":"https:\/\/noticiasdeescobar.online\/#\/schema\/person\/c80a19151f9337b50a779fe1f512ca6a","name":"Redacci\u00f3n","image":{"@type":"ImageObject","inLanguage":"es-AR","@id":"https:\/\/noticiasdeescobar.online\/#\/schema\/person\/image\/","url":"https:\/\/secure.gravatar.com\/avatar\/1db77a0acc41b20b8cbce542c0459eb4?s=96&d=mm&r=g","contentUrl":"https:\/\/secure.gravatar.com\/avatar\/1db77a0acc41b20b8cbce542c0459eb4?s=96&d=mm&r=g","caption":"Redacci\u00f3n"},"sameAs":["http:\/\/noticiasdeescobar.online"],"url":"https:\/\/noticiasdeescobar.online\/?author=1"}]}},"_links":{"self":[{"href":"https:\/\/noticiasdeescobar.online\/index.php?rest_route=\/wp\/v2\/posts\/558","targetHints":{"allow":["GET"]}}],"collection":[{"href":"https:\/\/noticiasdeescobar.online\/index.php?rest_route=\/wp\/v2\/posts"}],"about":[{"href":"https:\/\/noticiasdeescobar.online\/index.php?rest_route=\/wp\/v2\/types\/post"}],"author":[{"embeddable":true,"href":"https:\/\/noticiasdeescobar.online\/index.php?rest_route=\/wp\/v2\/users\/1"}],"replies":[{"embeddable":true,"href":"https:\/\/noticiasdeescobar.online\/index.php?rest_route=%2Fwp%2Fv2%2Fcomments&post=558"}],"version-history":[{"count":1,"href":"https:\/\/noticiasdeescobar.online\/index.php?rest_route=\/wp\/v2\/posts\/558\/revisions"}],"predecessor-version":[{"id":560,"href":"https:\/\/noticiasdeescobar.online\/index.php?rest_route=\/wp\/v2\/posts\/558\/revisions\/560"}],"wp:featuredmedia":[{"embeddable":true,"href":"https:\/\/noticiasdeescobar.online\/index.php?rest_route=\/wp\/v2\/media\/559"}],"wp:attachment":[{"href":"https:\/\/noticiasdeescobar.online\/index.php?rest_route=%2Fwp%2Fv2%2Fmedia&parent=558"}],"wp:term":[{"taxonomy":"category","embeddable":true,"href":"https:\/\/noticiasdeescobar.online\/index.php?rest_route=%2Fwp%2Fv2%2Fcategories&post=558"},{"taxonomy":"post_tag","embeddable":true,"href":"https:\/\/noticiasdeescobar.online\/index.php?rest_route=%2Fwp%2Fv2%2Ftags&post=558"}],"curies":[{"name":"wp","href":"https:\/\/api.w.org\/{rel}","templated":true}]}}