{"id":581,"date":"2025-03-04T01:05:00","date_gmt":"2025-03-04T01:05:00","guid":{"rendered":"https:\/\/noticiasdeescobar.online\/?p=581"},"modified":"2025-03-04T11:58:28","modified_gmt":"2025-03-04T11:58:28","slug":"recordamos-los-148-anos-del-nacimiento-del-pueblo-de-belen-estacion-escobar","status":"publish","type":"post","link":"https:\/\/noticiasdeescobar.online\/?p=581","title":{"rendered":"Recordamos los 148 a\u00f1os del nacimiento del pueblo de \u201cBel\u00e9n\u201d-Estaci\u00f3n Escobar"},"content":{"rendered":"\n<p>Este 4 de marzo se cumplen 148 a\u00f1os del d\u00eda en que el rematador Lisandro Medina, prestigioso vecino de la localidad de San Mart\u00edn, dio comienzo al primer remate de los terrenos que conformaban el trazado del pueblo de \u201cBel\u00e9n\u201d, el que se ubicaba en parte de la gran franja de campos, que pertenec\u00edan a la antigua pobladora de la regi\u00f3n, la benem\u00e9rita y piadosa matrona, do\u00f1a Eugenia Tapia de Cruz. Por Alfredo Melidore (*).<\/p>\n\n\n\n<!--more-->\n\n\n<div class=\"wp-block-image\">\n<figure class=\"aligncenter size-full\"><img loading=\"lazy\" decoding=\"async\" width=\"640\" height=\"893\" src=\"https:\/\/noticiasdeescobar.online\/wp-content\/uploads\/2025\/03\/476310617_3829782700607853_3145139606569218700_n.jpg\" alt=\"\" class=\"wp-image-582\" srcset=\"https:\/\/noticiasdeescobar.online\/wp-content\/uploads\/2025\/03\/476310617_3829782700607853_3145139606569218700_n.jpg 640w, https:\/\/noticiasdeescobar.online\/wp-content\/uploads\/2025\/03\/476310617_3829782700607853_3145139606569218700_n-215x300.jpg 215w\" sizes=\"auto, (max-width: 640px) 100vw, 640px\" \/><\/figure><\/div>\n\n\n<p>Ese amanzanamiento, cuyo hist\u00f3rico remate comenz\u00f3 el domingo 4 de marzo de 1877 a partir de las 10 horas, seg\u00fan constaba en el afiche con el cual se publicit\u00f3 el mencionado hecho comercial, se extend\u00eda a ambos lados de las v\u00edas del ferrocarril, que desde hac\u00eda alg\u00fan tiempo un\u00eda Buenos Aires con Campana, y ten\u00eda como central referencia, la parada que la empresa constructora hab\u00eda denominado \u201cEscobar\u201d, en cuyo lugar, poco tiempo despu\u00e9s, se construir\u00eda la primitiva estaci\u00f3n.<\/p>\n\n\n<div class=\"wp-block-image\">\n<figure class=\"aligncenter size-full\"><img loading=\"lazy\" decoding=\"async\" width=\"480\" height=\"316\" src=\"https:\/\/noticiasdeescobar.online\/wp-content\/uploads\/2025\/03\/480959691_3829784020607721_5903991802346701538_n.jpg\" alt=\"\" class=\"wp-image-583\" srcset=\"https:\/\/noticiasdeescobar.online\/wp-content\/uploads\/2025\/03\/480959691_3829784020607721_5903991802346701538_n.jpg 480w, https:\/\/noticiasdeescobar.online\/wp-content\/uploads\/2025\/03\/480959691_3829784020607721_5903991802346701538_n-300x198.jpg 300w\" sizes=\"auto, (max-width: 480px) 100vw, 480px\" \/><\/figure><\/div>\n\n\n<p>A partir de aquel, domingo 4 de marzo de 1877, en que por mandato de su propietaria, se comenzaron a vender los lotes del nuevo paraje, se hizo conocida la denominaci\u00f3n del mismo, como: \u201c.. Pueblo de Bel\u00e9n ( Estaci\u00f3n Escobar )&#8230; ubicado en el Partido de Pilar &#8230;\u201d, que algunos meses despu\u00e9s, comenzar\u00eda a figurar en los t\u00edtulos de propiedad de los pobladores iniciales del lugar.<\/p>\n\n\n\n<p>Aquel caudal de pioneros vecinos, lo conformaron muchas familias de la zona, quienes ten\u00edan sus posesiones en los campos aleda\u00f1os a los de do\u00f1a Eugenia Tapia de Cruz (ver foto original y el busto, fotografiado por Valent\u00edn L\u00f3pez), como as\u00ed numerosos inmigrantes, en su gran mayor\u00eda italianos, los cuales al poco tiempo, comenzar\u00edan a construir sus viviendas y a instalar los primeros comercios del paraje.<\/p>\n\n\n\n<figure class=\"wp-block-gallery has-nested-images columns-default is-cropped wp-block-gallery-1 is-layout-flex wp-block-gallery-is-layout-flex\">\n<figure class=\"wp-block-image size-large\"><img loading=\"lazy\" decoding=\"async\" width=\"506\" height=\"604\" data-id=\"586\" src=\"https:\/\/noticiasdeescobar.online\/wp-content\/uploads\/2025\/03\/481074603_3829784477274342_4783347254414378522_n.jpg\" alt=\"\" class=\"wp-image-586\" srcset=\"https:\/\/noticiasdeescobar.online\/wp-content\/uploads\/2025\/03\/481074603_3829784477274342_4783347254414378522_n.jpg 506w, https:\/\/noticiasdeescobar.online\/wp-content\/uploads\/2025\/03\/481074603_3829784477274342_4783347254414378522_n-251x300.jpg 251w\" sizes=\"auto, (max-width: 506px) 100vw, 506px\" \/><\/figure>\n\n\n\n<figure class=\"wp-block-image size-large\"><img loading=\"lazy\" decoding=\"async\" width=\"395\" height=\"659\" data-id=\"585\" src=\"https:\/\/noticiasdeescobar.online\/wp-content\/uploads\/2025\/03\/481080233_3829781770607946_6286815709948538509_n.jpg\" alt=\"\" class=\"wp-image-585\" srcset=\"https:\/\/noticiasdeescobar.online\/wp-content\/uploads\/2025\/03\/481080233_3829781770607946_6286815709948538509_n.jpg 395w, https:\/\/noticiasdeescobar.online\/wp-content\/uploads\/2025\/03\/481080233_3829781770607946_6286815709948538509_n-180x300.jpg 180w\" sizes=\"auto, (max-width: 395px) 100vw, 395px\" \/><\/figure>\n<\/figure>\n\n\n\n<p>Aquel hist\u00f3rico trazado inicial, constaba de 80 manzanas en total, con 40 de ellas a cada lado de la parada ferroviaria \u201cEscobar\u201d.<\/p>\n\n\n\n<p>Los l\u00edmites del pueblo de \u201cBel\u00e9n\u201d daban, al este con amplias extensiones de campos de do\u00f1a Justa Giles y al oeste con una ampl\u00edsima franja de tierras, que perteneci\u00e1n a los herederos de don Juan Olivera, ambos antiguos habitantes de la f\u00e9rtil campa\u00f1a circundante y convecinos muy cercanos a la posesi\u00f3n de do\u00f1a Eugenia Tapia de Cruz.<\/p>\n\n\n\n<p>Quien algunos a\u00f1os despu\u00e9s donar\u00eda la Primitiva Capilla del poblado &#8211; de madera -, puesta inicialmente bajo la advocaci\u00f3n de \u201cNuestra Se\u00f1ora de Bel\u00e9n\u201d .<\/p>\n\n\n<div class=\"wp-block-image\">\n<figure class=\"aligncenter size-full\"><img loading=\"lazy\" decoding=\"async\" width=\"800\" height=\"477\" src=\"https:\/\/noticiasdeescobar.online\/wp-content\/uploads\/2025\/03\/481205425_3829785170607606_7044922985677598949_n.jpg\" alt=\"\" class=\"wp-image-584\" srcset=\"https:\/\/noticiasdeescobar.online\/wp-content\/uploads\/2025\/03\/481205425_3829785170607606_7044922985677598949_n.jpg 800w, https:\/\/noticiasdeescobar.online\/wp-content\/uploads\/2025\/03\/481205425_3829785170607606_7044922985677598949_n-300x179.jpg 300w, https:\/\/noticiasdeescobar.online\/wp-content\/uploads\/2025\/03\/481205425_3829785170607606_7044922985677598949_n-768x458.jpg 768w\" sizes=\"auto, (max-width: 800px) 100vw, 800px\" \/><figcaption class=\"wp-element-caption\">Obra del artista pl\u00e1stico don Alberto Pinciroli<\/figcaption><\/figure><\/div>\n\n\n<p>( 1 ) = El por entonces denominado \u201cFerrocarril de Buenos Aires y Campana\u201d, cuyo tendido hab\u00eda comenzado en 1874, inici\u00f3 su servicio regular, con dos trenes diarios de ida y vuela entre las dos estaciones cabeceras, el domingo 22 de abril de 1876.<\/p>\n\n\n\n<p>* historiandoescobar@hotmail.com<\/p>\n\n\n\n<p><\/p>\n","protected":false},"excerpt":{"rendered":"<p>Este 4 de marzo se cumplen 148 a\u00f1os del d\u00eda en que el rematador Lisandro Medina, prestigioso vecino de la&hellip;<\/p>\n","protected":false},"author":1,"featured_media":587,"comment_status":"open","ping_status":"open","sticky":false,"template":"","format":"standard","meta":{"_monsterinsights_skip_tracking":false,"_monsterinsights_sitenote_active":false,"_monsterinsights_sitenote_note":"","_monsterinsights_sitenote_category":0,"footnotes":""},"categories":[8],"tags":[9,107],"class_list":["post-581","post","type-post","status-publish","format-standard","has-post-thumbnail","hentry","category-historia","tag-alfredo-melidore","tag-aniversario-de-escobar"],"yoast_head":"<!-- This site is optimized with the Yoast SEO plugin v25.3.1 - https:\/\/yoast.com\/wordpress\/plugins\/seo\/ -->\n<title>Recordamos los 148 a\u00f1os del nacimiento del pueblo de \u201cBel\u00e9n\u201d-Estaci\u00f3n Escobar - Noticias de Escobar<\/title>\n<meta name=\"robots\" content=\"index, follow, max-snippet:-1, max-image-preview:large, max-video-preview:-1\" \/>\n<link rel=\"canonical\" href=\"https:\/\/noticiasdeescobar.online\/?p=581\" \/>\n<meta property=\"og:locale\" content=\"es_ES\" \/>\n<meta property=\"og:type\" content=\"article\" \/>\n<meta property=\"og:title\" content=\"Recordamos los 148 a\u00f1os del nacimiento del pueblo de \u201cBel\u00e9n\u201d-Estaci\u00f3n Escobar - Noticias de Escobar\" \/>\n<meta property=\"og:description\" content=\"Este 4 de marzo se cumplen 148 a\u00f1os del d\u00eda en que el rematador Lisandro Medina, prestigioso vecino de la&hellip;\" \/>\n<meta property=\"og:url\" content=\"https:\/\/noticiasdeescobar.online\/?p=581\" \/>\n<meta property=\"og:site_name\" content=\"Noticias de Escobar\" \/>\n<meta property=\"article:published_time\" content=\"2025-03-04T01:05:00+00:00\" \/>\n<meta property=\"article:modified_time\" content=\"2025-03-04T11:58:28+00:00\" \/>\n<meta property=\"og:image\" content=\"https:\/\/noticiasdeescobar.online\/wp-content\/uploads\/2025\/03\/481332124_3829784787274311_1249683469931787663_n.jpg\" \/>\n\t<meta property=\"og:image:width\" content=\"704\" \/>\n\t<meta property=\"og:image:height\" content=\"558\" \/>\n\t<meta property=\"og:image:type\" content=\"image\/jpeg\" \/>\n<meta name=\"author\" content=\"Redacci\u00f3n\" \/>\n<meta name=\"twitter:card\" content=\"summary_large_image\" \/>\n<meta name=\"twitter:label1\" content=\"Escrito por\" \/>\n\t<meta name=\"twitter:data1\" content=\"Redacci\u00f3n\" \/>\n\t<meta name=\"twitter:label2\" content=\"Tiempo de lectura\" \/>\n\t<meta name=\"twitter:data2\" content=\"2 minutos\" \/>\n<script type=\"application\/ld+json\" class=\"yoast-schema-graph\">{\"@context\":\"https:\/\/schema.org\",\"@graph\":[{\"@type\":\"WebPage\",\"@id\":\"https:\/\/noticiasdeescobar.online\/?p=581\",\"url\":\"https:\/\/noticiasdeescobar.online\/?p=581\",\"name\":\"Recordamos los 148 a\u00f1os del nacimiento del pueblo de \u201cBel\u00e9n\u201d-Estaci\u00f3n Escobar - Noticias de Escobar\",\"isPartOf\":{\"@id\":\"https:\/\/noticiasdeescobar.online\/#website\"},\"primaryImageOfPage\":{\"@id\":\"https:\/\/noticiasdeescobar.online\/?p=581#primaryimage\"},\"image\":{\"@id\":\"https:\/\/noticiasdeescobar.online\/?p=581#primaryimage\"},\"thumbnailUrl\":\"https:\/\/noticiasdeescobar.online\/wp-content\/uploads\/2025\/03\/481332124_3829784787274311_1249683469931787663_n.jpg\",\"datePublished\":\"2025-03-04T01:05:00+00:00\",\"dateModified\":\"2025-03-04T11:58:28+00:00\",\"author\":{\"@id\":\"https:\/\/noticiasdeescobar.online\/#\/schema\/person\/c80a19151f9337b50a779fe1f512ca6a\"},\"breadcrumb\":{\"@id\":\"https:\/\/noticiasdeescobar.online\/?p=581#breadcrumb\"},\"inLanguage\":\"es-AR\",\"potentialAction\":[{\"@type\":\"ReadAction\",\"target\":[\"https:\/\/noticiasdeescobar.online\/?p=581\"]}]},{\"@type\":\"ImageObject\",\"inLanguage\":\"es-AR\",\"@id\":\"https:\/\/noticiasdeescobar.online\/?p=581#primaryimage\",\"url\":\"https:\/\/noticiasdeescobar.online\/wp-content\/uploads\/2025\/03\/481332124_3829784787274311_1249683469931787663_n.jpg\",\"contentUrl\":\"https:\/\/noticiasdeescobar.online\/wp-content\/uploads\/2025\/03\/481332124_3829784787274311_1249683469931787663_n.jpg\",\"width\":704,\"height\":558},{\"@type\":\"BreadcrumbList\",\"@id\":\"https:\/\/noticiasdeescobar.online\/?p=581#breadcrumb\",\"itemListElement\":[{\"@type\":\"ListItem\",\"position\":1,\"name\":\"Inicio\",\"item\":\"https:\/\/noticiasdeescobar.online\/\"},{\"@type\":\"ListItem\",\"position\":2,\"name\":\"Recordamos los 148 a\u00f1os del nacimiento del pueblo de \u201cBel\u00e9n\u201d-Estaci\u00f3n Escobar\"}]},{\"@type\":\"WebSite\",\"@id\":\"https:\/\/noticiasdeescobar.online\/#website\",\"url\":\"https:\/\/noticiasdeescobar.online\/\",\"name\":\"Noticias de Escobar\",\"description\":\"Noticias 24\/7\",\"potentialAction\":[{\"@type\":\"SearchAction\",\"target\":{\"@type\":\"EntryPoint\",\"urlTemplate\":\"https:\/\/noticiasdeescobar.online\/?s={search_term_string}\"},\"query-input\":{\"@type\":\"PropertyValueSpecification\",\"valueRequired\":true,\"valueName\":\"search_term_string\"}}],\"inLanguage\":\"es-AR\"},{\"@type\":\"Person\",\"@id\":\"https:\/\/noticiasdeescobar.online\/#\/schema\/person\/c80a19151f9337b50a779fe1f512ca6a\",\"name\":\"Redacci\u00f3n\",\"image\":{\"@type\":\"ImageObject\",\"inLanguage\":\"es-AR\",\"@id\":\"https:\/\/noticiasdeescobar.online\/#\/schema\/person\/image\/\",\"url\":\"https:\/\/secure.gravatar.com\/avatar\/1db77a0acc41b20b8cbce542c0459eb4?s=96&d=mm&r=g\",\"contentUrl\":\"https:\/\/secure.gravatar.com\/avatar\/1db77a0acc41b20b8cbce542c0459eb4?s=96&d=mm&r=g\",\"caption\":\"Redacci\u00f3n\"},\"sameAs\":[\"http:\/\/noticiasdeescobar.online\"],\"url\":\"https:\/\/noticiasdeescobar.online\/?author=1\"}]}<\/script>\n<!-- \/ Yoast SEO plugin. -->","yoast_head_json":{"title":"Recordamos los 148 a\u00f1os del nacimiento del pueblo de \u201cBel\u00e9n\u201d-Estaci\u00f3n Escobar - Noticias de Escobar","robots":{"index":"index","follow":"follow","max-snippet":"max-snippet:-1","max-image-preview":"max-image-preview:large","max-video-preview":"max-video-preview:-1"},"canonical":"https:\/\/noticiasdeescobar.online\/?p=581","og_locale":"es_ES","og_type":"article","og_title":"Recordamos los 148 a\u00f1os del nacimiento del pueblo de \u201cBel\u00e9n\u201d-Estaci\u00f3n Escobar - Noticias de Escobar","og_description":"Este 4 de marzo se cumplen 148 a\u00f1os del d\u00eda en que el rematador Lisandro Medina, prestigioso vecino de la&hellip;","og_url":"https:\/\/noticiasdeescobar.online\/?p=581","og_site_name":"Noticias de Escobar","article_published_time":"2025-03-04T01:05:00+00:00","article_modified_time":"2025-03-04T11:58:28+00:00","og_image":[{"width":704,"height":558,"url":"https:\/\/noticiasdeescobar.online\/wp-content\/uploads\/2025\/03\/481332124_3829784787274311_1249683469931787663_n.jpg","type":"image\/jpeg"}],"author":"Redacci\u00f3n","twitter_card":"summary_large_image","twitter_misc":{"Escrito por":"Redacci\u00f3n","Tiempo de lectura":"2 minutos"},"schema":{"@context":"https:\/\/schema.org","@graph":[{"@type":"WebPage","@id":"https:\/\/noticiasdeescobar.online\/?p=581","url":"https:\/\/noticiasdeescobar.online\/?p=581","name":"Recordamos los 148 a\u00f1os del nacimiento del pueblo de \u201cBel\u00e9n\u201d-Estaci\u00f3n Escobar - Noticias de Escobar","isPartOf":{"@id":"https:\/\/noticiasdeescobar.online\/#website"},"primaryImageOfPage":{"@id":"https:\/\/noticiasdeescobar.online\/?p=581#primaryimage"},"image":{"@id":"https:\/\/noticiasdeescobar.online\/?p=581#primaryimage"},"thumbnailUrl":"https:\/\/noticiasdeescobar.online\/wp-content\/uploads\/2025\/03\/481332124_3829784787274311_1249683469931787663_n.jpg","datePublished":"2025-03-04T01:05:00+00:00","dateModified":"2025-03-04T11:58:28+00:00","author":{"@id":"https:\/\/noticiasdeescobar.online\/#\/schema\/person\/c80a19151f9337b50a779fe1f512ca6a"},"breadcrumb":{"@id":"https:\/\/noticiasdeescobar.online\/?p=581#breadcrumb"},"inLanguage":"es-AR","potentialAction":[{"@type":"ReadAction","target":["https:\/\/noticiasdeescobar.online\/?p=581"]}]},{"@type":"ImageObject","inLanguage":"es-AR","@id":"https:\/\/noticiasdeescobar.online\/?p=581#primaryimage","url":"https:\/\/noticiasdeescobar.online\/wp-content\/uploads\/2025\/03\/481332124_3829784787274311_1249683469931787663_n.jpg","contentUrl":"https:\/\/noticiasdeescobar.online\/wp-content\/uploads\/2025\/03\/481332124_3829784787274311_1249683469931787663_n.jpg","width":704,"height":558},{"@type":"BreadcrumbList","@id":"https:\/\/noticiasdeescobar.online\/?p=581#breadcrumb","itemListElement":[{"@type":"ListItem","position":1,"name":"Inicio","item":"https:\/\/noticiasdeescobar.online\/"},{"@type":"ListItem","position":2,"name":"Recordamos los 148 a\u00f1os del nacimiento del pueblo de \u201cBel\u00e9n\u201d-Estaci\u00f3n Escobar"}]},{"@type":"WebSite","@id":"https:\/\/noticiasdeescobar.online\/#website","url":"https:\/\/noticiasdeescobar.online\/","name":"Noticias de Escobar","description":"Noticias 24\/7","potentialAction":[{"@type":"SearchAction","target":{"@type":"EntryPoint","urlTemplate":"https:\/\/noticiasdeescobar.online\/?s={search_term_string}"},"query-input":{"@type":"PropertyValueSpecification","valueRequired":true,"valueName":"search_term_string"}}],"inLanguage":"es-AR"},{"@type":"Person","@id":"https:\/\/noticiasdeescobar.online\/#\/schema\/person\/c80a19151f9337b50a779fe1f512ca6a","name":"Redacci\u00f3n","image":{"@type":"ImageObject","inLanguage":"es-AR","@id":"https:\/\/noticiasdeescobar.online\/#\/schema\/person\/image\/","url":"https:\/\/secure.gravatar.com\/avatar\/1db77a0acc41b20b8cbce542c0459eb4?s=96&d=mm&r=g","contentUrl":"https:\/\/secure.gravatar.com\/avatar\/1db77a0acc41b20b8cbce542c0459eb4?s=96&d=mm&r=g","caption":"Redacci\u00f3n"},"sameAs":["http:\/\/noticiasdeescobar.online"],"url":"https:\/\/noticiasdeescobar.online\/?author=1"}]}},"_links":{"self":[{"href":"https:\/\/noticiasdeescobar.online\/index.php?rest_route=\/wp\/v2\/posts\/581","targetHints":{"allow":["GET"]}}],"collection":[{"href":"https:\/\/noticiasdeescobar.online\/index.php?rest_route=\/wp\/v2\/posts"}],"about":[{"href":"https:\/\/noticiasdeescobar.online\/index.php?rest_route=\/wp\/v2\/types\/post"}],"author":[{"embeddable":true,"href":"https:\/\/noticiasdeescobar.online\/index.php?rest_route=\/wp\/v2\/users\/1"}],"replies":[{"embeddable":true,"href":"https:\/\/noticiasdeescobar.online\/index.php?rest_route=%2Fwp%2Fv2%2Fcomments&post=581"}],"version-history":[{"count":2,"href":"https:\/\/noticiasdeescobar.online\/index.php?rest_route=\/wp\/v2\/posts\/581\/revisions"}],"predecessor-version":[{"id":601,"href":"https:\/\/noticiasdeescobar.online\/index.php?rest_route=\/wp\/v2\/posts\/581\/revisions\/601"}],"wp:featuredmedia":[{"embeddable":true,"href":"https:\/\/noticiasdeescobar.online\/index.php?rest_route=\/wp\/v2\/media\/587"}],"wp:attachment":[{"href":"https:\/\/noticiasdeescobar.online\/index.php?rest_route=%2Fwp%2Fv2%2Fmedia&parent=581"}],"wp:term":[{"taxonomy":"category","embeddable":true,"href":"https:\/\/noticiasdeescobar.online\/index.php?rest_route=%2Fwp%2Fv2%2Fcategories&post=581"},{"taxonomy":"post_tag","embeddable":true,"href":"https:\/\/noticiasdeescobar.online\/index.php?rest_route=%2Fwp%2Fv2%2Ftags&post=581"}],"curies":[{"name":"wp","href":"https:\/\/api.w.org\/{rel}","templated":true}]}}